

{"id":4575,"date":"2016-01-21T15:27:07","date_gmt":"2016-01-21T17:27:07","guid":{"rendered":"https:\/\/siteshom.goias.gov.br\/saude\/visitantes-do-hugol-foram-orientados-sobre-combate-ao-aedes\/"},"modified":"2016-01-21T15:27:07","modified_gmt":"2016-01-21T17:27:07","slug":"visitantes-do-hugol-foram-orientados-sobre-combate-ao-aedes","status":"publish","type":"post","link":"https:\/\/goias.gov.br\/saude\/visitantes-do-hugol-foram-orientados-sobre-combate-ao-aedes\/","title":{"rendered":"Visitantes do Hugol foram orientados sobre combate ao Aedes"},"content":{"rendered":"<p><h6><\/h6>\n<\/p>\n<div class=\"tx cl\">\n<p>Continuando as a\u00e7\u00f5es da campanha de combate ao Aedes no Hospital de Urg\u00eancias Governador Ot\u00e1vio Lage de Siqueira \u2013 Hugol, os membros da Comiss\u00e3o de Humaniza\u00e7\u00e3o e colaboradores do Servi\u00e7o Especializado em Engenharia de Seguran\u00e7a e em Medicina do Trabalho (SESMT) promoveram mais uma blitz para orientar as pessoas que vieram ao hospital visitar seus familiares e amigos na tarde do dia 20 de janeiro.<\/p>\n<p>De acordo com Camila Nunes, membro da humaniza\u00e7\u00e3o respons\u00e1vel pelas a\u00e7\u00f5es de Educa\u00e7\u00e3o em Sa\u00fade, a abordagem teve como intuito capacit\u00e1-los para a forma\u00e7\u00e3o de mais soldados na luta de combate ao vetor das doen\u00e7as Dengue, Chikungunya e Zika. \u201cTivemos um retorno muito positivo dos visitantes. Essa estrat\u00e9gia surtir\u00e1 efeitos positivos, pois cada um leva o conhecimento para sua casa e tamb\u00e9m influencia outras pessoas. O conhecimento \u00e9 a \u00fanica coisa que dever\u00e1 se multiplicar. O foco \u00e9 eliminar o mosquito\u201d, explica a enfermeira.<\/p>\n<\/div>\n<div class=\"socialshare cl\">\n<p><div class=\"compartilhar_email\"><\/div>\n<\/p>\n<p><div class=\"imprimir\"><\/div>\n<\/p>\n<\/div>\n","protected":false},"excerpt":{"rendered":"<p>Continuando as a\u00e7\u00f5es da campanha de combate ao Aedes no Hospital de Urg\u00eancias Governador Ot\u00e1vio Lage de Siqueira \u2013 Hugol, os membros da Comiss\u00e3o de Humaniza\u00e7\u00e3o e colaboradores do Servi\u00e7o Especializado em Engenharia de Seguran\u00e7a e em Medicina do Trabalho (SESMT) promoveram mais uma blitz para orientar as pessoas que vieram ao hospital visitar seus [&hellip;]<\/p>\n","protected":false},"author":46,"featured_media":0,"comment_status":"closed","ping_status":"open","sticky":false,"template":"","format":"standard","meta":{"footnotes":""},"categories":[3],"tags":[],"class_list":["post-4575","post","type-post","status-publish","format-standard","hentry","category-noticias"],"rttpg_featured_image_url":null,"rttpg_author":{"display_name":"cleybetsls","author_link":"https:\/\/goias.gov.br\/saude\/author\/cleybetsls\/"},"rttpg_comment":0,"rttpg_category":"<a href=\"https:\/\/goias.gov.br\/saude\/categoria\/noticias\/\" rel=\"category tag\">Not\u00edcias<\/a>","rttpg_excerpt":"Continuando as a\u00e7\u00f5es da campanha de combate ao Aedes no Hospital de Urg\u00eancias Governador Ot\u00e1vio Lage de Siqueira \u2013 Hugol, os membros da Comiss\u00e3o de Humaniza\u00e7\u00e3o e colaboradores do Servi\u00e7o Especializado em Engenharia de Seguran\u00e7a e em Medicina do Trabalho (SESMT) promoveram mais uma blitz para orientar as pessoas que vieram ao hospital visitar seus&hellip;","_links":{"self":[{"href":"https:\/\/goias.gov.br\/saude\/wp-json\/wp\/v2\/posts\/4575","targetHints":{"allow":["GET"]}}],"collection":[{"href":"https:\/\/goias.gov.br\/saude\/wp-json\/wp\/v2\/posts"}],"about":[{"href":"https:\/\/goias.gov.br\/saude\/wp-json\/wp\/v2\/types\/post"}],"author":[{"embeddable":true,"href":"https:\/\/goias.gov.br\/saude\/wp-json\/wp\/v2\/users\/46"}],"replies":[{"embeddable":true,"href":"https:\/\/goias.gov.br\/saude\/wp-json\/wp\/v2\/comments?post=4575"}],"version-history":[{"count":0,"href":"https:\/\/goias.gov.br\/saude\/wp-json\/wp\/v2\/posts\/4575\/revisions"}],"wp:attachment":[{"href":"https:\/\/goias.gov.br\/saude\/wp-json\/wp\/v2\/media?parent=4575"}],"wp:term":[{"taxonomy":"category","embeddable":true,"href":"https:\/\/goias.gov.br\/saude\/wp-json\/wp\/v2\/categories?post=4575"},{"taxonomy":"post_tag","embeddable":true,"href":"https:\/\/goias.gov.br\/saude\/wp-json\/wp\/v2\/tags?post=4575"}],"curies":[{"name":"wp","href":"https:\/\/api.w.org\/{rel}","templated":true}]}}