

{"id":4571,"date":"2016-01-22T15:20:15","date_gmt":"2016-01-22T17:20:15","guid":{"rendered":"https:\/\/siteshom.goias.gov.br\/saude\/hugol-homenageia-colaboradores-no-cafe-com-elogios\/"},"modified":"2016-01-22T15:20:15","modified_gmt":"2016-01-22T17:20:15","slug":"hugol-homenageia-colaboradores-no-cafe-com-elogios","status":"publish","type":"post","link":"https:\/\/goias.gov.br\/saude\/hugol-homenageia-colaboradores-no-cafe-com-elogios\/","title":{"rendered":"Hugol homenageia colaboradores no Caf\u00e9 com Elogios"},"content":{"rendered":"<p><h6><\/h6>\n<\/p>\n<div class=\"tx cl\">\n<p>Realizado na manh\u00e3 do dia 21 de janeiro, o Caf\u00e9 com Elogio do Hugol contou com a presen\u00e7a dos colaboradores que tiveram registros positivos para receber os cart\u00f5es das m\u00e3os dos diretores da unidade. Durante o evento, o diretor geral doa unidade, Dr. H\u00e9lio Ponciano, comentou que os elogios representam atendimentos com qualidade e humaniza\u00e7\u00e3o registrados pelos usu\u00e1rios. \u201cSabemos que todos os colaboradores do hospital atuam em conson\u00e2ncia com esses padr\u00f5es de atendimento. Esperamos que tenhamos cada vez mais registros positivos, pois s\u00e3o o reconhecimento formal do nosso trabalho\u201d, destacou.<\/p>\n<p>A diretora administrativa, Andr\u00e9a Prestes, ressaltou que \u201cde nada adiantaria toda essa estrutura do hospital, se n\u00e3o atend\u00eassemos muito bem nossos pacientes e acompanhantes. Os registros de elogios v\u00eam destacar a atua\u00e7\u00e3o dos que fizeram a diferen\u00e7a\u201d.<\/p>\n<p>\u201cO hospital recebe muitos elogios, alguns nominais, outros para equipes, e precis\u00e1vamos de uma forma emblem\u00e1tica para entregar essas mensagens aos destinat\u00e1rios. Foi assim que surgiu o Caf\u00e9 com Elogio\u201d, explica Viviane de Oliveira, ouvidora do Hugol.<\/p>\n<\/div>\n","protected":false},"excerpt":{"rendered":"<p>Realizado na manh\u00e3 do dia 21 de janeiro, o Caf\u00e9 com Elogio do Hugol contou com a presen\u00e7a dos colaboradores que tiveram registros positivos para receber os cart\u00f5es das m\u00e3os dos diretores da unidade. Durante o evento, o diretor geral doa unidade, Dr. H\u00e9lio Ponciano, comentou que os elogios representam atendimentos com qualidade e humaniza\u00e7\u00e3o [&hellip;]<\/p>\n","protected":false},"author":46,"featured_media":0,"comment_status":"closed","ping_status":"open","sticky":false,"template":"","format":"standard","meta":{"footnotes":""},"categories":[3],"tags":[],"class_list":["post-4571","post","type-post","status-publish","format-standard","hentry","category-noticias"],"rttpg_featured_image_url":null,"rttpg_author":{"display_name":"cleybetsls","author_link":"https:\/\/goias.gov.br\/saude\/author\/cleybetsls\/"},"rttpg_comment":0,"rttpg_category":"<a href=\"https:\/\/goias.gov.br\/saude\/categoria\/noticias\/\" rel=\"category tag\">Not\u00edcias<\/a>","rttpg_excerpt":"Realizado na manh\u00e3 do dia 21 de janeiro, o Caf\u00e9 com Elogio do Hugol contou com a presen\u00e7a dos colaboradores que tiveram registros positivos para receber os cart\u00f5es das m\u00e3os dos diretores da unidade. Durante o evento, o diretor geral doa unidade, Dr. H\u00e9lio Ponciano, comentou que os elogios representam atendimentos com qualidade e humaniza\u00e7\u00e3o&hellip;","_links":{"self":[{"href":"https:\/\/goias.gov.br\/saude\/wp-json\/wp\/v2\/posts\/4571","targetHints":{"allow":["GET"]}}],"collection":[{"href":"https:\/\/goias.gov.br\/saude\/wp-json\/wp\/v2\/posts"}],"about":[{"href":"https:\/\/goias.gov.br\/saude\/wp-json\/wp\/v2\/types\/post"}],"author":[{"embeddable":true,"href":"https:\/\/goias.gov.br\/saude\/wp-json\/wp\/v2\/users\/46"}],"replies":[{"embeddable":true,"href":"https:\/\/goias.gov.br\/saude\/wp-json\/wp\/v2\/comments?post=4571"}],"version-history":[{"count":0,"href":"https:\/\/goias.gov.br\/saude\/wp-json\/wp\/v2\/posts\/4571\/revisions"}],"wp:attachment":[{"href":"https:\/\/goias.gov.br\/saude\/wp-json\/wp\/v2\/media?parent=4571"}],"wp:term":[{"taxonomy":"category","embeddable":true,"href":"https:\/\/goias.gov.br\/saude\/wp-json\/wp\/v2\/categories?post=4571"},{"taxonomy":"post_tag","embeddable":true,"href":"https:\/\/goias.gov.br\/saude\/wp-json\/wp\/v2\/tags?post=4571"}],"curies":[{"name":"wp","href":"https:\/\/api.w.org\/{rel}","templated":true}]}}