

{"id":4562,"date":"2016-01-26T15:13:07","date_gmt":"2016-01-26T17:13:07","guid":{"rendered":"https:\/\/siteshom.goias.gov.br\/saude\/forca-tarefa-chega-a-catalao-no-dia-26\/"},"modified":"2016-01-26T15:13:07","modified_gmt":"2016-01-26T17:13:07","slug":"forca-tarefa-chega-a-catalao-no-dia-26","status":"publish","type":"post","link":"https:\/\/goias.gov.br\/saude\/forca-tarefa-chega-a-catalao-no-dia-26\/","title":{"rendered":"For\u00e7a-tarefa chega a Catal\u00e3o no dia 26"},"content":{"rendered":"<p><h6><\/h6>\n<\/p>\n<div class=\"tx cl\">\n<p>A cidade de Catal\u00e3o, distante 261 km de Goi\u00e2nia, ter\u00e1 hoje a\u00e7\u00e3o Goi\u00e1s contra o Aedes, deflagrada em Goi\u00e1s desde o dia 6 de janeiro.A for\u00e7a-tarefa, coordenada pela Secretaria de Estado da Sa\u00fade (SES-GO) e Corpo de Bombeiros Militar do Estado de Goi\u00e1s, tamb\u00e9m est\u00e1 sendo realizada hoje em outras 23 cidades, onde mais de 811 mil im\u00f3veis ser\u00e3o vistoriados e uma popula\u00e7\u00e3o de mais de 1 milh\u00e3o de pessoas ser\u00e1 beneficiada com a\u00e7\u00f5es de limpeza de focos do mosquito e de educa\u00e7\u00e3o em Sa\u00fade.<\/p>\n<p>\u201cSem o envolvimento direto do prefeito da cidade durante as a\u00e7\u00f5es \u00e9 imposs\u00edvel vencer o Aedes. Sou m\u00e9dico e pai. Minhas filhas, por exemplo, est\u00e3o temendo ficar gestantes por conta da amea\u00e7a do zika v\u00edrus. Temos de estar juntos nessa miss\u00e3o, onde n\u00f3s aqui de Goi\u00e1s, sa\u00edmos na frente, em rela\u00e7\u00e3o ao Brasil. Eu, em Catal\u00e3o, tamb\u00e9m quero dar meu exemplo\u201d, diz o prefeito da cidade Jardel Sebba que esteve em visita \u00e0s a\u00e7\u00f5es de campo. Ele aconselhou moradores e enfatizou que Catal\u00e3o est\u00e1 com todas as secretarias do munic\u00edpio envolvidas na opera\u00e7\u00e3o.<\/p>\n<p>O secret\u00e1rio de Sa\u00fade de Catal\u00e3o, Clayton Peixoto, comemora porque ser\u00e1 divulgado \u00e0 comunidade, com mais \u00eanfase, hoje, o perigo do Aedes. Ele afirma que na cidade j\u00e1 foi dobrado o quantitativo de agentes de sa\u00fade, intensificada a\u00e7\u00f5es de limpeza urbana e remo\u00e7\u00e3o de entulhos em conson\u00e2ncia com a secretaria de Infraestrutura de Catal\u00e3o. At\u00e9 o in\u00edcio do ano, o munic\u00edpio registrou 16 casos de dengue. \u201cEssa campanha \u00e9 \u00fanica no Pa\u00eds e estamos empenhados em exterminar o Aedes de nossa cidade\u201d, diz.<\/p>\n<p>A a\u00e7\u00e3o Goi\u00e1s contra o Aedes vem de encontro ao decreto do governo de Goi\u00e1s que estabeleceu em dezembro de 2015, Estado de Emerg\u00eancia Sanit\u00e1ria no Estado por conta da infesta\u00e7\u00e3o pelo mosquito Aedes aegypti transmissor da zika, dengue, chikungunya e febre amarela.<\/p>\n<\/div>\n","protected":false},"excerpt":{"rendered":"<p>A cidade de Catal\u00e3o, distante 261 km de Goi\u00e2nia, ter\u00e1 hoje a\u00e7\u00e3o Goi\u00e1s contra o Aedes, deflagrada em Goi\u00e1s desde o dia 6 de janeiro.A for\u00e7a-tarefa, coordenada pela Secretaria de Estado da Sa\u00fade (SES-GO) e Corpo de Bombeiros Militar do Estado de Goi\u00e1s, tamb\u00e9m est\u00e1 sendo realizada hoje em outras 23 cidades, onde mais de [&hellip;]<\/p>\n","protected":false},"author":46,"featured_media":0,"comment_status":"closed","ping_status":"open","sticky":false,"template":"","format":"standard","meta":{"footnotes":""},"categories":[3],"tags":[],"class_list":["post-4562","post","type-post","status-publish","format-standard","hentry","category-noticias"],"rttpg_featured_image_url":null,"rttpg_author":{"display_name":"cleybetsls","author_link":"https:\/\/goias.gov.br\/saude\/author\/cleybetsls\/"},"rttpg_comment":0,"rttpg_category":"<a href=\"https:\/\/goias.gov.br\/saude\/categoria\/noticias\/\" rel=\"category tag\">Not\u00edcias<\/a>","rttpg_excerpt":"A cidade de Catal\u00e3o, distante 261 km de Goi\u00e2nia, ter\u00e1 hoje a\u00e7\u00e3o Goi\u00e1s contra o Aedes, deflagrada em Goi\u00e1s desde o dia 6 de janeiro.A for\u00e7a-tarefa, coordenada pela Secretaria de Estado da Sa\u00fade (SES-GO) e Corpo de Bombeiros Militar do Estado de Goi\u00e1s, tamb\u00e9m est\u00e1 sendo realizada hoje em outras 23 cidades, onde mais de&hellip;","_links":{"self":[{"href":"https:\/\/goias.gov.br\/saude\/wp-json\/wp\/v2\/posts\/4562","targetHints":{"allow":["GET"]}}],"collection":[{"href":"https:\/\/goias.gov.br\/saude\/wp-json\/wp\/v2\/posts"}],"about":[{"href":"https:\/\/goias.gov.br\/saude\/wp-json\/wp\/v2\/types\/post"}],"author":[{"embeddable":true,"href":"https:\/\/goias.gov.br\/saude\/wp-json\/wp\/v2\/users\/46"}],"replies":[{"embeddable":true,"href":"https:\/\/goias.gov.br\/saude\/wp-json\/wp\/v2\/comments?post=4562"}],"version-history":[{"count":0,"href":"https:\/\/goias.gov.br\/saude\/wp-json\/wp\/v2\/posts\/4562\/revisions"}],"wp:attachment":[{"href":"https:\/\/goias.gov.br\/saude\/wp-json\/wp\/v2\/media?parent=4562"}],"wp:term":[{"taxonomy":"category","embeddable":true,"href":"https:\/\/goias.gov.br\/saude\/wp-json\/wp\/v2\/categories?post=4562"},{"taxonomy":"post_tag","embeddable":true,"href":"https:\/\/goias.gov.br\/saude\/wp-json\/wp\/v2\/tags?post=4562"}],"curies":[{"name":"wp","href":"https:\/\/api.w.org\/{rel}","templated":true}]}}