

{"id":4526,"date":"2016-02-02T15:10:17","date_gmt":"2016-02-02T17:10:17","guid":{"rendered":"https:\/\/siteshom.goias.gov.br\/saude\/matriculas-de-curso-e-prorrogada\/"},"modified":"2016-02-02T15:10:17","modified_gmt":"2016-02-02T17:10:17","slug":"matriculas-de-curso-e-prorrogada","status":"publish","type":"post","link":"https:\/\/goias.gov.br\/saude\/matriculas-de-curso-e-prorrogada\/","title":{"rendered":"Matr\u00edculas de curso \u00e9 prorrogada"},"content":{"rendered":"<p><h6><\/h6>\n<\/p>\n<div class=\"tx cl\">\n<p>O Centro de Educa\u00e7\u00e3o Profissional em Sa\u00fade (CEP-Sa\u00fade) prorrogou para 29 de fevereiro, prazo para matr\u00edculas no Curso de Qualifica\u00e7\u00e3o em Aten\u00e7\u00e3o \u00e0 Pessoa Idosa. O curso \u00e9 destinado aos trabalhadores do Sistema \u00danico de Sa\u00fade (SUS) e do Sistema \u00danico de Assist\u00eancia Social (SUAS), lotados em diferentes munic\u00edpios do Estado, que desenvolvem a\u00e7\u00f5es junto \u00e0 popula\u00e7\u00e3o idosa e que tenham dom\u00ednio de inform\u00e1tica b\u00e1sica.<\/p>\n<p>As pessoas interessadas em realizar o curso devem entregar a documenta\u00e7\u00e3o exigida na sede da Administra\u00e7\u00e3o Regional de Sa\u00fade de sua jurisdi\u00e7\u00e3o. O t\u00e9cnico respons\u00e1vel por esta a\u00e7\u00e3o na Regional de Sa\u00fade encaminhar\u00e1 a documenta\u00e7\u00e3o \u00e0 Secretaria Escolar do CEP-Sa\u00fade.<\/p>\n<p>O curso \u00e9 semipresencial, sendo 92 horas \u00e0 dist\u00e2ncia e 8 horas presenciais. Nos momentos presenciais, 4 horas ser\u00e3o destinadas \u00e0 abertura do curso e as demais, \u00e0s visitas t\u00e9cnicas \u00e0s Unidades de Longa Perman\u00eancia, Hospitais Dia ou Centros de Conviv\u00eancias dos Idosos.<\/p>\n<p><strong>DOCUMENTOS NECESS\u00c1RIOS PARA REALIZA\u00c7\u00c3O DA MATR\u00cdCULA:<\/strong><\/p>\n<p>C\u00f3pia da carteira de identidade (frente e verso);<\/p>\n<p>C\u00f3pia da certid\u00e3o de nascimento ou casamento;<\/p>\n<p>C\u00f3pia do CPF;<\/p>\n<p>C\u00f3pia do t\u00edtulo de eleito (frente e verso);<\/p>\n<p>C\u00f3pia da carteira de reservista (homens com menos de 60 anos);<\/p>\n<p>C\u00f3pia de comprovante de endere\u00e7o com CEP:<\/p>\n<p>C\u00f3pia de comprovante de escolaridade (ensino fundamental, conclu\u00eddo ou cursando);<\/p>\n<p>Declara\u00e7\u00e3o de v\u00ednculo (SUS ou SUAS) assinado pelo respons\u00e1vel pelo RH (Modelo em anexo);<\/p>\n<p>Termo de compromisso do aluno (Modelo em anexo);<\/p>\n<p>Termo de libera\u00e7\u00e3o do servi\u00e7o assinado pelo gestor ( Modelo em anexo);<\/p>\n<p>Ficha de inscri\u00e7\u00e3o devidamente preenchida e impressa. Dispon\u00edvel em: https:\/\/formsus.datasus.gov.br\/site\/formulario.php?id_aplicacao=22551<\/p>\n<p>&#8211; See more at: https:\/\/www.https:\/\/goias.gov.br\/saude\/view\/3956\/matriculas-de-curso-e-prorrogada#sthash.ZqijPbav.dpuf<\/p>\n<\/div>\n","protected":false},"excerpt":{"rendered":"<p>O Centro de Educa\u00e7\u00e3o Profissional em Sa\u00fade (CEP-Sa\u00fade) prorrogou para 29 de fevereiro, prazo para matr\u00edculas no Curso de Qualifica\u00e7\u00e3o em Aten\u00e7\u00e3o \u00e0 Pessoa Idosa. O curso \u00e9 destinado aos trabalhadores do Sistema \u00danico de Sa\u00fade (SUS) e do Sistema \u00danico de Assist\u00eancia Social (SUAS), lotados em diferentes munic\u00edpios do Estado, que desenvolvem a\u00e7\u00f5es junto [&hellip;]<\/p>\n","protected":false},"author":46,"featured_media":0,"comment_status":"closed","ping_status":"open","sticky":false,"template":"","format":"standard","meta":{"footnotes":""},"categories":[3],"tags":[],"class_list":["post-4526","post","type-post","status-publish","format-standard","hentry","category-noticias"],"rttpg_featured_image_url":null,"rttpg_author":{"display_name":"cleybetsls","author_link":"https:\/\/goias.gov.br\/saude\/author\/cleybetsls\/"},"rttpg_comment":0,"rttpg_category":"<a href=\"https:\/\/goias.gov.br\/saude\/categoria\/noticias\/\" rel=\"category tag\">Not\u00edcias<\/a>","rttpg_excerpt":"O Centro de Educa\u00e7\u00e3o Profissional em Sa\u00fade (CEP-Sa\u00fade) prorrogou para 29 de fevereiro, prazo para matr\u00edculas no Curso de Qualifica\u00e7\u00e3o em Aten\u00e7\u00e3o \u00e0 Pessoa Idosa. O curso \u00e9 destinado aos trabalhadores do Sistema \u00danico de Sa\u00fade (SUS) e do Sistema \u00danico de Assist\u00eancia Social (SUAS), lotados em diferentes munic\u00edpios do Estado, que desenvolvem a\u00e7\u00f5es junto&hellip;","_links":{"self":[{"href":"https:\/\/goias.gov.br\/saude\/wp-json\/wp\/v2\/posts\/4526","targetHints":{"allow":["GET"]}}],"collection":[{"href":"https:\/\/goias.gov.br\/saude\/wp-json\/wp\/v2\/posts"}],"about":[{"href":"https:\/\/goias.gov.br\/saude\/wp-json\/wp\/v2\/types\/post"}],"author":[{"embeddable":true,"href":"https:\/\/goias.gov.br\/saude\/wp-json\/wp\/v2\/users\/46"}],"replies":[{"embeddable":true,"href":"https:\/\/goias.gov.br\/saude\/wp-json\/wp\/v2\/comments?post=4526"}],"version-history":[{"count":0,"href":"https:\/\/goias.gov.br\/saude\/wp-json\/wp\/v2\/posts\/4526\/revisions"}],"wp:attachment":[{"href":"https:\/\/goias.gov.br\/saude\/wp-json\/wp\/v2\/media?parent=4526"}],"wp:term":[{"taxonomy":"category","embeddable":true,"href":"https:\/\/goias.gov.br\/saude\/wp-json\/wp\/v2\/categories?post=4526"},{"taxonomy":"post_tag","embeddable":true,"href":"https:\/\/goias.gov.br\/saude\/wp-json\/wp\/v2\/tags?post=4526"}],"curies":[{"name":"wp","href":"https:\/\/api.w.org\/{rel}","templated":true}]}}