

{"id":44896,"date":"2024-03-20T17:35:02","date_gmt":"2024-03-20T20:35:02","guid":{"rendered":"https:\/\/goias.gov.br\/saude\/?p=44896"},"modified":"2024-03-20T17:35:03","modified_gmt":"2024-03-20T20:35:03","slug":"gestores-da-ses-avaliam-metas-e-avancos-da-planificacao-no-conass","status":"publish","type":"post","link":"https:\/\/goias.gov.br\/saude\/gestores-da-ses-avaliam-metas-e-avancos-da-planificacao-no-conass\/","title":{"rendered":"Gestores da SES avaliam metas e avan\u00e7os da planifica\u00e7\u00e3o no Conass"},"content":{"rendered":"\n<p class=\"has-text-align-center\"><strong>Goi\u00e1s se destaca como o \u00fanico Estado em que a Planifica\u00e7\u00e3o da Aten\u00e7\u00e3o Prim\u00e1ria \u00e9 desenvolvida em todas as regi\u00f5es. Processo deve avan\u00e7ar em 2024 com termo que prev\u00ea consultoria dos Hospitais Benefic\u00eancia Portuguesa e Albert Einstein<\/strong><\/p>\n\n\n\n<!--more-->\n\n\n<div class=\"wp-block-image\">\n<figure class=\"aligncenter size-full\"><img fetchpriority=\"high\" decoding=\"async\" width=\"4160\" height=\"2768\" src=\"https:\/\/goias.gov.br\/saude\/wp-content\/uploads\/sites\/34\/2024\/03\/2003-conass02.jpeg\" alt=\"\" class=\"wp-image-44894\"\/><figcaption class=\"wp-element-caption\"><em>Titular da SES-GO, Ras\u00edvel Santos afirma que pretende dotar os munic\u00edpios goianos de consult\u00f3rios de telemedicina para fortalecer a Aten\u00e7\u00e3o Prim\u00e1ria<\/em><\/figcaption><\/figure>\n<\/div>\n\n\n<p class=\"has-text-align-left\">A alta gest\u00e3o da Secretaria de Estado da Sa\u00fade de Goi\u00e1s (SES-GO) reuniu-se nesta quarta-feira (20\/03) com representantes do Conselho Nacional de Secret\u00e1rios da Sa\u00fade (Conass), em Bras\u00edlia, com o objetivo de avaliar o desenvolvimento do processo da Planifica\u00e7\u00e3o da Aten\u00e7\u00e3o Prim\u00e1ria no Estado. Embora tenha metas a serem alcan\u00e7adas, Goi\u00e1s se destaca no cen\u00e1rio nacional como o \u00fanico estado no Pa\u00eds em que a Planifica\u00e7\u00e3o da Aten\u00e7\u00e3o Prim\u00e1ria est\u00e1 sendo efetivada em todos os munic\u00edpios.<\/p>\n\n\n\n<p>O encontro contou com a participa\u00e7\u00e3o do secret\u00e1rio de Estado da Sa\u00fade de Goi\u00e1s, Ras\u00edvel Santos, de gestores da SES-GO, da assessora t\u00e9cnica do Conass, Maria Jos\u00e9 Evangelista, e do assessor para Rela\u00e7\u00f5es Internacionais do Conass, Fernando Cupertino de Barros, entre outras autoridades e especialistas no assunto. A planifica\u00e7\u00e3o foi institu\u00edda no Brasil em 2004 e implantada em Goi\u00e1s a partir de 2015. A partir de 2022, ganhou a parceria da Benefic\u00eancia Portuguesa de S\u00e3o Paulo, que apoia o Estado e munic\u00edpios na organiza\u00e7\u00e3o dos processos assistenciais.<\/p>\n\n\n\n<p><strong>Telemedicina<\/strong><br>O secret\u00e1rio Ras\u00edvel Santos informou durante a reuni\u00e3o, que pretende dotar os munic\u00edpios goianos de consult\u00f3rios de telemedicina para fortalecer a Aten\u00e7\u00e3o Prim\u00e1ria e assegurar um atendimento mais qualificado \u00e0 popula\u00e7\u00e3o. A proposta, conforme disse, \u00e9 que seja implantado um desses consult\u00f3rios em cada \u00e1rea territorial com 16 mil habitantes. \u201cEssa meta \u00e9 vi\u00e1vel para Goi\u00e1s pelo fato de 80% dos munic\u00edpios goianos terem menos de 20 mil habitantes\u201d, pontuou.<\/p>\n\n\n\n<p>Essas unidades devem contar com um profissional de enfermagem habilitado a esclarecer as informa\u00e7\u00f5es do m\u00e9dico para o paciente, tendo em vista que grande parte dos idosos, por exemplo, t\u00eam dificuldades de compreender os termos e indica\u00e7\u00f5es cl\u00ednicas.<\/p>\n\n\n\n<p>O subsecret\u00e1rio de Vigil\u00e2ncia e Aten\u00e7\u00e3o Integral \u00e0 Sa\u00fade da SES-GO, Luciano de Moura Carvalho, acentuou que a Planifica\u00e7\u00e3o da Aten\u00e7\u00e3o Prim\u00e1ria alcan\u00e7ou excelentes resultados em Goi\u00e1s. O Estado foi a unidade da Federa\u00e7\u00e3o que mais avan\u00e7ou, tanto no processo quanto na ades\u00e3o dos munic\u00edpios. \u201cFomos o \u00fanico estado que implantou a planifica\u00e7\u00e3o nas cinco macrorregi\u00f5es, nas dezoito regi\u00f5es concomitantemente, com 78% de cobertura do programa\u201d, afirmou. Ele destacou ainda que Goi\u00e1s tamb\u00e9m foi o \u00fanico que implantou cinco linhas de cuidados: gesta\u00e7\u00e3o, hipertens\u00e3o, diabetes, sobrepeso e obesidade e sa\u00fade mental.<\/p>\n\n\n\n<p><strong>Regionaliza\u00e7\u00e3o <\/strong><br>\u201cEsse processo, que tamb\u00e9m apoia muito a regionaliza\u00e7\u00e3o da sa\u00fade, ter\u00e1 plena continuidade em 2024\u201d, informa a superintendente de Pol\u00edticas de Aten\u00e7\u00e3o Integral \u00e0 Sa\u00fade, Paula dos Santos. A SES-GO est\u00e1 finalizando um termo que prev\u00ea o prosseguimento da Planifica\u00e7\u00e3o da Aten\u00e7\u00e3o Prim\u00e1ria com a assessoria t\u00e9cnica de equipes do Hospital de Benefic\u00eancia Portuguesa e do Hospital Albert Einstein, ambos de S\u00e3o Paulo. Essa parceria objetiva qualificar as equipes para organiza\u00e7\u00e3o dos processos de trabalho e das redes, nas 18 regionais de sa\u00fade, com um apoio importante nas capacita\u00e7\u00f5es, no andamento do processo e na execu\u00e7\u00e3o do projeto no Estado.<\/p>\n\n\n\n<p>A assessora t\u00e9cnica do Conass, Maria Jos\u00e9 Evangelista, assinala que o processo da planifica\u00e7\u00e3o deve avan\u00e7ar ainda mais com a integra\u00e7\u00e3o da aten\u00e7\u00e3o prim\u00e1ria \u00e0 rede especializada, composta pelas seis Policl\u00ednicas implantadas no Estado, e com a rede de urg\u00eancia e emerg\u00eancia, a ser estruturada na atual gest\u00e3o. \u201cDiscutimos a necessidade de fazer essa interliga\u00e7\u00e3o. O secret\u00e1rio comprometeu-se a liderar esse processo para que a gente consiga avan\u00e7ar cada vez mais na organiza\u00e7\u00e3o das linhas de cuidado nas regi\u00f5es do Estado,\u201d, assinalou.<\/p>\n\n\n\n<p>Maria Jos\u00e9 Silva e Aline rodrigues (texto) e Marco Monteiro (foto)\/Comunica\u00e7\u00e3o Setorial<\/p>\n","protected":false},"excerpt":{"rendered":"<p>Goi\u00e1s se destaca como o \u00fanico Estado em que a Planifica\u00e7\u00e3o da Aten\u00e7\u00e3o Prim\u00e1ria \u00e9 desenvolvida em todas as regi\u00f5es. Processo deve avan\u00e7ar em 2024 com termo que prev\u00ea consultoria dos Hospitais Benefic\u00eancia Portuguesa e Albert Einstein<\/p>\n","protected":false},"author":164,"featured_media":44894,"comment_status":"closed","ping_status":"open","sticky":false,"template":"","format":"standard","meta":{"footnotes":""},"categories":[3],"tags":[314],"class_list":["post-44896","post","type-post","status-publish","format-standard","has-post-thumbnail","hentry","category-noticias","tag-conass"],"rttpg_featured_image_url":{"full":["https:\/\/goias.gov.br\/saude\/wp-content\/uploads\/sites\/34\/2024\/03\/2003-conass02.jpeg",4160,2768,false],"landscape":["https:\/\/goias.gov.br\/saude\/wp-content\/uploads\/sites\/34\/2024\/03\/2003-conass02.jpeg",4160,2768,false],"portraits":["https:\/\/goias.gov.br\/saude\/wp-content\/uploads\/sites\/34\/2024\/03\/2003-conass02.jpeg",4160,2768,false],"thumbnail":["https:\/\/goias.gov.br\/saude\/wp-content\/uploads\/sites\/34\/2024\/03\/2003-conass02.jpeg",150,100,false],"medium":["https:\/\/goias.gov.br\/saude\/wp-content\/uploads\/sites\/34\/2024\/03\/2003-conass02.jpeg",300,200,false],"large":["https:\/\/goias.gov.br\/saude\/wp-content\/uploads\/sites\/34\/2024\/03\/2003-conass02.jpeg",1024,681,false],"1536x1536":["https:\/\/goias.gov.br\/saude\/wp-content\/uploads\/sites\/34\/2024\/03\/2003-conass02.jpeg",1536,1022,false],"2048x2048":["https:\/\/goias.gov.br\/saude\/wp-content\/uploads\/sites\/34\/2024\/03\/2003-conass02.jpeg",2048,1363,false]},"rttpg_author":{"display_name":"isabelamelo","author_link":"https:\/\/goias.gov.br\/saude\/author\/isabelamelo\/"},"rttpg_comment":0,"rttpg_category":"<a href=\"https:\/\/goias.gov.br\/saude\/categoria\/noticias\/\" rel=\"category tag\">Not\u00edcias<\/a>","rttpg_excerpt":"Goi\u00e1s se destaca como o \u00fanico Estado em que a Planifica\u00e7\u00e3o da Aten\u00e7\u00e3o Prim\u00e1ria \u00e9 desenvolvida em todas as regi\u00f5es. Processo deve avan\u00e7ar em 2024 com termo que prev\u00ea consultoria dos Hospitais Benefic\u00eancia Portuguesa e Albert Einstein","_links":{"self":[{"href":"https:\/\/goias.gov.br\/saude\/wp-json\/wp\/v2\/posts\/44896","targetHints":{"allow":["GET"]}}],"collection":[{"href":"https:\/\/goias.gov.br\/saude\/wp-json\/wp\/v2\/posts"}],"about":[{"href":"https:\/\/goias.gov.br\/saude\/wp-json\/wp\/v2\/types\/post"}],"author":[{"embeddable":true,"href":"https:\/\/goias.gov.br\/saude\/wp-json\/wp\/v2\/users\/164"}],"replies":[{"embeddable":true,"href":"https:\/\/goias.gov.br\/saude\/wp-json\/wp\/v2\/comments?post=44896"}],"version-history":[{"count":1,"href":"https:\/\/goias.gov.br\/saude\/wp-json\/wp\/v2\/posts\/44896\/revisions"}],"predecessor-version":[{"id":44897,"href":"https:\/\/goias.gov.br\/saude\/wp-json\/wp\/v2\/posts\/44896\/revisions\/44897"}],"wp:featuredmedia":[{"embeddable":true,"href":"https:\/\/goias.gov.br\/saude\/wp-json\/wp\/v2\/media\/44894"}],"wp:attachment":[{"href":"https:\/\/goias.gov.br\/saude\/wp-json\/wp\/v2\/media?parent=44896"}],"wp:term":[{"taxonomy":"category","embeddable":true,"href":"https:\/\/goias.gov.br\/saude\/wp-json\/wp\/v2\/categories?post=44896"},{"taxonomy":"post_tag","embeddable":true,"href":"https:\/\/goias.gov.br\/saude\/wp-json\/wp\/v2\/tags?post=44896"}],"curies":[{"name":"wp","href":"https:\/\/api.w.org\/{rel}","templated":true}]}}