

{"id":444335,"date":"2025-07-23T09:50:34","date_gmt":"2025-07-23T12:50:34","guid":{"rendered":"https:\/\/goias.gov.br\/saude\/?p=444335"},"modified":"2025-07-23T09:50:36","modified_gmt":"2025-07-23T12:50:36","slug":"processo-seletivo-do-cora-oferece-vagas-para-mais-de-20-cargos-confira","status":"publish","type":"post","link":"https:\/\/goias.gov.br\/saude\/processo-seletivo-do-cora-oferece-vagas-para-mais-de-20-cargos-confira\/","title":{"rendered":"Processo seletivo do Cora oferece vagas para mais de 20 cargos; confira"},"content":{"rendered":"\n<p class=\"has-text-align-center\"><strong>Ao todo, s\u00e3o 41 vagas para in\u00edcio imediato e forma\u00e7\u00e3o de cadastro reserva. Inscri\u00e7\u00f5es terminam nesta quarta-feira (23\/07)<\/strong><\/p>\n\n\n\n<!--more-->\n\n\n<div class=\"wp-block-image\">\n<figure class=\"aligncenter size-large\"><img fetchpriority=\"high\" decoding=\"async\" width=\"1024\" height=\"682\" src=\"https:\/\/goias.gov.br\/saude\/wp-content\/uploads\/sites\/34\/2025\/07\/2307-processo-seletivo-cora-1024x682.jpeg\" alt=\"\" class=\"wp-image-444350\" srcset=\"https:\/\/goias.gov.br\/saude\/wp-content\/uploads\/sites\/34\/2025\/07\/2307-processo-seletivo-cora-1024x682.jpeg 1024w, https:\/\/goias.gov.br\/saude\/wp-content\/uploads\/sites\/34\/2025\/07\/2307-processo-seletivo-cora-300x200.jpeg 300w, https:\/\/goias.gov.br\/saude\/wp-content\/uploads\/sites\/34\/2025\/07\/2307-processo-seletivo-cora-768x512.jpeg 768w, https:\/\/goias.gov.br\/saude\/wp-content\/uploads\/sites\/34\/2025\/07\/2307-processo-seletivo-cora-1536x1023.jpeg 1536w, https:\/\/goias.gov.br\/saude\/wp-content\/uploads\/sites\/34\/2025\/07\/2307-processo-seletivo-cora.jpeg 1600w\" sizes=\"(max-width: 1024px) 100vw, 1024px\" \/><figcaption class=\"wp-element-caption\"><em>Complexo Oncol\u00f3gico de Refer\u00eancia do Estado de Goi\u00e1s (Cora) abre processo seletivo<\/em><\/figcaption><\/figure>\n<\/div>\n\n\n<p>O Complexo Oncol\u00f3gico de Refer\u00eancia do Estado de Goi\u00e1s (Cora) est\u00e1 com processo seletivo aberto para contrata\u00e7\u00e3o de profissionais para in\u00edcio imediato e forma\u00e7\u00e3o de cadastro reserva. Ao todo, s\u00e3o ofertadas 41 vagas, distribu\u00eddas entre 24 cargos diferentes. As inscri\u00e7\u00f5es terminam nesta quarta-feira (23\/07), e o edital est\u00e1 dispon\u00edvel em: <a href=\"https:\/\/cora.hospitaldeamor.com.br\/editais\" target=\"_blank\" rel=\"noreferrer noopener\">https:\/\/cora.hospitaldeamor.com.br\/editais<\/a>.<\/p>\n\n\n\n<p>O processo seletivo ser\u00e1 composto por triagem, avalia\u00e7\u00e3o espec\u00edfica (para alguns cargos), entrevista ou din\u00e2mica de grupo, e entrevista t\u00e9cnica. Os sal\u00e1rios variam de R$ 1.449,30 (ap\u00f3s os primeiros seis meses) a R$ 6.292,47, abrangendo os n\u00edveis fundamental, m\u00e9dio, t\u00e9cnico e superior. H\u00e1 tamb\u00e9m vagas destinadas a pessoas com defici\u00eancia (PcD).<\/p>\n\n\n\n<p><strong>Confira abaixo os cargos dispon\u00edveis:<\/strong><\/p>\n\n\n\n<p>Assistente Administrativo I<br>Assistente Financeiro I<br>Assistente Manuten\u00e7\u00e3o Predial I<br>Auxiliar Administrativo<br>Auxiliar Cozinha<br>Auxiliar Farm\u00e1cia<br>Auxiliar Limpeza<br>Coletor Res\u00edduos I<br>Controlador Acesso<br>Copeiro<br>Encarregado Ouvidoria I<br>Motorista Carreta<br>Recreador<br>T\u00e9cnico Nutri\u00e7\u00e3o I<br>T\u00e9cnico Radiologia I<br>T\u00e9cnico Seguran\u00e7a Trabalho I<br>Telefonista<br>Enfermeiro<br>Fisioterapeuta<br>Fonoaudi\u00f3logo<br>Nutricionista Cl\u00ednico I<br>Psic\u00f3logo I<br>T\u00e9cnico Enfermagem I<br>Terapeuta Ocupacional I<\/p>\n\n\n\n<p><strong>Secretaria de Estado da Sa\u00fade de Goi\u00e1s<\/strong><\/p>\n","protected":false},"excerpt":{"rendered":"<p>Ao todo, s\u00e3o 41 vagas para in\u00edcio imediato e forma\u00e7\u00e3o de cadastro reserva. Inscri\u00e7\u00f5es terminam nesta quarta-feira (23\/07)<\/p>\n","protected":false},"author":164,"featured_media":444350,"comment_status":"closed","ping_status":"open","sticky":false,"template":"","format":"standard","meta":{"footnotes":""},"categories":[3],"tags":[244],"class_list":["post-444335","post","type-post","status-publish","format-standard","has-post-thumbnail","hentry","category-noticias","tag-cora"],"rttpg_featured_image_url":{"full":["https:\/\/goias.gov.br\/saude\/wp-content\/uploads\/sites\/34\/2025\/07\/2307-processo-seletivo-cora.jpeg",1600,1066,false],"landscape":["https:\/\/goias.gov.br\/saude\/wp-content\/uploads\/sites\/34\/2025\/07\/2307-processo-seletivo-cora.jpeg",1600,1066,false],"portraits":["https:\/\/goias.gov.br\/saude\/wp-content\/uploads\/sites\/34\/2025\/07\/2307-processo-seletivo-cora.jpeg",1600,1066,false],"thumbnail":["https:\/\/goias.gov.br\/saude\/wp-content\/uploads\/sites\/34\/2025\/07\/2307-processo-seletivo-cora-150x150.jpeg",150,150,true],"medium":["https:\/\/goias.gov.br\/saude\/wp-content\/uploads\/sites\/34\/2025\/07\/2307-processo-seletivo-cora-300x200.jpeg",300,200,true],"large":["https:\/\/goias.gov.br\/saude\/wp-content\/uploads\/sites\/34\/2025\/07\/2307-processo-seletivo-cora-1024x682.jpeg",1024,682,true],"1536x1536":["https:\/\/goias.gov.br\/saude\/wp-content\/uploads\/sites\/34\/2025\/07\/2307-processo-seletivo-cora-1536x1023.jpeg",1536,1023,true],"2048x2048":["https:\/\/goias.gov.br\/saude\/wp-content\/uploads\/sites\/34\/2025\/07\/2307-processo-seletivo-cora.jpeg",1600,1066,false]},"rttpg_author":{"display_name":"isabelamelo","author_link":"https:\/\/goias.gov.br\/saude\/author\/isabelamelo\/"},"rttpg_comment":0,"rttpg_category":"<a href=\"https:\/\/goias.gov.br\/saude\/categoria\/noticias\/\" rel=\"category tag\">Not\u00edcias<\/a>","rttpg_excerpt":"Ao todo, s\u00e3o 41 vagas para in\u00edcio imediato e forma\u00e7\u00e3o de cadastro reserva. Inscri\u00e7\u00f5es terminam nesta quarta-feira (23\/07)","_links":{"self":[{"href":"https:\/\/goias.gov.br\/saude\/wp-json\/wp\/v2\/posts\/444335","targetHints":{"allow":["GET"]}}],"collection":[{"href":"https:\/\/goias.gov.br\/saude\/wp-json\/wp\/v2\/posts"}],"about":[{"href":"https:\/\/goias.gov.br\/saude\/wp-json\/wp\/v2\/types\/post"}],"author":[{"embeddable":true,"href":"https:\/\/goias.gov.br\/saude\/wp-json\/wp\/v2\/users\/164"}],"replies":[{"embeddable":true,"href":"https:\/\/goias.gov.br\/saude\/wp-json\/wp\/v2\/comments?post=444335"}],"version-history":[{"count":1,"href":"https:\/\/goias.gov.br\/saude\/wp-json\/wp\/v2\/posts\/444335\/revisions"}],"predecessor-version":[{"id":444364,"href":"https:\/\/goias.gov.br\/saude\/wp-json\/wp\/v2\/posts\/444335\/revisions\/444364"}],"wp:featuredmedia":[{"embeddable":true,"href":"https:\/\/goias.gov.br\/saude\/wp-json\/wp\/v2\/media\/444350"}],"wp:attachment":[{"href":"https:\/\/goias.gov.br\/saude\/wp-json\/wp\/v2\/media?parent=444335"}],"wp:term":[{"taxonomy":"category","embeddable":true,"href":"https:\/\/goias.gov.br\/saude\/wp-json\/wp\/v2\/categories?post=444335"},{"taxonomy":"post_tag","embeddable":true,"href":"https:\/\/goias.gov.br\/saude\/wp-json\/wp\/v2\/tags?post=444335"}],"curies":[{"name":"wp","href":"https:\/\/api.w.org\/{rel}","templated":true}]}}