

{"id":44252,"date":"2024-03-11T15:55:50","date_gmt":"2024-03-11T18:55:50","guid":{"rendered":"https:\/\/goias.gov.br\/saude\/?p=44252"},"modified":"2024-03-13T10:43:56","modified_gmt":"2024-03-13T13:43:56","slug":"policlinica-estadual-de-posse-celebra-4-anos-e-mais-de-580-mil-atendimentos-realizados","status":"publish","type":"post","link":"https:\/\/goias.gov.br\/saude\/policlinica-estadual-de-posse-celebra-4-anos-e-mais-de-580-mil-atendimentos-realizados\/","title":{"rendered":"Policl\u00ednica Estadual de Posse celebra 4 anos e mais de 580 mil atendimentos realizados"},"content":{"rendered":"\n<p class=\"has-text-align-center\"><strong>Unidade de sa\u00fade do Governo de Goi\u00e1s atende 31 munic\u00edpios da Macrorregi\u00e3o Nordeste do Estado, desempenhando papel vital na sa\u00fade de seus moradores<\/strong><\/p>\n\n\n\n<!--more-->\n\n\n\n<figure class=\"wp-block-image size-full\"><img fetchpriority=\"high\" decoding=\"async\" width=\"1280\" height=\"960\" src=\"https:\/\/goias.gov.br\/saude\/wp-content\/uploads\/sites\/34\/2024\/03\/11.03-EquipeComemora4anosDaPoliclinicaDePosse.jpeg\" alt=\"\" class=\"wp-image-44257\"\/><figcaption class=\"wp-element-caption\"><em>Profissionais da Policl\u00ednica de Posse em evento pelos 4 anos da unidade do Governo de Goi\u00e1s<\/em><\/figcaption><\/figure>\n\n\n\n<p>A Policl\u00ednica Estadual de Posse comemora, neste m\u00eas de mar\u00e7o, quatro anos de funcionamento. A unidade do Governo de Goi\u00e1s atua como importante polo de atendimento m\u00e9dico especializado para a popula\u00e7\u00e3o de Posse e dos munic\u00edpios circunvizinhos que abrangem a Macrorregi\u00e3o Nordeste de Goi\u00e1s.<\/p>\n\n\n\n<p>A diretora da policl\u00ednica, Kamylla Divina, conta que o n\u00famero de atendimentos de 2020 a 2024 revela um crescimento significativo nos servi\u00e7os prestados \u00e0 popula\u00e7\u00e3o, demonstrando o compromisso da unidade com a sa\u00fade p\u00fablica de qualidade. \u201cRealizamos 582.338 mil atendimentos\u201d, comemorou.<\/p>\n\n\n\n<p>A gestora explica que a Policl\u00ednica de Posse desempenha papel vital para a regi\u00e3o. \u201cA unidade oferece atendimento m\u00e9dico mais acess\u00edvel para a popula\u00e7\u00e3o local, consultas cl\u00ednicas em diversas especialidades, exames e diagn\u00f3sticos e localiza\u00e7\u00e3o estrat\u00e9gica. Isso \u00e9 especialmente significativo em \u00e1reas onde o acesso a m\u00e9dicos especialistas pode ser limitado. A unidade est\u00e1 bem posicionada para atender \u00e0s necessidades de sa\u00fade da regi\u00e3o nordeste de Goi\u00e1s\u201d, frisou.<\/p>\n\n\n\n<p>A policl\u00ednica tamb\u00e9m desempenha papel crucial na preven\u00e7\u00e3o e diagn\u00f3stico de doen\u00e7as, acompanhamento pr\u00e9-natal de alto risco, controle de doen\u00e7as cr\u00f4nicas e educa\u00e7\u00e3o em sa\u00fade. \u201cNossa equipe oferece um atendimento humanizado e compassivo, fazendo com o que os pacientes se sintam bem cuidados e apoiados\u201d, afirmou Kamylla Divina.<\/p>\n\n\n\n<p>Durante a comemora\u00e7\u00e3o, a diretora expressou gratid\u00e3o a todos os colaboradores por fazerem parte desse time e dessa hist\u00f3ria. \u201cEsses anos foram marcados por dedica\u00e7\u00e3o, compromisso e responsabilidade, e a unidade \u00e9 refer\u00eancia em qualidade e assist\u00eancia aos pacientes. A dedica\u00e7\u00e3o de todos no trabalho di\u00e1rio \u00e9 fundamental para o sucesso da policl\u00ednica. Que possamos continuar enfrentando as lutas di\u00e1rias, sempre buscando ser o nosso melhor\u201d, disse.<\/p>\n\n\n\n<p><strong>Atendimento de excel\u00eancia<\/strong><br>Em julho de 2023, a Policl\u00ednica Estadual de Posse recebeu o selo de Acredita\u00e7\u00e3o ONA 1, ferramenta de avalia\u00e7\u00e3o e certifica\u00e7\u00e3o que busca promover a qualidade e a seguran\u00e7a da assist\u00eancia no setor de sa\u00fade. A certifica\u00e7\u00e3o representa um trabalho de qualidade e excel\u00eancia voltado para os usu\u00e1rios da unidade. <\/p>\n\n\n\n<p>\u201cA acredita\u00e7\u00e3o ONA desempenha um papel crucial na melhoria da qualidade, seguran\u00e7a e efici\u00eancia dos servi\u00e7os de sa\u00fade, contribuindo para aprimorar a experi\u00eancia do paciente e fortalecer o sistema de sa\u00fade como um todo\u201d, destacou a diretora.<\/p>\n\n\n\n<p>Julianna Adornelas (texto e foto)\/Instituto CEM<\/p>\n","protected":false},"excerpt":{"rendered":"<p>Unidade de sa\u00fade do Governo de Goi\u00e1s atende 31 munic\u00edpios da Macrorregi\u00e3o Nordeste do Estado, desempenhando papel vital na sa\u00fade de seus moradores<\/p>\n","protected":false},"author":166,"featured_media":44257,"comment_status":"closed","ping_status":"open","sticky":false,"template":"","format":"standard","meta":{"footnotes":""},"categories":[3],"tags":[311],"class_list":["post-44252","post","type-post","status-publish","format-standard","has-post-thumbnail","hentry","category-noticias","tag-policlinicas-estaduais"],"rttpg_featured_image_url":{"full":["https:\/\/goias.gov.br\/saude\/wp-content\/uploads\/sites\/34\/2024\/03\/11.03-EquipeComemora4anosDaPoliclinicaDePosse.jpeg",1280,960,false],"landscape":["https:\/\/goias.gov.br\/saude\/wp-content\/uploads\/sites\/34\/2024\/03\/11.03-EquipeComemora4anosDaPoliclinicaDePosse.jpeg",1280,960,false],"portraits":["https:\/\/goias.gov.br\/saude\/wp-content\/uploads\/sites\/34\/2024\/03\/11.03-EquipeComemora4anosDaPoliclinicaDePosse.jpeg",1280,960,false],"thumbnail":["https:\/\/goias.gov.br\/saude\/wp-content\/uploads\/sites\/34\/2024\/03\/11.03-EquipeComemora4anosDaPoliclinicaDePosse.jpeg",150,113,false],"medium":["https:\/\/goias.gov.br\/saude\/wp-content\/uploads\/sites\/34\/2024\/03\/11.03-EquipeComemora4anosDaPoliclinicaDePosse.jpeg",300,225,false],"large":["https:\/\/goias.gov.br\/saude\/wp-content\/uploads\/sites\/34\/2024\/03\/11.03-EquipeComemora4anosDaPoliclinicaDePosse.jpeg",1024,768,false],"1536x1536":["https:\/\/goias.gov.br\/saude\/wp-content\/uploads\/sites\/34\/2024\/03\/11.03-EquipeComemora4anosDaPoliclinicaDePosse.jpeg",1280,960,false],"2048x2048":["https:\/\/goias.gov.br\/saude\/wp-content\/uploads\/sites\/34\/2024\/03\/11.03-EquipeComemora4anosDaPoliclinicaDePosse.jpeg",1280,960,false]},"rttpg_author":{"display_name":"josegomes","author_link":"https:\/\/goias.gov.br\/saude\/author\/josegomes\/"},"rttpg_comment":0,"rttpg_category":"<a href=\"https:\/\/goias.gov.br\/saude\/categoria\/noticias\/\" rel=\"category tag\">Not\u00edcias<\/a>","rttpg_excerpt":"Unidade de sa\u00fade do Governo de Goi\u00e1s atende 31 munic\u00edpios da Macrorregi\u00e3o Nordeste do Estado, desempenhando papel vital na sa\u00fade de seus moradores","_links":{"self":[{"href":"https:\/\/goias.gov.br\/saude\/wp-json\/wp\/v2\/posts\/44252","targetHints":{"allow":["GET"]}}],"collection":[{"href":"https:\/\/goias.gov.br\/saude\/wp-json\/wp\/v2\/posts"}],"about":[{"href":"https:\/\/goias.gov.br\/saude\/wp-json\/wp\/v2\/types\/post"}],"author":[{"embeddable":true,"href":"https:\/\/goias.gov.br\/saude\/wp-json\/wp\/v2\/users\/166"}],"replies":[{"embeddable":true,"href":"https:\/\/goias.gov.br\/saude\/wp-json\/wp\/v2\/comments?post=44252"}],"version-history":[{"count":2,"href":"https:\/\/goias.gov.br\/saude\/wp-json\/wp\/v2\/posts\/44252\/revisions"}],"predecessor-version":[{"id":44403,"href":"https:\/\/goias.gov.br\/saude\/wp-json\/wp\/v2\/posts\/44252\/revisions\/44403"}],"wp:featuredmedia":[{"embeddable":true,"href":"https:\/\/goias.gov.br\/saude\/wp-json\/wp\/v2\/media\/44257"}],"wp:attachment":[{"href":"https:\/\/goias.gov.br\/saude\/wp-json\/wp\/v2\/media?parent=44252"}],"wp:term":[{"taxonomy":"category","embeddable":true,"href":"https:\/\/goias.gov.br\/saude\/wp-json\/wp\/v2\/categories?post=44252"},{"taxonomy":"post_tag","embeddable":true,"href":"https:\/\/goias.gov.br\/saude\/wp-json\/wp\/v2\/tags?post=44252"}],"curies":[{"name":"wp","href":"https:\/\/api.w.org\/{rel}","templated":true}]}}