

{"id":440636,"date":"2025-07-16T14:33:43","date_gmt":"2025-07-16T17:33:43","guid":{"rendered":"https:\/\/goias.gov.br\/saude\/?p=440636"},"modified":"2025-07-25T13:19:04","modified_gmt":"2025-07-25T16:19:04","slug":"local-de-entrega-dos-documentos-pss-n-o-006-2025-sead-ses","status":"publish","type":"post","link":"https:\/\/goias.gov.br\/saude\/local-de-entrega-dos-documentos-pss-n-o-006-2025-sead-ses\/","title":{"rendered":"Local de entrega dos documentos \u2013 PSS n.\u00ba 006\/2025 \u2013 SEAD\/SES"},"content":{"rendered":"\n<p><strong>Ger\u00eancia de Gest\u00e3o de Pessoas \u2013 SES<\/strong><\/p>\n\n\n\n<p>Endere\u00e7o:&nbsp;<a href=\"https:\/\/maps.app.goo.gl\/d7vG8yTDFAxWEUzo6\" target=\"_blank\" rel=\"noreferrer noopener\">Av. Rep\u00fablica do L\u00edbano, 1875, 1\u00ba andar, Edif\u00edcio Vera L\u00facia, Setor Oeste, Goi\u00e2nia-GO<\/a>.<\/p>\n","protected":false},"excerpt":{"rendered":"<p>Ger\u00eancia de Gest\u00e3o de Pessoas \u2013 SES Endere\u00e7o:&nbsp;Av. Rep\u00fablica do L\u00edbano, 1875, 1\u00ba andar, Edif\u00edcio Vera L\u00facia, Setor Oeste, Goi\u00e2nia-GO.<\/p>\n","protected":false},"author":164,"featured_media":0,"comment_status":"closed","ping_status":"open","sticky":false,"template":"","format":"standard","meta":{"footnotes":""},"categories":[10],"tags":[],"class_list":["post-440636","post","type-post","status-publish","format-standard","hentry","category-page"],"rttpg_featured_image_url":null,"rttpg_author":{"display_name":"isabelamelo","author_link":"https:\/\/goias.gov.br\/saude\/author\/isabelamelo\/"},"rttpg_comment":0,"rttpg_category":"<a href=\"https:\/\/goias.gov.br\/saude\/categoria\/page\/\" rel=\"category tag\">Outras p\u00e1ginas<\/a>","rttpg_excerpt":"Ger\u00eancia de Gest\u00e3o de Pessoas \u2013 SES Endere\u00e7o:&nbsp;Av. Rep\u00fablica do L\u00edbano, 1875, 1\u00ba andar, Edif\u00edcio Vera L\u00facia, Setor Oeste, Goi\u00e2nia-GO.","_links":{"self":[{"href":"https:\/\/goias.gov.br\/saude\/wp-json\/wp\/v2\/posts\/440636","targetHints":{"allow":["GET"]}}],"collection":[{"href":"https:\/\/goias.gov.br\/saude\/wp-json\/wp\/v2\/posts"}],"about":[{"href":"https:\/\/goias.gov.br\/saude\/wp-json\/wp\/v2\/types\/post"}],"author":[{"embeddable":true,"href":"https:\/\/goias.gov.br\/saude\/wp-json\/wp\/v2\/users\/164"}],"replies":[{"embeddable":true,"href":"https:\/\/goias.gov.br\/saude\/wp-json\/wp\/v2\/comments?post=440636"}],"version-history":[{"count":1,"href":"https:\/\/goias.gov.br\/saude\/wp-json\/wp\/v2\/posts\/440636\/revisions"}],"predecessor-version":[{"id":440645,"href":"https:\/\/goias.gov.br\/saude\/wp-json\/wp\/v2\/posts\/440636\/revisions\/440645"}],"wp:attachment":[{"href":"https:\/\/goias.gov.br\/saude\/wp-json\/wp\/v2\/media?parent=440636"}],"wp:term":[{"taxonomy":"category","embeddable":true,"href":"https:\/\/goias.gov.br\/saude\/wp-json\/wp\/v2\/categories?post=440636"},{"taxonomy":"post_tag","embeddable":true,"href":"https:\/\/goias.gov.br\/saude\/wp-json\/wp\/v2\/tags?post=440636"}],"curies":[{"name":"wp","href":"https:\/\/api.w.org\/{rel}","templated":true}]}}