

{"id":4395,"date":"2016-03-08T12:39:59","date_gmt":"2016-03-08T15:39:59","guid":{"rendered":"https:\/\/siteshom.goias.gov.br\/saude\/oficina-avalia-e-planeja-acoes-de-alimentacao-e-nutricao\/"},"modified":"2016-03-08T12:39:59","modified_gmt":"2016-03-08T15:39:59","slug":"oficina-avalia-e-planeja-acoes-de-alimentacao-e-nutricao","status":"publish","type":"post","link":"https:\/\/goias.gov.br\/saude\/oficina-avalia-e-planeja-acoes-de-alimentacao-e-nutricao\/","title":{"rendered":"Oficina avalia e planeja a\u00e7\u00f5es de alimenta\u00e7\u00e3o e nutri\u00e7\u00e3o"},"content":{"rendered":"<p><h6><\/h6>\n<\/p>\n<div class=\"tx cl\">\n<p>Profissionais de diferentes munic\u00edpios do Estado se re\u00fanem nesta ter\u00e7a-feira, 8 de mar\u00e7o, com o objetivo de avaliar o desenvolvimento da Pol\u00edtica de Alimenta\u00e7\u00e3o e Nutri\u00e7\u00e3o e planejar as a\u00e7\u00f5es a serem implementadas ao longo deste ano. O evento \u2013 5\u00aa Oficina de Avalia\u00e7\u00e3o e Planejamento\/Fundo Alimenta\u00e7\u00e3o Sa\u00fade \u2013 acontece das 8h30 \u00e0s 17h30, na Superintend\u00eancia de Educa\u00e7\u00e3o em Sa\u00fade e Trabalho para o SUS (Sest\/SUS). Est\u00e3o previstas as presen\u00e7as de representantes de \u00c1guas Lindas, Luzi\u00e2nia, Rio Verde, An\u00e1polis, Goi\u00e2nia e das Regionais de Sa\u00fade Pirineus, Entorno Sul, Central, Centro Sul e Sudoeste, onde est\u00e3o inseridos cada um desses munic\u00edpios.<\/p>\n<p>Os munic\u00edpios que desenvolvem os programas vinculados \u00e0 Pol\u00edtica de Alimenta\u00e7\u00e3o e Nutri\u00e7\u00e3o recebem recursos do Minist\u00e9rio da Sa\u00fade para custeio e a\u00e7\u00f5es voltadas \u00e0 capacita\u00e7\u00e3o. Os principais programas da \u00e1rea de alimenta\u00e7\u00e3o s\u00e3o o Vitamina A, Estrat\u00e9gia Amamenta e Alimenta, Suplemento de Ferro. Na oficina, conforme explica a coordenadora de Vigil\u00e2ncia Nutricional, Maria Jana\u00edna Cavalcante Nunes, estar\u00e3o reunidos os respons\u00e1veis pela gest\u00e3o e financiamento dos referidos programas.<\/p>\n<\/div>\n","protected":false},"excerpt":{"rendered":"<p>Profissionais de diferentes munic\u00edpios do Estado se re\u00fanem nesta ter\u00e7a-feira, 8 de mar\u00e7o, com o objetivo de avaliar o desenvolvimento da Pol\u00edtica de Alimenta\u00e7\u00e3o e Nutri\u00e7\u00e3o e planejar as a\u00e7\u00f5es a serem implementadas ao longo deste ano. O evento \u2013 5\u00aa Oficina de Avalia\u00e7\u00e3o e Planejamento\/Fundo Alimenta\u00e7\u00e3o Sa\u00fade \u2013 acontece das 8h30 \u00e0s 17h30, na [&hellip;]<\/p>\n","protected":false},"author":46,"featured_media":0,"comment_status":"closed","ping_status":"open","sticky":false,"template":"","format":"standard","meta":{"footnotes":""},"categories":[3],"tags":[],"class_list":["post-4395","post","type-post","status-publish","format-standard","hentry","category-noticias"],"rttpg_featured_image_url":null,"rttpg_author":{"display_name":"cleybetsls","author_link":"https:\/\/goias.gov.br\/saude\/author\/cleybetsls\/"},"rttpg_comment":0,"rttpg_category":"<a href=\"https:\/\/goias.gov.br\/saude\/categoria\/noticias\/\" rel=\"category tag\">Not\u00edcias<\/a>","rttpg_excerpt":"Profissionais de diferentes munic\u00edpios do Estado se re\u00fanem nesta ter\u00e7a-feira, 8 de mar\u00e7o, com o objetivo de avaliar o desenvolvimento da Pol\u00edtica de Alimenta\u00e7\u00e3o e Nutri\u00e7\u00e3o e planejar as a\u00e7\u00f5es a serem implementadas ao longo deste ano. O evento \u2013 5\u00aa Oficina de Avalia\u00e7\u00e3o e Planejamento\/Fundo Alimenta\u00e7\u00e3o Sa\u00fade \u2013 acontece das 8h30 \u00e0s 17h30, na&hellip;","_links":{"self":[{"href":"https:\/\/goias.gov.br\/saude\/wp-json\/wp\/v2\/posts\/4395","targetHints":{"allow":["GET"]}}],"collection":[{"href":"https:\/\/goias.gov.br\/saude\/wp-json\/wp\/v2\/posts"}],"about":[{"href":"https:\/\/goias.gov.br\/saude\/wp-json\/wp\/v2\/types\/post"}],"author":[{"embeddable":true,"href":"https:\/\/goias.gov.br\/saude\/wp-json\/wp\/v2\/users\/46"}],"replies":[{"embeddable":true,"href":"https:\/\/goias.gov.br\/saude\/wp-json\/wp\/v2\/comments?post=4395"}],"version-history":[{"count":0,"href":"https:\/\/goias.gov.br\/saude\/wp-json\/wp\/v2\/posts\/4395\/revisions"}],"wp:attachment":[{"href":"https:\/\/goias.gov.br\/saude\/wp-json\/wp\/v2\/media?parent=4395"}],"wp:term":[{"taxonomy":"category","embeddable":true,"href":"https:\/\/goias.gov.br\/saude\/wp-json\/wp\/v2\/categories?post=4395"},{"taxonomy":"post_tag","embeddable":true,"href":"https:\/\/goias.gov.br\/saude\/wp-json\/wp\/v2\/tags?post=4395"}],"curies":[{"name":"wp","href":"https:\/\/api.w.org\/{rel}","templated":true}]}}