

{"id":4387,"date":"2016-03-10T12:23:08","date_gmt":"2016-03-10T15:23:08","guid":{"rendered":"https:\/\/siteshom.goias.gov.br\/saude\/ministro-da-saude-conhece-conecta-sus-2\/"},"modified":"2016-03-10T12:23:08","modified_gmt":"2016-03-10T15:23:08","slug":"ministro-da-saude-conhece-conecta-sus-2","status":"publish","type":"post","link":"https:\/\/goias.gov.br\/saude\/ministro-da-saude-conhece-conecta-sus-2\/","title":{"rendered":"Ministro da Sa\u00fade conhece Conecta SUS"},"content":{"rendered":"<p>Ap\u00f3s reuni\u00e3o com o governador Marconi Perillo e prefeitos no Centro de Conven\u00e7\u00f5es de Goi\u00e2nia nesta quarta-feira, dia 9, o ministro da Sa\u00fade, Marcelo Castro, conheceu o Centro de Informa\u00e7\u00f5es e Decis\u00f5es Estrat\u00e9gicas em Sa\u00fade \u2013 Conecta SUS Zilda Arns Neumann. A visita foi acompanhada pelo secret\u00e1rio de Estado da Sa\u00fade, Leonardo Vilela.<\/p>\n<p><iframe src=\"https:\/\/player.vimeo.com\/video\/158482512\" width=\"640\" height=\"360\" frameborder=\"0\" allowfullscreen=\"allowfullscreen\"><\/iframe><\/p>\n<p>O centro, localizado na sede SES-GO, no Parque Santa Cruz, realiza o acompanhamento e controle das informa\u00e7\u00f5es relativas \u00e0 sa\u00fade no Estado, incluindo indicadores, or\u00e7amento e a\u00e7\u00f5es relativas \u00e0 \u00e1rea.<\/p>\n<p>Na visita, por meio da Esta\u00e7\u00e3o Conecta SUS, o ministro e o secret\u00e1rio conversaram com a equipe da Regional de Sa\u00fade Oeste II, em S\u00e3o Lu\u00eds de Montes Belos. \u201cPedimos que cada fam\u00edlia dedique 15 minutos por semana para combater o Aedes\u201d, destacou Marcelo Castro durante o di\u00e1logo.<\/p>\n<p>Em janeiro, o governador e o secret\u00e1rio apresentaram ao ministro as iniciativas de combate ao Aedes aegypti em Goi\u00e1s e o monitoramento em tempo real das visitas feitas aos domic\u00edlios goianos, feito atrav\u00e9s da sala de gerenciamento de crises do Conecta SUS. Na ocasi\u00e3o, o ministro elogiou o trabalho e parabenizou o Governo do Estado pelos resultados das a\u00e7\u00f5es e pelo monitoramento feito por meio do centro de informa\u00e7\u00f5es.<\/p>\n<p>No mesmo m\u00eas, representantes da Secretaria Nacional de Defesa Civil e da Sala Nacional de Coordena\u00e7\u00e3o e Controle para o Enfrentamento da Dengue, Chikungunya e Zika estiveram em Goi\u00e2nia, a pedido de Marcelo Castro, para conhecer o Conecta SUS com o objetivo de us\u00e1-lo como refer\u00eancia para o Pa\u00eds e outros estados.<\/p>\n<p><em>\u2014<\/em><\/p>\n<p><em>*Fonte v\u00eddeo: Mat\u00e9ria veiculada no Jornal Anhanguera 2\u00aa Edi\u00e7\u00e3o, no dia 9 de mar\u00e7o.<\/em><\/p>\n","protected":false},"excerpt":{"rendered":"<p>Ap\u00f3s reuni\u00e3o com o governador Marconi Perillo e prefeitos no Centro de Conven\u00e7\u00f5es de Goi\u00e2nia nesta quarta-feira, dia 9, o ministro da Sa\u00fade, Marcelo Castro, conheceu o Centro de Informa\u00e7\u00f5es e Decis\u00f5es Estrat\u00e9gicas em Sa\u00fade \u2013 Conecta SUS Zilda Arns Neumann. A visita foi acompanhada pelo secret\u00e1rio de Estado da Sa\u00fade, Leonardo Vilela. O centro, [&hellip;]<\/p>\n","protected":false},"author":46,"featured_media":0,"comment_status":"closed","ping_status":"open","sticky":false,"template":"","format":"standard","meta":{"footnotes":""},"categories":[3],"tags":[],"class_list":["post-4387","post","type-post","status-publish","format-standard","hentry","category-noticias"],"rttpg_featured_image_url":null,"rttpg_author":{"display_name":"cleybetsls","author_link":"https:\/\/goias.gov.br\/saude\/author\/cleybetsls\/"},"rttpg_comment":0,"rttpg_category":"<a href=\"https:\/\/goias.gov.br\/saude\/categoria\/noticias\/\" rel=\"category tag\">Not\u00edcias<\/a>","rttpg_excerpt":"Ap\u00f3s reuni\u00e3o com o governador Marconi Perillo e prefeitos no Centro de Conven\u00e7\u00f5es de Goi\u00e2nia nesta quarta-feira, dia 9, o ministro da Sa\u00fade, Marcelo Castro, conheceu o Centro de Informa\u00e7\u00f5es e Decis\u00f5es Estrat\u00e9gicas em Sa\u00fade \u2013 Conecta SUS Zilda Arns Neumann. A visita foi acompanhada pelo secret\u00e1rio de Estado da Sa\u00fade, Leonardo Vilela. O centro,&hellip;","_links":{"self":[{"href":"https:\/\/goias.gov.br\/saude\/wp-json\/wp\/v2\/posts\/4387","targetHints":{"allow":["GET"]}}],"collection":[{"href":"https:\/\/goias.gov.br\/saude\/wp-json\/wp\/v2\/posts"}],"about":[{"href":"https:\/\/goias.gov.br\/saude\/wp-json\/wp\/v2\/types\/post"}],"author":[{"embeddable":true,"href":"https:\/\/goias.gov.br\/saude\/wp-json\/wp\/v2\/users\/46"}],"replies":[{"embeddable":true,"href":"https:\/\/goias.gov.br\/saude\/wp-json\/wp\/v2\/comments?post=4387"}],"version-history":[{"count":0,"href":"https:\/\/goias.gov.br\/saude\/wp-json\/wp\/v2\/posts\/4387\/revisions"}],"wp:attachment":[{"href":"https:\/\/goias.gov.br\/saude\/wp-json\/wp\/v2\/media?parent=4387"}],"wp:term":[{"taxonomy":"category","embeddable":true,"href":"https:\/\/goias.gov.br\/saude\/wp-json\/wp\/v2\/categories?post=4387"},{"taxonomy":"post_tag","embeddable":true,"href":"https:\/\/goias.gov.br\/saude\/wp-json\/wp\/v2\/tags?post=4387"}],"curies":[{"name":"wp","href":"https:\/\/api.w.org\/{rel}","templated":true}]}}