

{"id":4383,"date":"2016-03-10T12:33:43","date_gmt":"2016-03-10T15:33:43","guid":{"rendered":"https:\/\/siteshom.goias.gov.br\/saude\/ses-e-ufg-discutem-parceria\/"},"modified":"2016-03-10T12:33:43","modified_gmt":"2016-03-10T15:33:43","slug":"ses-e-ufg-discutem-parceria","status":"publish","type":"post","link":"https:\/\/goias.gov.br\/saude\/ses-e-ufg-discutem-parceria\/","title":{"rendered":"SES e UFG discutem parceria"},"content":{"rendered":"<p><h6><\/h6>\n<\/p>\n<div class=\"tx cl\">\n<p><em>Reitor Orlando Amaral visitou Conecta SUS<\/em><\/p>\n<p>O trabalho de erradica\u00e7\u00e3o de focos e monitoramento do Aedes aegypti desenvolvido pelo Governo do Estado em parceria com os munic\u00edpios deve ganhar apoio da Universidade Federal de Goi\u00e1s (UFG). Em reuni\u00e3o nesta quinta-feira, dia 10 de mar\u00e7o, na Secretaria de Estado da Sa\u00fade (SES-GO), as institui\u00e7\u00f5es discutiram a amplia\u00e7\u00e3o de parcerias nas \u00e1reas de ensino e pesquisa, al\u00e9m da possibilidade da UFG contribuir com dados relativos ao controle de focos do mosquito no Estado.<\/p>\n<p>Durante a visita da equipe da Universidade Federal de Goi\u00e1s \u00e0 SES-GO, o reitor da UFG, Orlando Amaral, disse que os dados dispon\u00edveis no Centro de Informa\u00e7\u00f5es em Sa\u00fade Conecta SUS podem contribuir bastante com o trabalho da academia. \u201cEsses dados interessam a diversas \u00e1reas da universidade. Estou impressionado com esse volume de informa\u00e7\u00f5es. Estive aqui em 2014 e fico satisfeito em ver a evolu\u00e7\u00e3o deste sistema.\u201d<\/p>\n<p>O secret\u00e1rio de Estado da Sa\u00fade, Leonardo Vilela, ressaltou que os dados dispon\u00edveis no Conecta SUS tem contribu\u00eddo muito para a gest\u00e3o em sa\u00fade, mas t\u00eam potencial ainda maior. \u201cEssas informa\u00e7\u00f5es podem ser \u00fateis para o ensino e a pesquisa. Fazemos o monitoramento de diversos indicadores, entre eles, os \u00edndices de infesta\u00e7\u00e3o do Aedes em Goi\u00e1s. Tudo georreferenciado e detalhado por munic\u00edpio. Esse modelo \u00e9 pioneiro no Brasil e tem servido de refer\u00eancia para diversos estados.\u201d<\/p>\n<p><strong>UFG contra o Aedes<\/strong><\/p>\n<p>Segundo a pr\u00f3-reitora de extens\u00e3o da universidade, Giselle Ottoni, a institui\u00e7\u00e3o tem um projeto de extens\u00e3o chamado \u201cUFG contra o Aedes\u201d que envolve o monitoramento do mosquito nos campus. \u201cPoderemos alimentar e acompanhar os registros em tempo real.\u201d<\/p>\n<p>Foi discutida tamb\u00e9m a possibilidade da UFG contribuir no diagn\u00f3stico e monitoramento do v\u00edrus zika em Goi\u00e1s. A diretora do Instituto de Patologia Tropical e Sa\u00fade P\u00fablica (IPTSP), Fl\u00e1via Aparecida de Oliveira, disse que a universidade tem estrutura e est\u00e1 \u00e0 disposi\u00e7\u00e3o para viabilizar essa parceria junto \u00e0 SES-GO. \u201cTemos diferentes \u00e1reas que est\u00e3o prontas para contribuir com a secretaria neste sentido.\u201d<\/p>\n<p><strong>Apoio \u00e0 qualifica\u00e7\u00e3o<\/strong><\/p>\n<p>Durante o encontro foram discutidos ainda a retomada do Curso de Qualifica\u00e7\u00e3o de Preceptores das Resid\u00eancias e Ensino \u00e0 Dist\u00e2ncia, o oferecimento de Especializa\u00e7\u00e3o em An\u00e1lise de Situa\u00e7\u00e3o em Sa\u00fade e a promo\u00e7\u00e3o de oficinas sobre metodologias ativas para o corpo docente da Superintend\u00eancia de Educa\u00e7\u00e3o em Sa\u00fade e Trabalho para o SUS (SEST\/SUS).<\/p>\n<p>\u201cEstamos fortalecendo parcerias com diversas universidades para capacitar nossos profissionais e prestarmos uma assist\u00eancia com cada vez mais qualidade \u00e0 popula\u00e7\u00e3o\u201d, disse a superintendente de Educa\u00e7\u00e3o em Sa\u00fade e Trabalho para o SUS, Irani Ribeiro.<\/p>\n<\/div>\n","protected":false},"excerpt":{"rendered":"<p>Reitor Orlando Amaral visitou Conecta SUS O trabalho de erradica\u00e7\u00e3o de focos e monitoramento do Aedes aegypti desenvolvido pelo Governo do Estado em parceria com os munic\u00edpios deve ganhar apoio da Universidade Federal de Goi\u00e1s (UFG). Em reuni\u00e3o nesta quinta-feira, dia 10 de mar\u00e7o, na Secretaria de Estado da Sa\u00fade (SES-GO), as institui\u00e7\u00f5es discutiram a [&hellip;]<\/p>\n","protected":false},"author":46,"featured_media":0,"comment_status":"closed","ping_status":"open","sticky":false,"template":"","format":"standard","meta":{"footnotes":""},"categories":[3],"tags":[],"class_list":["post-4383","post","type-post","status-publish","format-standard","hentry","category-noticias"],"rttpg_featured_image_url":null,"rttpg_author":{"display_name":"cleybetsls","author_link":"https:\/\/goias.gov.br\/saude\/author\/cleybetsls\/"},"rttpg_comment":0,"rttpg_category":"<a href=\"https:\/\/goias.gov.br\/saude\/categoria\/noticias\/\" rel=\"category tag\">Not\u00edcias<\/a>","rttpg_excerpt":"Reitor Orlando Amaral visitou Conecta SUS O trabalho de erradica\u00e7\u00e3o de focos e monitoramento do Aedes aegypti desenvolvido pelo Governo do Estado em parceria com os munic\u00edpios deve ganhar apoio da Universidade Federal de Goi\u00e1s (UFG). Em reuni\u00e3o nesta quinta-feira, dia 10 de mar\u00e7o, na Secretaria de Estado da Sa\u00fade (SES-GO), as institui\u00e7\u00f5es discutiram a&hellip;","_links":{"self":[{"href":"https:\/\/goias.gov.br\/saude\/wp-json\/wp\/v2\/posts\/4383","targetHints":{"allow":["GET"]}}],"collection":[{"href":"https:\/\/goias.gov.br\/saude\/wp-json\/wp\/v2\/posts"}],"about":[{"href":"https:\/\/goias.gov.br\/saude\/wp-json\/wp\/v2\/types\/post"}],"author":[{"embeddable":true,"href":"https:\/\/goias.gov.br\/saude\/wp-json\/wp\/v2\/users\/46"}],"replies":[{"embeddable":true,"href":"https:\/\/goias.gov.br\/saude\/wp-json\/wp\/v2\/comments?post=4383"}],"version-history":[{"count":0,"href":"https:\/\/goias.gov.br\/saude\/wp-json\/wp\/v2\/posts\/4383\/revisions"}],"wp:attachment":[{"href":"https:\/\/goias.gov.br\/saude\/wp-json\/wp\/v2\/media?parent=4383"}],"wp:term":[{"taxonomy":"category","embeddable":true,"href":"https:\/\/goias.gov.br\/saude\/wp-json\/wp\/v2\/categories?post=4383"},{"taxonomy":"post_tag","embeddable":true,"href":"https:\/\/goias.gov.br\/saude\/wp-json\/wp\/v2\/tags?post=4383"}],"curies":[{"name":"wp","href":"https:\/\/api.w.org\/{rel}","templated":true}]}}