

{"id":43816,"date":"2023-08-03T10:42:00","date_gmt":"2023-08-03T13:42:00","guid":{"rendered":"https:\/\/goias.gov.br\/saude\/?p=43816"},"modified":"2025-01-31T12:22:45","modified_gmt":"2025-01-31T15:22:45","slug":"servicos-de-saude-2024","status":"publish","type":"post","link":"https:\/\/goias.gov.br\/saude\/servicos-de-saude-2024\/","title":{"rendered":"Escalas Servi\u00e7os de Sa\u00fade"},"content":{"rendered":"\n<p><style>\n  table {\n    width: 100%;\n    border-collapse: collapse;\n    margin-top: 20px;\n  }\n  th, td {\n    border: 1px solid #ddd;\n    padding: 8px;\n    text-align: left;\n  }\n  #searchInputs {\n    display: flex;\n    justify-content: space-between;\n    margin-bottom: 10px;\n  }\n  input[type=\"text\"] {\n    width: 30%;\n    padding: 5px;\n  }\n<\/style><\/p>\n<h5>Tabela de Escalas Previstas das Unidades\u00a0<\/h5>\n<div id=\"searchInputs\"><input id=\"criteria1\" type=\"text\" placeholder=\"Filtrar Unidade\" \/> <input id=\"criteria2\" type=\"text\" placeholder=\"Filtrar Ano\" \/> <input id=\"criteria3\" type=\"text\" placeholder=\"Filtrar M\u00eas\" \/><\/div>\n<table id=\"dataTable\" style=\"width: 106.233%; height: 45px;\">\n<tbody>\n<tr>\n<td style=\"width: 48.991%;\">HEL \u2013 Hospital Estadual de Luzi\u00e2nia<\/td>\n<td style=\"width: 5.44671%;\">2024<\/td>\n<td style=\"width: 67.5142%;\">Dezembro <a href=\"https:\/\/goias.gov.br\/saude\/wp-content\/uploads\/sites\/34\/files\/acesso_a_informacao\/escala-saude\/hel\/2024\/hel-dezembro.pdf\" target=\"_blank\" rel=\"noopener\">pdf <\/a>\/ <a href=\"https:\/\/goias.gov.br\/saude\/wp-content\/uploads\/sites\/34\/files\/acesso_a_informacao\/escala-saude\/hel\/2024\/hel-dezembro.ods\">csv<\/a> \/ <a href=\"https:\/\/goias.gov.br\/saude\/escala-hel-dezembro-2024\/\" target=\"_blank\" rel=\"noopener\">Informa\u00e7\u00f5es<\/a><\/td>\n<\/tr>\n<tr>\n<td style=\"width: 48.991%;\">HEMNSL \u2013 Hospital Estadual e Maternidade Nossa Senhora de Lourdes<\/td>\n<td style=\"width: 5.44671%;\">2024<\/td>\n<td style=\"width: 67.5142%;\">Dezembro <a href=\"https:\/\/goias.gov.br\/saude\/wp-content\/uploads\/sites\/34\/files\/acesso_a_informacao\/escala-saude\/hemnsl\/2024\/hemnsl-dezembro.pdf\" target=\"_blank\" rel=\"noopener\">pdf <\/a>\/ <a href=\"https:\/\/goias.gov.br\/saude\/wp-content\/uploads\/sites\/34\/files\/acesso_a_informacao\/escala-saude\/hemnsl\/2024\/hemnsl-dezembro.ods\">csv <\/a>\/ <a href=\"https:\/\/goias.gov.br\/saude\/escala-hemnsl-dezembro-2024\/\" target=\"_blank\" rel=\"noopener\">Informa\u00e7\u00f5es<\/a><\/td>\n<\/tr>\n<tr>\n<td style=\"width: 48.991%;\">HEJ \u2013 Hospital Estadual de Jata\u00ed Dr. Serafim de Carvalho<\/td>\n<td style=\"width: 5.44671%;\">2024<\/td>\n<td style=\"width: 67.5142%;\">Dezembro <a href=\"https:\/\/goias.gov.br\/saude\/wp-content\/uploads\/sites\/34\/files\/acesso_a_informacao\/escala-saude\/hej\/2024\/hej-dezembro.pdf\" target=\"_blank\" rel=\"noopener\">pdf<\/a> \/ <a href=\"https:\/\/goias.gov.br\/saude\/wp-content\/uploads\/sites\/34\/files\/acesso_a_informacao\/escala-saude\/hej\/2024\/hej-dezembro.ods\">csv<\/a> \/ <a href=\"https:\/\/goias.gov.br\/saude\/escala-hej-dezembro-2024\/\" target=\"_blank\" rel=\"noopener\">Informa\u00e7\u00f5es<\/a><\/td>\n<\/tr>\n<tr>\n<td style=\"width: 48.991%;\">CEAP-SOL \u2013 Centro Estadual de Aten\u00e7\u00e3o Prolongada e Casa de Apoio Condom\u00ednio Solidariedade<\/td>\n<td style=\"width: 5.44671%;\">2024<\/td>\n<td style=\"width: 67.5142%;\">Dezembro <a href=\"https:\/\/goias.gov.br\/saude\/wp-content\/uploads\/sites\/34\/files\/acesso_a_informacao\/escala-saude\/ceap-sol\/2024\/ceap-sol-dezembro.pdf\" target=\"_blank\" rel=\"noopener\">pdf <\/a>\/ <a href=\"https:\/\/goias.gov.br\/saude\/wp-content\/uploads\/sites\/34\/files\/acesso_a_informacao\/escala-saude\/ceap-sol\/2024\/ceap-sol-dezembro.ods\">csv <\/a>\/ <a href=\"https:\/\/goias.gov.br\/saude\/escala-ceap-sol-dezembro-2024\/\" target=\"_blank\" rel=\"noopener\">Informa\u00e7\u00f5es<\/a><\/td>\n<\/tr>\n<tr>\n<td style=\"width: 48.991%;\">HECAD \u2013 Hospital Estadual da Crian\u00e7a e do Adolescente<\/td>\n<td style=\"width: 5.44671%;\">2024<\/td>\n<td style=\"width: 67.5142%;\">Dezembro <a href=\"https:\/\/goias.gov.br\/saude\/wp-content\/uploads\/sites\/34\/files\/acesso_a_informacao\/escala-saude\/hecad\/2024\/hecad-dezembro.pdf\" target=\"_blank\" rel=\"noopener\">pdf<\/a> \/ <a href=\"https:\/\/goias.gov.br\/saude\/wp-content\/uploads\/sites\/34\/files\/acesso_a_informacao\/escala-saude\/hecad\/2024\/hecad-dezembro.ods\">csv<\/a> \/ <a href=\"https:\/\/goias.gov.br\/saude\/escala-hecad-dezembro-2024\/\" target=\"_blank\" rel=\"noopener\">Informa\u00e7\u00f5es<\/a><\/td>\n<\/tr>\n<tr>\n<td style=\"width: 48.991%;\">HUGO \u2013 Hospital de Urg\u00eancias de Goi\u00e1s Dr. Valdemiro Cruz<\/td>\n<td style=\"width: 5.44671%;\">2024<\/td>\n<td style=\"width: 67.5142%;\">Dezembro <a href=\"https:\/\/goias.gov.br\/saude\/wp-content\/uploads\/sites\/34\/files\/acesso_a_informacao\/escala-saude\/hugo\/2024\/hugo-dezembro.pdf\" target=\"_blank\" rel=\"noopener\">pdf<\/a> \/ <a href=\"https:\/\/goias.gov.br\/saude\/wp-content\/uploads\/sites\/34\/files\/acesso_a_informacao\/escala-saude\/hugo\/2024\/hugo-dezembro.ods\">csv<\/a> \/ <a href=\"https:\/\/goias.gov.br\/saude\/escala-hugo-dezembro-2024\/\" target=\"_blank\" rel=\"noopener\">Informa\u00e7\u00f5es<\/a><\/td>\n<\/tr>\n<tr>\n<td style=\"width: 48.991%;\">HEMU \u2013 Hospital Estadual da Mulher Dr. Jurandir do Nascimento<\/td>\n<td style=\"width: 5.44671%;\">2024<\/td>\n<td style=\"width: 67.5142%;\">Dezembro <a href=\"https:\/\/goias.gov.br\/saude\/wp-content\/uploads\/sites\/34\/files\/acesso_a_informacao\/escala-saude\/hemu\/2024\/hemu-dezembro.pdf\" target=\"_blank\" rel=\"noopener\">pdf <\/a>\/ <a href=\"https:\/\/goias.gov.br\/saude\/wp-content\/uploads\/sites\/34\/files\/acesso_a_informacao\/escala-saude\/hemu\/2024\/hemu-dezembro.ods\">csv <\/a>\/ <a href=\"https:\/\/goias.gov.br\/saude\/escala-hemu-dezembro-2024\/\" target=\"_blank\" rel=\"noopener\">Informa\u00e7\u00f5es<\/a><\/td>\n<\/tr>\n<tr>\n<td style=\"width: 48.991%;\">Policl\u00ednica Estadual da Regi\u00e3o Sudoeste \u2013 Quirin\u00f3polis<\/td>\n<td style=\"width: 5.44671%;\">2024<\/td>\n<td style=\"width: 67.5142%;\">Dezembro <a href=\"https:\/\/goias.gov.br\/saude\/wp-content\/uploads\/sites\/34\/files\/acesso_a_informacao\/escala-saude\/policlinica-quirinopolis\/2024\/poli-quirinopolis-dezembro.pdf\" target=\"_blank\" rel=\"noopener\">pdf<\/a> \/ <a href=\"https:\/\/goias.gov.br\/saude\/wp-content\/uploads\/sites\/34\/files\/acesso_a_informacao\/escala-saude\/policlinica-quirinopolis\/2024\/poli-quirinopolis-dezembro.ods\">csv<\/a> \/ <a href=\"https:\/\/goias.gov.br\/saude\/escala-policlinica-quirinopolis-dezembro-2024\/\" target=\"_blank\" rel=\"noopener\">Informa\u00e7\u00f5es<\/a><\/td>\n<\/tr>\n<tr>\n<td style=\"width: 48.991%;\">HERSO \u2013 Hospital Estadual de Santa Helena de Goi\u00e1s Dr. Albanir Faleiros Machado<\/td>\n<td style=\"width: 5.44671%;\">2024<\/td>\n<td style=\"width: 67.5142%;\">Dezembro <a href=\"https:\/\/goias.gov.br\/saude\/wp-content\/uploads\/sites\/34\/files\/acesso_a_informacao\/escala-saude\/herso\/2024\/herso-dezembro.pdf\" target=\"_blank\" rel=\"noopener\">pdf <\/a>\/ <a href=\"https:\/\/goias.gov.br\/saude\/wp-content\/uploads\/sites\/34\/files\/acesso_a_informacao\/escala-saude\/herso\/2024\/herso-dezembro.ods\">csv <\/a>\/ <a href=\"https:\/\/goias.gov.br\/saude\/escala-herso-dezembro-2024\/\" target=\"_blank\" rel=\"noopener\">Informa\u00e7\u00f5es<\/a><\/td>\n<\/tr>\n<tr>\n<td style=\"width: 48.991%;\">Policl\u00ednica Estadual da Regi\u00e3o do Entorno \u2013 Formosa<\/td>\n<td style=\"width: 5.44671%;\">2024<\/td>\n<td style=\"width: 67.5142%;\">Dezembro <a href=\"https:\/\/goias.gov.br\/saude\/wp-content\/uploads\/sites\/34\/files\/acesso_a_informacao\/escala-saude\/policlinica-formosa\/2024\/poli-formosa-dezembro.pdf\" target=\"_blank\" rel=\"noopener\">pdf<\/a> \/ <a href=\"https:\/\/goias.gov.br\/saude\/wp-content\/uploads\/sites\/34\/files\/acesso_a_informacao\/escala-saude\/policlinica-formosa\/2024\/poli-formosa-dezembro.ods\">csv<\/a> \/ <a href=\"https:\/\/goias.gov.br\/saude\/escala-policlinica-de-formosa-dezembro-2024\/\" target=\"_blank\" rel=\"noopener\">Informa\u00e7\u00f5es<\/a><\/td>\n<\/tr>\n<tr>\n<td style=\"width: 48.991%;\">HDT \u2013 Hospital Estadual de Doen\u00e7as Tropicais Dr. Anuar Auad<\/td>\n<td style=\"width: 5.44671%;\">2024<\/td>\n<td style=\"width: 67.5142%;\">Dezembro <a href=\"https:\/\/goias.gov.br\/saude\/wp-content\/uploads\/sites\/34\/files\/acesso_a_informacao\/escala-saude\/hdt\/2024\/hdt-dezembro.pdf\" target=\"_blank\" rel=\"noopener\">pdf <\/a>\/ <a href=\"https:\/\/goias.gov.br\/saude\/wp-content\/uploads\/sites\/34\/files\/acesso_a_informacao\/escala-saude\/hdt\/2024\/hdt-dezembro.ods\">csv <\/a>\/ <a href=\"https:\/\/goias.gov.br\/saude\/escala-hdt-dezembro-2024\/\" target=\"_blank\" rel=\"noopener\">Informa\u00e7\u00f5es<\/a><\/td>\n<\/tr>\n<tr>\n<td style=\"width: 48.991%;\">HEF \u2013 Hospital Estadual de Formosa Dr. C\u00e9sar Saad Fayad<\/td>\n<td style=\"width: 5.44671%;\">2024<\/td>\n<td style=\"width: 67.5142%;\">Dezembro <a href=\"https:\/\/goias.gov.br\/saude\/wp-content\/uploads\/sites\/34\/files\/acesso_a_informacao\/escala-saude\/hef\/2024\/hef-dezembro.pdf\" target=\"_blank\" rel=\"noopener\">pdf<\/a> \/ <a href=\"https:\/\/goias.gov.br\/saude\/wp-content\/uploads\/sites\/34\/files\/acesso_a_informacao\/escala-saude\/hef\/2024\/hef-dezembro.ods\">csv<\/a> \/ <a href=\"https:\/\/goias.gov.br\/saude\/escala-hef-dezembro-2024\/\" target=\"_blank\" rel=\"noopener\">Informa\u00e7\u00f5es<\/a><\/td>\n<\/tr>\n<tr>\n<td style=\"width: 48.991%;\">CRESM \u2013 Complexo de Refer\u00eancia Estadual em Sa\u00fade Mental \u2013 Prof. Jamil Issy<\/td>\n<td style=\"width: 5.44671%;\">2024<\/td>\n<td style=\"width: 67.5142%;\">Dezembro <a href=\"https:\/\/goias.gov.br\/saude\/wp-content\/uploads\/sites\/34\/files\/acesso_a_informacao\/escala-saude\/cresm\/2024\/cresm-dezembro.pdf\" target=\"_blank\" rel=\"noopener\">pdf <\/a>\/ <a href=\"https:\/\/goias.gov.br\/saude\/wp-content\/uploads\/sites\/34\/files\/acesso_a_informacao\/escala-saude\/cresm\/2024\/cresm-dezembro.ods\">csv<\/a> \/ <a href=\"https:\/\/goias.gov.br\/saude\/escala-cresm-dezembro-2024\/\" target=\"_blank\" rel=\"noopener\">Informa\u00e7\u00f5es<\/a><\/td>\n<\/tr>\n<tr>\n<td style=\"width: 48.991%;\">Policl\u00ednica Estadual da Regi\u00e3o Nordeste \u2013 Posse<\/td>\n<td style=\"width: 5.44671%;\">2024<\/td>\n<td style=\"width: 67.5142%;\">Dezembro <a href=\"https:\/\/goias.gov.br\/saude\/wp-content\/uploads\/sites\/34\/files\/acesso_a_informacao\/escala-saude\/policlinica-posse\/2024\/poli-posse-dezembro.pdf\" target=\"_blank\" rel=\"noopener\">pdf <\/a>\/ <a href=\"https:\/\/goias.gov.br\/saude\/wp-content\/uploads\/sites\/34\/files\/acesso_a_informacao\/escala-saude\/policlinica-posse\/2024\/poli-posse-dezembro.ods\">csv <\/a>\/ <a href=\"https:\/\/goias.gov.br\/saude\/escala-policlinica-de-posse-dezembro-2024\/\" target=\"_blank\" rel=\"noopener\">Informa\u00e7\u00f5es<\/a><\/td>\n<\/tr>\n<tr>\n<td style=\"width: 48.991%;\">HCN \u2013 Hospital Estadual do Centro-Norte Goiano<\/td>\n<td style=\"width: 5.44671%;\">2024<\/td>\n<td style=\"width: 67.5142%;\">Dezembro <a href=\"https:\/\/goias.gov.br\/saude\/wp-content\/uploads\/sites\/34\/files\/acesso_a_informacao\/escala-saude\/hcn\/2024\/hcn-dezembro.pdf\" target=\"_blank\" rel=\"noopener\">pdf<\/a> \/ <a href=\"https:\/\/goias.gov.br\/saude\/wp-content\/uploads\/sites\/34\/files\/acesso_a_informacao\/escala-saude\/hcn\/2024\/hcn-dezembro.ods\">csv<\/a> \/ <a href=\"https:\/\/goias.gov.br\/saude\/escala-hcn-dezembro-2024\/\" target=\"_blank\" rel=\"noopener\">Informa\u00e7\u00f5es<\/a><\/td>\n<\/tr>\n<tr>\n<td style=\"width: 48.991%;\">HETRIN \u2013 Hospital Estadual de Trindade Walda Ferreira dos Santos<\/td>\n<td style=\"width: 5.44671%;\">2024<\/td>\n<td style=\"width: 67.5142%;\">Dezembro <a href=\"https:\/\/goias.gov.br\/saude\/wp-content\/uploads\/sites\/34\/files\/acesso_a_informacao\/escala-saude\/hetrin\/2024\/hetrin-dezembro.pdf\" target=\"_blank\" rel=\"noopener\">pdf <\/a>\/ <a href=\"https:\/\/goias.gov.br\/saude\/wp-content\/uploads\/sites\/34\/files\/acesso_a_informacao\/escala-saude\/hetrin\/2024\/hetrin-dezembro.ods\">csv <\/a>\/ <a href=\"https:\/\/goias.gov.br\/saude\/escala-hetrin-dezembro-2024\/\" target=\"_blank\" rel=\"noopener\">Informa\u00e7\u00f5es<\/a><\/td>\n<\/tr>\n<tr style=\"height: 46px;\">\n<td style=\"width: 48.991%; height: 46px;\">CARA \u2013 Centro Estadual de Assist\u00eancia aos Radioacidentados Leide das Neves<\/td>\n<td style=\"width: 5.44671%; height: 46px;\">2024<\/td>\n<td style=\"width: 67.5142%; height: 46px;\">Dezembro <a href=\"https:\/\/goias.gov.br\/saude\/wp-content\/uploads\/sites\/34\/files\/acesso_a_informacao\/escala-saude\/cara\/2024\/cara-dezembro.pdf\" target=\"_blank\" rel=\"noopener\">pdf<\/a> \/ <a href=\"https:\/\/goias.gov.br\/saude\/wp-content\/uploads\/sites\/34\/files\/acesso_a_informacao\/escala-saude\/cara\/2024\/cara-dezembro.ods\">csv<\/a> \/ <a href=\"https:\/\/goias.gov.br\/saude\/escala-cara-dezembro-2024\/\" target=\"_blank\" rel=\"noopener\">Informa\u00e7\u00f5es<\/a><\/td>\n<\/tr>\n<tr style=\"height: 23px;\">\n<td style=\"width: 48.991%; height: 23px;\">Policl\u00ednica Estadual da Regi\u00e3o S\u00e3o Patr\u00edcio \u2013 Goian\u00e9sia<\/td>\n<td style=\"width: 5.44671%; height: 23px;\">2024<\/td>\n<td style=\"width: 67.5142%; height: 23px;\">Dezembro <a href=\"https:\/\/goias.gov.br\/saude\/wp-content\/uploads\/sites\/34\/files\/acesso_a_informacao\/escala-saude\/policlinica-goianesia\/2024\/poli-goianesia-dezembro.pdf\" target=\"_blank\" rel=\"noopener\">pdf <\/a>\/ <a href=\"https:\/\/goias.gov.br\/saude\/wp-content\/uploads\/sites\/34\/files\/acesso_a_informacao\/escala-saude\/policlinica-goianesia\/2024\/poli-goianesia-dezembro.ods\">csv <\/a>\/ <a href=\"https:\/\/goias.gov.br\/saude\/escala-policlinica-de-goianesia-dezembro-2024\/\" target=\"_blank\" rel=\"noopener\">Informa\u00e7\u00f5es<\/a><\/td>\n<\/tr>\n<tr style=\"height: 46px;\">\n<td style=\"width: 48.991%; height: 46px;\">Policl\u00ednica Estadual Ismael Alexandrino Pinto \u2013 S\u00e3o Lu\u00eds de Montes Belos<\/td>\n<td style=\"width: 5.44671%; height: 46px;\">2024<\/td>\n<td style=\"width: 67.5142%; height: 46px;\">Dezembro <a href=\"https:\/\/goias.gov.br\/saude\/wp-content\/uploads\/sites\/34\/files\/acesso_a_informacao\/escala-saude\/policlinica-sao-luis-de-montes-belos\/2024\/poli-sao-luis-dezembro.pdf\" target=\"_blank\" rel=\"noopener\">pdf <\/a>\/ <a href=\"https:\/\/goias.gov.br\/saude\/wp-content\/uploads\/sites\/34\/files\/acesso_a_informacao\/escala-saude\/policlinica-sao-luis-de-montes-belos\/2024\/poli-sao-luis-dezembro.ods\">csv <\/a>\/ <a href=\"https:\/\/goias.gov.br\/saude\/escala-policlinica-de-sao-luis-de-montes-belos-dezembro-2024\/\" target=\"_blank\" rel=\"noopener\">Informa\u00e7\u00f5es<\/a><\/td>\n<\/tr>\n<tr style=\"height: 46px;\">\n<td style=\"width: 48.991%; height: 46px;\">HEELJ \u2013 Hospital Estadual de Piren\u00f3polis Ernestina Lopes Jaime<\/td>\n<td style=\"width: 5.44671%; height: 46px;\">2024<\/td>\n<td style=\"width: 67.5142%; height: 46px;\">Dezembro <a href=\"https:\/\/goias.gov.br\/saude\/wp-content\/uploads\/sites\/34\/files\/acesso_a_informacao\/escala-saude\/heelj\/2024\/heelj-dezembro.pdf\" target=\"_blank\" rel=\"noopener\">pdf<\/a> \/ <a href=\"https:\/\/goias.gov.br\/saude\/wp-content\/uploads\/sites\/34\/files\/acesso_a_informacao\/escala-saude\/heelj\/2024\/heelj-dezembro.ods\">csv<\/a> \/ <a href=\"https:\/\/goias.gov.br\/saude\/escala-heelj-dezembro-2024\/\" target=\"_blank\" rel=\"noopener\">Informa\u00e7\u00f5es<\/a><\/td>\n<\/tr>\n<tr style=\"height: 46px;\">\n<td style=\"width: 48.991%; height: 46px;\">HSLMB \u2013 Hospital Estadual de S\u00e3o Lu\u00eds de Montes Belos Dr. Geraldo Land\u00f3<\/td>\n<td style=\"width: 5.44671%; height: 46px;\">2024<\/td>\n<td style=\"width: 67.5142%; height: 46px;\">Dezembro <a href=\"https:\/\/goias.gov.br\/saude\/wp-content\/uploads\/sites\/34\/files\/acesso_a_informacao\/escala-saude\/hslmb\/2024\/hslmb-dezembro.pdf\" target=\"_blank\" rel=\"noopener\">pdf<\/a> \/ <a href=\"https:\/\/goias.gov.br\/saude\/wp-content\/uploads\/sites\/34\/files\/acesso_a_informacao\/escala-saude\/hslmb\/2024\/hslmb-dezembro.ods\">csv<\/a> \/ <a href=\"https:\/\/goias.gov.br\/saude\/escala-hslmb-dezembro-2024\/\" target=\"_blank\" rel=\"noopener\">Informa\u00e7\u00f5es<\/a><\/td>\n<\/tr>\n<tr style=\"height: 46px;\">\n<td style=\"width: 48.991%; height: 46px;\">HEANA \u2013 Hospital Estadual de An\u00e1polis Dr. Henrique Santillo<\/td>\n<td style=\"width: 5.44671%; height: 46px;\">2024<\/td>\n<td style=\"width: 67.5142%; height: 46px;\">Dezembro <a href=\"https:\/\/goias.gov.br\/saude\/wp-content\/uploads\/sites\/34\/files\/acesso_a_informacao\/escala-saude\/heana\/2024\/heana-dezembro.pdf\" target=\"_blank\" rel=\"noopener\">pdf <\/a>\/ <a href=\"https:\/\/goias.gov.br\/saude\/wp-content\/uploads\/sites\/34\/files\/acesso_a_informacao\/escala-saude\/heana\/2024\/heana-dezembro.ods\">csv <\/a>\/ <a href=\"https:\/\/goias.gov.br\/saude\/escala-heana-dezembro-2024\/\" target=\"_blank\" rel=\"noopener\">Informa\u00e7\u00f5es<\/a><\/td>\n<\/tr>\n<tr style=\"height: 46px;\">\n<td style=\"width: 48.991%; height: 46px;\">CRER \u2013 Centro Estadual de Reabilita\u00e7\u00e3o e Readapta\u00e7\u00e3o Dr. Henrique Santillo<\/td>\n<td style=\"width: 5.44671%; height: 46px;\">2024<\/td>\n<td style=\"width: 67.5142%; height: 46px;\">Dezembro <a href=\"https:\/\/goias.gov.br\/saude\/wp-content\/uploads\/sites\/34\/files\/acesso_a_informacao\/escala-saude\/crer\/2024\/crer-dezembro.pdf\" target=\"_blank\" rel=\"noopener\">pdf <\/a>\/ <a href=\"https:\/\/goias.gov.br\/saude\/wp-content\/uploads\/sites\/34\/files\/acesso_a_informacao\/escala-saude\/crer\/2024\/crer-dezembro.ods\">csv<\/a> \/ <a href=\"https:\/\/goias.gov.br\/saude\/escala-crer-dezembro-2024\/\" target=\"_blank\" rel=\"noopener\">Informa\u00e7\u00f5es<\/a><\/td>\n<\/tr>\n<tr style=\"height: 46px;\">\n<td style=\"width: 48.991%; height: 46px;\">HUGOL \u2013 Hospital Estadual de Urg\u00eancias Governador Ot\u00e1vio Lage de Siqueira<\/td>\n<td style=\"width: 5.44671%; height: 46px;\">2024<\/td>\n<td style=\"width: 67.5142%; height: 46px;\">Dezembro <a href=\"https:\/\/goias.gov.br\/saude\/wp-content\/uploads\/sites\/34\/files\/acesso_a_informacao\/escala-saude\/hugol\/2024\/hugol-dezembro.pdf\" target=\"_blank\" rel=\"noopener\">pdf <\/a>\/ <a href=\"https:\/\/goias.gov.br\/saude\/wp-content\/uploads\/sites\/34\/files\/acesso_a_informacao\/escala-saude\/hugol\/2024\/hugol-dezembro.ods\">csv <\/a>\/ <a href=\"https:\/\/goias.gov.br\/saude\/escala-hugol-dezembro-2024\/\" target=\"_blank\" rel=\"noopener\">Informa\u00e7\u00f5es<\/a><\/td>\n<\/tr>\n<tr style=\"height: 46px;\">\n<td style=\"width: 48.991%; height: 46px;\">Rede Hemo \u2013 Rede Estadual de Servi\u00e7os de Hemoterapia<\/td>\n<td style=\"width: 5.44671%; height: 46px;\">2024<\/td>\n<td style=\"width: 67.5142%; height: 46px;\">Dezembro <a href=\"https:\/\/goias.gov.br\/saude\/wp-content\/uploads\/sites\/34\/files\/acesso_a_informacao\/escala-saude\/redehemo\/2024\/redehemo-dezembro.pdf\" target=\"_blank\" rel=\"noopener\">pdf<\/a> \/ <a href=\"https:\/\/goias.gov.br\/saude\/wp-content\/uploads\/sites\/34\/files\/acesso_a_informacao\/escala-saude\/redehemo\/2024\/redehemo-dezembro.ods\">csv<\/a> \/ <a href=\"https:\/\/goias.gov.br\/saude\/escala-rede-hemo-dezembro-2024\/\" target=\"_blank\" rel=\"noopener\">Informa\u00e7\u00f5es<\/a><\/td>\n<\/tr>\n<tr style=\"height: 23px;\">\n<td style=\"width: 48.991%; height: 23px;\">HGG \u2013 Hospital Estadual Dr. Alberto Rassi<\/td>\n<td style=\"width: 5.44671%; height: 23px;\">2024<\/td>\n<td style=\"width: 67.5142%; height: 23px;\">Dezembro <a href=\"https:\/\/goias.gov.br\/saude\/wp-content\/uploads\/sites\/34\/files\/acesso_a_informacao\/escala-saude\/hgg\/2024\/hgg-dezembro.pdf\" target=\"_blank\" rel=\"noopener\">pdf<\/a> \/ <a href=\"https:\/\/goias.gov.br\/saude\/wp-content\/uploads\/sites\/34\/files\/acesso_a_informacao\/escala-saude\/hgg\/2024\/hgg-dezembro.ods\">csv<\/a> \/ <a href=\"https:\/\/goias.gov.br\/saude\/escala-hgg-dezembro-2024\/\" target=\"_blank\" rel=\"noopener\">Informa\u00e7\u00f5es<\/a><\/td>\n<\/tr>\n<tr style=\"height: 46px;\">\n<td style=\"width: 48.991%; height: 46px;\">CEESMI \u2013 Centro Estadual Especializado em Sa\u00fade Mental Infantojuvenil<\/td>\n<td style=\"width: 5.44671%; height: 46px;\">2024<\/td>\n<td style=\"width: 67.5142%; height: 46px;\">Dezembro <a href=\"https:\/\/goias.gov.br\/saude\/wp-content\/uploads\/sites\/34\/files\/acesso_a_informacao\/escala-saude\/ceesmi\/2024\/ceesmi-dezembro.pdf\" target=\"_blank\" rel=\"noopener\">pdf<\/a> \/ <a href=\"https:\/\/goias.gov.br\/saude\/wp-content\/uploads\/sites\/34\/files\/acesso_a_informacao\/escala-saude\/ceesmi\/2024\/ceesmi-dezembro.ods\">csv<\/a> \/ <a href=\"https:\/\/goias.gov.br\/saude\/escala-ceesmi-dezembro-2024\/\" target=\"_blank\" rel=\"noopener\">Informa\u00e7\u00f5es<\/a><\/td>\n<\/tr>\n<tr style=\"height: 23px;\">\n<td style=\"width: 48.991%; height: 23px;\">HEAL \u2013 Hospital Estadual de \u00c1guas Lindas de Goi\u00e1s<\/td>\n<td style=\"width: 5.44671%; height: 23px;\">2024<\/td>\n<td style=\"width: 67.5142%; height: 23px;\">Dezembro <a href=\"https:\/\/goias.gov.br\/saude\/wp-content\/uploads\/sites\/34\/files\/acesso_a_informacao\/escala-saude\/heal\/heal-dezembro.pdf\" target=\"_blank\" rel=\"noopener\">pdf<\/a> \/ <a href=\"https:\/\/goias.gov.br\/saude\/wp-content\/uploads\/sites\/34\/files\/acesso_a_informacao\/escala-saude\/heal\/heal-dezembro.ods\">csv<\/a> \/ <a href=\"https:\/\/goias.gov.br\/saude\/escala-heal-dezembro-2024\/\" target=\"_blank\" rel=\"noopener\">Informa\u00e7\u00f5es<\/a><\/td>\n<\/tr>\n<tr style=\"height: 46px;\">\n<td style=\"width: 48.991%; height: 46px;\">HEJA \u2013 Hospital Estadual de Jaragu\u00e1 Dr. Sandino de Amorim<\/td>\n<td style=\"width: 5.44671%; height: 46px;\">2024<\/td>\n<td style=\"width: 67.5142%; height: 46px;\">Dezembro <a href=\"https:\/\/goias.gov.br\/saude\/wp-content\/uploads\/sites\/34\/files\/acesso_a_informacao\/escala-saude\/heja\/2024\/heja-dezembro.pdf\" target=\"_blank\" rel=\"noopener\">pdf <\/a>\/ <a href=\"https:\/\/goias.gov.br\/saude\/wp-content\/uploads\/sites\/34\/files\/acesso_a_informacao\/escala-saude\/heja\/2024\/heja-dezembro.ods\">csv <\/a>\/ <a href=\"https:\/\/goias.gov.br\/saude\/escala-heja-dezembro-2024\/\" target=\"_blank\" rel=\"noopener\">Informa\u00e7\u00f5es<\/a><\/td>\n<\/tr>\n<tr style=\"height: 23px;\">\n<td style=\"width: 48.991%; height: 23px;\">HEI \u2013 Hospital Estadual de Itumbiara S\u00e3o Marcos<\/td>\n<td style=\"width: 5.44671%; height: 23px;\">2024<\/td>\n<td style=\"width: 67.5142%; height: 23px;\">Dezembro <a href=\"https:\/\/goias.gov.br\/saude\/wp-content\/uploads\/sites\/34\/files\/acesso_a_informacao\/escala-saude\/hei\/2024\/hei-dezembro.pdf\" target=\"_blank\" rel=\"noopener\">pdf <\/a>\/ <a href=\"https:\/\/goias.gov.br\/saude\/wp-content\/uploads\/sites\/34\/files\/acesso_a_informacao\/escala-saude\/hei\/2024\/hei-dezembro.ods\">csv <\/a>\/ <a href=\"https:\/\/goias.gov.br\/saude\/escala-hei-dezembro-2024\/\" target=\"_blank\" rel=\"noopener\">Informa\u00e7\u00f5es<\/a><\/td>\n<\/tr>\n<tr style=\"height: 23px;\">\n<td style=\"width: 48.991%; height: 23px;\">Policl\u00ednica Estadual Brasil Bruno de Bastos Neto Regi\u00e3o Rio Vermelho \u2013 Goi\u00e1s<\/td>\n<td style=\"width: 5.44671%; height: 23px;\">2024<\/td>\n<td style=\"width: 67.5142%; height: 23px;\">Dezembro <a href=\"https:\/\/goias.gov.br\/saude\/wp-content\/uploads\/sites\/34\/files\/acesso_a_informacao\/escala-saude\/policlinica-goias\/2024\/poli-goias-dezembro.pdf\" target=\"_blank\" rel=\"noopener\">pdf<\/a> \/ <a href=\"https:\/\/goias.gov.br\/saude\/wp-content\/uploads\/sites\/34\/files\/acesso_a_informacao\/escala-saude\/policlinica-goias\/2024\/poli-goias-dezembro.ods\">csv<\/a> \/ <a href=\"https:\/\/goias.gov.br\/saude\/escala-policlinica-de-goias-dezembro-2024\/\" target=\"_blank\" rel=\"noopener\">Informa\u00e7\u00f5es<\/a><\/td>\n<\/tr>\n<tr style=\"height: 46px;\">\n<td style=\"width: 48.991%; height: 46px;\">HEAPA \u2013 Hospital Estadual de Aparecida de Goi\u00e2nia Cairo Louzada<\/td>\n<td style=\"width: 5.44671%; height: 46px;\">2024<\/td>\n<td style=\"width: 67.5142%; height: 46px;\">Dezembro <a href=\"https:\/\/goias.gov.br\/saude\/wp-content\/uploads\/sites\/34\/files\/acesso_a_informacao\/escala-saude\/heapa\/2024\/heapa-dezembro.pdf\" target=\"_blank\" rel=\"noopener\">pdf<\/a> \/ <a href=\"https:\/\/goias.gov.br\/saude\/wp-content\/uploads\/sites\/34\/files\/acesso_a_informacao\/escala-saude\/heapa\/2024\/heapa-dezembro.ods\">csv<\/a> \/ <a href=\"https:\/\/goias.gov.br\/saude\/escala-heapa-dezembro-2024\/\" target=\"_blank\" rel=\"noopener\">Informa\u00e7\u00f5es<\/a><\/td>\n<\/tr>\n<tr style=\"height: 46px;\">\n<td style=\"width: 48.991%; height: 46px;\">HDS \u2013 Hospital Estadual de Dermatologia Sanit\u00e1ria \u2013 Col\u00f4nia Santa Marta<\/td>\n<td style=\"width: 5.44671%; height: 46px;\">2024<\/td>\n<td style=\"width: 67.5142%; height: 46px;\">Dezembro <a href=\"https:\/\/goias.gov.br\/saude\/wp-content\/uploads\/sites\/34\/files\/acesso_a_informacao\/escala-saude\/hds\/2024\/hds-dezembro.pdf\" target=\"_blank\" rel=\"noopener\">pdf <\/a>\/ <a href=\"https:\/\/goias.gov.br\/saude\/wp-content\/uploads\/sites\/34\/files\/acesso_a_informacao\/escala-saude\/hds\/2024\/hds-dezembro.ods\">csv <\/a>\/ <a href=\"https:\/\/goias.gov.br\/saude\/escala-hds-dezembro-2024\/\" target=\"_blank\" rel=\"noopener\">Informa\u00e7\u00f5es<\/a><\/td>\n<\/tr>\n<tr style=\"height: 46px;\">\n<td style=\"width: 48.991%; height: 46px;\">COEG \u2013 Centro Estadual de Odontologia Sebasti\u00e3o Alves Ribeiro<\/td>\n<td style=\"width: 5.44671%; height: 46px;\">2024<\/td>\n<td style=\"width: 67.5142%; height: 46px;\">Dezembro <a href=\"https:\/\/goias.gov.br\/saude\/wp-content\/uploads\/sites\/34\/files\/acesso_a_informacao\/escala-saude\/coeg\/2024\/coeg-dezembro.pdf\" target=\"_blank\" rel=\"noopener\">pdf<\/a> \/ <a href=\"https:\/\/goias.gov.br\/saude\/wp-content\/uploads\/sites\/34\/files\/acesso_a_informacao\/escala-saude\/coeg\/2024\/coeg-dezembro.xls\">csv<\/a> \/ <a href=\"https:\/\/goias.gov.br\/saude\/escala-coeg-dezembro-2024\/\" target=\"_blank\" rel=\"noopener\">Informa\u00e7\u00f5es<\/a><\/td>\n<\/tr>\n<tr style=\"height: 46px;\">\n<td style=\"width: 48.991%; height: 46px;\">CREMIC \u2013 Centro Estadual de Refer\u00eancia em Medicina Integrativa e Complementar<\/td>\n<td style=\"width: 5.44671%; height: 46px;\">2024<\/td>\n<td style=\"width: 67.5142%; height: 46px;\">Dezembro <a href=\"https:\/\/goias.gov.br\/saude\/wp-content\/uploads\/sites\/34\/files\/acesso_a_informacao\/escala-saude\/cremic\/2024\/cremic-dezembro.pdf\" target=\"_blank\" rel=\"noopener\">pdf<\/a> \/ <a href=\"https:\/\/goias.gov.br\/saude\/wp-content\/uploads\/sites\/34\/files\/acesso_a_informacao\/escala-saude\/cremic\/2024\/cremic-dezembro.ods\">csv<\/a> \/ <a href=\"https:\/\/goias.gov.br\/saude\/escala-cremic-dezembro-2024\/\" target=\"_blank\" rel=\"noopener\">Informa\u00e7\u00f5es<\/a><\/td>\n<\/tr>\n<tr style=\"border-color: #1e7038; background-color: #1e7038;\">\n<td style=\"width: 48.991%; height: 23px;\">\u00a0<\/td>\n<td style=\"width: 5.44671%; height: 23px;\">\u00a0<\/td>\n<td style=\"width: 67.5142%; height: 23px;\">\u00a0<\/td>\n<\/tr>\n<tr>\n<td style=\"width: 48.991%;\">HEL \u2013 Hospital Estadual de Luzi\u00e2nia<\/td>\n<td style=\"width: 5.44671%;\">2024<\/td>\n<td style=\"width: 67.5142%;\">Novembro <a href=\"https:\/\/goias.gov.br\/saude\/wp-content\/uploads\/sites\/34\/files\/acesso_a_informacao\/escala-saude\/hel\/2024\/hel-novembro.pdf\" target=\"_blank\" rel=\"noopener\">pdf<\/a> \/ <a href=\"https:\/\/goias.gov.br\/saude\/wp-content\/uploads\/sites\/34\/files\/acesso_a_informacao\/escala-saude\/hel\/2024\/hel-novembro.ods\">csv<\/a> \/ <a href=\"https:\/\/goias.gov.br\/saude\/escala-hel-novembro-2024\/\" target=\"_blank\" rel=\"noopener\">Informa\u00e7\u00f5es<\/a><\/td>\n<\/tr>\n<tr style=\"height: 46px;\">\n<td style=\"width: 48.991%; height: 46px;\">HEMU \u2013 Hospital Estadual da Mulher Dr. Jurandir do Nascimento<\/td>\n<td style=\"width: 5.44671%; height: 46px;\">2024<\/td>\n<td style=\"width: 67.5142%; height: 46px;\">Novembro <a href=\"https:\/\/goias.gov.br\/saude\/wp-content\/uploads\/sites\/34\/files\/acesso_a_informacao\/escala-saude\/hemu\/2024\/hemu-novembro.pdf\" target=\"_blank\" rel=\"noopener\">pdf<\/a> \/ <a href=\"https:\/\/goias.gov.br\/saude\/wp-content\/uploads\/sites\/34\/files\/acesso_a_informacao\/escala-saude\/hemu\/2024\/hemu-novembro.ods\">csv <\/a>\/ <a href=\"https:\/\/goias.gov.br\/saude\/escala-hemu-novembro-2024\/\" target=\"_blank\" rel=\"noopener\">Informa\u00e7\u00f5es<\/a><\/td>\n<\/tr>\n<tr style=\"height: 46px;\">\n<td style=\"width: 48.991%; height: 46px;\">HEMNSL \u2013 Hospital Estadual e Maternidade Nossa Senhora de Lourdes<\/td>\n<td style=\"width: 5.44671%; height: 46px;\">2024<\/td>\n<td style=\"width: 67.5142%; height: 46px;\">Novembro <a href=\"https:\/\/goias.gov.br\/saude\/wp-content\/uploads\/sites\/34\/files\/acesso_a_informacao\/escala-saude\/hemnsl\/2024\/hemnsl-novembro.pdf\" target=\"_blank\" rel=\"noopener\">pdf<\/a> \/ <a href=\"https:\/\/goias.gov.br\/saude\/wp-content\/uploads\/sites\/34\/files\/acesso_a_informacao\/escala-saude\/hemnsl\/2024\/hemnsl-novembro.ods\">csv<\/a> \/ <a href=\"https:\/\/goias.gov.br\/saude\/escala-hemnsl-novembro-2024\/\" target=\"_blank\" rel=\"noopener\">Informa\u00e7\u00f5es<\/a><\/td>\n<\/tr>\n<tr style=\"height: 46px;\">\n<td style=\"width: 48.991%; height: 46px;\">HUGO \u2013 Hospital de Urg\u00eancias de Goi\u00e1s Dr. Valdemiro Cruz<\/td>\n<td style=\"width: 5.44671%; height: 46px;\">2024<\/td>\n<td style=\"width: 67.5142%; height: 46px;\">Novembro <a href=\"https:\/\/goias.gov.br\/saude\/wp-content\/uploads\/sites\/34\/files\/acesso_a_informacao\/escala-saude\/hugo\/2024\/hugo-novembro.pdf\" target=\"_blank\" rel=\"noopener\">pdf<\/a> \/ <a href=\"https:\/\/goias.gov.br\/saude\/wp-content\/uploads\/sites\/34\/files\/acesso_a_informacao\/escala-saude\/hugo\/2024\/hugo-novembro.ods\">csv<\/a> \/ <a href=\"https:\/\/goias.gov.br\/saude\/escala-hugo-novembro-2024\/\" target=\"_blank\" rel=\"noopener\">Informa\u00e7\u00f5es<\/a><\/td>\n<\/tr>\n<tr style=\"height: 23px;\">\n<td style=\"width: 48.991%; height: 23px;\">Policl\u00ednica Estadual da Regi\u00e3o Sudoeste \u2013 Quirin\u00f3polis<\/td>\n<td style=\"width: 5.44671%; height: 23px;\">2024<\/td>\n<td style=\"width: 67.5142%; height: 23px;\">Novembro <a href=\"https:\/\/goias.gov.br\/saude\/wp-content\/uploads\/sites\/34\/files\/acesso_a_informacao\/escala-saude\/policlinica-quirinopolis\/2024\/poli-quirinopolis-novembro.pdf\" target=\"_blank\" rel=\"noopener\">pdf<\/a> \/ <a href=\"https:\/\/goias.gov.br\/saude\/wp-content\/uploads\/sites\/34\/files\/acesso_a_informacao\/escala-saude\/policlinica-quirinopolis\/2024\/poli-quirinopolis-novembro.ods\">csv<\/a> \/ <a href=\"https:\/\/goias.gov.br\/saude\/escala-policlinica-quirinopolis-novembro-2024\/\" target=\"_blank\" rel=\"noopener\">Informa\u00e7\u00f5es<\/a><\/td>\n<\/tr>\n<tr style=\"height: 46px;\">\n<td style=\"width: 48.991%; height: 46px;\">HERSO \u2013 Hospital Estadual de Santa Helena de Goi\u00e1s Dr. Albanir Faleiros Machado<\/td>\n<td style=\"width: 5.44671%; height: 46px;\">2024<\/td>\n<td style=\"width: 67.5142%; height: 46px;\">Novembro <a href=\"https:\/\/goias.gov.br\/saude\/wp-content\/uploads\/sites\/34\/files\/acesso_a_informacao\/escala-saude\/herso\/2024\/herso-novembro.pdf\" target=\"_blank\" rel=\"noopener\">pdf <\/a>\/ <a href=\"https:\/\/goias.gov.br\/saude\/wp-content\/uploads\/sites\/34\/files\/acesso_a_informacao\/escala-saude\/herso\/2024\/herso-novembro.ods\">csv <\/a>\/ <a href=\"https:\/\/goias.gov.br\/saude\/escala-herso-novembro-2024\/\" target=\"_blank\" rel=\"noopener\">Informa\u00e7\u00f5es<\/a><\/td>\n<\/tr>\n<tr style=\"height: 46px;\">\n<td style=\"width: 48.991%; height: 46px;\">COEG \u2013 Centro Estadual de Odontologia Sebasti\u00e3o Alves Ribeiro<\/td>\n<td style=\"width: 5.44671%; height: 46px;\">2024<\/td>\n<td style=\"width: 67.5142%; height: 46px;\">Novembro <a href=\"https:\/\/goias.gov.br\/saude\/wp-content\/uploads\/sites\/34\/files\/acesso_a_informacao\/escala-saude\/coeg\/2024\/coeg-novembro.pdf\" target=\"_blank\" rel=\"noopener\">pdf<\/a> \/ <a href=\"https:\/\/goias.gov.br\/saude\/wp-content\/uploads\/sites\/34\/files\/acesso_a_informacao\/escala-saude\/coeg\/2024\/coeg-novembro.ods\">csv<\/a> \/ <a href=\"https:\/\/goias.gov.br\/saude\/escala-coeg-novembro-2024\/\" target=\"_blank\" rel=\"noopener\">Informa\u00e7\u00f5es<\/a><\/td>\n<\/tr>\n<tr style=\"height: 23px;\">\n<td style=\"width: 48.991%; height: 23px;\">HGG \u2013 Hospital Estadual Dr. Alberto Rassi<\/td>\n<td style=\"width: 5.44671%; height: 23px;\">2024<\/td>\n<td style=\"width: 67.5142%; height: 23px;\">Novembro <a href=\"https:\/\/goias.gov.br\/saude\/wp-content\/uploads\/sites\/34\/files\/acesso_a_informacao\/escala-saude\/hgg\/2024\/hgg-novembro.pdf\" target=\"_blank\" rel=\"noopener\">pdf<\/a> \/ <a href=\"https:\/\/goias.gov.br\/saude\/wp-content\/uploads\/sites\/34\/files\/acesso_a_informacao\/escala-saude\/hgg\/2024\/hgg-novembro.ods\">csv<\/a> \/ <a href=\"https:\/\/goias.gov.br\/saude\/escala-hgg-novembro-2024\/\" target=\"_blank\" rel=\"noopener\">Informa\u00e7\u00f5es<\/a><\/td>\n<\/tr>\n<tr style=\"height: 46px;\">\n<td style=\"width: 48.991%; height: 46px;\">Rede Hemo \u2013 Rede Estadual de Servi\u00e7os de Hemoterapia<\/td>\n<td style=\"width: 5.44671%; height: 46px;\">2024<\/td>\n<td style=\"width: 67.5142%; height: 46px;\">Novembro <a href=\"https:\/\/goias.gov.br\/saude\/wp-content\/uploads\/sites\/34\/files\/acesso_a_informacao\/escala-saude\/redehemo\/2024\/redehemo-novembro.pdf\" target=\"_blank\" rel=\"noopener\">pdf<\/a> \/ <a href=\"https:\/\/goias.gov.br\/saude\/wp-content\/uploads\/sites\/34\/files\/acesso_a_informacao\/escala-saude\/redehemo\/2024\/redehemo-novembro.ods\">csv<\/a> \/ <a href=\"https:\/\/goias.gov.br\/saude\/escala-rede-hemo-novembro-2024\/\" target=\"_blank\" rel=\"noopener\">Informa\u00e7\u00f5es<\/a><\/td>\n<\/tr>\n<tr style=\"height: 46px;\">\n<td style=\"width: 48.991%; height: 46px;\">CRESM \u2013 Complexo de Refer\u00eancia Estadual em Sa\u00fade Mental \u2013 Prof. Jamil Issy<\/td>\n<td style=\"width: 5.44671%; height: 46px;\">2024<\/td>\n<td style=\"width: 67.5142%; height: 46px;\">Novembro <a href=\"https:\/\/goias.gov.br\/saude\/wp-content\/uploads\/sites\/34\/files\/acesso_a_informacao\/escala-saude\/cresm\/2024\/cresm-novembro.pdf\" target=\"_blank\" rel=\"noopener\">pdf <\/a>\/ <a href=\"https:\/\/goias.gov.br\/saude\/wp-content\/uploads\/sites\/34\/files\/acesso_a_informacao\/escala-saude\/cresm\/2024\/cresm-novembro.ods\">csv<\/a> \/ <a href=\"https:\/\/goias.gov.br\/saude\/escala-cresm-novembro-2024\/\" target=\"_blank\" rel=\"noopener\">Informa\u00e7\u00f5es<\/a><\/td>\n<\/tr>\n<tr style=\"height: 46px;\">\n<td style=\"width: 48.991%; height: 46px;\">HETRIN \u2013 Hospital Estadual de Trindade Walda Ferreira dos Santos<\/td>\n<td style=\"width: 5.44671%; height: 46px;\">2024<\/td>\n<td style=\"width: 67.5142%; height: 46px;\">Novembro <a href=\"https:\/\/goias.gov.br\/saude\/wp-content\/uploads\/sites\/34\/files\/acesso_a_informacao\/escala-saude\/hetrin\/2024\/hetrin-novembro.pdf\" target=\"_blank\" rel=\"noopener\">pdf <\/a>\/ <a href=\"https:\/\/goias.gov.br\/saude\/wp-content\/uploads\/sites\/34\/files\/acesso_a_informacao\/escala-saude\/hetrin\/2024\/hetrin-novembro.ods\">csv<\/a> \/ <a href=\"https:\/\/goias.gov.br\/saude\/escala-hetrin-novembro-2024\/\" target=\"_blank\" rel=\"noopener\">Informa\u00e7\u00f5es<\/a><\/td>\n<\/tr>\n<tr style=\"height: 46px;\">\n<td style=\"width: 48.991%; height: 46px;\">CARA \u2013 Centro Estadual de Assist\u00eancia aos Radioacidentados Leide das Neves<\/td>\n<td style=\"width: 5.44671%; height: 46px;\">2024<\/td>\n<td style=\"width: 67.5142%; height: 46px;\">Novembro <a href=\"https:\/\/goias.gov.br\/saude\/wp-content\/uploads\/sites\/34\/files\/acesso_a_informacao\/escala-saude\/cara\/2024\/cara-novembro.pdf\" target=\"_blank\" rel=\"noopener\">pdf<\/a> \/ <a href=\"https:\/\/goias.gov.br\/saude\/wp-content\/uploads\/sites\/34\/files\/acesso_a_informacao\/escala-saude\/cara\/2024\/cara-novembro.ods\">csv<\/a> \/ <a href=\"https:\/\/goias.gov.br\/saude\/escala-cara-novembro-2024\/\" target=\"_blank\" rel=\"noopener\">Informa\u00e7\u00f5es<\/a><\/td>\n<\/tr>\n<tr style=\"height: 46px;\">\n<td style=\"width: 48.991%; height: 46px;\">CAPSI \u2013 Centro Estadual de Aten\u00e7\u00e3o Psicossocial e Infanto-Juvenil<\/td>\n<td style=\"width: 5.44671%; height: 46px;\">2024<\/td>\n<td style=\"width: 67.5142%; height: 46px;\">Novembro <a href=\"https:\/\/goias.gov.br\/saude\/wp-content\/uploads\/sites\/34\/files\/acesso_a_informacao\/escala-saude\/capsi\/2024\/capsi-novembro.pdf\" target=\"_blank\" rel=\"noopener\">pdf<\/a> \/ <a href=\"https:\/\/goias.gov.br\/saude\/wp-content\/uploads\/sites\/34\/files\/acesso_a_informacao\/escala-saude\/capsi\/2024\/capsi-novembro.ods\">csv<\/a> \/ <a href=\"https:\/\/goias.gov.br\/saude\/escala-capsi-novembro-2024\/\" target=\"_blank\" rel=\"noopener\">Informa\u00e7\u00f5es<\/a><\/td>\n<\/tr>\n<tr style=\"height: 46px;\">\n<td style=\"width: 48.991%; height: 46px;\">HEELJ \u2013 Hospital Estadual de Piren\u00f3polis Ernestina Lopes Jaime<\/td>\n<td style=\"width: 5.44671%; height: 46px;\">2024<\/td>\n<td style=\"width: 67.5142%; height: 46px;\">Novembro <a href=\"https:\/\/goias.gov.br\/saude\/wp-content\/uploads\/sites\/34\/files\/acesso_a_informacao\/escala-saude\/heelj\/2024\/heelj-novembro.pdf\" target=\"_blank\" rel=\"noopener\">pdf<\/a> \/ <a href=\"https:\/\/goias.gov.br\/saude\/wp-content\/uploads\/sites\/34\/files\/acesso_a_informacao\/escala-saude\/heelj\/2024\/heelj-novembro.ods\">csv<\/a> \/ <a href=\"https:\/\/goias.gov.br\/saude\/escala-heelj-novembro-2024\" target=\"_blank\" rel=\"noopener\">Informa\u00e7\u00f5es<\/a><\/td>\n<\/tr>\n<tr style=\"height: 46px;\">\n<td style=\"width: 48.991%; height: 46px;\">HSLMB \u2013 Hospital Estadual de S\u00e3o Lu\u00eds de Montes Belos Dr. Geraldo Land\u00f3<\/td>\n<td style=\"width: 5.44671%; height: 46px;\">2024<\/td>\n<td style=\"width: 67.5142%; height: 46px;\">Novembro <a href=\"https:\/\/goias.gov.br\/saude\/wp-content\/uploads\/sites\/34\/files\/acesso_a_informacao\/escala-saude\/hslmb\/2024\/hslmb-novembro.pdf\" target=\"_blank\" rel=\"noopener\">pdf<\/a> \/ <a href=\"https:\/\/goias.gov.br\/saude\/wp-content\/uploads\/sites\/34\/files\/acesso_a_informacao\/escala-saude\/hslmb\/2024\/hslmb-novembro.ods\">csv<\/a> \/ <a href=\"https:\/\/goias.gov.br\/saude\/escala-hslmb-novembro-2024\/\" target=\"_blank\" rel=\"noopener\">Informa\u00e7\u00f5es<\/a><\/td>\n<\/tr>\n<tr style=\"height: 46px;\">\n<td style=\"width: 48.991%; height: 46px;\">Policl\u00ednica Estadual Ismael Alexandrino Pinto \u2013 S\u00e3o Lu\u00eds de Montes Belos<\/td>\n<td style=\"width: 5.44671%; height: 46px;\">2024<\/td>\n<td style=\"width: 67.5142%; height: 46px;\">Novembro <a href=\"https:\/\/goias.gov.br\/saude\/wp-content\/uploads\/sites\/34\/files\/acesso_a_informacao\/escala-saude\/policlinica-sao-luis-de-montes-belos\/2024\/poli-sao-luis-novembro.pdf\" target=\"_blank\" rel=\"noopener\">pdf<\/a> \/ <a href=\"https:\/\/goias.gov.br\/saude\/wp-content\/uploads\/sites\/34\/files\/acesso_a_informacao\/escala-saude\/policlinica-sao-luis-de-montes-belos\/2024\/poli-sao-luis-novembro.ods\">csv<\/a> \/ <a href=\"https:\/\/goias.gov.br\/saude\/escala-policlinica-de-sao-luis-de-montes-belos-novembro-2024\/\" target=\"_blank\" rel=\"noopener\">Informa\u00e7\u00f5es<\/a><\/td>\n<\/tr>\n<tr style=\"height: 23px;\">\n<td style=\"width: 48.991%; height: 23px;\">Policl\u00ednica Estadual da Regi\u00e3o S\u00e3o Patr\u00edcio \u2013 Goian\u00e9sia<\/td>\n<td style=\"width: 5.44671%; height: 23px;\">2024<\/td>\n<td style=\"width: 67.5142%; height: 23px;\">Novembro <a href=\"https:\/\/goias.gov.br\/saude\/wp-content\/uploads\/sites\/34\/files\/acesso_a_informacao\/escala-saude\/policlinica-goianesia\/2024\/poli-goianesia-novembro.pdf\" target=\"_blank\" rel=\"noopener\">pdf<\/a> \/ <a href=\"https:\/\/goias.gov.br\/saude\/wp-content\/uploads\/sites\/34\/files\/acesso_a_informacao\/escala-saude\/policlinica-goianesia\/2024\/poli-goianesia-novembro.ods\">csv<\/a> \/ <a href=\"https:\/\/goias.gov.br\/saude\/escala-policlinica-de-goianesia-novembro-2024\/\" target=\"_blank\" rel=\"noopener\">Informa\u00e7\u00f5es<\/a><\/td>\n<\/tr>\n<tr style=\"height: 46px;\">\n<td style=\"width: 48.991%; height: 46px;\">HEANA \u2013 Hospital Estadual de An\u00e1polis Dr. Henrique Santillo<\/td>\n<td style=\"width: 5.44671%; height: 46px;\">2024<\/td>\n<td style=\"width: 67.5142%; height: 46px;\">Novembro <a href=\"https:\/\/goias.gov.br\/saude\/wp-content\/uploads\/sites\/34\/files\/acesso_a_informacao\/escala-saude\/heana\/2024\/heana-novembro.pdf\" target=\"_blank\" rel=\"noopener\">pdf <\/a>\/ <a href=\"https:\/\/goias.gov.br\/saude\/wp-content\/uploads\/sites\/34\/files\/acesso_a_informacao\/escala-saude\/heana\/2024\/heana-novembro.ods\">csv <\/a>\/ <a href=\"https:\/\/goias.gov.br\/saude\/escala-heana-novembro-2024\/\" target=\"_blank\" rel=\"noopener\">Informa\u00e7\u00f5es<\/a><\/td>\n<\/tr>\n<tr style=\"height: 46px;\">\n<td style=\"width: 48.991%; height: 46px;\">HDT \u2013 Hospital Estadual de Doen\u00e7as Tropicais Dr. Anuar Auad<\/td>\n<td style=\"width: 5.44671%; height: 46px;\">2024<\/td>\n<td style=\"width: 67.5142%; height: 46px;\">Novembro <a href=\"https:\/\/goias.gov.br\/saude\/wp-content\/uploads\/sites\/34\/files\/acesso_a_informacao\/escala-saude\/hdt\/2024\/hdt-novembro.pdf\" target=\"_blank\" rel=\"noopener\">pdf<\/a> \/ <a href=\"https:\/\/goias.gov.br\/saude\/wp-content\/uploads\/sites\/34\/files\/acesso_a_informacao\/escala-saude\/hdt\/2024\/hdt-novembro.ods\">csv<\/a> \/ <a href=\"https:\/\/goias.gov.br\/saude\/escala-hdt-novembro-2024\/\" target=\"_blank\" rel=\"noopener\">Informa\u00e7\u00f5es<\/a><\/td>\n<\/tr>\n<tr style=\"height: 46px;\">\n<td style=\"width: 48.991%; height: 46px;\">CEAP-SOL \u2013 Centro Estadual de Aten\u00e7\u00e3o Prolongada e Casa de Apoio Condom\u00ednio Solidariedade<\/td>\n<td style=\"width: 5.44671%; height: 46px;\">2024<\/td>\n<td style=\"width: 67.5142%; height: 46px;\">Novembro <a href=\"https:\/\/goias.gov.br\/saude\/wp-content\/uploads\/sites\/34\/files\/acesso_a_informacao\/escala-saude\/ceap-sol\/2024\/ceap-sol-novembro.pdf\" target=\"_blank\" rel=\"noopener\">pdf <\/a>\/ <a href=\"https:\/\/goias.gov.br\/saude\/wp-content\/uploads\/sites\/34\/files\/acesso_a_informacao\/escala-saude\/ceap-sol\/2024\/ceap-sol-novembro.ods\">csv <\/a>\/ <a href=\"https:\/\/goias.gov.br\/saude\/escala-ceap-sol-novembro-2024\/\" target=\"_blank\" rel=\"noopener\">Informa\u00e7\u00f5es<\/a><\/td>\n<\/tr>\n<tr style=\"height: 23px;\">\n<td style=\"width: 48.991%; height: 23px;\">Policl\u00ednica Estadual da Regi\u00e3o Nordeste \u2013 Posse<\/td>\n<td style=\"width: 5.44671%; height: 23px;\">2024<\/td>\n<td style=\"width: 67.5142%; height: 23px;\">Novembro <a href=\"https:\/\/goias.gov.br\/saude\/wp-content\/uploads\/sites\/34\/files\/acesso_a_informacao\/escala-saude\/policlinica-posse\/2024\/poli-posse-novembro.pdf\" target=\"_blank\" rel=\"noopener\">pdf<\/a> \/ <a href=\"https:\/\/goias.gov.br\/saude\/wp-content\/uploads\/sites\/34\/files\/acesso_a_informacao\/escala-saude\/policlinica-posse\/2024\/poli-posse-novembro.ods\">csv<\/a> \/ <a href=\"https:\/\/goias.gov.br\/saude\/escala-policlinica-de-posse-novembro-2024\/\" target=\"_blank\" rel=\"noopener\">Informa\u00e7\u00f5es<\/a><\/td>\n<\/tr>\n<tr style=\"height: 23px;\">\n<td style=\"width: 48.991%; height: 23px;\">HCN \u2013 Hospital Estadual do Centro-Norte Goiano<\/td>\n<td style=\"width: 5.44671%; height: 23px;\">2024<\/td>\n<td style=\"width: 67.5142%; height: 23px;\">Novembro <a href=\"https:\/\/goias.gov.br\/saude\/wp-content\/uploads\/sites\/34\/files\/acesso_a_informacao\/escala-saude\/hcn\/2024\/hcn-novembro.pdf\" target=\"_blank\" rel=\"noopener\">pdf<\/a> \/ <a href=\"https:\/\/goias.gov.br\/saude\/wp-content\/uploads\/sites\/34\/files\/acesso_a_informacao\/escala-saude\/hcn\/2024\/hcn-novembro.ods\">csv<\/a> \/ <a href=\"https:\/\/goias.gov.br\/saude\/escala-hcn-novembro-2024\/\" target=\"_blank\" rel=\"noopener\">Informa\u00e7\u00f5es<\/a><\/td>\n<\/tr>\n<tr style=\"height: 23px;\">\n<td style=\"width: 48.991%; height: 23px;\">HEF \u2013 Hospital Estadual de Formosa Dr. C\u00e9sar Saad Fayad<\/td>\n<td style=\"width: 5.44671%; height: 23px;\">2024<\/td>\n<td style=\"width: 67.5142%; height: 23px;\">Novembro <a href=\"https:\/\/goias.gov.br\/saude\/wp-content\/uploads\/sites\/34\/files\/acesso_a_informacao\/escala-saude\/hef\/2024\/hef-novembro.pdf\" target=\"_blank\" rel=\"noopener\">pdf<\/a> \/ <a href=\"https:\/\/goias.gov.br\/saude\/wp-content\/uploads\/sites\/34\/files\/acesso_a_informacao\/escala-saude\/hef\/2024\/hef-novembro.ods\">csv<\/a> \/ <a href=\"https:\/\/goias.gov.br\/saude\/escala-hef-novembro-2024\/\" target=\"_blank\" rel=\"noopener\">Informa\u00e7\u00f5es<\/a><\/td>\n<\/tr>\n<tr style=\"height: 23px;\">\n<td style=\"width: 48.991%; height: 23px;\">Policl\u00ednica Estadual da Regi\u00e3o do Entorno \u2013 Formosa<\/td>\n<td style=\"width: 5.44671%; height: 23px;\">2024<\/td>\n<td style=\"width: 67.5142%; height: 23px;\">Novembro <a href=\"https:\/\/goias.gov.br\/saude\/wp-content\/uploads\/sites\/34\/files\/acesso_a_informacao\/escala-saude\/policlinica-formosa\/2024\/poli-formosa-novembro.pdf\" target=\"_blank\" rel=\"noopener\">pdf<\/a> \/ <a href=\"https:\/\/goias.gov.br\/saude\/wp-content\/uploads\/sites\/34\/files\/acesso_a_informacao\/escala-saude\/policlinica-formosa\/2024\/poli-formosa-novembro.ods\">csv<\/a> \/ <a href=\"https:\/\/goias.gov.br\/saude\/escala-policlinica-de-formosa-novembro-2024\/\" target=\"_blank\" rel=\"noopener\">Informa\u00e7\u00f5es<\/a><\/td>\n<\/tr>\n<tr style=\"height: 46px;\">\n<td style=\"width: 48.991%; height: 46px;\">CRER \u2013 Centro Estadual de Reabilita\u00e7\u00e3o e Readapta\u00e7\u00e3o Dr. Henrique Santillo<\/td>\n<td style=\"width: 5.44671%; height: 46px;\">2024<\/td>\n<td style=\"width: 67.5142%; height: 46px;\">Novembro <a href=\"https:\/\/goias.gov.br\/saude\/wp-content\/uploads\/sites\/34\/files\/acesso_a_informacao\/escala-saude\/crer\/2024\/crer-novembro.pdf\" target=\"_blank\" rel=\"noopener\">pdf <\/a>\/ <a href=\"https:\/\/goias.gov.br\/saude\/wp-content\/uploads\/sites\/34\/files\/acesso_a_informacao\/escala-saude\/crer\/2024\/crer-novembro.ods\">csv<\/a> \/ <a href=\"https:\/\/goias.gov.br\/saude\/escala-crer-novembro-2024\/\" target=\"_blank\" rel=\"noopener\">Informa\u00e7\u00f5es<\/a><\/td>\n<\/tr>\n<tr style=\"height: 23px;\">\n<td style=\"width: 48.991%; height: 23px;\">HECAD \u2013 Hospital Estadual da Crian\u00e7a e do Adolescente<\/td>\n<td style=\"width: 5.44671%; height: 23px;\">2024<\/td>\n<td style=\"width: 67.5142%; height: 23px;\">Novembro <a href=\"https:\/\/goias.gov.br\/saude\/wp-content\/uploads\/sites\/34\/files\/acesso_a_informacao\/escala-saude\/hecad\/2024\/hecad-novembro.pdf\" target=\"_blank\" rel=\"noopener\">pdf<\/a> \/ <a href=\"https:\/\/goias.gov.br\/saude\/wp-content\/uploads\/sites\/34\/files\/acesso_a_informacao\/escala-saude\/hecad\/2024\/hecad-novembro.ods\">csv<\/a> \/ <a href=\"https:\/\/goias.gov.br\/saude\/escala-hecad-novembro-2024\/\" target=\"_blank\" rel=\"noopener\">Informa\u00e7\u00f5es<\/a><\/td>\n<\/tr>\n<tr style=\"height: 46px;\">\n<td style=\"width: 48.991%; height: 46px;\">HEJA \u2013 Hospital Estadual de Jaragu\u00e1 Dr. Sandino de Amorim<\/td>\n<td style=\"width: 5.44671%; height: 46px;\">2024<\/td>\n<td style=\"width: 67.5142%; height: 46px;\">Novembro <a href=\"https:\/\/goias.gov.br\/saude\/wp-content\/uploads\/sites\/34\/files\/acesso_a_informacao\/escala-saude\/heja\/2024\/heja-novembro.pdf\" target=\"_blank\" rel=\"noopener\">pdf <\/a>\/ <a href=\"https:\/\/goias.gov.br\/saude\/wp-content\/uploads\/sites\/34\/files\/acesso_a_informacao\/escala-saude\/heja\/2024\/heja-novembro.ods\">csv <\/a>\/ <a href=\"https:\/\/goias.gov.br\/saude\/escala-heja-novembro-2024\/\" target=\"_blank\" rel=\"noopener\">Informa\u00e7\u00f5es<\/a><\/td>\n<\/tr>\n<tr style=\"height: 46px;\">\n<td style=\"width: 48.991%; height: 46px;\">HUGOL \u2013 Hospital Estadual de Urg\u00eancias Governador Ot\u00e1vio Lage de Siqueira<\/td>\n<td style=\"width: 5.44671%; height: 46px;\">2024<\/td>\n<td style=\"width: 67.5142%; height: 46px;\">Novembro <a href=\"https:\/\/goias.gov.br\/saude\/wp-content\/uploads\/sites\/34\/files\/acesso_a_informacao\/escala-saude\/hugol\/2024\/hugol-novembro.pdf\" target=\"_blank\" rel=\"noopener\">pdf <\/a>\/ <a href=\"https:\/\/goias.gov.br\/saude\/wp-content\/uploads\/sites\/34\/files\/acesso_a_informacao\/escala-saude\/hugol\/2024\/hugol-novembro.ods\">csv <\/a>\/ <a href=\"https:\/\/goias.gov.br\/saude\/escala-hugol-novembro-2024\/\" target=\"_blank\" rel=\"noopener\">Informa\u00e7\u00f5es<\/a><\/td>\n<\/tr>\n<tr style=\"height: 23px;\">\n<td style=\"width: 48.991%; height: 23px;\">HEI \u2013 Hospital Estadual de Itumbiara S\u00e3o Marcos<\/td>\n<td style=\"width: 5.44671%; height: 23px;\">2024<\/td>\n<td style=\"width: 67.5142%; height: 23px;\">Novembro <a href=\"https:\/\/goias.gov.br\/saude\/wp-content\/uploads\/sites\/34\/files\/acesso_a_informacao\/escala-saude\/hei\/2024\/hei-novembro.pdf\" target=\"_blank\" rel=\"noopener\">pdf <\/a>\/ <a href=\"https:\/\/goias.gov.br\/saude\/wp-content\/uploads\/sites\/34\/files\/acesso_a_informacao\/escala-saude\/hei\/2024\/hei-novembro.xlsx\">csv <\/a>\/ <a href=\"https:\/\/goias.gov.br\/saude\/escala-hei-novembro-2024\/\" target=\"_blank\" rel=\"noopener\">Informa\u00e7\u00f5es<\/a><\/td>\n<\/tr>\n<tr style=\"height: 46px;\">\n<td style=\"width: 48.991%; height: 46px;\">HEAPA \u2013 Hospital Estadual de Aparecida de Goi\u00e2nia Cairo Louzada<\/td>\n<td style=\"width: 5.44671%; height: 46px;\">2024<\/td>\n<td style=\"width: 67.5142%; height: 46px;\">Novembro <a href=\"https:\/\/goias.gov.br\/saude\/wp-content\/uploads\/sites\/34\/files\/acesso_a_informacao\/escala-saude\/heapa\/2024\/heapa-novembro.pdf\" target=\"_blank\" rel=\"noopener\">pdf<\/a> \/ <a href=\"https:\/\/goias.gov.br\/saude\/wp-content\/uploads\/sites\/34\/files\/acesso_a_informacao\/escala-saude\/heapa\/2024\/heapa-novembro.ods\">csv<\/a> \/ <a href=\"https:\/\/goias.gov.br\/saude\/escala-heapa-novembro-2024\/\" target=\"_blank\" rel=\"noopener\">Informa\u00e7\u00f5es<\/a><\/td>\n<\/tr>\n<tr style=\"height: 46px;\">\n<td style=\"width: 48.991%; height: 46px;\">HDS \u2013 Hospital Estadual de Dermatologia Sanit\u00e1ria \u2013 Col\u00f4nia Santa Marta<\/td>\n<td style=\"width: 5.44671%; height: 46px;\">2024<\/td>\n<td style=\"width: 67.5142%; height: 46px;\">Novembro <a href=\"https:\/\/goias.gov.br\/saude\/wp-content\/uploads\/sites\/34\/files\/acesso_a_informacao\/escala-saude\/hds\/2024\/hds-novembro.pdf\" target=\"_blank\" rel=\"noopener\">pdf <\/a>\/ <a href=\"https:\/\/goias.gov.br\/saude\/wp-content\/uploads\/sites\/34\/files\/acesso_a_informacao\/escala-saude\/hds\/2024\/hds-novembro.ods\">csv <\/a>\/ <a href=\"https:\/\/goias.gov.br\/saude\/escala-hds-novembro-2024\/\" target=\"_blank\" rel=\"noopener\">Informa\u00e7\u00f5es<\/a><\/td>\n<\/tr>\n<tr style=\"height: 23px;\">\n<td style=\"width: 48.991%; height: 23px;\">HEAL \u2013 Hospital Estadual de \u00c1guas Lindas de Goi\u00e1s<\/td>\n<td style=\"width: 5.44671%; height: 23px;\">2024<\/td>\n<td style=\"width: 67.5142%; height: 23px;\">Novembro <a href=\"https:\/\/goias.gov.br\/saude\/wp-content\/uploads\/sites\/34\/files\/acesso_a_informacao\/escala-saude\/heal\/heal-novembro.pdf\" target=\"_blank\" rel=\"noopener\">pdf<\/a> \/ <a href=\"https:\/\/goias.gov.br\/saude\/wp-content\/uploads\/sites\/34\/files\/acesso_a_informacao\/escala-saude\/heal\/heal-novembro.ods\">csv<\/a> \/ <a href=\"https:\/\/goias.gov.br\/saude\/escala-heal-novembro-2024\/\" target=\"_blank\" rel=\"noopener\">Informa\u00e7\u00f5es<\/a><\/td>\n<\/tr>\n<tr style=\"height: 46px;\">\n<td style=\"width: 48.991%; height: 46px;\">Policl\u00ednica Estadual Brasil Bruno de Bastos Neto Regi\u00e3o Rio Vermelho \u2013 Goi\u00e1s<\/td>\n<td style=\"width: 5.44671%; height: 46px;\">2024<\/td>\n<td style=\"width: 67.5142%; height: 46px;\">Novembro <a href=\"https:\/\/goias.gov.br\/saude\/wp-content\/uploads\/sites\/34\/files\/acesso_a_informacao\/escala-saude\/policlinica-goias\/2024\/poli-goias-novembro.pdf\" target=\"_blank\" rel=\"noopener\">pdf<\/a> \/ <a href=\"https:\/\/goias.gov.br\/saude\/wp-content\/uploads\/sites\/34\/files\/acesso_a_informacao\/escala-saude\/policlinica-goias\/2024\/poli-goias-novembro.ods\">csv<\/a> \/ <a href=\"https:\/\/goias.gov.br\/saude\/escala-policlinica-de-goias-novembro-2024\/\" target=\"_blank\" rel=\"noopener\">Informa\u00e7\u00f5es<\/a><\/td>\n<\/tr>\n<tr style=\"height: 46px;\">\n<td style=\"width: 48.991%; height: 46px;\">CREMIC \u2013 Centro Estadual de Refer\u00eancia em Medicina Integrativa e Complementar<\/td>\n<td style=\"width: 5.44671%; height: 46px;\">2024<\/td>\n<td style=\"width: 67.5142%; height: 46px;\">Novembro <a href=\"https:\/\/goias.gov.br\/saude\/wp-content\/uploads\/sites\/34\/files\/acesso_a_informacao\/escala-saude\/cremic\/2024\/cremic-novembro.pdf\" target=\"_blank\" rel=\"noopener\">pdf <\/a>\/ <a href=\"https:\/\/goias.gov.br\/saude\/wp-content\/uploads\/sites\/34\/files\/acesso_a_informacao\/escala-saude\/cremic\/2024\/cremic-novembro.xlsx\">csv <\/a>\/ <a href=\"https:\/\/goias.gov.br\/saude\/escala-cremic-novembro-2024\/\" target=\"_blank\" rel=\"noopener\">Informa\u00e7\u00f5es<\/a><\/td>\n<\/tr>\n<tr style=\"border-color: #1e7038; background-color: #1e7038;\">\n<td style=\"width: 48.991%; height: 23px;\">\u00a0<\/td>\n<td style=\"width: 5.44671%; height: 23px;\">\u00a0<\/td>\n<td style=\"width: 67.5142%; height: 23px;\">\u00a0<\/td>\n<\/tr>\n<tr style=\"height: 23px;\">\n<td style=\"width: 48.991%; height: 23px;\">Policl\u00ednica Estadual da Regi\u00e3o Sudoeste \u2013 Quirin\u00f3polis<\/td>\n<td style=\"width: 5.44671%; height: 23px;\">2024<\/td>\n<td style=\"width: 67.5142%; height: 23px;\">Outubro <a href=\"https:\/\/goias.gov.br\/saude\/wp-content\/uploads\/sites\/34\/files\/acesso_a_informacao\/escala-saude\/policlinica-quirinopolis\/2024\/poli-quirinopolis-outubro.pdf\" target=\"_blank\" rel=\"noopener\">pdf<\/a> \/ <a href=\"https:\/\/goias.gov.br\/saude\/wp-content\/uploads\/sites\/34\/files\/acesso_a_informacao\/escala-saude\/policlinica-quirinopolis\/2024\/poli-quirinopolis-outubro.ods\">csv<\/a> \/ <a href=\"https:\/\/goias.gov.br\/saude\/escala-policlinica-quirinopolis-outubro-2024\/\" target=\"_blank\" rel=\"noopener\">Informa\u00e7\u00f5es<\/a><\/td>\n<\/tr>\n<tr style=\"height: 46px;\">\n<td style=\"width: 48.991%; height: 46px;\">HERSO \u2013 Hospital Estadual de Santa Helena de Goi\u00e1s Dr. Albanir Faleiros Machado<\/td>\n<td style=\"width: 5.44671%; height: 46px;\">2024<\/td>\n<td style=\"width: 67.5142%; height: 46px;\">Outubro <a href=\"https:\/\/goias.gov.br\/saude\/wp-content\/uploads\/sites\/34\/files\/acesso_a_informacao\/escala-saude\/herso\/2024\/herso-outubro.pdf\" target=\"_blank\" rel=\"noopener\">pdf<\/a> \/ <a href=\"https:\/\/goias.gov.br\/saude\/wp-content\/uploads\/sites\/34\/files\/acesso_a_informacao\/escala-saude\/herso\/2024\/herso-outubro.ods\">csv<\/a> \/ <a href=\"https:\/\/goias.gov.br\/saude\/escala-herso-outubro-2024\/\" target=\"_blank\" rel=\"noopener\">Informa\u00e7\u00f5es<\/a><\/td>\n<\/tr>\n<tr style=\"height: 46px;\">\n<td style=\"width: 48.991%; height: 46px;\">Rede Hemo \u2013 Rede Estadual de Servi\u00e7os de Hemoterapia<\/td>\n<td style=\"width: 5.44671%; height: 46px;\">2024<\/td>\n<td style=\"width: 67.5142%; height: 46px;\">Outubro <a href=\"https:\/\/goias.gov.br\/saude\/wp-content\/uploads\/sites\/34\/files\/acesso_a_informacao\/escala-saude\/redehemo\/2024\/redehemo-outubro.pdf\" target=\"_blank\" rel=\"noopener\">pdf<\/a> \/ <a href=\"https:\/\/goias.gov.br\/saude\/wp-content\/uploads\/sites\/34\/files\/acesso_a_informacao\/escala-saude\/redehemo\/2024\/redehemo-outubro.ods\">csv<\/a> \/ <a href=\"https:\/\/goias.gov.br\/saude\/escala-rede-hemo-outubro-2024\/\" target=\"_blank\" rel=\"noopener\">Informa\u00e7\u00f5es<\/a><\/td>\n<\/tr>\n<tr style=\"height: 46px;\">\n<td style=\"width: 48.991%; height: 46px;\">HDT \u2013 Hospital Estadual de Doen\u00e7as Tropicais Dr. Anuar Auad<\/td>\n<td style=\"width: 5.44671%; height: 46px;\">2024<\/td>\n<td style=\"width: 67.5142%; height: 46px;\">Outubro <a href=\"https:\/\/goias.gov.br\/saude\/wp-content\/uploads\/sites\/34\/files\/acesso_a_informacao\/escala-saude\/hdt\/2024\/hdt-outubro.pdf\" target=\"_blank\" rel=\"noopener\">pdf <\/a>\/ <a href=\"https:\/\/goias.gov.br\/saude\/wp-content\/uploads\/sites\/34\/files\/acesso_a_informacao\/escala-saude\/hdt\/2024\/hdt-outubro.ods\">csv <\/a>\/ <a href=\"https:\/\/goias.gov.br\/saude\/escala-hdt-outubro-2024\/\" target=\"_blank\" rel=\"noopener\">Informa\u00e7\u00f5es<\/a><\/td>\n<\/tr>\n<tr style=\"height: 46px;\">\n<td style=\"width: 48.991%; height: 46px;\">HEMU \u2013 Hospital Estadual da Mulher Dr. Jurandir do Nascimento<\/td>\n<td style=\"width: 5.44671%; height: 46px;\">2024<\/td>\n<td style=\"width: 67.5142%; height: 46px;\">Outubro <a href=\"https:\/\/goias.gov.br\/saude\/wp-content\/uploads\/sites\/34\/files\/acesso_a_informacao\/escala-saude\/hemu\/2024\/hemu-outubro.pdf\" target=\"_blank\" rel=\"noopener\">pdf<\/a> \/ <a href=\"https:\/\/goias.gov.br\/saude\/wp-content\/uploads\/sites\/34\/files\/acesso_a_informacao\/escala-saude\/hemu\/2024\/hemu-outubro.ods\">csv<\/a> \/ <a href=\"https:\/\/goias.gov.br\/saude\/escala-hemu-outubro-2024\/\" target=\"_blank\" rel=\"noopener\">Informa\u00e7\u00f5es<\/a><\/td>\n<\/tr>\n<tr style=\"height: 23px;\">\n<td style=\"width: 48.991%; height: 23px;\">Policl\u00ednica Estadual da Regi\u00e3o Nordeste \u2013 Posse<\/td>\n<td style=\"width: 5.44671%; height: 23px;\">2024<\/td>\n<td style=\"width: 67.5142%; height: 23px;\">Outubro <a href=\"https:\/\/goias.gov.br\/saude\/wp-content\/uploads\/sites\/34\/files\/acesso_a_informacao\/escala-saude\/policlinica-posse\/2024\/poli-posse-outubro.pdf\" target=\"_blank\" rel=\"noopener\">pdf <\/a>\/ <a href=\"https:\/\/goias.gov.br\/saude\/wp-content\/uploads\/sites\/34\/files\/acesso_a_informacao\/escala-saude\/policlinica-posse\/2024\/poli-posse-outubro.ods\">csv <\/a>\/ <a href=\"https:\/\/goias.gov.br\/saude\/escala-policlinica-de-posse-outubro-2024\/\" target=\"_blank\" rel=\"noopener\">Informa\u00e7\u00f5es<\/a><\/td>\n<\/tr>\n<tr style=\"height: 46px;\">\n<td style=\"width: 48.991%; height: 46px;\">HEF \u2013 Hospital Estadual de Formosa Dr. C\u00e9sar Saad Fayad<\/td>\n<td style=\"width: 5.44671%; height: 46px;\">2024<\/td>\n<td style=\"width: 67.5142%; height: 46px;\">Outubro <a href=\"https:\/\/goias.gov.br\/saude\/wp-content\/uploads\/sites\/34\/files\/acesso_a_informacao\/escala-saude\/hef\/2024\/hef-outubro.pdf\" target=\"_blank\" rel=\"noopener\">pdf<\/a> \/ <a href=\"https:\/\/goias.gov.br\/saude\/wp-content\/uploads\/sites\/34\/files\/acesso_a_informacao\/escala-saude\/hef\/2024\/hef-outubro.ods\">csv<\/a> \/ <a href=\"https:\/\/goias.gov.br\/saude\/escala-hef-outubro-2024\/\" target=\"_blank\" rel=\"noopener\">Informa\u00e7\u00f5es<\/a><\/td>\n<\/tr>\n<tr style=\"height: 23px;\">\n<td style=\"width: 48.991%; height: 23px;\">Policl\u00ednica Estadual da Regi\u00e3o do Entorno \u2013 Formosa<\/td>\n<td style=\"width: 5.44671%; height: 23px;\">2024<\/td>\n<td style=\"width: 67.5142%; height: 23px;\">Outubro <a href=\"https:\/\/goias.gov.br\/saude\/wp-content\/uploads\/sites\/34\/files\/acesso_a_informacao\/escala-saude\/policlinica-formosa\/2024\/poli-formosa-outubro.pdf\" target=\"_blank\" rel=\"noopener\">pdf <\/a>\/ <a href=\"https:\/\/goias.gov.br\/saude\/wp-content\/uploads\/sites\/34\/files\/acesso_a_informacao\/escala-saude\/policlinica-formosa\/2024\/poli-formosa-outubro.ods\">csv <\/a>\/ <a href=\"https:\/\/goias.gov.br\/saude\/escala-policlinica-de-formosa-outubro-2024\/\" target=\"_blank\" rel=\"noopener\">Informa\u00e7\u00f5es<\/a><\/td>\n<\/tr>\n<tr style=\"height: 70px;\">\n<td style=\"width: 48.991%; height: 23px;\">HGG \u2013 Hospital Estadual Dr. Alberto Rassi<\/td>\n<td style=\"width: 5.44671%; height: 23px;\">2024<\/td>\n<td style=\"width: 67.5142%; height: 23px;\">Outubro <a href=\"https:\/\/goias.gov.br\/saude\/wp-content\/uploads\/sites\/34\/files\/acesso_a_informacao\/escala-saude\/hgg\/2024\/hgg-outubro.pdf\" target=\"_blank\" rel=\"noopener\">pdf<\/a> \/ <a href=\"https:\/\/goias.gov.br\/saude\/wp-content\/uploads\/sites\/34\/files\/acesso_a_informacao\/escala-saude\/hgg\/2024\/hgg-outubro.ods\">csv<\/a> \/ <a href=\"https:\/\/goias.gov.br\/saude\/escala-hgg-outubro-2024\/\" target=\"_blank\" rel=\"noopener\">Informa\u00e7\u00f5es<\/a><\/td>\n<\/tr>\n<tr style=\"height: 70px;\">\n<td style=\"width: 48.991%; height: 70px;\">CRESM \u2013 Complexo de Refer\u00eancia Estadual em Sa\u00fade Mental \u2013 Prof. Jamil Issy<\/td>\n<td style=\"width: 5.44671%; height: 70px;\">2024<\/td>\n<td style=\"width: 67.5142%; height: 70px;\">Outubro <a href=\"https:\/\/goias.gov.br\/saude\/wp-content\/uploads\/sites\/34\/files\/acesso_a_informacao\/escala-saude\/cresm\/2024\/cresm-outubro.pdf\" target=\"_blank\" rel=\"noopener\">pdf <\/a>\/ <a href=\"https:\/\/goias.gov.br\/saude\/wp-content\/uploads\/sites\/34\/files\/acesso_a_informacao\/escala-saude\/cresm\/2024\/cresm-outubro.ods\">csv<\/a> \/ <a href=\"https:\/\/goias.gov.br\/saude\/escala-cresm-outubro-2024\/\" target=\"_blank\" rel=\"noopener\">Informa\u00e7\u00f5es<\/a><\/td>\n<\/tr>\n<tr style=\"height: 70px;\">\n<td style=\"width: 48.991%; height: 70px;\">HCN \u2013 Hospital Estadual do Centro-Norte Goiano<\/td>\n<td style=\"width: 5.44671%; height: 70px;\">2024<\/td>\n<td style=\"width: 67.5142%; height: 70px;\">Outubro <a href=\"https:\/\/goias.gov.br\/saude\/wp-content\/uploads\/sites\/34\/files\/acesso_a_informacao\/escala-saude\/hcn\/2024\/hcn-outubro.pdf\" target=\"_blank\" rel=\"noopener\">pdf<\/a> \/ <a href=\"https:\/\/goias.gov.br\/saude\/wp-content\/uploads\/sites\/34\/files\/acesso_a_informacao\/escala-saude\/hcn\/2024\/hcn-outubro.ods\">csv <\/a>\/ <a href=\"https:\/\/goias.gov.br\/saude\/escala-hcn-outubro-2024\/\" target=\"_blank\" rel=\"noopener\">Informa\u00e7\u00f5es<\/a><\/td>\n<\/tr>\n<tr style=\"height: 70px;\">\n<td style=\"width: 48.991%; height: 70px;\">HETRIN \u2013 Hospital Estadual de Trindade Walda Ferreira dos Santos<\/td>\n<td style=\"width: 5.44671%; height: 70px;\">2024<\/td>\n<td style=\"width: 67.5142%; height: 70px;\">Outubro <a href=\"https:\/\/goias.gov.br\/saude\/wp-content\/uploads\/sites\/34\/files\/acesso_a_informacao\/escala-saude\/hetrin\/2024\/hetrin-outubro.pdf\" target=\"_blank\" rel=\"noopener\">pdf <\/a>\/ <a href=\"https:\/\/goias.gov.br\/saude\/wp-content\/uploads\/sites\/34\/files\/acesso_a_informacao\/escala-saude\/hetrin\/2024\/hetrin-outubro.ods\">csv<\/a> \/ <a href=\"https:\/\/goias.gov.br\/saude\/escala-hetrin-outubro-2024\/\" target=\"_blank\" rel=\"noopener\">Informa\u00e7\u00f5es<\/a><\/td>\n<\/tr>\n<tr style=\"height: 70px;\">\n<td style=\"width: 48.991%; height: 70px;\">HEL \u2013 Hospital Estadual de Luzi\u00e2nia<\/td>\n<td style=\"width: 5.44671%; height: 70px;\">2024<\/td>\n<td style=\"width: 67.5142%; height: 70px;\">Outubro <a href=\"https:\/\/goias.gov.br\/saude\/wp-content\/uploads\/sites\/34\/files\/acesso_a_informacao\/escala-saude\/hel\/2024\/hel-outubro.pdf\" target=\"_blank\" rel=\"noopener\">pdf<\/a> \/ <a href=\"https:\/\/goias.gov.br\/saude\/wp-content\/uploads\/sites\/34\/files\/acesso_a_informacao\/escala-saude\/hel\/2024\/hel-outubro.ods\">csv <\/a>\/ <a href=\"https:\/\/goias.gov.br\/saude\/escala-hel-outubro-2024\/\" target=\"_blank\" rel=\"noopener\">Informa\u00e7\u00f5es<\/a><\/td>\n<\/tr>\n<tr style=\"height: 70px;\">\n<td style=\"width: 48.991%; height: 70px;\">HEAL \u2013 Hospital Estadual de \u00c1guas Lindas de Goi\u00e1s<\/td>\n<td style=\"width: 5.44671%; height: 70px;\">2024<\/td>\n<td style=\"width: 67.5142%; height: 70px;\">Outubro <a href=\"https:\/\/goias.gov.br\/saude\/wp-content\/uploads\/sites\/34\/files\/acesso_a_informacao\/escala-saude\/heal\/heal-outubro.pdf\" target=\"_blank\" rel=\"noopener\">pdf <\/a>\/ <a href=\"https:\/\/goias.gov.br\/saude\/wp-content\/uploads\/sites\/34\/files\/acesso_a_informacao\/escala-saude\/heal\/heal-outubro.ods\">csv<\/a> \/ <a href=\"https:\/\/goias.gov.br\/saude\/escala-heal-outubro-2024\/\" target=\"_blank\" rel=\"noopener\">Informa\u00e7\u00f5es<\/a><\/td>\n<\/tr>\n<tr style=\"height: 70px;\">\n<td style=\"width: 48.991%; height: 70px;\">CRER \u2013 Centro Estadual de Reabilita\u00e7\u00e3o e Readapta\u00e7\u00e3o Dr. Henrique Santillo<\/td>\n<td style=\"width: 5.44671%; height: 70px;\">2024<\/td>\n<td style=\"width: 67.5142%; height: 70px;\">Outubro <a href=\"https:\/\/goias.gov.br\/saude\/wp-content\/uploads\/sites\/34\/files\/acesso_a_informacao\/escala-saude\/crer\/2024\/crer-outubro.pdf\" target=\"_blank\" rel=\"noopener\">pdf<\/a> \/ <a href=\"https:\/\/goias.gov.br\/saude\/wp-content\/uploads\/sites\/34\/files\/acesso_a_informacao\/escala-saude\/crer\/2024\/crer-outubro.ods\">csv <\/a>\/ <a href=\"https:\/\/goias.gov.br\/saude\/escala-crer-outubro-2024\/\" target=\"_blank\" rel=\"noopener\">Informa\u00e7\u00f5es<\/a><\/td>\n<\/tr>\n<tr style=\"height: 70px;\">\n<td style=\"width: 48.991%; height: 70px;\">Policl\u00ednica Estadual Ismael Alexandrino Pinto \u2013 S\u00e3o Lu\u00eds de Montes Belos<\/td>\n<td style=\"width: 5.44671%; height: 70px;\">2024<\/td>\n<td style=\"width: 67.5142%; height: 70px;\">Outubro <a href=\"https:\/\/goias.gov.br\/saude\/wp-content\/uploads\/sites\/34\/files\/acesso_a_informacao\/escala-saude\/policlinica-sao-luis-de-montes-belos\/2024\/poli-sao-luis-outubro.pdf\" target=\"_blank\" rel=\"noopener\">pdf <\/a>\/ <a href=\"https:\/\/goias.gov.br\/saude\/wp-content\/uploads\/sites\/34\/files\/acesso_a_informacao\/escala-saude\/policlinica-sao-luis-de-montes-belos\/2024\/poli-sao-luis-outubro.ods\">csv <\/a>\/ <a href=\"https:\/\/goias.gov.br\/saude\/escala-policlinica-de-sao-luis-de-montes-belos-outubro-2024\/\" target=\"_blank\" rel=\"noopener\">Informa\u00e7\u00f5es<\/a><\/td>\n<\/tr>\n<tr style=\"height: 70px;\">\n<td style=\"width: 48.991%; height: 70px;\">Policl\u00ednica Estadual da Regi\u00e3o S\u00e3o Patr\u00edcio \u2013 Goian\u00e9sia<\/td>\n<td style=\"width: 5.44671%; height: 70px;\">2024<\/td>\n<td style=\"width: 67.5142%; height: 70px;\">Outubro <a href=\"https:\/\/goias.gov.br\/saude\/wp-content\/uploads\/sites\/34\/files\/acesso_a_informacao\/escala-saude\/policlinica-goianesia\/2024\/poli-goianesia-outubro.pdf\" target=\"_blank\" rel=\"noopener\">pdf<\/a> \/ <a href=\"https:\/\/goias.gov.br\/saude\/wp-content\/uploads\/sites\/34\/files\/acesso_a_informacao\/escala-saude\/policlinica-goianesia\/2024\/poli-goianesia-outubro.ods\">csv<\/a> \/ <a href=\"https:\/\/goias.gov.br\/saude\/escala-policlinica-de-goianesia-outubro-2024\/\" target=\"_blank\" rel=\"noopener\">Informa\u00e7\u00f5es<\/a><\/td>\n<\/tr>\n<tr style=\"height: 46px;\">\n<td style=\"width: 48.991%; height: 46px;\">HSLMB \u2013 Hospital Estadual de S\u00e3o Lu\u00eds de Montes Belos Dr. Geraldo Land\u00f3<\/td>\n<td style=\"width: 5.44671%; height: 46px;\">2024<\/td>\n<td style=\"width: 67.5142%; height: 46px;\">Outubro <a href=\"https:\/\/goias.gov.br\/saude\/wp-content\/uploads\/sites\/34\/files\/acesso_a_informacao\/escala-saude\/hslmb\/2024\/hslmb-outubro.pdf\" target=\"_blank\" rel=\"noopener\">pdf<\/a> \/ <a href=\"https:\/\/goias.gov.br\/saude\/wp-content\/uploads\/sites\/34\/files\/acesso_a_informacao\/escala-saude\/hslmb\/2024\/hslmb-outubro.ods\">csv<\/a> \/ <a href=\"https:\/\/goias.gov.br\/saude\/escala-hslmb-outubro-2024\/\" target=\"_blank\" rel=\"noopener\">Informa\u00e7\u00f5es<\/a><\/td>\n<\/tr>\n<tr style=\"height: 46px;\">\n<td style=\"width: 48.991%; height: 46px;\">HEELJ \u2013 Hospital Estadual de Piren\u00f3polis Ernestina Lopes Jaime<\/td>\n<td style=\"width: 5.44671%; height: 46px;\">2024<\/td>\n<td style=\"width: 67.5142%; height: 46px;\">Outubro <a href=\"https:\/\/goias.gov.br\/saude\/wp-content\/uploads\/sites\/34\/files\/acesso_a_informacao\/escala-saude\/heelj\/2024\/heelj-outubro.pdf\" target=\"_blank\" rel=\"noopener\">pdf<\/a> \/ <a href=\"https:\/\/goias.gov.br\/saude\/wp-content\/uploads\/sites\/34\/files\/acesso_a_informacao\/escala-saude\/heelj\/2024\/heelj-outubro.ods\">csv<\/a> \/ <a href=\"https:\/\/goias.gov.br\/saude\/escala-heelj-outubro-2024\/\" target=\"_blank\" rel=\"noopener\">Informa\u00e7\u00f5es<\/a><\/td>\n<\/tr>\n<tr style=\"height: 46px;\">\n<td style=\"width: 48.991%; height: 46px;\">HEANA \u2013 Hospital Estadual de An\u00e1polis Dr. Henrique Santillo<\/td>\n<td style=\"width: 5.44671%; height: 46px;\">2024<\/td>\n<td style=\"width: 67.5142%; height: 46px;\">Outubro <a href=\"https:\/\/goias.gov.br\/saude\/wp-content\/uploads\/sites\/34\/files\/acesso_a_informacao\/escala-saude\/heana\/2024\/heana-outubro.pdf\" target=\"_blank\" rel=\"noopener\">pdf<\/a> \/ <a href=\"https:\/\/goias.gov.br\/saude\/wp-content\/uploads\/sites\/34\/files\/acesso_a_informacao\/escala-saude\/heana\/2024\/heana-outubro.ods\">csv<\/a> \/ <a href=\"https:\/\/goias.gov.br\/saude\/escala-heana-outubro-2024\/\" target=\"_blank\" rel=\"noopener\">Informa\u00e7\u00f5es<\/a><\/td>\n<\/tr>\n<tr style=\"height: 46px;\">\n<td style=\"width: 48.991%; height: 46px;\">CARA \u2013 Centro Estadual de Assist\u00eancia aos Radioacidentados Leide das Neves<\/td>\n<td style=\"width: 5.44671%; height: 46px;\">2024<\/td>\n<td style=\"width: 67.5142%; height: 46px;\">Outubro <a href=\"https:\/\/goias.gov.br\/saude\/wp-content\/uploads\/sites\/34\/files\/acesso_a_informacao\/escala-saude\/cara\/2024\/cara-outubro.pdf\" target=\"_blank\" rel=\"noopener\">pdf <\/a>\/ <a href=\"https:\/\/goias.gov.br\/saude\/wp-content\/uploads\/sites\/34\/files\/acesso_a_informacao\/escala-saude\/cara\/2024\/cara-outubro.ods\">csv <\/a>\/ <a href=\"https:\/\/goias.gov.br\/saude\/escala-hecad-outubro-2024\/\" target=\"_blank\" rel=\"noopener\">Informa\u00e7\u00f5es<\/a><\/td>\n<\/tr>\n<tr style=\"height: 46px;\">\n<td style=\"width: 48.991%; height: 46px;\">HECAD \u2013 Hospital Estadual da Crian\u00e7a e do Adolescente<\/td>\n<td style=\"width: 5.44671%; height: 46px;\">2024<\/td>\n<td style=\"width: 67.5142%; height: 46px;\">Outubro <a href=\"https:\/\/goias.gov.br\/saude\/wp-content\/uploads\/sites\/34\/files\/acesso_a_informacao\/escala-saude\/hecad\/2024\/hecad-outubro.pdf\" target=\"_blank\" rel=\"noopener\">pdf<\/a> \/ <a href=\"https:\/\/goias.gov.br\/saude\/wp-content\/uploads\/sites\/34\/files\/acesso_a_informacao\/escala-saude\/hecad\/2024\/hecad-outubro.ods\">csv<\/a> \/ <a href=\"https:\/\/goias.gov.br\/saude\/escala-hecad-outubro-2024\/\" target=\"_blank\" rel=\"noopener\">Informa\u00e7\u00f5es<\/a><\/td>\n<\/tr>\n<tr style=\"height: 46px;\">\n<td style=\"width: 48.991%; height: 46px;\">HUGOL \u2013 Hospital Estadual de Urg\u00eancias Governador Ot\u00e1vio Lage de Siqueira<\/td>\n<td style=\"width: 5.44671%; height: 46px;\">2024<\/td>\n<td style=\"width: 67.5142%; height: 46px;\">Outubro <a href=\"https:\/\/goias.gov.br\/saude\/wp-content\/uploads\/sites\/34\/files\/acesso_a_informacao\/escala-saude\/hugol\/2024\/hugol-outubro.pdf\" target=\"_blank\" rel=\"noopener\">pdf <\/a>\/ <a href=\"https:\/\/goias.gov.br\/saude\/wp-content\/uploads\/sites\/34\/files\/acesso_a_informacao\/escala-saude\/hugol\/2024\/hugol-outubro.ods\">csv <\/a>\/ <a href=\"https:\/\/goias.gov.br\/saude\/escala-hugol-outubro-2024\/\" target=\"_blank\" rel=\"noopener\">Informa\u00e7\u00f5es<\/a><\/td>\n<\/tr>\n<tr style=\"height: 46px;\">\n<td style=\"width: 48.991%; height: 46px;\">HEI \u2013 Hospital Estadual de Itumbiara S\u00e3o Marcos<\/td>\n<td style=\"width: 5.44671%; height: 46px;\">2024<\/td>\n<td style=\"width: 67.5142%; height: 46px;\">Outubro <a href=\"https:\/\/goias.gov.br\/saude\/wp-content\/uploads\/sites\/34\/files\/acesso_a_informacao\/escala-saude\/hei\/2024\/hei-outubro.pdf\" target=\"_blank\" rel=\"noopener\">pdf<\/a> \/ <a href=\"https:\/\/goias.gov.br\/saude\/wp-content\/uploads\/sites\/34\/files\/acesso_a_informacao\/escala-saude\/hei\/2024\/hei-outubro.xlsx\">csv<\/a> \/ <a href=\"https:\/\/goias.gov.br\/saude\/escala-hei-outubro-2024\/\" target=\"_blank\" rel=\"noopener\">Informa\u00e7\u00f5es<\/a><\/td>\n<\/tr>\n<tr style=\"height: 23px;\">\n<td style=\"width: 48.991%; height: 23px;\">HEJA \u2013 Hospital Estadual de Jaragu\u00e1 Dr. Sandino de Amorim<\/td>\n<td style=\"width: 5.44671%; height: 23px;\">2024<\/td>\n<td style=\"width: 67.5142%; height: 23px;\">Outubro <a href=\"https:\/\/goias.gov.br\/saude\/wp-content\/uploads\/sites\/34\/files\/acesso_a_informacao\/escala-saude\/heja\/2024\/heja-outubro.pdf\" target=\"_blank\" rel=\"noopener\">pdf <\/a>\/ <a href=\"https:\/\/goias.gov.br\/saude\/wp-content\/uploads\/sites\/34\/files\/acesso_a_informacao\/escala-saude\/heja\/2024\/heja-outubro.ods\">csv <\/a>\/ <a href=\"https:\/\/goias.gov.br\/saude\/escala-heja-outubro-2024\/\" target=\"_blank\" rel=\"noopener\">Informa\u00e7\u00f5es<\/a><\/td>\n<\/tr>\n<tr style=\"height: 46px;\">\n<td style=\"width: 48.991%; height: 46px;\">Policl\u00ednica Estadual Brasil Bruno de Bastos Neto Regi\u00e3o Rio Vermelho \u2013 Goi\u00e1s<\/td>\n<td style=\"width: 5.44671%; height: 46px;\">2024<\/td>\n<td style=\"width: 67.5142%; height: 46px;\">Outubro <a href=\"https:\/\/goias.gov.br\/saude\/wp-content\/uploads\/sites\/34\/files\/acesso_a_informacao\/escala-saude\/policlinica-goias\/2024\/poli-goias-outubro.pdf\" target=\"_blank\" rel=\"noopener\">pdf<\/a> \/ <a href=\"https:\/\/goias.gov.br\/saude\/wp-content\/uploads\/sites\/34\/files\/acesso_a_informacao\/escala-saude\/policlinica-goias\/2024\/poli-goias-outubro.ods\">csv<\/a> \/ <a href=\"https:\/\/goias.gov.br\/saude\/escala-policlinica-de-goias-outubro-2024\/\" target=\"_blank\" rel=\"noopener\">Informa\u00e7\u00f5es<\/a><\/td>\n<\/tr>\n<tr style=\"height: 46px;\">\n<td style=\"width: 48.991%; height: 46px;\">HEAPA \u2013 Hospital Estadual de Aparecida de Goi\u00e2nia Cairo Louzada<\/td>\n<td style=\"width: 5.44671%; height: 46px;\">2024<\/td>\n<td style=\"width: 67.5142%; height: 46px;\">Outubro <a href=\"https:\/\/goias.gov.br\/saude\/wp-content\/uploads\/sites\/34\/files\/acesso_a_informacao\/escala-saude\/heapa\/2024\/heapa-outubro.pdf\" target=\"_blank\" rel=\"noopener\">pdf<\/a> \/ <a href=\"https:\/\/goias.gov.br\/saude\/wp-content\/uploads\/sites\/34\/files\/acesso_a_informacao\/escala-saude\/heapa\/2024\/heapa-outubro.ods\">csv<\/a> \/ <a href=\"https:\/\/goias.gov.br\/saude\/escala-heapa-outubro-2024\/\" target=\"_blank\" rel=\"noopener\">Informa\u00e7\u00f5es<\/a><\/td>\n<\/tr>\n<tr style=\"height: 46px;\">\n<td style=\"width: 48.991%; height: 46px;\">HDS \u2013 Hospital Estadual de Dermatologia Sanit\u00e1ria \u2013 Col\u00f4nia Santa Marta<\/td>\n<td style=\"width: 5.44671%; height: 46px;\">2024<\/td>\n<td style=\"width: 67.5142%; height: 46px;\">Outubro <a href=\"https:\/\/goias.gov.br\/saude\/wp-content\/uploads\/sites\/34\/files\/acesso_a_informacao\/escala-saude\/hds\/2024\/hds-outubro.pdf\" target=\"_blank\" rel=\"noopener\">pdf <\/a>\/ <a href=\"https:\/\/goias.gov.br\/saude\/wp-content\/uploads\/sites\/34\/files\/acesso_a_informacao\/escala-saude\/hds\/2024\/hds-outubro.ods\">csv <\/a>\/ <a href=\"https:\/\/goias.gov.br\/saude\/escala-hds-outubro-2024\/\" target=\"_blank\" rel=\"noopener\">Informa\u00e7\u00f5es<\/a><\/td>\n<\/tr>\n<tr style=\"height: 46px;\">\n<td style=\"width: 48.991%; height: 46px;\">CAPSI \u2013 Centro Estadual de Aten\u00e7\u00e3o Psicossocial e Infanto-Juvenil<\/td>\n<td style=\"width: 5.44671%; height: 46px;\">2024<\/td>\n<td style=\"width: 67.5142%; height: 46px;\">Outubro <a href=\"https:\/\/goias.gov.br\/saude\/wp-content\/uploads\/sites\/34\/files\/acesso_a_informacao\/escala-saude\/capsi\/2024\/capsi-outubro.pdf\" target=\"_blank\" rel=\"noopener\">pdf<\/a> \/ <a href=\"https:\/\/goias.gov.br\/saude\/wp-content\/uploads\/sites\/34\/files\/acesso_a_informacao\/escala-saude\/capsi\/2024\/capsi-outubro.ods\">csv<\/a> \/ <a href=\"https:\/\/goias.gov.br\/saude\/escala-capsi-outubro-2024\/\" target=\"_blank\" rel=\"noopener\">Informa\u00e7\u00f5es<\/a><\/td>\n<\/tr>\n<tr style=\"height: 46px;\">\n<td style=\"width: 48.991%; height: 46px;\">CEAP-SOL \u2013 Centro Estadual de Aten\u00e7\u00e3o Prolongada e Casa de Apoio Condom\u00ednio Solidariedade<\/td>\n<td style=\"width: 5.44671%; height: 46px;\">2024<\/td>\n<td style=\"width: 67.5142%; height: 46px;\">Outubro <a href=\"https:\/\/goias.gov.br\/saude\/wp-content\/uploads\/sites\/34\/files\/acesso_a_informacao\/escala-saude\/ceap-sol\/2024\/ceap-sol-outubro.pdf\" target=\"_blank\" rel=\"noopener\">pdf<\/a> \/ <a href=\"https:\/\/goias.gov.br\/saude\/wp-content\/uploads\/sites\/34\/files\/acesso_a_informacao\/escala-saude\/ceap-sol\/2024\/ceap-sol-outubro.ods\">csv<\/a> \/ <a href=\"https:\/\/goias.gov.br\/saude\/escala-ceap-sol-outubro-2024\/\" target=\"_blank\" rel=\"noopener\">Informa\u00e7\u00f5es<\/a><\/td>\n<\/tr>\n<tr style=\"height: 46px;\">\n<td style=\"width: 48.991%; height: 46px;\">COEG \u2013 Centro Estadual de Odontologia Sebasti\u00e3o Alves Ribeiro<\/td>\n<td style=\"width: 5.44671%; height: 46px;\">2024<\/td>\n<td style=\"width: 67.5142%; height: 46px;\">Outubro <a href=\"https:\/\/goias.gov.br\/saude\/wp-content\/uploads\/sites\/34\/files\/acesso_a_informacao\/escala-saude\/coeg\/2024\/coeg-outubro.pdf\" target=\"_blank\" rel=\"noopener\">pdf <\/a>\/ <a href=\"https:\/\/goias.gov.br\/saude\/wp-content\/uploads\/sites\/34\/files\/acesso_a_informacao\/escala-saude\/coeg\/2024\/coeg-outubro.ods\">csv <\/a>\/ <a href=\"https:\/\/goias.gov.br\/saude\/escala-coeg-outubro-2024\/\" target=\"_blank\" rel=\"noopener\">Informa\u00e7\u00f5es<\/a><\/td>\n<\/tr>\n<tr style=\"height: 46px;\">\n<td style=\"width: 48.991%; height: 46px;\">CREMIC \u2013 Centro Estadual de Refer\u00eancia em Medicina Integrativa e Complementar<\/td>\n<td style=\"width: 5.44671%; height: 46px;\">2024<\/td>\n<td style=\"width: 67.5142%; height: 46px;\">Outubro <a href=\"https:\/\/goias.gov.br\/saude\/wp-content\/uploads\/sites\/34\/files\/acesso_a_informacao\/escala-saude\/cremic\/2024\/cremic-outubro.pdf\" target=\"_blank\" rel=\"noopener\">pdf<\/a> \/ <a href=\"https:\/\/goias.gov.br\/saude\/wp-content\/uploads\/sites\/34\/files\/acesso_a_informacao\/escala-saude\/cremic\/2024\/cremic-outubro.ods\">csv<\/a> \/ <a href=\"https:\/\/goias.gov.br\/saude\/escala-cremic-outubro-2024\/\" target=\"_blank\" rel=\"noopener\">Informa\u00e7\u00f5es<\/a><\/td>\n<\/tr>\n<tr style=\"border-color: #1e7038; background-color: #1e7038;\">\n<td style=\"width: 48.991%; height: 23px;\">\u00a0<\/td>\n<td style=\"width: 5.44671%; height: 23px;\">\u00a0<\/td>\n<td style=\"width: 67.5142%; height: 23px;\">\u00a0<\/td>\n<\/tr>\n<tr style=\"height: 46px;\">\n<td style=\"width: 48.991%; height: 46px;\">Rede Hemo \u2013 Rede Estadual de Servi\u00e7os de Hemoterapia<\/td>\n<td style=\"width: 5.44671%; height: 46px;\">2024<\/td>\n<td style=\"width: 67.5142%; height: 46px;\">Setembro <a href=\"https:\/\/goias.gov.br\/saude\/wp-content\/uploads\/sites\/34\/files\/acesso_a_informacao\/escala-saude\/redehemo\/2024\/redehemo-setembro.pdf\" target=\"_blank\" rel=\"noopener\">pdf <\/a>\/ <a href=\"https:\/\/goias.gov.br\/saude\/wp-content\/uploads\/sites\/34\/files\/acesso_a_informacao\/escala-saude\/redehemo\/2024\/redehemo-setembro.ods\">csv <\/a>\/ <a href=\"https:\/\/goias.gov.br\/saude\/escala-rede-hemo-setembro-2024\/\" target=\"_blank\" rel=\"noopener\">Informa\u00e7\u00f5es<\/a><\/td>\n<\/tr>\n<tr style=\"height: 46px;\">\n<td style=\"width: 48.991%; height: 46px;\">HGG \u2013 Hospital Estadual Dr. Alberto Rassi<\/td>\n<td style=\"width: 5.44671%; height: 46px;\">2024<\/td>\n<td style=\"width: 67.5142%; height: 46px;\">Setembro <a href=\"https:\/\/goias.gov.br\/saude\/wp-content\/uploads\/sites\/34\/files\/acesso_a_informacao\/escala-saude\/hgg\/2024\/hgg-setembro.pdf\" target=\"_blank\" rel=\"noopener\">pdf<\/a> \/ <a href=\"https:\/\/goias.gov.br\/saude\/wp-content\/uploads\/sites\/34\/files\/acesso_a_informacao\/escala-saude\/hgg\/2024\/hgg-setembro.ods\">csv<\/a> \/ <a href=\"https:\/\/goias.gov.br\/saude\/escala-hgg-setembro-2024\/\" target=\"_blank\" rel=\"noopener\">Informa\u00e7\u00f5es<\/a><\/td>\n<\/tr>\n<tr style=\"height: 46px;\">\n<td style=\"width: 48.991%; height: 46px;\">HEMNSL \u2013 Hospital Estadual e Maternidade Nossa Senhora de Lourdes<\/td>\n<td style=\"width: 5.44671%; height: 46px;\">2024<\/td>\n<td style=\"width: 67.5142%; height: 46px;\">Setembro <a href=\"https:\/\/goias.gov.br\/saude\/wp-content\/uploads\/sites\/34\/files\/acesso_a_informacao\/escala-saude\/hemnsl\/2024\/hemnsl-setembro.pdf\" target=\"_blank\" rel=\"noopener\">pdf<\/a> \/ <a href=\"https:\/\/goias.gov.br\/saude\/wp-content\/uploads\/sites\/34\/files\/acesso_a_informacao\/escala-saude\/hemnsl\/2024\/hemnsl-setembro.ods\">csv<\/a> \/ <a href=\"https:\/\/goias.gov.br\/saude\/escala-hemnsl-setembro-2024\/\" target=\"_blank\" rel=\"noopener\">Informa\u00e7\u00f5es<\/a><\/td>\n<\/tr>\n<tr style=\"height: 46px;\">\n<td style=\"width: 48.991%; height: 46px;\">HEMU \u2013 Hospital Estadual da Mulher Dr. Jurandir do Nascimento<\/td>\n<td style=\"width: 5.44671%; height: 46px;\">2024<\/td>\n<td style=\"width: 67.5142%; height: 46px;\">Setembro <a href=\"https:\/\/goias.gov.br\/saude\/wp-content\/uploads\/sites\/34\/files\/acesso_a_informacao\/escala-saude\/hemu\/2024\/hemu-setembro.pdf\" target=\"_blank\" rel=\"noopener\">pdf<\/a> \/ <a href=\"https:\/\/goias.gov.br\/saude\/wp-content\/uploads\/sites\/34\/files\/acesso_a_informacao\/escala-saude\/hemu\/2024\/hemu-setembro.ods\">csv<\/a> \/ <a href=\"https:\/\/goias.gov.br\/saude\/escala-hemu-setembro-2024\/\" target=\"_blank\" rel=\"noopener\">Informa\u00e7\u00f5es<\/a><\/td>\n<\/tr>\n<tr style=\"height: 46px;\">\n<td style=\"width: 48.991%; height: 46px;\">HERSO \u2013 Hospital Estadual de Santa Helena de Goi\u00e1s Dr. Albanir Faleiros Machado<\/td>\n<td style=\"width: 5.44671%; height: 46px;\">2024<\/td>\n<td style=\"width: 67.5142%; height: 46px;\">Setembro <a href=\"https:\/\/goias.gov.br\/saude\/wp-content\/uploads\/sites\/34\/files\/acesso_a_informacao\/escala-saude\/herso\/2024\/herso-setembro.pdf\" target=\"_blank\" rel=\"noopener\">pdf<\/a> \/ <a href=\"https:\/\/goias.gov.br\/saude\/wp-content\/uploads\/sites\/34\/files\/acesso_a_informacao\/escala-saude\/herso\/2024\/herso-setembro.ods\">csv<\/a> \/ <a href=\"https:\/\/goias.gov.br\/saude\/escala-herso-setembro-2024\/\" target=\"_blank\" rel=\"noopener\">Informa\u00e7\u00f5es<\/a><\/td>\n<\/tr>\n<tr style=\"height: 46px;\">\n<td style=\"width: 48.991%; height: 46px;\">COEG \u2013 Centro Estadual de Odontologia Sebasti\u00e3o Alves Ribeiro<\/td>\n<td style=\"width: 5.44671%; height: 46px;\">2024<\/td>\n<td style=\"width: 67.5142%; height: 46px;\">Setembro <a href=\"https:\/\/goias.gov.br\/saude\/wp-content\/uploads\/sites\/34\/files\/acesso_a_informacao\/escala-saude\/coeg\/2024\/coeg-setembro.pdf\" target=\"_blank\" rel=\"noopener\">pdf<\/a> \/ <a href=\"https:\/\/goias.gov.br\/saude\/wp-content\/uploads\/sites\/34\/files\/acesso_a_informacao\/escala-saude\/coeg\/2024\/coeg-setembro.ods\">csv<\/a> \/ <a href=\"https:\/\/goias.gov.br\/saude\/escala-coeg-setembro-2024\/\" target=\"_blank\" rel=\"noopener\">Informa\u00e7\u00f5es<\/a><\/td>\n<\/tr>\n<tr style=\"height: 46px;\">\n<td style=\"width: 48.991%; height: 46px;\">HEF \u2013 Hospital Estadual de Formosa Dr. C\u00e9sar Saad Fayad<\/td>\n<td style=\"width: 5.44671%; height: 46px;\">2024<\/td>\n<td style=\"width: 67.5142%; height: 46px;\">Setembro <a href=\"https:\/\/goias.gov.br\/saude\/wp-content\/uploads\/sites\/34\/files\/acesso_a_informacao\/escala-saude\/hef\/2024\/hef-setembro.pdf\" target=\"_blank\" rel=\"noopener\">pdf <\/a>\/ <a href=\"https:\/\/goias.gov.br\/saude\/wp-content\/uploads\/sites\/34\/files\/acesso_a_informacao\/escala-saude\/hef\/2024\/hef-setembro.ods\">csv<\/a> \/ <a href=\"https:\/\/goias.gov.br\/saude\/escala-hef-setembro-2024\/\" target=\"_blank\" rel=\"noopener\">Informa\u00e7\u00f5es<\/a><\/td>\n<\/tr>\n<tr style=\"height: 46px;\">\n<td style=\"width: 48.991%; height: 46px;\">Policl\u00ednica Estadual da Regi\u00e3o do Entorno \u2013 Formosa<\/td>\n<td style=\"width: 5.44671%; height: 46px;\">2024<\/td>\n<td style=\"width: 67.5142%; height: 46px;\">Setembro <a href=\"https:\/\/goias.gov.br\/saude\/wp-content\/uploads\/sites\/34\/files\/acesso_a_informacao\/escala-saude\/policlinica-formosa\/2024\/poli-formosa-setembro.pdf\" target=\"_blank\" rel=\"noopener\">pdf<\/a> \/ <a href=\"https:\/\/goias.gov.br\/saude\/wp-content\/uploads\/sites\/34\/files\/acesso_a_informacao\/escala-saude\/policlinica-formosa\/2024\/poli-formosa-setembro.ods\">csv<\/a> \/ <a href=\"https:\/\/goias.gov.br\/saude\/escala-policlinica-de-formosa-setembro-2024\/\" target=\"_blank\" rel=\"noopener\">Informa\u00e7\u00f5es<\/a><\/td>\n<\/tr>\n<tr style=\"height: 46px;\">\n<td style=\"width: 48.991%; height: 46px;\">HETRIN \u2013 Hospital Estadual de Trindade Walda Ferreira dos Santos<\/td>\n<td style=\"width: 5.44671%; height: 46px;\">2024<\/td>\n<td style=\"width: 67.5142%; height: 46px;\">Setembro <a href=\"https:\/\/goias.gov.br\/saude\/wp-content\/uploads\/sites\/34\/files\/acesso_a_informacao\/escala-saude\/hetrin\/2024\/hetrin-setembro.pdf\" target=\"_blank\" rel=\"noopener\">pdf<\/a> \/ <a href=\"https:\/\/goias.gov.br\/saude\/wp-content\/uploads\/sites\/34\/files\/acesso_a_informacao\/escala-saude\/hetrin\/2024\/hetrin-setembro.ods\">csv <\/a>\/ <a href=\"https:\/\/goias.gov.br\/saude\/escala-hetrin-setembro-2024\/\" target=\"_blank\" rel=\"noopener\">Informa\u00e7\u00f5es<\/a><\/td>\n<\/tr>\n<tr style=\"height: 46px;\">\n<td style=\"width: 48.991%; height: 46px;\">HDT \u2013 Hospital Estadual de Doen\u00e7as Tropicais Dr. Anuar Auad<\/td>\n<td style=\"width: 5.44671%; height: 46px;\">2024<\/td>\n<td style=\"width: 67.5142%; height: 46px;\">Setembro <a href=\"https:\/\/goias.gov.br\/saude\/wp-content\/uploads\/sites\/34\/files\/acesso_a_informacao\/escala-saude\/hdt\/2024\/hdt-setembro.pdf\" target=\"_blank\" rel=\"noopener\">pdf<\/a> \/ <a href=\"https:\/\/goias.gov.br\/saude\/wp-content\/uploads\/sites\/34\/files\/acesso_a_informacao\/escala-saude\/hdt\/2024\/hdt-setembro.ods\">csv<\/a> \/ <a href=\"https:\/\/goias.gov.br\/saude\/escala-hdt-setembro-2024\/\" target=\"_blank\" rel=\"noopener\">Informa\u00e7\u00f5es<\/a><\/td>\n<\/tr>\n<tr style=\"height: 46px;\">\n<td style=\"width: 48.991%; height: 46px;\">Policl\u00ednica Estadual da Regi\u00e3o Nordeste \u2013 Posse<\/td>\n<td style=\"width: 5.44671%; height: 46px;\">2024<\/td>\n<td style=\"width: 67.5142%; height: 46px;\">Setembro <a href=\"https:\/\/goias.gov.br\/saude\/wp-content\/uploads\/sites\/34\/files\/acesso_a_informacao\/escala-saude\/policlinica-posse\/2024\/poli-posse-setembro.pdf\" target=\"_blank\" rel=\"noopener\">pdf <\/a>\/ <a href=\"https:\/\/goias.gov.br\/saude\/wp-content\/uploads\/sites\/34\/files\/acesso_a_informacao\/escala-saude\/policlinica-posse\/2024\/poli-posse-setembro.ods\">csv <\/a>\/ <a href=\"https:\/\/goias.gov.br\/saude\/escala-policlinica-de-posse-setembro-2024\/\" target=\"_blank\" rel=\"noopener\">Informa\u00e7\u00f5es<\/a><\/td>\n<\/tr>\n<tr style=\"height: 46px;\">\n<td style=\"width: 48.991%; height: 46px;\">HCN \u2013 Hospital Estadual do Centro-Norte Goiano<\/td>\n<td style=\"width: 5.44671%; height: 46px;\">2024<\/td>\n<td style=\"width: 67.5142%; height: 46px;\">Setembro <a href=\"https:\/\/goias.gov.br\/saude\/wp-content\/uploads\/sites\/34\/files\/acesso_a_informacao\/escala-saude\/hcn\/2024\/hcn-setembro.pdf\" target=\"_blank\" rel=\"noopener\">pdf<\/a> \/ <a href=\"https:\/\/goias.gov.br\/saude\/wp-content\/uploads\/sites\/34\/files\/acesso_a_informacao\/escala-saude\/hcn\/2024\/hcn-setembro.ods\">csv<\/a> \/ <a href=\"https:\/\/goias.gov.br\/saude\/escala-hcn-setembro-2024\/\" target=\"_blank\" rel=\"noopener\">Informa\u00e7\u00f5es<\/a><\/td>\n<\/tr>\n<tr style=\"height: 46px;\">\n<td style=\"width: 48.991%; height: 46px;\">CRESM \u2013 Complexo de Refer\u00eancia Estadual em Sa\u00fade Mental \u2013 Prof. Jamil Issy<\/td>\n<td style=\"width: 5.44671%; height: 46px;\">2024<\/td>\n<td style=\"width: 67.5142%; height: 46px;\">Setembro <a href=\"https:\/\/goias.gov.br\/saude\/wp-content\/uploads\/sites\/34\/files\/acesso_a_informacao\/escala-saude\/cresm\/2024\/cresm-setembro.pdf\" target=\"_blank\" rel=\"noopener\">pdf <\/a>\/ <a href=\"https:\/\/goias.gov.br\/saude\/wp-content\/uploads\/sites\/34\/files\/acesso_a_informacao\/escala-saude\/cresm\/2024\/cresm-setembro.ods\" target=\"_blank\" rel=\"noopener\">csv <\/a>\/ <a href=\"https:\/\/goias.gov.br\/saude\/escala-cresm-setembro-2024\/\" target=\"_blank\" rel=\"noopener\">Informa\u00e7\u00f5es<\/a><\/td>\n<\/tr>\n<tr style=\"height: 46px;\">\n<td style=\"width: 48.991%; height: 46px;\">CRER \u2013 Centro Estadual de Reabilita\u00e7\u00e3o e Readapta\u00e7\u00e3o Dr. Henrique Santillo<\/td>\n<td style=\"width: 5.44671%; height: 46px;\">2024<\/td>\n<td style=\"width: 67.5142%; height: 46px;\">Setembro <a href=\"https:\/\/goias.gov.br\/saude\/wp-content\/uploads\/sites\/34\/files\/acesso_a_informacao\/escala-saude\/crer\/2024\/crer-setembro.pdf\" target=\"_blank\" rel=\"noopener\">pdf<\/a> \/ <a href=\"https:\/\/goias.gov.br\/saude\/wp-content\/uploads\/sites\/34\/files\/acesso_a_informacao\/escala-saude\/crer\/2024\/crer-setembro.ods\">csv<\/a> \/ <a href=\"https:\/\/goias.gov.br\/saude\/escala-crer-setembro-2024\/\" target=\"_blank\" rel=\"noopener\">Informa\u00e7\u00f5es<\/a><\/td>\n<\/tr>\n<tr style=\"height: 46px;\">\n<td style=\"width: 48.991%; height: 46px;\">HEL \u2013 Hospital Estadual de Luzi\u00e2nia<\/td>\n<td style=\"width: 5.44671%; height: 46px;\">2024<\/td>\n<td style=\"width: 67.5142%; height: 46px;\">Setembro <a href=\"https:\/\/goias.gov.br\/saude\/wp-content\/uploads\/sites\/34\/files\/acesso_a_informacao\/escala-saude\/hel\/2024\/hel-setembro.pdf\" target=\"_blank\" rel=\"noopener\">pdf<\/a> \/ <a href=\"https:\/\/goias.gov.br\/saude\/wp-content\/uploads\/sites\/34\/files\/acesso_a_informacao\/escala-saude\/hel\/2024\/hel-setembro.ods\">csv<\/a> \/ <a href=\"https:\/\/goias.gov.br\/saude\/escala-hel-setembro-2024\/\" target=\"_blank\" rel=\"noopener\">Informa\u00e7\u00f5es<\/a><\/td>\n<\/tr>\n<tr style=\"height: 46px;\">\n<td style=\"width: 48.991%; height: 46px;\">HECAD \u2013 Hospital Estadual da Crian\u00e7a e do Adolescente<\/td>\n<td style=\"width: 5.44671%; height: 46px;\">2024<\/td>\n<td style=\"width: 67.5142%; height: 46px;\">Setembro <a href=\"https:\/\/goias.gov.br\/saude\/wp-content\/uploads\/sites\/34\/files\/acesso_a_informacao\/escala-saude\/hecad\/2024\/hecad-setembro.pdf\" target=\"_blank\" rel=\"noopener\">pdf <\/a>\/ <a href=\"https:\/\/goias.gov.br\/saude\/wp-content\/uploads\/sites\/34\/files\/acesso_a_informacao\/escala-saude\/hecad\/2024\/hecad-setembro.ods\">csv<\/a> \/ <a href=\"https:\/\/goias.gov.br\/saude\/escala-hecad-setembro-2024\/\" target=\"_blank\" rel=\"noopener\">Informa\u00e7\u00f5es<\/a><\/td>\n<\/tr>\n<tr style=\"height: 46px;\">\n<td style=\"width: 48.991%; height: 46px;\">HDS \u2013 Hospital Estadual de Dermatologia Sanit\u00e1ria \u2013 Col\u00f4nia Santa Marta<\/td>\n<td style=\"width: 5.44671%; height: 46px;\">2024<\/td>\n<td style=\"width: 67.5142%; height: 46px;\">Setembro <a href=\"https:\/\/goias.gov.br\/saude\/wp-content\/uploads\/sites\/34\/files\/acesso_a_informacao\/escala-saude\/hds\/2024\/hds-setembro.pdf\" target=\"_blank\" rel=\"noopener\">pdf<\/a> \/ <a href=\"https:\/\/goias.gov.br\/saude\/wp-content\/uploads\/sites\/34\/files\/acesso_a_informacao\/escala-saude\/hds\/2024\/hds-setembro.ods\">csv<\/a> \/ <a href=\"https:\/\/goias.gov.br\/saude\/escala-hds-setembro-2024\/\" target=\"_blank\" rel=\"noopener\">Informa\u00e7\u00f5es<\/a><\/td>\n<\/tr>\n<tr style=\"height: 46px;\">\n<td style=\"width: 48.991%; height: 46px;\">CARA \u2013 Centro Estadual de Assist\u00eancia aos Radioacidentados Leide das Neves<\/td>\n<td style=\"width: 5.44671%; height: 46px;\">2024<\/td>\n<td style=\"width: 67.5142%; height: 46px;\">Setembro <a href=\"https:\/\/goias.gov.br\/saude\/wp-content\/uploads\/sites\/34\/files\/acesso_a_informacao\/escala-saude\/cara\/2024\/cara-setembro.pdf\" target=\"_blank\" rel=\"noopener\">pdf <\/a>\/ <a href=\"https:\/\/goias.gov.br\/saude\/wp-content\/uploads\/sites\/34\/files\/acesso_a_informacao\/escala-saude\/cara\/2024\/cara-setembro.ods\">csv <\/a>\/ <a href=\"https:\/\/goias.gov.br\/saude\/escala-cara-setembro-2024\/\" target=\"_blank\" rel=\"noopener\">Informa\u00e7\u00f5es<\/a><\/td>\n<\/tr>\n<tr style=\"height: 46px;\">\n<td style=\"width: 48.991%; height: 46px;\">Policl\u00ednica Estadual da Regi\u00e3o S\u00e3o Patr\u00edcio \u2013 Goian\u00e9sia<\/td>\n<td style=\"width: 5.44671%; height: 46px;\">2024<\/td>\n<td style=\"width: 67.5142%; height: 46px;\">Setembro <a href=\"https:\/\/goias.gov.br\/saude\/wp-content\/uploads\/sites\/34\/files\/acesso_a_informacao\/escala-saude\/policlinica-goianesia\/2024\/poli-goianesia-setembro.pdf\" target=\"_blank\" rel=\"noopener\">pdf<\/a> \/ <a href=\"https:\/\/goias.gov.br\/saude\/wp-content\/uploads\/sites\/34\/files\/acesso_a_informacao\/escala-saude\/policlinica-goianesia\/2024\/poli-goianesia-setembro.ods\">csv<\/a> \/ <a href=\"https:\/\/goias.gov.br\/saude\/escala-policlinica-de-goianesia-setembro-2024\/\" target=\"_blank\" rel=\"noopener\">Informa\u00e7\u00f5es<\/a><\/td>\n<\/tr>\n<tr style=\"height: 46px;\">\n<td style=\"width: 48.991%; height: 46px;\">Policl\u00ednica Estadual Ismael Alexandrino Pinto \u2013 S\u00e3o Lu\u00eds de Montes Belos<\/td>\n<td style=\"width: 5.44671%; height: 46px;\">2024<\/td>\n<td style=\"width: 67.5142%; height: 46px;\">Setembro <a href=\"https:\/\/goias.gov.br\/saude\/wp-content\/uploads\/sites\/34\/files\/acesso_a_informacao\/escala-saude\/policlinica-sao-luis-de-montes-belos\/2024\/poli-sao-luis-setembro.pdf\" target=\"_blank\" rel=\"noopener\">pdf <\/a>\/ <a href=\"https:\/\/goias.gov.br\/saude\/wp-content\/uploads\/sites\/34\/files\/acesso_a_informacao\/escala-saude\/policlinica-sao-luis-de-montes-belos\/2024\/poli-sao-luis-setembro.ods\">csv <\/a>\/ <a href=\"https:\/\/goias.gov.br\/saude\/escala-policlinica-de-sao-luis-de-montes-belos-setembro-2024\/\" target=\"_blank\" rel=\"noopener\">Informa\u00e7\u00f5es<\/a><\/td>\n<\/tr>\n<tr style=\"height: 46px;\">\n<td style=\"width: 48.991%; height: 46px;\">HSLMB \u2013 Hospital Estadual de S\u00e3o Lu\u00eds de Montes Belos Dr. Geraldo Land\u00f3<\/td>\n<td style=\"width: 5.44671%; height: 46px;\">2024<\/td>\n<td style=\"width: 67.5142%; height: 46px;\">Setembro <a href=\"https:\/\/goias.gov.br\/saude\/wp-content\/uploads\/sites\/34\/files\/acesso_a_informacao\/escala-saude\/hslmb\/2024\/hslmb-setembro.pdf\" target=\"_blank\" rel=\"noopener\">pdf<\/a> \/ <a href=\"https:\/\/goias.gov.br\/saude\/wp-content\/uploads\/sites\/34\/files\/acesso_a_informacao\/escala-saude\/hslmb\/2024\/hslmb-setembro.ods\">csv<\/a> \/ <a href=\"https:\/\/goias.gov.br\/saude\/escala-hslmb-setembro-2024\/\" target=\"_blank\" rel=\"noopener\">Informa\u00e7\u00f5es<\/a><\/td>\n<\/tr>\n<tr style=\"height: 46px;\">\n<td style=\"width: 48.991%; height: 46px;\">HEELJ \u2013 Hospital Estadual de Piren\u00f3polis Ernestina Lopes Jaime<\/td>\n<td style=\"width: 5.44671%; height: 46px;\">2024<\/td>\n<td style=\"width: 67.5142%; height: 46px;\">Setembro <a href=\"https:\/\/goias.gov.br\/saude\/wp-content\/uploads\/sites\/34\/files\/acesso_a_informacao\/escala-saude\/heelj\/2024\/heelj-setembro.pdf\" target=\"_blank\" rel=\"noopener\">pdf<\/a> \/ <a href=\"https:\/\/goias.gov.br\/saude\/wp-content\/uploads\/sites\/34\/files\/acesso_a_informacao\/escala-saude\/heelj\/2024\/heelj-setembro.ods\">csv<\/a> \/ <a href=\"https:\/\/goias.gov.br\/saude\/escala-heelj-setembro-2024\/\" target=\"_blank\" rel=\"noopener\">Informa\u00e7\u00f5es<\/a><\/td>\n<\/tr>\n<tr style=\"height: 46px;\">\n<td style=\"width: 48.991%; height: 46px;\">HEI \u2013 Hospital Estadual de Itumbiara S\u00e3o Marcos<\/td>\n<td style=\"width: 5.44671%; height: 46px;\">2024<\/td>\n<td style=\"width: 67.5142%; height: 46px;\">Setembro <a href=\"https:\/\/goias.gov.br\/saude\/wp-content\/uploads\/sites\/34\/files\/acesso_a_informacao\/escala-saude\/hei\/2024\/hei-setembro.pdf\" target=\"_blank\" rel=\"noopener\">pdf <\/a>\/ <a href=\"https:\/\/goias.gov.br\/saude\/wp-content\/uploads\/sites\/34\/files\/acesso_a_informacao\/escala-saude\/hei\/2024\/hei-setembro.xlsx\">csv <\/a>\/ <a href=\"https:\/\/goias.gov.br\/saude\/escala-hei-setembro-2024\/\" target=\"_blank\" rel=\"noopener\">Informa\u00e7\u00f5es<\/a><\/td>\n<\/tr>\n<tr style=\"height: 46px;\">\n<td style=\"width: 48.991%; height: 46px;\">HEANA \u2013 Hospital Estadual de An\u00e1polis Dr. Henrique Santillo<\/td>\n<td style=\"width: 5.44671%; height: 46px;\">2024<\/td>\n<td style=\"width: 67.5142%; height: 46px;\">Setembro <a href=\"https:\/\/goias.gov.br\/saude\/wp-content\/uploads\/sites\/34\/files\/acesso_a_informacao\/escala-saude\/heana\/2024\/heana-setembro.pdf\" target=\"_blank\" rel=\"noopener\">pdf<\/a> \/ <a href=\"https:\/\/goias.gov.br\/saude\/wp-content\/uploads\/sites\/34\/files\/acesso_a_informacao\/escala-saude\/heana\/2024\/heana-setembro.ods\">csv<\/a> \/ <a href=\"https:\/\/goias.gov.br\/saude\/escala-heana-setembro-2024\/\" target=\"_blank\" rel=\"noopener\">Informa\u00e7\u00f5es<\/a><\/td>\n<\/tr>\n<tr style=\"height: 46px;\">\n<td style=\"width: 48.991%; height: 46px;\">HEAL \u2013 Hospital Estadual de \u00c1guas Lindas de Goi\u00e1s<\/td>\n<td style=\"width: 5.44671%; height: 46px;\">2024<\/td>\n<td style=\"width: 67.5142%; height: 46px;\">Setembro <a href=\"https:\/\/goias.gov.br\/saude\/wp-content\/uploads\/sites\/34\/files\/acesso_a_informacao\/escala-saude\/heal\/heal-setembro.pdf\" target=\"_blank\" rel=\"noopener\">pdf <\/a>\/ <a href=\"https:\/\/goias.gov.br\/saude\/wp-content\/uploads\/sites\/34\/files\/acesso_a_informacao\/escala-saude\/heal\/heal-setembro.ods\">csv <\/a>\/ <a href=\"https:\/\/goias.gov.br\/saude\/escala-heal-setembro-2024\/\" target=\"_blank\" rel=\"noopener\">Informa\u00e7\u00f5es<\/a><\/td>\n<\/tr>\n<tr style=\"height: 46px;\">\n<td style=\"width: 48.991%; height: 46px;\">HEAPA \u2013 Hospital Estadual de Aparecida de Goi\u00e2nia Cairo Louzada<\/td>\n<td style=\"width: 5.44671%; height: 46px;\">2024<\/td>\n<td style=\"width: 67.5142%; height: 46px;\">Setembro <a href=\"https:\/\/goias.gov.br\/saude\/wp-content\/uploads\/sites\/34\/files\/acesso_a_informacao\/escala-saude\/heapa\/2024\/heapa-setembro.pdf\" target=\"_blank\" rel=\"noopener\">pdf<\/a> \/ <a href=\"https:\/\/goias.gov.br\/saude\/wp-content\/uploads\/sites\/34\/files\/acesso_a_informacao\/escala-saude\/heapa\/2024\/heapa-setembro.ods\">csv<\/a> \/ <a href=\"https:\/\/goias.gov.br\/saude\/escala-heapa-setembro-2024\/\" target=\"_blank\" rel=\"noopener\">Informa\u00e7\u00f5es<\/a><\/td>\n<\/tr>\n<tr style=\"height: 46px;\">\n<td style=\"width: 48.991%; height: 46px;\">HUGOL \u2013 Hospital Estadual de Urg\u00eancias Governador Ot\u00e1vio Lage de Siqueira<\/td>\n<td style=\"width: 5.44671%; height: 46px;\">2024<\/td>\n<td style=\"width: 67.5142%; height: 46px;\">Setembro <a href=\"https:\/\/goias.gov.br\/saude\/wp-content\/uploads\/sites\/34\/files\/acesso_a_informacao\/escala-saude\/hugol\/2024\/hugol-setembro.pdf\" target=\"_blank\" rel=\"noopener\">pdf <\/a>\/ <a href=\"https:\/\/goias.gov.br\/saude\/wp-content\/uploads\/sites\/34\/files\/acesso_a_informacao\/escala-saude\/hugol\/2024\/hugol-setembro.ods\">csv <\/a>\/ <a href=\"https:\/\/goias.gov.br\/saude\/escala-hugol-setembro-2024\/\" target=\"_blank\" rel=\"noopener\">Informa\u00e7\u00f5es<\/a><\/td>\n<\/tr>\n<tr style=\"height: 46px;\">\n<td style=\"width: 48.991%; height: 46px;\">CEAP-SOL \u2013 Centro Estadual de Aten\u00e7\u00e3o Prolongada e Casa de Apoio Condom\u00ednio Solidariedade<\/td>\n<td style=\"width: 5.44671%; height: 46px;\">2024<\/td>\n<td style=\"width: 67.5142%; height: 46px;\">Setembro <a href=\"https:\/\/goias.gov.br\/saude\/wp-content\/uploads\/sites\/34\/files\/acesso_a_informacao\/escala-saude\/ceap-sol\/2024\/ceap-sol-setembro.pdf\" target=\"_blank\" rel=\"noopener\">pdf<\/a> \/ <a href=\"https:\/\/goias.gov.br\/saude\/wp-content\/uploads\/sites\/34\/files\/acesso_a_informacao\/escala-saude\/ceap-sol\/2024\/ceap-sol-setembro.ods\">csv<\/a> \/ <a href=\"https:\/\/goias.gov.br\/saude\/escala-ceap-sol-setembro-2024\/\" target=\"_blank\" rel=\"noopener\">Informa\u00e7\u00f5es<\/a><\/td>\n<\/tr>\n<tr style=\"height: 46px;\">\n<td style=\"width: 48.991%; height: 46px;\">HEJA \u2013 Hospital Estadual de Jaragu\u00e1 Dr. Sandino de Amorim<\/td>\n<td style=\"width: 5.44671%; height: 46px;\">2024<\/td>\n<td style=\"width: 67.5142%; height: 46px;\">Setembro <a href=\"https:\/\/goias.gov.br\/saude\/wp-content\/uploads\/sites\/34\/files\/acesso_a_informacao\/escala-saude\/heja\/2024\/heja-setembro.pdf\" target=\"_blank\" rel=\"noopener\">pdf <\/a>\/ <a href=\"https:\/\/goias.gov.br\/saude\/wp-content\/uploads\/sites\/34\/files\/acesso_a_informacao\/escala-saude\/heja\/2024\/heja-setembro.ods\">csv <\/a>\/ <a href=\"https:\/\/goias.gov.br\/saude\/escala-heja-setembro-2024\/\" target=\"_blank\" rel=\"noopener\">Informa\u00e7\u00f5es<\/a><\/td>\n<\/tr>\n<tr style=\"height: 46px;\">\n<td style=\"width: 48.991%; height: 46px;\">Policl\u00ednica Estadual Brasil Bruno de Bastos Neto Regi\u00e3o Rio Vermelho \u2013 Goi\u00e1s<\/td>\n<td style=\"width: 5.44671%; height: 46px;\">2024<\/td>\n<td style=\"width: 67.5142%; height: 46px;\">Setembro <a href=\"https:\/\/goias.gov.br\/saude\/wp-content\/uploads\/sites\/34\/files\/acesso_a_informacao\/escala-saude\/policlinica-goias\/2024\/poli-goias-setembro.pdf\" target=\"_blank\" rel=\"noopener\">pdf<\/a> \/ <a href=\"https:\/\/goias.gov.br\/saude\/wp-content\/uploads\/sites\/34\/files\/acesso_a_informacao\/escala-saude\/policlinica-goias\/2024\/poli-goias-setembro.ods\">csv<\/a> \/ <a href=\"https:\/\/goias.gov.br\/saude\/escala-policlinica-de-goias-setembro-2024\/\" target=\"_blank\" rel=\"noopener\">Informa\u00e7\u00f5es<\/a><\/td>\n<\/tr>\n<tr style=\"height: 46px;\">\n<td style=\"width: 48.991%; height: 46px;\">CAPSI \u2013 Centro Estadual de Aten\u00e7\u00e3o Psicossocial e Infanto-Juvenil<\/td>\n<td style=\"width: 5.44671%; height: 46px;\">2024<\/td>\n<td style=\"width: 67.5142%; height: 46px;\">Setembro <a href=\"https:\/\/goias.gov.br\/saude\/wp-content\/uploads\/sites\/34\/files\/acesso_a_informacao\/escala-saude\/capsi\/2024\/capsi-setembro.pdf\" target=\"_blank\" rel=\"noopener\">pdf <\/a>\/ <a href=\"https:\/\/goias.gov.br\/saude\/wp-content\/uploads\/sites\/34\/files\/acesso_a_informacao\/escala-saude\/capsi\/2024\/capsi-setembro.ods\">csv <\/a>\/ <a href=\"https:\/\/goias.gov.br\/saude\/escala-capsi-setembro-2024\/\" target=\"_blank\" rel=\"noopener\">Informa\u00e7\u00f5es<\/a><\/td>\n<\/tr>\n<tr style=\"height: 46px;\">\n<td style=\"width: 48.991%; height: 46px;\">CREMIC \u2013 Centro Estadual de Refer\u00eancia em Medicina Integrativa e Complementar<\/td>\n<td style=\"width: 5.44671%; height: 46px;\">2024<\/td>\n<td style=\"width: 67.5142%; height: 46px;\">Setembro <a href=\"https:\/\/goias.gov.br\/saude\/wp-content\/uploads\/sites\/34\/files\/acesso_a_informacao\/escala-saude\/cremic\/2024\/cremic-setembro.pdf\" target=\"_blank\" rel=\"noopener\">pdf<\/a> \/ <a href=\"https:\/\/goias.gov.br\/saude\/wp-content\/uploads\/sites\/34\/files\/acesso_a_informacao\/escala-saude\/cremic\/2024\/cremic-setembro.ods\">csv<\/a> \/ <a href=\"https:\/\/goias.gov.br\/saude\/escala-cremic-setembro-2024\/\" target=\"_blank\" rel=\"noopener\">Informa\u00e7\u00f5es<\/a><\/td>\n<\/tr>\n<tr style=\"height: 46px;\">\n<td style=\"width: 48.991%; height: 46px;\">Policl\u00ednica Estadual da Regi\u00e3o Sudoeste \u2013 Quirin\u00f3polis<\/td>\n<td style=\"width: 5.44671%; height: 46px;\">2024<\/td>\n<td style=\"width: 67.5142%; height: 46px;\">Setembro <a href=\"https:\/\/goias.gov.br\/saude\/wp-content\/uploads\/sites\/34\/files\/acesso_a_informacao\/escala-saude\/policlinica-quirinopolis\/2024\/poli-quirinopolis-setembro.pdf\" target=\"_blank\" rel=\"noopener\">pdf<\/a> \/ <a href=\"https:\/\/goias.gov.br\/saude\/wp-content\/uploads\/sites\/34\/files\/acesso_a_informacao\/escala-saude\/policlinica-quirinopolis\/2024\/poli-quirinopolis-setembro.ods\">csv<\/a> \/ <a href=\"https:\/\/goias.gov.br\/saude\/escala-policlinica-quirinopolis-setembro-2024\/\" target=\"_blank\" rel=\"noopener\">Informa\u00e7\u00f5es<\/a><\/td>\n<\/tr>\n<tr style=\"border-color: #1e7038; background-color: #1e7038;\">\n<td style=\"width: 48.991%; height: 23px;\">\u00a0<\/td>\n<td style=\"width: 5.44671%; height: 23px;\">\u00a0<\/td>\n<td style=\"width: 67.5142%; height: 23px;\">\u00a0<\/td>\n<\/tr>\n<tr style=\"height: 46px;\">\n<td style=\"width: 48.991%; height: 46px;\">HEMNSL \u2013 Hospital Estadual e Maternidade Nossa Senhora de Lourdes<\/td>\n<td style=\"width: 5.44671%; height: 46px;\">2024<\/td>\n<td style=\"width: 67.5142%; height: 46px;\">Agosto <a href=\"https:\/\/goias.gov.br\/saude\/wp-content\/uploads\/sites\/34\/files\/acesso_a_informacao\/escala-saude\/hemnsl\/2024\/hemnsl-agosto.pdf\" target=\"_blank\" rel=\"noopener\">pdf<\/a> \/ <a href=\"https:\/\/goias.gov.br\/saude\/wp-content\/uploads\/sites\/34\/files\/acesso_a_informacao\/escala-saude\/hemnsl\/2024\/hemnsl-agosto.ods\">csv <\/a>\/ <a href=\"https:\/\/goias.gov.br\/saude\/escala-hemnsl-agosto-2024\/\" target=\"_blank\" rel=\"noopener\">Informa\u00e7\u00f5es<\/a><\/td>\n<\/tr>\n<tr style=\"height: 46px;\">\n<td style=\"width: 48.991%; height: 46px;\">Policl\u00ednica Estadual da Regi\u00e3o Nordeste \u2013 Posse<\/td>\n<td style=\"width: 5.44671%; height: 46px;\">2024<\/td>\n<td style=\"width: 67.5142%; height: 46px;\">Agosto <a href=\"https:\/\/goias.gov.br\/saude\/wp-content\/uploads\/sites\/34\/files\/acesso_a_informacao\/escala-saude\/policlinica-posse\/2024\/poli-posse-agosto.pdf\" target=\"_blank\" rel=\"noopener\">pdf<\/a> \/ <a href=\"https:\/\/goias.gov.br\/saude\/wp-content\/uploads\/sites\/34\/files\/acesso_a_informacao\/escala-saude\/policlinica-posse\/2024\/poli-posse-agosto.ods\">csv<\/a> \/ <a href=\"https:\/\/goias.gov.br\/saude\/escala-policlinica-de-posse-agosto-2024\/\" target=\"_blank\" rel=\"noopener\">Informa\u00e7\u00f5es<\/a><\/td>\n<\/tr>\n<tr style=\"height: 46px;\">\n<td style=\"width: 48.991%; height: 46px;\">HDT \u2013 Hospital Estadual de Doen\u00e7as Tropicais Dr. Anuar Auad<\/td>\n<td style=\"width: 5.44671%; height: 46px;\">2024<\/td>\n<td style=\"width: 67.5142%; height: 46px;\">Agosto <a href=\"https:\/\/goias.gov.br\/saude\/wp-content\/uploads\/sites\/34\/files\/acesso_a_informacao\/escala-saude\/hdt\/2024\/hdt-agosto.pdf\" target=\"_blank\" rel=\"noopener\">pdf<\/a> \/ <a href=\"https:\/\/goias.gov.br\/saude\/wp-content\/uploads\/sites\/34\/files\/acesso_a_informacao\/escala-saude\/hdt\/2024\/hdt-agosto.ods\">csv<\/a> \/ <a href=\"https:\/\/goias.gov.br\/saude\/escala-hdt-agosto-2024\/\" target=\"_blank\" rel=\"noopener\">Informa\u00e7\u00f5es<\/a><\/td>\n<\/tr>\n<tr style=\"height: 46px;\">\n<td style=\"width: 48.991%; height: 46px;\">Policl\u00ednica Estadual da Regi\u00e3o Sudoeste \u2013 Quirin\u00f3polis<\/td>\n<td style=\"width: 5.44671%; height: 46px;\">2024<\/td>\n<td style=\"width: 67.5142%; height: 46px;\">Agosto <a href=\"https:\/\/goias.gov.br\/saude\/wp-content\/uploads\/sites\/34\/files\/acesso_a_informacao\/escala-saude\/policlinica-quirinopolis\/2024\/poli-quirinopolis-agosto.pdf\" target=\"_blank\" rel=\"noopener\">pdf <\/a>\/ <a href=\"https:\/\/goias.gov.br\/saude\/wp-content\/uploads\/sites\/34\/files\/acesso_a_informacao\/escala-saude\/policlinica-quirinopolis\/2024\/poli-quirinopolis-agosto.ods\">csv<\/a> \/ <a href=\"https:\/\/goias.gov.br\/saude\/escala-policlinica-quirinopolis-agosto-2024\/\" target=\"_blank\" rel=\"noopener\">Informa\u00e7\u00f5es<\/a><\/td>\n<\/tr>\n<tr style=\"height: 46px;\">\n<td style=\"width: 48.991%; height: 46px;\">HEMU \u2013 Hospital Estadual da Mulher Dr. Jurandir do Nascimento<\/td>\n<td style=\"width: 5.44671%; height: 46px;\">2024<\/td>\n<td style=\"width: 67.5142%; height: 46px;\">Agosto <a href=\"https:\/\/goias.gov.br\/saude\/wp-content\/uploads\/sites\/34\/files\/acesso_a_informacao\/escala-saude\/hemu\/2024\/hemu-agosto.pdf\" target=\"_blank\" rel=\"noopener\">pdf<\/a> \/ <a href=\"https:\/\/goias.gov.br\/saude\/wp-content\/uploads\/sites\/34\/files\/acesso_a_informacao\/escala-saude\/hemu\/2024\/hemu-agosto.ods\">csv <\/a>\/ <a href=\"https:\/\/goias.gov.br\/saude\/escala-hemu-agosto-2024\/\" target=\"_blank\" rel=\"noopener\">Informa\u00e7\u00f5es<\/a><\/td>\n<\/tr>\n<tr style=\"height: 46px;\">\n<td style=\"width: 48.991%; height: 46px;\">HGG \u2013 Hospital Estadual Dr. Alberto Rassi<\/td>\n<td style=\"width: 5.44671%; height: 46px;\">2024<\/td>\n<td style=\"width: 67.5142%; height: 46px;\">Agosto <a href=\"https:\/\/goias.gov.br\/saude\/wp-content\/uploads\/sites\/34\/files\/acesso_a_informacao\/escala-saude\/hgg\/2024\/hgg-agosto.pdf\" target=\"_blank\" rel=\"noopener\">pdf<\/a> \/ <a href=\"https:\/\/goias.gov.br\/saude\/wp-content\/uploads\/sites\/34\/files\/acesso_a_informacao\/escala-saude\/hgg\/2024\/hgg-agosto.ods\">csv<\/a> \/ <a href=\"https:\/\/goias.gov.br\/saude\/escala-hgg-agosto-2024\/\" target=\"_blank\" rel=\"noopener\">Informa\u00e7\u00f5es<\/a><\/td>\n<\/tr>\n<tr style=\"height: 46px;\">\n<td style=\"width: 48.991%; height: 46px;\">Rede Hemo \u2013 Rede Estadual de Servi\u00e7os de Hemoterapia<\/td>\n<td style=\"width: 5.44671%; height: 46px;\">2024<\/td>\n<td style=\"width: 67.5142%; height: 46px;\">Agosto <a href=\"https:\/\/goias.gov.br\/saude\/wp-content\/uploads\/sites\/34\/files\/acesso_a_informacao\/escala-saude\/redehemo\/2024\/redehemo-agosto.pdf\" target=\"_blank\" rel=\"noopener\">pdf <\/a>\/ <a href=\"https:\/\/goias.gov.br\/saude\/wp-content\/uploads\/sites\/34\/files\/acesso_a_informacao\/escala-saude\/redehemo\/2024\/redehemo-agosto.ods\">csv <\/a>\/ <a href=\"https:\/\/goias.gov.br\/saude\/escala-rede-hemo-agosto-2024\/\" target=\"_blank\" rel=\"noopener\">Informa\u00e7\u00f5es<\/a><\/td>\n<\/tr>\n<tr style=\"height: 46px;\">\n<td style=\"width: 48.991%; height: 46px;\">HERSO \u2013 Hospital Estadual de Santa Helena de Goi\u00e1s Dr. Albanir Faleiros Machado<\/td>\n<td style=\"width: 5.44671%; height: 46px;\">2024<\/td>\n<td style=\"width: 67.5142%; height: 46px;\">Agosto <a href=\"https:\/\/goias.gov.br\/saude\/wp-content\/uploads\/sites\/34\/files\/acesso_a_informacao\/escala-saude\/herso\/2024\/herso-agosto.pdf\" target=\"_blank\" rel=\"noopener\">pdf<\/a> \/ <a href=\"https:\/\/goias.gov.br\/saude\/wp-content\/uploads\/sites\/34\/files\/acesso_a_informacao\/escala-saude\/herso\/2024\/herso-agosto.ods\">csv<\/a> \/ <a href=\"https:\/\/goias.gov.br\/saude\/escala-herso-agosto-2024\/\" target=\"_blank\" rel=\"noopener\">Informa\u00e7\u00f5es<\/a><\/td>\n<\/tr>\n<tr style=\"height: 46px;\">\n<td style=\"width: 48.991%; height: 46px;\">HEL \u2013 Hospital Estadual de Luzi\u00e2nia<\/td>\n<td style=\"width: 5.44671%; height: 46px;\">2024<\/td>\n<td style=\"width: 67.5142%; height: 46px;\">Agosto <a href=\"https:\/\/goias.gov.br\/saude\/wp-content\/uploads\/sites\/34\/files\/acesso_a_informacao\/escala-saude\/hel\/2024\/hel-agosto.pdf\" target=\"_blank\" rel=\"noopener\">pdf<\/a> \/ <a href=\"https:\/\/goias.gov.br\/saude\/wp-content\/uploads\/sites\/34\/files\/acesso_a_informacao\/escala-saude\/hel\/2024\/hel-agosto.ods\">csv<\/a> \/ <a href=\"https:\/\/goias.gov.br\/saude\/escala-hel-agosto-2024\/\" target=\"_blank\" rel=\"noopener\">Informa\u00e7\u00f5es<\/a><\/td>\n<\/tr>\n<tr style=\"height: 46px;\">\n<td style=\"width: 48.991%; height: 46px;\">Policl\u00ednica Estadual da Regi\u00e3o S\u00e3o Patr\u00edcio \u2013 Goian\u00e9sia<\/td>\n<td style=\"width: 5.44671%; height: 46px;\">2024<\/td>\n<td style=\"width: 67.5142%; height: 46px;\">Agosto <a href=\"https:\/\/goias.gov.br\/saude\/wp-content\/uploads\/sites\/34\/files\/acesso_a_informacao\/escala-saude\/policlinica-goianesia\/2024\/poli-goianesia-agosto.pdf\" target=\"_blank\" rel=\"noopener\">pdf<\/a> \/ <a href=\"https:\/\/goias.gov.br\/saude\/wp-content\/uploads\/sites\/34\/files\/acesso_a_informacao\/escala-saude\/policlinica-goianesia\/2024\/poli-goianesia-agosto.ods\">csv<\/a> \/ <a href=\"https:\/\/goias.gov.br\/saude\/escala-policlinica-de-goianesia-agosto-2024\/\" target=\"_blank\" rel=\"noopener\">Informa\u00e7\u00f5es<\/a><\/td>\n<\/tr>\n<tr style=\"height: 46px;\">\n<td style=\"width: 48.991%; height: 46px;\">HETRIN \u2013 Hospital Estadual de Trindade Walda Ferreira dos Santos<\/td>\n<td style=\"width: 5.44671%; height: 46px;\">2024<\/td>\n<td style=\"width: 67.5142%; height: 46px;\">Agosto <a href=\"https:\/\/goias.gov.br\/saude\/wp-content\/uploads\/sites\/34\/files\/acesso_a_informacao\/escala-saude\/hetrin\/2024\/hetrin-agosto.pdf\" target=\"_blank\" rel=\"noopener\">pdf<\/a> \/ <a href=\"https:\/\/goias.gov.br\/saude\/wp-content\/uploads\/sites\/34\/files\/acesso_a_informacao\/escala-saude\/hetrin\/2024\/hetrin-agosto.ods\">csv <\/a>\/ <a href=\"https:\/\/goias.gov.br\/saude\/escala-hetrin-agosto-2024\/\" target=\"_blank\" rel=\"noopener\">Informa\u00e7\u00f5es<\/a><\/td>\n<\/tr>\n<tr style=\"height: 46px;\">\n<td style=\"width: 48.991%; height: 46px;\">HEF \u2013 Hospital Estadual de Formosa Dr. C\u00e9sar Saad Fayad<\/td>\n<td style=\"width: 5.44671%; height: 46px;\">2024<\/td>\n<td style=\"width: 67.5142%; height: 46px;\">Agosto <a href=\"https:\/\/goias.gov.br\/saude\/wp-content\/uploads\/sites\/34\/files\/acesso_a_informacao\/escala-saude\/hef\/2024\/hef-agosto.pdf\" target=\"_blank\" rel=\"noopener\">pdf <\/a>\/ <a href=\"https:\/\/goias.gov.br\/saude\/wp-content\/uploads\/sites\/34\/files\/acesso_a_informacao\/escala-saude\/hef\/2024\/hef-agosto.ods\">csv<\/a> \/ <a href=\"https:\/\/goias.gov.br\/saude\/escala-hef-agosto-2024\/\" target=\"_blank\" rel=\"noopener\">Informa\u00e7\u00f5es<\/a><\/td>\n<\/tr>\n<tr style=\"height: 46px;\">\n<td style=\"width: 48.991%; height: 46px;\">HCN \u2013 Hospital Estadual do Centro-Norte Goiano<\/td>\n<td style=\"width: 5.44671%; height: 46px;\">2024<\/td>\n<td style=\"width: 67.5142%; height: 46px;\">Agosto <a href=\"https:\/\/goias.gov.br\/saude\/wp-content\/uploads\/sites\/34\/files\/acesso_a_informacao\/escala-saude\/hcn\/2024\/hcn-agosto.pdf\" target=\"_blank\" rel=\"noopener\">pdf<\/a> \/ <a href=\"https:\/\/goias.gov.br\/saude\/wp-content\/uploads\/sites\/34\/files\/acesso_a_informacao\/escala-saude\/hcn\/2024\/hcn-agosto.ods\">csv<\/a> \/ <a href=\"https:\/\/goias.gov.br\/saude\/escala-hcn-agosto-2024\/\" target=\"_blank\" rel=\"noopener\">Informa\u00e7\u00f5es<\/a><\/td>\n<\/tr>\n<tr style=\"height: 46px;\">\n<td style=\"width: 48.991%; height: 46px;\">Policl\u00ednica Estadual da Regi\u00e3o do Entorno \u2013 Formosa<\/td>\n<td style=\"width: 5.44671%; height: 46px;\">2024<\/td>\n<td style=\"width: 67.5142%; height: 46px;\">Agosto <a href=\"https:\/\/goias.gov.br\/saude\/wp-content\/uploads\/sites\/34\/files\/acesso_a_informacao\/escala-saude\/policlinica-formosa\/2024\/poli-formosa-agosto.pdf\" target=\"_blank\" rel=\"noopener\">pdf<\/a> \/ <a href=\"https:\/\/goias.gov.br\/saude\/wp-content\/uploads\/sites\/34\/files\/acesso_a_informacao\/escala-saude\/policlinica-formosa\/2024\/poli-formosa-agosto.ods\">csv<\/a> \/ <a href=\"https:\/\/goias.gov.br\/saude\/escala-policlinica-de-formosa-agosto-2024\/\" target=\"_blank\" rel=\"noopener\">Informa\u00e7\u00f5es<\/a><\/td>\n<\/tr>\n<tr style=\"height: 46px;\">\n<td style=\"width: 48.991%; height: 46px;\">CRER \u2013 Centro Estadual de Reabilita\u00e7\u00e3o e Readapta\u00e7\u00e3o Dr. Henrique Santillo<\/td>\n<td style=\"width: 5.44671%; height: 46px;\">2024<\/td>\n<td style=\"width: 67.5142%; height: 46px;\">Agosto <a href=\"https:\/\/goias.gov.br\/saude\/wp-content\/uploads\/sites\/34\/files\/acesso_a_informacao\/escala-saude\/crer\/2024\/crer-agosto.pdf\" target=\"_blank\" rel=\"noopener\">pdf<\/a> \/ <a href=\"https:\/\/goias.gov.br\/saude\/wp-content\/uploads\/sites\/34\/files\/acesso_a_informacao\/escala-saude\/crer\/2024\/crer-agosto.ods\">csv<\/a> \/ <a href=\"https:\/\/goias.gov.br\/saude\/escala-crer-agosto-2024\/\" target=\"_blank\" rel=\"noopener\">Informa\u00e7\u00f5es<\/a><\/td>\n<\/tr>\n<tr style=\"height: 46px;\">\n<td style=\"width: 48.991%; height: 46px;\">CRESM \u2013 Complexo de Refer\u00eancia Estadual em Sa\u00fade Mental \u2013 Prof. Jamil Issy<\/td>\n<td style=\"width: 5.44671%; height: 46px;\">2024<\/td>\n<td style=\"width: 67.5142%; height: 46px;\">Agosto <a href=\"https:\/\/goias.gov.br\/saude\/wp-content\/uploads\/sites\/34\/files\/acesso_a_informacao\/escala-saude\/cresm\/2024\/cresm-agosto.pdf\" target=\"_blank\" rel=\"noopener\">pdf<\/a> \/ <a href=\"https:\/\/goias.gov.br\/saude\/wp-content\/uploads\/sites\/34\/files\/acesso_a_informacao\/escala-saude\/cresm\/2024\/cresm-agosto.ods\">csv<\/a> \/ <a href=\"https:\/\/goias.gov.br\/saude\/escala-cresm-agosto-2024\/\" target=\"_blank\" rel=\"noopener\">Informa\u00e7\u00f5es<\/a><\/td>\n<\/tr>\n<tr style=\"height: 23px;\">\n<td style=\"width: 48.991%; height: 23px;\">HECAD \u2013 Hospital Estadual da Crian\u00e7a e do Adolescente<\/td>\n<td style=\"width: 5.44671%; height: 23px;\">2024<\/td>\n<td style=\"width: 67.5142%; height: 23px;\">Agosto <a href=\"https:\/\/goias.gov.br\/saude\/wp-content\/uploads\/sites\/34\/files\/acesso_a_informacao\/escala-saude\/hecad\/2024\/hecad-agosto.pdf\" target=\"_blank\" rel=\"noopener\">pdf<\/a> \/ <a href=\"https:\/\/goias.gov.br\/saude\/wp-content\/uploads\/sites\/34\/files\/acesso_a_informacao\/escala-saude\/hecad\/2024\/hecad-agosto.ods\">csv<\/a> \/ <a href=\"https:\/\/goias.gov.br\/saude\/escala-hecad-agosto-2024\/\" target=\"_blank\" rel=\"noopener\">Informa\u00e7\u00f5es<\/a><\/td>\n<\/tr>\n<tr style=\"height: 46px;\">\n<td style=\"width: 48.991%; height: 46px;\">CEAP-SOL \u2013 Centro Estadual de Aten\u00e7\u00e3o Prolongada e Casa de Apoio Condom\u00ednio Solidariedade<\/td>\n<td style=\"width: 5.44671%; height: 46px;\">2024<\/td>\n<td style=\"width: 67.5142%; height: 46px;\">Agosto <a href=\"https:\/\/goias.gov.br\/saude\/wp-content\/uploads\/sites\/34\/files\/acesso_a_informacao\/escala-saude\/ceap-sol\/2024\/ceap-sol-agosto.pdf\" target=\"_blank\" rel=\"noopener\">pdf<\/a> \/ <a href=\"https:\/\/goias.gov.br\/saude\/wp-content\/uploads\/sites\/34\/files\/acesso_a_informacao\/escala-saude\/ceap-sol\/2024\/ceap-sol-agosto.ods\">csv<\/a> \/ <a href=\"https:\/\/goias.gov.br\/saude\/escala-ceap-sol-agosto-2024\/\" target=\"_blank\" rel=\"noopener\">Informa\u00e7\u00f5es<\/a><\/td>\n<\/tr>\n<tr style=\"height: 23px;\">\n<td style=\"width: 48.991%; height: 23px;\">HEAPA \u2013 Hospital Estadual de Aparecida de Goi\u00e2nia Cairo Louzada<\/td>\n<td style=\"width: 5.44671%; height: 23px;\">2024<\/td>\n<td style=\"width: 67.5142%; height: 23px;\">Agosto <a href=\"https:\/\/goias.gov.br\/saude\/wp-content\/uploads\/sites\/34\/files\/acesso_a_informacao\/escala-saude\/heapa\/2024\/heapa-agosto.pdf\" target=\"_blank\" rel=\"noopener\">pdf<\/a> \/ <a href=\"https:\/\/goias.gov.br\/saude\/wp-content\/uploads\/sites\/34\/files\/acesso_a_informacao\/escala-saude\/heapa\/2024\/heapa-agosto.ods\">csv<\/a> \/ <a href=\"https:\/\/goias.gov.br\/saude\/escala-heapa-agosto-2024\/\" target=\"_blank\" rel=\"noopener\">Informa\u00e7\u00f5es<\/a><\/td>\n<\/tr>\n<tr style=\"height: 46px;\">\n<td style=\"width: 48.991%; height: 46px;\">HUGOL \u2013 Hospital Estadual de Urg\u00eancias Governador Ot\u00e1vio Lage de Siqueira<\/td>\n<td style=\"width: 5.44671%; height: 46px;\">2024<\/td>\n<td style=\"width: 67.5142%; height: 46px;\">Agosto <a href=\"https:\/\/goias.gov.br\/saude\/wp-content\/uploads\/sites\/34\/files\/acesso_a_informacao\/escala-saude\/hugol\/2024\/hugol-agosto.pdf\" target=\"_blank\" rel=\"noopener\">pdf<\/a> \/ <a href=\"https:\/\/goias.gov.br\/saude\/wp-content\/uploads\/sites\/34\/files\/acesso_a_informacao\/escala-saude\/hugol\/2024\/hugol-agosto.ods\">csv<\/a> \/ <a href=\"https:\/\/goias.gov.br\/saude\/escala-hugol-agosto-2024\/\" target=\"_blank\" rel=\"noopener\">Informa\u00e7\u00f5es<\/a><\/td>\n<\/tr>\n<tr style=\"height: 46px;\">\n<td style=\"width: 48.991%; height: 46px;\">HEI \u2013 Hospital Estadual de Itumbiara S\u00e3o Marcos<\/td>\n<td style=\"width: 5.44671%; height: 46px;\">2024<\/td>\n<td style=\"width: 67.5142%; height: 46px;\">Agosto <a href=\"https:\/\/goias.gov.br\/saude\/wp-content\/uploads\/sites\/34\/files\/acesso_a_informacao\/escala-saude\/hei\/2024\/hei-agosto.pdf\" target=\"_blank\" rel=\"noopener\">pdf<\/a> \/ <a href=\"https:\/\/goias.gov.br\/saude\/wp-content\/uploads\/sites\/34\/files\/acesso_a_informacao\/escala-saude\/hei\/2024\/hei-agosto.ods\">csv<\/a> \/ <a href=\"https:\/\/goias.gov.br\/saude\/escala-hei-agosto-2024\/\" target=\"_blank\" rel=\"noopener\">Informa\u00e7\u00f5es<\/a><\/td>\n<\/tr>\n<tr style=\"height: 46px;\">\n<td style=\"width: 48.991%; height: 46px;\">Policl\u00ednica Estadual Brasil Bruno de Bastos Neto Regi\u00e3o Rio Vermelho \u2013 Goi\u00e1s<\/td>\n<td style=\"width: 5.44671%; height: 46px;\">2024<\/td>\n<td style=\"width: 67.5142%; height: 46px;\">Agosto <a href=\"https:\/\/goias.gov.br\/saude\/wp-content\/uploads\/sites\/34\/files\/acesso_a_informacao\/escala-saude\/policlinica-goias\/2024\/poli-goias-agosto.pdf\" target=\"_blank\" rel=\"noopener\">pdf<\/a> \/ <a href=\"https:\/\/goias.gov.br\/saude\/wp-content\/uploads\/sites\/34\/files\/acesso_a_informacao\/escala-saude\/policlinica-goias\/2024\/poli-goias-agosto.ods\">csv<\/a> \/ <a href=\"https:\/\/goias.gov.br\/saude\/escala-policlinica-de-goias-agosto-2024\/\" target=\"_blank\" rel=\"noopener\">Informa\u00e7\u00f5es<\/a><\/td>\n<\/tr>\n<tr style=\"height: 46px;\">\n<td style=\"width: 48.991%; height: 46px;\">HEJA \u2013 Hospital Estadual de Jaragu\u00e1 Dr. Sandino de Amorim<\/td>\n<td style=\"width: 5.44671%; height: 46px;\">2024<\/td>\n<td style=\"width: 67.5142%; height: 46px;\">Agosto <a href=\"https:\/\/goias.gov.br\/saude\/wp-content\/uploads\/sites\/34\/files\/acesso_a_informacao\/escala-saude\/heja\/2024\/heja-agosto.pdf\" target=\"_blank\" rel=\"noopener\">pdf<\/a> \/ <a href=\"https:\/\/goias.gov.br\/saude\/wp-content\/uploads\/sites\/34\/files\/acesso_a_informacao\/escala-saude\/heja\/2024\/heja-agosto.ods\">csv<\/a> \/ <a href=\"https:\/\/goias.gov.br\/saude\/escala-heja-agosto-2024\/\" target=\"_blank\" rel=\"noopener\">Informa\u00e7\u00f5es<\/a><\/td>\n<\/tr>\n<tr style=\"height: 46px;\">\n<td style=\"width: 48.991%; height: 46px;\">CREMIC \u2013 Centro Estadual de Refer\u00eancia em Medicina Integrativa e Complementar<\/td>\n<td style=\"width: 5.44671%; height: 46px;\">2024<\/td>\n<td style=\"width: 67.5142%; height: 46px;\">Agosto <a href=\"https:\/\/goias.gov.br\/saude\/wp-content\/uploads\/sites\/34\/files\/acesso_a_informacao\/escala-saude\/cremic\/2024\/cremic-agosto.pdf\" target=\"_blank\" rel=\"noopener\">pdf<\/a> \/ <a href=\"https:\/\/goias.gov.br\/saude\/wp-content\/uploads\/sites\/34\/files\/acesso_a_informacao\/escala-saude\/cremic\/2024\/cremic-agosto.ods\">csv<\/a> \/ <a href=\"https:\/\/goias.gov.br\/saude\/escala-cremic-agosto-2024\/\" target=\"_blank\" rel=\"noopener\">Informa\u00e7\u00f5es<\/a><\/td>\n<\/tr>\n<tr style=\"height: 46px;\">\n<td style=\"width: 48.991%; height: 46px;\">CARA \u2013 Centro Estadual de Assist\u00eancia aos Radioacidentados Leide das Neves<\/td>\n<td style=\"width: 5.44671%; height: 46px;\">2024<\/td>\n<td style=\"width: 67.5142%; height: 46px;\">Agosto <a href=\"https:\/\/goias.gov.br\/saude\/wp-content\/uploads\/sites\/34\/files\/acesso_a_informacao\/escala-saude\/cara\/2024\/cara-agosto.pdf\" target=\"_blank\" rel=\"noopener\">pdf<\/a> \/ <a href=\"https:\/\/goias.gov.br\/saude\/wp-content\/uploads\/sites\/34\/files\/acesso_a_informacao\/escala-saude\/cara\/2024\/cara-agosto.ods\">csv<\/a> \/ <a href=\"https:\/\/goias.gov.br\/saude\/escala-cara-agosto-2024\/\" target=\"_blank\" rel=\"noopener\">Informa\u00e7\u00f5es<\/a><\/td>\n<\/tr>\n<tr style=\"height: 46px;\">\n<td style=\"width: 48.991%; height: 46px;\">Policl\u00ednica Estadual Ismael Alexandrino Pinto \u2013 S\u00e3o Lu\u00eds de Montes Belos<\/td>\n<td style=\"width: 5.44671%; height: 46px;\">2024<\/td>\n<td style=\"width: 67.5142%; height: 46px;\">Agosto <a href=\"https:\/\/goias.gov.br\/saude\/wp-content\/uploads\/sites\/34\/files\/acesso_a_informacao\/escala-saude\/policlinica-sao-luis-de-montes-belos\/2024\/poli-sao-luis-agosto.pdf\" target=\"_blank\" rel=\"noopener\">pdf<\/a> \/ <a href=\"https:\/\/goias.gov.br\/saude\/wp-content\/uploads\/sites\/34\/files\/acesso_a_informacao\/escala-saude\/policlinica-sao-luis-de-montes-belos\/2024\/poli-sao-luis-agosto.ods\">csv<\/a> \/ <a href=\"https:\/\/goias.gov.br\/saude\/escala-policlinica-de-sao-luis-de-montes-belos-agosto-2024\/\" target=\"_blank\" rel=\"noopener\">Informa\u00e7\u00f5es<\/a><\/td>\n<\/tr>\n<tr style=\"height: 46px;\">\n<td style=\"width: 48.991%; height: 46px;\">HSLMB \u2013 Hospital Estadual de S\u00e3o Lu\u00eds de Montes Belos Dr. Geraldo Land\u00f3<\/td>\n<td style=\"width: 5.44671%; height: 46px;\">2024<\/td>\n<td style=\"width: 67.5142%; height: 46px;\">Agosto <a href=\"https:\/\/goias.gov.br\/saude\/wp-content\/uploads\/sites\/34\/files\/acesso_a_informacao\/escala-saude\/hslmb\/2024\/hslmb-agosto.pdf\" target=\"_blank\" rel=\"noopener\">pdf<\/a> \/ <a href=\"https:\/\/goias.gov.br\/saude\/wp-content\/uploads\/sites\/34\/files\/acesso_a_informacao\/escala-saude\/hslmb\/2024\/hslmb-agosto.ods\">csv<\/a> \/ <a href=\"https:\/\/goias.gov.br\/saude\/escala-hslmb-agosto-2024\/\" target=\"_blank\" rel=\"noopener\">Informa\u00e7\u00f5es<\/a><\/td>\n<\/tr>\n<tr style=\"height: 46px;\">\n<td style=\"width: 48.991%; height: 46px;\">HEELJ \u2013 Hospital Estadual de Piren\u00f3polis Ernestina Lopes Jaime<\/td>\n<td style=\"width: 5.44671%; height: 46px;\">2024<\/td>\n<td style=\"width: 67.5142%; height: 46px;\">Agosto <a href=\"https:\/\/goias.gov.br\/saude\/wp-content\/uploads\/sites\/34\/files\/acesso_a_informacao\/escala-saude\/heelj\/2024\/heelj-agosto.pdf\" target=\"_blank\" rel=\"noopener\">pdf<\/a> \/ <a href=\"https:\/\/goias.gov.br\/saude\/wp-content\/uploads\/sites\/34\/files\/acesso_a_informacao\/escala-saude\/heelj\/2024\/heelj-agosto.ods\">csv<\/a> \/ <a href=\"https:\/\/goias.gov.br\/saude\/escala-heelj-agosto-2024\/\" target=\"_blank\" rel=\"noopener\">Informa\u00e7\u00f5es<\/a><\/td>\n<\/tr>\n<tr style=\"height: 46px;\">\n<td style=\"width: 48.991%; height: 46px;\">HEANA \u2013 Hospital Estadual de An\u00e1polis Dr. Henrique Santillo<\/td>\n<td style=\"width: 5.44671%; height: 46px;\">2024<\/td>\n<td style=\"width: 67.5142%; height: 46px;\">Agosto <a href=\"https:\/\/goias.gov.br\/saude\/wp-content\/uploads\/sites\/34\/files\/acesso_a_informacao\/escala-saude\/heana\/2024\/heana-agosto.pdf\" target=\"_blank\" rel=\"noopener\">pdf<\/a> \/ <a href=\"https:\/\/goias.gov.br\/saude\/wp-content\/uploads\/sites\/34\/files\/acesso_a_informacao\/escala-saude\/heana\/2024\/heana-agosto.ods\">csv<\/a> \/ <a href=\"https:\/\/goias.gov.br\/saude\/escala-heana-agosto-2024\/\" target=\"_blank\" rel=\"noopener\">Informa\u00e7\u00f5es<\/a><\/td>\n<\/tr>\n<tr style=\"height: 46px;\">\n<td style=\"width: 48.991%; height: 46px;\">HEAL \u2013 Hospital Estadual de \u00c1guas Lindas de Goi\u00e1s<\/td>\n<td style=\"width: 5.44671%; height: 46px;\">2024<\/td>\n<td style=\"width: 67.5142%; height: 46px;\">Agosto <a href=\"https:\/\/goias.gov.br\/saude\/wp-content\/uploads\/sites\/34\/files\/acesso_a_informacao\/escala-saude\/heal\/heal-agosto.pdf\" target=\"_blank\" rel=\"noopener\">pdf<\/a> \/ <a href=\"https:\/\/goias.gov.br\/saude\/wp-content\/uploads\/sites\/34\/files\/acesso_a_informacao\/escala-saude\/heal\/heal-agosto.ods\">csv<\/a> \/ <a href=\"https:\/\/goias.gov.br\/saude\/escala-heal-agosto-2024\/\" target=\"_blank\" rel=\"noopener\">Informa\u00e7\u00f5es<\/a><\/td>\n<\/tr>\n<tr style=\"height: 46px;\">\n<td style=\"width: 48.991%; height: 46px;\">HDS \u2013 Hospital Estadual de Dermatologia Sanit\u00e1ria \u2013 Col\u00f4nia Santa Marta<\/td>\n<td style=\"width: 5.44671%; height: 46px;\">2024<\/td>\n<td style=\"width: 67.5142%; height: 46px;\">Agosto <a href=\"https:\/\/goias.gov.br\/saude\/wp-content\/uploads\/sites\/34\/files\/acesso_a_informacao\/escala-saude\/hds\/2024\/hds-agosto.pdf\" target=\"_blank\" rel=\"noopener\">pdf<\/a> \/ <a href=\"https:\/\/goias.gov.br\/saude\/wp-content\/uploads\/sites\/34\/files\/acesso_a_informacao\/escala-saude\/hds\/2024\/hds-agosto.ods\">csv<\/a> \/ <a href=\"https:\/\/goias.gov.br\/saude\/escala-hds-agosto-2024\/\" target=\"_blank\" rel=\"noopener\">Informa\u00e7\u00f5es<\/a><\/td>\n<\/tr>\n<tr style=\"height: 46px;\">\n<td style=\"width: 48.991%; height: 46px;\">CAPSI \u2013 Centro Estadual de Aten\u00e7\u00e3o Psicossocial e Infanto-Juvenil<\/td>\n<td style=\"width: 5.44671%; height: 46px;\">2024<\/td>\n<td style=\"width: 67.5142%; height: 46px;\">Agosto <a href=\"https:\/\/goias.gov.br\/saude\/wp-content\/uploads\/sites\/34\/files\/acesso_a_informacao\/escala-saude\/capsi\/2024\/capsi-agosto.pdf\" target=\"_blank\" rel=\"noopener\">pdf<\/a> \/ <a href=\"https:\/\/goias.gov.br\/saude\/wp-content\/uploads\/sites\/34\/files\/acesso_a_informacao\/escala-saude\/capsi\/2024\/capsi-agosto.ods\">csv<\/a> \/ <a href=\"https:\/\/goias.gov.br\/saude\/escala-capsi-agosto-2024\/\" target=\"_blank\" rel=\"noopener\">Informa\u00e7\u00f5es<\/a><\/td>\n<\/tr>\n<tr style=\"height: 46px;\">\n<td style=\"width: 48.991%; height: 46px;\">COEG \u2013 Centro Estadual de Odontologia Sebasti\u00e3o Alves Ribeiro<\/td>\n<td style=\"width: 5.44671%; height: 46px;\">2024<\/td>\n<td style=\"width: 67.5142%; height: 46px;\">Agosto <a href=\"https:\/\/goias.gov.br\/saude\/wp-content\/uploads\/sites\/34\/files\/acesso_a_informacao\/escala-saude\/coeg\/2024\/coeg-agosto.pdf\" target=\"_blank\" rel=\"noopener\">pdf<\/a> \/ <a href=\"https:\/\/goias.gov.br\/saude\/wp-content\/uploads\/sites\/34\/files\/acesso_a_informacao\/escala-saude\/coeg\/2024\/coeg-agosto.ods\">csv<\/a> \/ <a href=\"https:\/\/goias.gov.br\/saude\/escala-coeg-agosto-2024\/\" target=\"_blank\" rel=\"noopener\">Informa\u00e7\u00f5es<\/a><\/td>\n<\/tr>\n<tr style=\"border-color: #1e7038; background-color: #1e7038;\">\n<td style=\"width: 48.991%; height: 23px;\">\u00a0<\/td>\n<td style=\"width: 5.44671%; height: 23px;\">\u00a0<\/td>\n<td style=\"width: 67.5142%; height: 23px;\">\u00a0<\/td>\n<\/tr>\n<tr style=\"height: 46px;\">\n<td style=\"width: 48.991%; height: 46px;\">Rede Hemo \u2013 Rede Estadual de Servi\u00e7os de Hemoterapia<\/td>\n<td style=\"width: 5.44671%; height: 46px;\">2024<\/td>\n<td style=\"width: 67.5142%; height: 46px;\">Julho <a href=\"https:\/\/goias.gov.br\/saude\/wp-content\/uploads\/sites\/34\/files\/acesso_a_informacao\/escala-saude\/redehemo\/2024\/redehemo-julho.pdf\" target=\"_blank\" rel=\"noopener\">pdf<\/a> \/ <a href=\"https:\/\/goias.gov.br\/saude\/wp-content\/uploads\/sites\/34\/files\/acesso_a_informacao\/escala-saude\/redehemo\/2024\/redehemo-julho.ods\">csv<\/a> \/ <a href=\"https:\/\/goias.gov.br\/saude\/escala-rede-hemo-julho-2024\/\" target=\"_blank\" rel=\"noopener\">Informa\u00e7\u00f5es<\/a><\/td>\n<\/tr>\n<tr style=\"height: 46px;\">\n<td style=\"width: 48.991%; height: 46px;\">HGG \u2013 Hospital Estadual Dr. Alberto Rassi<\/td>\n<td style=\"width: 5.44671%; height: 46px;\">2024<\/td>\n<td style=\"width: 67.5142%; height: 46px;\">Julho <a href=\"https:\/\/goias.gov.br\/saude\/wp-content\/uploads\/sites\/34\/files\/acesso_a_informacao\/escala-saude\/hgg\/2024\/hgg-julho.pdf\" target=\"_blank\" rel=\"noopener\">pdf<\/a> \/ <a href=\"https:\/\/goias.gov.br\/saude\/wp-content\/uploads\/sites\/34\/files\/acesso_a_informacao\/escala-saude\/hgg\/2024\/hgg-julho.ods\">csv<\/a> \/ <a href=\"https:\/\/goias.gov.br\/saude\/escala-hgg-julho-2024\/\" target=\"_blank\" rel=\"noopener\">Informa\u00e7\u00f5es<\/a><\/td>\n<\/tr>\n<tr style=\"height: 46px;\">\n<td style=\"width: 48.991%; height: 46px;\">HEJ \u2013 Hospital Estadual de Jata\u00ed Dr. Serafim de Carvalho<\/td>\n<td style=\"width: 5.44671%; height: 46px;\">2024<\/td>\n<td style=\"width: 67.5142%; height: 46px;\">Julho <a href=\"https:\/\/goias.gov.br\/saude\/wp-content\/uploads\/sites\/34\/files\/acesso_a_informacao\/escala-saude\/hej\/2024\/hej-julho.pdf\" target=\"_blank\" rel=\"noopener\">pdf<\/a> \/ <a href=\"https:\/\/goias.gov.br\/saude\/wp-content\/uploads\/sites\/34\/files\/acesso_a_informacao\/escala-saude\/hej\/2024\/hej-julho.ods\">csv<\/a> \/ <a href=\"https:\/\/goias.gov.br\/saude\/escala-hej-julho-2024\/\" target=\"_blank\" rel=\"noopener\">Informa\u00e7\u00f5es<\/a><\/td>\n<\/tr>\n<tr style=\"height: 46px;\">\n<td style=\"width: 48.991%; height: 46px;\">HEMNSL \u2013 Hospital Estadual e Maternidade Nossa Senhora de Lourdes<\/td>\n<td style=\"width: 5.44671%; height: 46px;\">2024<\/td>\n<td style=\"width: 67.5142%; height: 46px;\">Julho <a href=\"https:\/\/goias.gov.br\/saude\/wp-content\/uploads\/sites\/34\/files\/acesso_a_informacao\/escala-saude\/hemnsl\/2024\/hemnsl-julho.pdf\" target=\"_blank\" rel=\"noopener\">pdf<\/a> \/ <a href=\"https:\/\/goias.gov.br\/saude\/wp-content\/uploads\/sites\/34\/files\/acesso_a_informacao\/escala-saude\/hemnsl\/2024\/hemnsl-julho.ods\">csv<\/a> \/ <a href=\"https:\/\/goias.gov.br\/saude\/escala-hemnsl-julho-2024\/\" target=\"_blank\" rel=\"noopener\">Informa\u00e7\u00f5es<\/a><\/td>\n<\/tr>\n<tr style=\"height: 46px;\">\n<td style=\"width: 48.991%; height: 46px;\">HEL \u2013 Hospital Estadual de Luzi\u00e2nia<\/td>\n<td style=\"width: 5.44671%; height: 46px;\">2024<\/td>\n<td style=\"width: 67.5142%; height: 46px;\">Julho <a href=\"https:\/\/goias.gov.br\/saude\/wp-content\/uploads\/sites\/34\/files\/acesso_a_informacao\/escala-saude\/hel\/2024\/hel-julho.pdf\" target=\"_blank\" rel=\"noopener\">pdf<\/a> \/ <a href=\"https:\/\/goias.gov.br\/saude\/wp-content\/uploads\/sites\/34\/files\/acesso_a_informacao\/escala-saude\/hel\/2024\/hel-julho.ods\">csv<\/a> \/ <a href=\"https:\/\/goias.gov.br\/saude\/escala-hel-julho-2024\/\" target=\"_blank\" rel=\"noopener\">Informa\u00e7\u00f5es<\/a><\/td>\n<\/tr>\n<tr style=\"height: 46px;\">\n<td style=\"width: 48.991%; height: 46px;\">HDT \u2013 Hospital Estadual de Doen\u00e7as Tropicais Dr. Anuar Auad<\/td>\n<td style=\"width: 5.44671%; height: 46px;\">2024<\/td>\n<td style=\"width: 67.5142%; height: 46px;\">Julho <a href=\"https:\/\/goias.gov.br\/saude\/wp-content\/uploads\/sites\/34\/files\/acesso_a_informacao\/escala-saude\/hdt\/2024\/hdt-julho.pdf\" target=\"_blank\" rel=\"noopener\">pdf<\/a> \/ <a href=\"https:\/\/goias.gov.br\/saude\/wp-content\/uploads\/sites\/34\/files\/acesso_a_informacao\/escala-saude\/hdt\/2024\/hdt-julho.ods\">csv<\/a> \/ <a href=\"https:\/\/goias.gov.br\/saude\/escala-hdt-julho-2024\/\" target=\"_blank\" rel=\"noopener\">Informa\u00e7\u00f5es<\/a><\/td>\n<\/tr>\n<tr style=\"height: 46px;\">\n<td style=\"width: 48.991%; height: 46px;\">HEMU \u2013 Hospital Estadual da Mulher Dr. Jurandir do Nascimento<\/td>\n<td style=\"width: 5.44671%; height: 46px;\">2024<\/td>\n<td style=\"width: 67.5142%; height: 46px;\">Julho <a href=\"https:\/\/goias.gov.br\/saude\/wp-content\/uploads\/sites\/34\/files\/acesso_a_informacao\/escala-saude\/hemu\/2024\/hemu-julho.pdf\" target=\"_blank\" rel=\"noopener\">pdf <\/a>\/ <a href=\"https:\/\/goias.gov.br\/saude\/wp-content\/uploads\/sites\/34\/files\/acesso_a_informacao\/escala-saude\/hemu\/2024\/hemu-julho.ods\">csv <\/a>\/ <a href=\"https:\/\/goias.gov.br\/saude\/escala-hemu-julho-2024\/\" target=\"_blank\" rel=\"noopener\">Informa\u00e7\u00f5es<\/a><\/td>\n<\/tr>\n<tr style=\"height: 46px;\">\n<td style=\"width: 48.991%; height: 46px;\">HERSO \u2013 Hospital Estadual de Santa Helena de Goi\u00e1s Dr. Albanir Faleiros Machado<\/td>\n<td style=\"width: 5.44671%; height: 46px;\">2024<\/td>\n<td style=\"width: 67.5142%; height: 46px;\">Julho <a href=\"https:\/\/goias.gov.br\/saude\/wp-content\/uploads\/sites\/34\/files\/acesso_a_informacao\/escala-saude\/herso\/2024\/herso-julho.pdf\" target=\"_blank\" rel=\"noopener\">pdf<\/a> \/ <a href=\"https:\/\/goias.gov.br\/saude\/wp-content\/uploads\/sites\/34\/files\/acesso_a_informacao\/escala-saude\/herso\/2024\/herso-julho.ods\">csv<\/a> \/ <a href=\"https:\/\/goias.gov.br\/saude\/escala-herso-julho-2024\/\" target=\"_blank\" rel=\"noopener\">Informa\u00e7\u00f5es<\/a><\/td>\n<\/tr>\n<tr style=\"height: 46px;\">\n<td style=\"width: 48.991%; height: 46px;\">HUGO \u2013 Hospital de Urg\u00eancias de Goi\u00e1s Dr. Valdemiro Cruz<\/td>\n<td style=\"width: 5.44671%; height: 46px;\">2024<\/td>\n<td style=\"width: 67.5142%; height: 46px;\">Julho <a href=\"https:\/\/goias.gov.br\/saude\/wp-content\/uploads\/sites\/34\/files\/acesso_a_informacao\/escala-saude\/hugo\/2024\/hugo-julho.pdf\" target=\"_blank\" rel=\"noopener\">pdf<\/a> \/ <a href=\"https:\/\/goias.gov.br\/saude\/wp-content\/uploads\/sites\/34\/files\/acesso_a_informacao\/escala-saude\/hugo\/2024\/hugo-julho.ods\">csv<\/a> \/ <a href=\"https:\/\/goias.gov.br\/saude\/escala-hugo-julho-2024\/\" target=\"_blank\" rel=\"noopener\">Informa\u00e7\u00f5es<\/a><\/td>\n<\/tr>\n<tr style=\"height: 46px;\">\n<td style=\"width: 48.991%; height: 46px;\">COEG \u2013 Centro Estadual de Odontologia Sebasti\u00e3o Alves Ribeiro<\/td>\n<td style=\"width: 5.44671%; height: 46px;\">2024<\/td>\n<td style=\"width: 67.5142%; height: 46px;\">Julho <a href=\"https:\/\/goias.gov.br\/saude\/wp-content\/uploads\/sites\/34\/files\/acesso_a_informacao\/escala-saude\/coeg\/2024\/coeg-julho.pdf\" target=\"_blank\" rel=\"noopener\">pdf<\/a> \/ <a href=\"https:\/\/goias.gov.br\/saude\/wp-content\/uploads\/sites\/34\/files\/acesso_a_informacao\/escala-saude\/coeg\/2024\/coeg-julho.ods\">csv<\/a> \/ <a href=\"https:\/\/goias.gov.br\/saude\/escala-coeg-julho-2024\/\" target=\"_blank\" rel=\"noopener\">Informa\u00e7\u00f5es<\/a><\/td>\n<\/tr>\n<tr style=\"height: 46px;\">\n<td style=\"width: 48.991%; height: 46px;\">HEF \u2013 Hospital Estadual de Formosa Dr. C\u00e9sar Saad Fayad<\/td>\n<td style=\"width: 5.44671%; height: 46px;\">2024<\/td>\n<td style=\"width: 67.5142%; height: 46px;\">Julho <a href=\"https:\/\/goias.gov.br\/saude\/wp-content\/uploads\/sites\/34\/files\/acesso_a_informacao\/escala-saude\/hef\/2024\/hef-julho.pdf\" target=\"_blank\" rel=\"noopener\">pdf<\/a> \/ <a href=\"https:\/\/goias.gov.br\/saude\/wp-content\/uploads\/sites\/34\/files\/acesso_a_informacao\/escala-saude\/hef\/2024\/hef-julho.ods\">csv<\/a> \/ <a href=\"https:\/\/goias.gov.br\/saude\/escala-hef-julho-2024\/\" target=\"_blank\" rel=\"noopener\">Informa\u00e7\u00f5es<\/a><\/td>\n<\/tr>\n<tr style=\"height: 46px;\">\n<td style=\"width: 48.991%; height: 46px;\">HETRIN \u2013 Hospital Estadual de Trindade Walda Ferreira dos Santos<\/td>\n<td style=\"width: 5.44671%; height: 46px;\">2024<\/td>\n<td style=\"width: 67.5142%; height: 46px;\">Julho <a href=\"https:\/\/goias.gov.br\/saude\/wp-content\/uploads\/sites\/34\/files\/acesso_a_informacao\/escala-saude\/hetrin\/2024\/hetrin-julho.pdf\" target=\"_blank\" rel=\"noopener\">pdf<\/a> \/ <a href=\"https:\/\/goias.gov.br\/saude\/wp-content\/uploads\/sites\/34\/files\/acesso_a_informacao\/escala-saude\/hetrin\/2024\/hetrin-julho.ods\">csv <\/a>\/ <a href=\"https:\/\/goias.gov.br\/saude\/escala-hetrin-julho-2024\/\" target=\"_blank\" rel=\"noopener\">Informa\u00e7\u00f5es<\/a><\/td>\n<\/tr>\n<tr style=\"height: 46px;\">\n<td style=\"width: 48.991%; height: 46px;\">CRESM \u2013 Complexo de Refer\u00eancia Estadual em Sa\u00fade Mental \u2013 Prof. Jamil Issy<\/td>\n<td style=\"width: 5.44671%; height: 46px;\">2024<\/td>\n<td style=\"width: 67.5142%; height: 46px;\">Julho <a href=\"https:\/\/goias.gov.br\/saude\/wp-content\/uploads\/sites\/34\/files\/acesso_a_informacao\/escala-saude\/cresm\/2024\/cresm-julho.pdf\" target=\"_blank\" rel=\"noopener\">pdf<\/a> \/ <a href=\"https:\/\/goias.gov.br\/saude\/wp-content\/uploads\/sites\/34\/files\/acesso_a_informacao\/escala-saude\/cresm\/2024\/cresm-julho.ods\">csv<\/a> \/ <a href=\"https:\/\/goias.gov.br\/saude\/escala-cresm-julho-2024\/\" target=\"_blank\" rel=\"noopener\">Informa\u00e7\u00f5es<\/a><\/td>\n<\/tr>\n<tr style=\"height: 46px;\">\n<td style=\"width: 48.991%; height: 46px;\">HCN \u2013 Hospital Estadual do Centro-Norte Goiano<\/td>\n<td style=\"width: 5.44671%; height: 46px;\">2024<\/td>\n<td style=\"width: 67.5142%; height: 46px;\">Julho <a href=\"https:\/\/goias.gov.br\/saude\/wp-content\/uploads\/sites\/34\/files\/acesso_a_informacao\/escala-saude\/hcn\/2024\/hcn-julho.pdf\" target=\"_blank\" rel=\"noopener\">pdf<\/a> \/ <a href=\"https:\/\/goias.gov.br\/saude\/wp-content\/uploads\/sites\/34\/files\/acesso_a_informacao\/escala-saude\/hcn\/2024\/hcn-julho.ods\">csv<\/a> \/ <a href=\"https:\/\/goias.gov.br\/saude\/escala-hcn-julho-2024\/\" target=\"_blank\" rel=\"noopener\">Informa\u00e7\u00f5es<\/a><\/td>\n<\/tr>\n<tr style=\"height: 46px;\">\n<td style=\"width: 48.991%; height: 46px;\">CEAP-SOL \u2013 Centro Estadual de Aten\u00e7\u00e3o Prolongada e Casa de Apoio Condom\u00ednio Solidariedade<\/td>\n<td style=\"width: 5.44671%; height: 46px;\">2024<\/td>\n<td style=\"width: 67.5142%; height: 46px;\">Julho <a href=\"https:\/\/goias.gov.br\/saude\/wp-content\/uploads\/sites\/34\/files\/acesso_a_informacao\/escala-saude\/ceap-sol\/2024\/ceap-sol-julho.pdf\" target=\"_blank\" rel=\"noopener\">pdf<\/a> \/ <a href=\"https:\/\/goias.gov.br\/saude\/wp-content\/uploads\/sites\/34\/files\/acesso_a_informacao\/escala-saude\/ceap-sol\/2024\/ceap-sol-julho.ods\">csv<\/a> \/ <a href=\"https:\/\/goias.gov.br\/saude\/escala-ceap-sol-julho-2024\/\" target=\"_blank\" rel=\"noopener\">Informa\u00e7\u00f5es<\/a><\/td>\n<\/tr>\n<tr style=\"height: 46px;\">\n<td style=\"width: 48.991%; height: 46px;\">CARA \u2013 Centro Estadual de Assist\u00eancia aos Radioacidentados Leide das Neves<\/td>\n<td style=\"width: 5.44671%; height: 46px;\">2024<\/td>\n<td style=\"width: 67.5142%; height: 46px;\">Julho <a href=\"https:\/\/goias.gov.br\/saude\/wp-content\/uploads\/sites\/34\/files\/acesso_a_informacao\/escala-saude\/cara\/2024\/cara-julho.pdf\" target=\"_blank\" rel=\"noopener\">pdf<\/a> \/ <a href=\"https:\/\/goias.gov.br\/saude\/wp-content\/uploads\/sites\/34\/files\/acesso_a_informacao\/escala-saude\/cara\/2024\/cara-julho.ods\">csv<\/a> \/ <a href=\"https:\/\/goias.gov.br\/saude\/escala-cara-julho-2024\/\" target=\"_blank\" rel=\"noopener\">Informa\u00e7\u00f5es<\/a><\/td>\n<\/tr>\n<tr style=\"height: 46px;\">\n<td style=\"width: 48.991%; height: 46px;\">HEAL &#8211; Hospital Estadual de \u00c1guas Lindas de Goi\u00e1s<\/td>\n<td style=\"width: 5.44671%; height: 46px;\">2024<\/td>\n<td style=\"width: 67.5142%; height: 46px;\">Julho <a href=\"https:\/\/goias.gov.br\/saude\/wp-content\/uploads\/sites\/34\/files\/acesso_a_informacao\/escala-saude\/heal\/heal-julho.pdf\" target=\"_blank\" rel=\"noopener\">pdf<\/a> \/ <a href=\"https:\/\/goias.gov.br\/saude\/wp-content\/uploads\/sites\/34\/files\/acesso_a_informacao\/escala-saude\/heal\/heal-julho.ods\">csv<\/a> \/ <a href=\"https:\/\/goias.gov.br\/saude\/escala-heal-julho-2024\" target=\"_blank\" rel=\"noopener\">Informa\u00e7\u00f5es<\/a><\/td>\n<\/tr>\n<tr style=\"height: 46px;\">\n<td style=\"width: 48.991%; height: 46px;\">HUGOL \u2013 Hospital Estadual de Urg\u00eancias Governador Ot\u00e1vio Lage de Siqueira<\/td>\n<td style=\"width: 5.44671%; height: 46px;\">2024<\/td>\n<td style=\"width: 67.5142%; height: 46px;\">Julho <a href=\"https:\/\/goias.gov.br\/saude\/wp-content\/uploads\/sites\/34\/files\/acesso_a_informacao\/escala-saude\/hugol\/2024\/hugol-julho.pdf\" target=\"_blank\" rel=\"noopener\">pdf<\/a> \/ <a href=\"https:\/\/goias.gov.br\/saude\/wp-content\/uploads\/sites\/34\/files\/acesso_a_informacao\/escala-saude\/hugol\/2024\/hugol-julho.ods\">csv<\/a> \/ <a href=\"https:\/\/goias.gov.br\/saude\/escala-hugol-julho-2024\/\" target=\"_blank\" rel=\"noopener\">Informa\u00e7\u00f5es<\/a><\/td>\n<\/tr>\n<tr style=\"height: 23px;\">\n<td style=\"width: 48.991%; height: 23px;\">CRER \u2013 Centro Estadual de Reabilita\u00e7\u00e3o e Readapta\u00e7\u00e3o Dr. Henrique Santillo<\/td>\n<td style=\"width: 5.44671%; height: 23px;\">2024<\/td>\n<td style=\"width: 67.5142%; height: 23px;\">Julho <a href=\"https:\/\/goias.gov.br\/saude\/wp-content\/uploads\/sites\/34\/files\/acesso_a_informacao\/escala-saude\/crer\/2024\/crer-julho.pdf\" target=\"_blank\" rel=\"noopener\">pdf<\/a> \/ <a href=\"https:\/\/goias.gov.br\/saude\/wp-content\/uploads\/sites\/34\/files\/acesso_a_informacao\/escala-saude\/crer\/2024\/crer-julho.ods\">csv<\/a> \/ <a href=\"https:\/\/goias.gov.br\/saude\/escala-crer-julho-2024\/\" target=\"_blank\" rel=\"noopener\">Informa\u00e7\u00f5es<\/a><\/td>\n<\/tr>\n<tr style=\"height: 46px;\">\n<td style=\"width: 48.991%; height: 46px;\">HECAD \u2013 Hospital Estadual da Crian\u00e7a e do Adolescente<\/td>\n<td style=\"width: 5.44671%; height: 46px;\">2024<\/td>\n<td style=\"width: 67.5142%; height: 46px;\">Julho <a href=\"https:\/\/goias.gov.br\/saude\/wp-content\/uploads\/sites\/34\/files\/acesso_a_informacao\/escala-saude\/hecad\/2024\/hecad-julho.pdf\" target=\"_blank\" rel=\"noopener\">pdf<\/a> \/ <a href=\"https:\/\/goias.gov.br\/saude\/wp-content\/uploads\/sites\/34\/files\/acesso_a_informacao\/escala-saude\/hecad\/2024\/hecad-julho.ods\">csv<\/a> \/ <a href=\"https:\/\/goias.gov.br\/saude\/escala-hecad-julho-2024\/\" target=\"_blank\" rel=\"noopener\">Informa\u00e7\u00f5es<\/a><\/td>\n<\/tr>\n<tr style=\"height: 46px;\">\n<td style=\"width: 48.991%; height: 46px;\">HEI \u2013 Hospital Estadual de Itumbiara S\u00e3o Marcos<\/td>\n<td style=\"width: 5.44671%; height: 46px;\">2024<\/td>\n<td style=\"width: 67.5142%; height: 46px;\">Julho <a href=\"https:\/\/goias.gov.br\/saude\/wp-content\/uploads\/sites\/34\/files\/acesso_a_informacao\/escala-saude\/hei\/2024\/hei-julho.pdf\" target=\"_blank\" rel=\"noopener\">pdf<\/a> \/ <a href=\"https:\/\/goias.gov.br\/saude\/wp-content\/uploads\/sites\/34\/files\/acesso_a_informacao\/escala-saude\/hei\/2024\/hei-julho.xlsx\">csv<\/a> \/ <a href=\"https:\/\/goias.gov.br\/saude\/escala-hei-julho-2024\/\" target=\"_blank\" rel=\"noopener\">Informa\u00e7\u00f5es<\/a><\/td>\n<\/tr>\n<tr style=\"height: 23px;\">\n<td style=\"width: 48.991%; height: 23px;\">HEAPA \u2013 Hospital Estadual de Aparecida de Goi\u00e2nia Cairo Louzada<\/td>\n<td style=\"width: 5.44671%; height: 23px;\">2024<\/td>\n<td style=\"width: 67.5142%; height: 23px;\">Julho <a href=\"https:\/\/goias.gov.br\/saude\/wp-content\/uploads\/sites\/34\/files\/acesso_a_informacao\/escala-saude\/heapa\/2024\/heapa-julho.pdf\" target=\"_blank\" rel=\"noopener\">pdf<\/a> \/ <a href=\"https:\/\/goias.gov.br\/saude\/wp-content\/uploads\/sites\/34\/files\/acesso_a_informacao\/escala-saude\/heapa\/2024\/heapa-julho.ods\">csv<\/a> \/ <a href=\"https:\/\/goias.gov.br\/saude\/escala-heapa-julho-2024\/\" target=\"_blank\" rel=\"noopener\">Informa\u00e7\u00f5es<\/a><\/td>\n<\/tr>\n<tr style=\"height: 46px;\">\n<td style=\"width: 48.991%; height: 46px;\">Policl\u00ednica Estadual Brasil Bruno de Bastos Neto Regi\u00e3o Rio Vermelho \u2013 Goi\u00e1s<\/td>\n<td style=\"width: 5.44671%; height: 46px;\">2024<\/td>\n<td style=\"width: 67.5142%; height: 46px;\">Julho <a href=\"https:\/\/goias.gov.br\/saude\/wp-content\/uploads\/sites\/34\/files\/acesso_a_informacao\/escala-saude\/policlinica-goias\/2024\/poli-goias-julho.pdf\" target=\"_blank\" rel=\"noopener\">pdf<\/a> \/ <a href=\"https:\/\/goias.gov.br\/saude\/wp-content\/uploads\/sites\/34\/files\/acesso_a_informacao\/escala-saude\/policlinica-goias\/2024\/poli-goias-julho.ods\">csv<\/a> \/ <a href=\"https:\/\/goias.gov.br\/saude\/escala-policlinica-de-goias-julho-2024\/\" target=\"_blank\" rel=\"noopener\">Informa\u00e7\u00f5es<\/a><\/td>\n<\/tr>\n<tr style=\"height: 46px;\">\n<td style=\"width: 48.991%; height: 46px;\">HEJA \u2013 Hospital Estadual de Jaragu\u00e1 Dr. Sandino de Amorim<\/td>\n<td style=\"width: 5.44671%; height: 46px;\">2024<\/td>\n<td style=\"width: 67.5142%; height: 46px;\">Julho <a href=\"https:\/\/goias.gov.br\/saude\/wp-content\/uploads\/sites\/34\/files\/acesso_a_informacao\/escala-saude\/heja\/2024\/heja-julho.pdf\" target=\"_blank\" rel=\"noopener\">pdf<\/a> \/ <a href=\"https:\/\/goias.gov.br\/saude\/wp-content\/uploads\/sites\/34\/files\/acesso_a_informacao\/escala-saude\/heja\/2024\/heja-julho.ods\">csv<\/a> \/ <a href=\"https:\/\/goias.gov.br\/saude\/escala-heja-julho-2024\/\" target=\"_blank\" rel=\"noopener\">Informa\u00e7\u00f5es<\/a><\/td>\n<\/tr>\n<tr style=\"height: 46px;\">\n<td style=\"width: 48.991%; height: 46px;\">HDS \u2013 Hospital Estadual de Dermatologia Sanit\u00e1ria \u2013 Col\u00f4nia Santa Marta<\/td>\n<td style=\"width: 5.44671%; height: 46px;\">2024<\/td>\n<td style=\"width: 67.5142%; height: 46px;\">Julho <a href=\"https:\/\/goias.gov.br\/saude\/wp-content\/uploads\/sites\/34\/files\/acesso_a_informacao\/escala-saude\/hds\/2024\/hds-julho.pdf\" target=\"_blank\" rel=\"noopener\">pdf<\/a> \/ <a href=\"https:\/\/goias.gov.br\/saude\/wp-content\/uploads\/sites\/34\/files\/acesso_a_informacao\/escala-saude\/hds\/2024\/hds-julho.ods\">csv<\/a> \/ <a href=\"https:\/\/goias.gov.br\/saude\/escala-hds-julho-2024\/\" target=\"_blank\" rel=\"noopener\">Informa\u00e7\u00f5es<\/a><\/td>\n<\/tr>\n<tr style=\"height: 46px;\">\n<td style=\"width: 48.991%; height: 46px;\">Policl\u00ednica Estadual Ismael Alexandrino Pinto \u2013 S\u00e3o Lu\u00eds de Montes\u00a0 Belos<\/td>\n<td style=\"width: 5.44671%; height: 46px;\">2024<\/td>\n<td style=\"width: 67.5142%; height: 46px;\">Julho <a href=\"https:\/\/goias.gov.br\/saude\/wp-content\/uploads\/sites\/34\/files\/acesso_a_informacao\/escala-saude\/policlinica-sao-luis-de-montes-belos\/2024\/poli-sao-luis-julho.pdf\" target=\"_blank\" rel=\"noopener\">pdf<\/a> \/ <a href=\"https:\/\/goias.gov.br\/saude\/wp-content\/uploads\/sites\/34\/files\/acesso_a_informacao\/escala-saude\/policlinica-sao-luis-de-montes-belos\/2024\/poli-sao-luis-julho.ods\">csv<\/a> \/ <a href=\"https:\/\/goias.gov.br\/saude\/escala-policlinica-de-sao-luis-de-montes-belos-julho-2024\/\" target=\"_blank\" rel=\"noopener\">Informa\u00e7\u00f5es<\/a><\/td>\n<\/tr>\n<tr style=\"height: 46px;\">\n<td style=\"width: 48.991%; height: 46px;\">HSLMB \u2013 Hospital Estadual de S\u00e3o Lu\u00eds de Montes Belos Dr. Geraldo Land\u00f3<\/td>\n<td style=\"width: 5.44671%; height: 46px;\">2024<\/td>\n<td style=\"width: 67.5142%; height: 46px;\">Julho <a href=\"https:\/\/goias.gov.br\/saude\/wp-content\/uploads\/sites\/34\/files\/acesso_a_informacao\/escala-saude\/hslmb\/2024\/hslmb-julho.pdf\" target=\"_blank\" rel=\"noopener\">pdf<\/a> \/ <a href=\"https:\/\/goias.gov.br\/saude\/wp-content\/uploads\/sites\/34\/files\/acesso_a_informacao\/escala-saude\/hslmb\/2024\/hslmb-julho.ods\">csv<\/a> \/ <a href=\"https:\/\/goias.gov.br\/saude\/escala-hslmb-julho-2024\/\" target=\"_blank\" rel=\"noopener\">Informa\u00e7\u00f5es<\/a><\/td>\n<\/tr>\n<tr style=\"height: 46px;\">\n<td style=\"width: 48.991%; height: 46px;\">HEELJ \u2013 Hospital Estadual de Piren\u00f3polis Ernestina Lopes Jaime<\/td>\n<td style=\"width: 5.44671%; height: 46px;\">2024<\/td>\n<td style=\"width: 67.5142%; height: 46px;\">Julho <a href=\"https:\/\/goias.gov.br\/saude\/wp-content\/uploads\/sites\/34\/files\/acesso_a_informacao\/escala-saude\/heelj\/2024\/heelj-julho.pdf\" target=\"_blank\" rel=\"noopener\">pdf<\/a> \/ <a href=\"https:\/\/goias.gov.br\/saude\/wp-content\/uploads\/sites\/34\/files\/acesso_a_informacao\/escala-saude\/heelj\/2024\/heelj-julho.ods\">csv<\/a> \/ <a href=\"https:\/\/goias.gov.br\/saude\/escala-heelj-julho-2024\/\" target=\"_blank\" rel=\"noopener\">Informa\u00e7\u00f5es<\/a><\/td>\n<\/tr>\n<tr style=\"height: 46px;\">\n<td style=\"width: 48.991%; height: 46px;\">HEANA \u2013 Hospital Estadual de An\u00e1polis Dr. Henrique Santillo<\/td>\n<td style=\"width: 5.44671%; height: 46px;\">2024<\/td>\n<td style=\"width: 67.5142%; height: 46px;\">Julho <a href=\"https:\/\/goias.gov.br\/saude\/wp-content\/uploads\/sites\/34\/files\/acesso_a_informacao\/escala-saude\/heana\/2024\/heana-julho.pdf\" target=\"_blank\" rel=\"noopener\">pdf<\/a> \/ <a href=\"https:\/\/goias.gov.br\/saude\/wp-content\/uploads\/sites\/34\/files\/acesso_a_informacao\/escala-saude\/heana\/2024\/heana-julho.ods\">csv<\/a> \/ <a href=\"https:\/\/goias.gov.br\/saude\/escala-heana-julho-2024\/\" target=\"_blank\" rel=\"noopener\">Informa\u00e7\u00f5es<\/a><\/td>\n<\/tr>\n<tr style=\"height: 46px;\">\n<td style=\"width: 48.991%; height: 46px;\">Policl\u00ednica Estadual da Regi\u00e3o S\u00e3o Patr\u00edcio \u2013 Goian\u00e9sia<\/td>\n<td style=\"width: 5.44671%; height: 46px;\">2024<\/td>\n<td style=\"width: 67.5142%; height: 46px;\">Julho <a href=\"https:\/\/goias.gov.br\/saude\/wp-content\/uploads\/sites\/34\/files\/acesso_a_informacao\/escala-saude\/policlinica-goianesia\/2024\/poli-goianesia-julho.pdf\" target=\"_blank\" rel=\"noopener\">pdf<\/a> \/ <a href=\"https:\/\/goias.gov.br\/saude\/wp-content\/uploads\/sites\/34\/files\/acesso_a_informacao\/escala-saude\/policlinica-goianesia\/2024\/poli-goianesia-julho.ods\">csv<\/a> \/ <a href=\"https:\/\/goias.gov.br\/saude\/escala-policlinica-de-goianesia-julho-2024\/\" target=\"_blank\" rel=\"noopener\">Informa\u00e7\u00f5es<\/a><\/td>\n<\/tr>\n<tr style=\"height: 46px;\">\n<td style=\"width: 48.991%; height: 46px;\">CAPSI \u2013 Centro Estadual de Aten\u00e7\u00e3o Psicossocial e Infanto-Juvenil<\/td>\n<td style=\"width: 5.44671%; height: 46px;\">2024<\/td>\n<td style=\"width: 67.5142%; height: 46px;\">Julho <a href=\"https:\/\/goias.gov.br\/saude\/wp-content\/uploads\/sites\/34\/files\/acesso_a_informacao\/escala-saude\/capsi\/2024\/capsi-julho.pdf\" target=\"_blank\" rel=\"noopener\">pdf<\/a> \/ <a href=\"https:\/\/goias.gov.br\/saude\/wp-content\/uploads\/sites\/34\/files\/acesso_a_informacao\/escala-saude\/capsi\/2024\/capsi-julho.ods\">csv<\/a> \/ <a href=\"https:\/\/goias.gov.br\/saude\/escala-capsi-julho-2024\/\" target=\"_blank\" rel=\"noopener\">Informa\u00e7\u00f5es<\/a><\/td>\n<\/tr>\n<tr style=\"height: 46px;\">\n<td style=\"width: 48.991%; height: 46px;\">CREMIC \u2013 Centro Estadual de Refer\u00eancia em Medicina Integrativa e Complementar<\/td>\n<td style=\"width: 5.44671%; height: 46px;\">2024<\/td>\n<td style=\"width: 67.5142%; height: 46px;\">Julho <a href=\"https:\/\/goias.gov.br\/saude\/wp-content\/uploads\/sites\/34\/files\/acesso_a_informacao\/escala-saude\/cremic\/2024\/cremic-julho.pdf\" target=\"_blank\" rel=\"noopener\">pdf<\/a> \/ <a href=\"https:\/\/goias.gov.br\/saude\/wp-content\/uploads\/sites\/34\/files\/acesso_a_informacao\/escala-saude\/cremic\/2024\/cremic-julho.ods\">csv<\/a> \/ <a href=\"https:\/\/goias.gov.br\/saude\/escala-cremic-julho-2024\/\" target=\"_blank\" rel=\"noopener\">Informa\u00e7\u00f5es<\/a><\/td>\n<\/tr>\n<tr style=\"height: 46px;\">\n<td style=\"width: 48.991%; height: 46px;\">Policl\u00ednica Estadual da Regi\u00e3o Sudoeste \u2013 Quirin\u00f3polis<\/td>\n<td style=\"width: 5.44671%; height: 46px;\">2024<\/td>\n<td style=\"width: 67.5142%; height: 46px;\">Julho <a href=\"https:\/\/goias.gov.br\/saude\/wp-content\/uploads\/sites\/34\/files\/acesso_a_informacao\/escala-saude\/policlinica-quirinopolis\/2024\/poli-quirinopolis-junho.pdf\" target=\"_blank\" rel=\"noopener\">pdf<\/a> \/ <a href=\"https:\/\/goias.gov.br\/saude\/wp-content\/uploads\/sites\/34\/files\/acesso_a_informacao\/escala-saude\/policlinica-quirinopolis\/2024\/poli-quirinopolis-junho.ods\">csv<\/a> \/ <a href=\"https:\/\/goias.gov.br\/saude\/escala-policlinica-quirinopolis-junho-2024\/\" target=\"_blank\" rel=\"noopener\">Informa\u00e7\u00f5es<\/a><\/td>\n<\/tr>\n<tr style=\"border-color: #1e7038; background-color: #1e7038;\">\n<td style=\"width: 48.991%; height: 23px;\">\u00a0<\/td>\n<td style=\"width: 5.44671%; height: 23px;\">\u00a0<\/td>\n<td style=\"width: 67.5142%; height: 23px;\">\u00a0<\/td>\n<\/tr>\n<tr style=\"height: 46px;\">\n<td style=\"width: 48.991%; height: 46px;\">HUGO \u2013 Hospital de Urg\u00eancias de Goi\u00e1s Dr. Valdemiro Cruz<\/td>\n<td style=\"width: 5.44671%; height: 46px;\">2024<\/td>\n<td style=\"width: 67.5142%; height: 46px;\">Junho <a href=\"https:\/\/goias.gov.br\/saude\/wp-content\/uploads\/sites\/34\/files\/acesso_a_informacao\/escala-saude\/hugo\/2024\/hugo-junho.pdf\" target=\"_blank\" rel=\"noopener\">pdf<\/a> \/ <a href=\"https:\/\/goias.gov.br\/saude\/wp-content\/uploads\/sites\/34\/files\/acesso_a_informacao\/escala-saude\/hugo\/2024\/hugo-junho.ods\">csv<\/a> \/ <a href=\"https:\/\/goias.gov.br\/saude\/escala-hugo-junho-2024\/\" target=\"_blank\" rel=\"noopener\">Informa\u00e7\u00f5es<\/a><\/td>\n<\/tr>\n<tr style=\"height: 46px;\">\n<td style=\"width: 48.991%; height: 46px;\">HEAPA \u2013 Hospital Estadual de Aparecida de Goi\u00e2nia Cairo Louzada<\/td>\n<td style=\"width: 5.44671%; height: 46px;\">2024<\/td>\n<td style=\"width: 67.5142%; height: 46px;\">Junho <a href=\"https:\/\/goias.gov.br\/saude\/wp-content\/uploads\/sites\/34\/files\/acesso_a_informacao\/escala-saude\/heapa\/2024\/heapa-junho.pdf\" target=\"_blank\" rel=\"noopener\">pdf<\/a> \/ <a href=\"https:\/\/goias.gov.br\/saude\/wp-content\/uploads\/sites\/34\/files\/acesso_a_informacao\/escala-saude\/heapa\/2024\/heapa-junho.xlsx\">csv<\/a> \/ <a href=\"https:\/\/goias.gov.br\/saude\/escala-heapa-junho-2024\/\" target=\"_blank\" rel=\"noopener\">Informa\u00e7\u00f5es<\/a><\/td>\n<\/tr>\n<tr style=\"height: 46px;\">\n<td style=\"width: 48.991%; height: 46px;\">Policl\u00ednica Estadual da Regi\u00e3o S\u00e3o Patr\u00edcio \u2013 Goian\u00e9sia<\/td>\n<td style=\"width: 5.44671%; height: 46px;\">2024<\/td>\n<td style=\"width: 67.5142%; height: 46px;\">Junho <a href=\"https:\/\/goias.gov.br\/saude\/wp-content\/uploads\/sites\/34\/files\/acesso_a_informacao\/escala-saude\/policlinica-goianesia\/2024\/poli-goianesia-junho.pdf\" target=\"_blank\" rel=\"noopener\">pdf<\/a> \/ <a href=\"https:\/\/goias.gov.br\/saude\/wp-content\/uploads\/sites\/34\/files\/acesso_a_informacao\/escala-saude\/policlinica-goianesia\/2024\/poli-goianesia-junho.xlsx\">csv<\/a> \/ <a href=\"https:\/\/goias.gov.br\/saude\/escala-policlinica-de-goianesia-junho-2024\/\" target=\"_blank\" rel=\"noopener\">Informa\u00e7\u00f5es<\/a><\/td>\n<\/tr>\n<tr style=\"height: 46px;\">\n<td style=\"width: 48.991%; height: 46px;\">HEMNSL \u2013 Hospital Estadual e Maternidade Nossa Senhora de Lourdes<\/td>\n<td style=\"width: 5.44671%; height: 46px;\">2024<\/td>\n<td style=\"width: 67.5142%; height: 46px;\">Junho <a href=\"https:\/\/goias.gov.br\/saude\/wp-content\/uploads\/sites\/34\/files\/acesso_a_informacao\/escala-saude\/hemnsl\/2024\/hemnsl-junho.pdf\" target=\"_blank\" rel=\"noopener\">pdf<\/a> \/ <a href=\"https:\/\/goias.gov.br\/saude\/wp-content\/uploads\/sites\/34\/files\/acesso_a_informacao\/escala-saude\/hemnsl\/2024\/hemnsl-junho.ods\">csv<\/a> \/ <a href=\"https:\/\/goias.gov.br\/saude\/escala-hemnsl-junho-2024\/\" target=\"_blank\" rel=\"noopener\">Informa\u00e7\u00f5es<\/a><\/td>\n<\/tr>\n<tr style=\"height: 46px;\">\n<td style=\"width: 48.991%; height: 46px;\">Policl\u00ednica Estadual da Regi\u00e3o do Entorno \u2013 Formosa<\/td>\n<td style=\"width: 5.44671%; height: 46px;\">2024<\/td>\n<td style=\"width: 67.5142%; height: 46px;\">Junho <a href=\"https:\/\/goias.gov.br\/saude\/wp-content\/uploads\/sites\/34\/files\/acesso_a_informacao\/escala-saude\/policlinica-formosa\/2024\/poli-formosa-junho.pdf\" target=\"_blank\" rel=\"noopener\">pdf<\/a> \/ <a href=\"https:\/\/goias.gov.br\/saude\/wp-content\/uploads\/sites\/34\/files\/acesso_a_informacao\/escala-saude\/policlinica-formosa\/2024\/poli-formosa-junho.ods\">csv<\/a> \/ <a href=\"https:\/\/goias.gov.br\/saude\/escala-policlinica-de-formosa-junho-2024\/\" target=\"_blank\" rel=\"noopener\">Informa\u00e7\u00f5es<\/a><\/td>\n<\/tr>\n<tr style=\"height: 46px;\">\n<td style=\"width: 48.991%; height: 46px;\">Policl\u00ednica Estadual da Regi\u00e3o Nordeste \u2013 Posse<\/td>\n<td style=\"width: 5.44671%; height: 46px;\">2024<\/td>\n<td style=\"width: 67.5142%; height: 46px;\">Junho <a href=\"https:\/\/goias.gov.br\/saude\/wp-content\/uploads\/sites\/34\/files\/acesso_a_informacao\/escala-saude\/policlinica-posse\/2024\/poli-posse-junho.pdf\" target=\"_blank\" rel=\"noopener\">pdf<\/a> \/ <a href=\"https:\/\/goias.gov.br\/saude\/wp-content\/uploads\/sites\/34\/files\/acesso_a_informacao\/escala-saude\/policlinica-posse\/2024\/poli-posse-junho.ods\">csv<\/a> \/ <a href=\"https:\/\/goias.gov.br\/saude\/escala-policlinica-de-posse-junho-2024\/\" target=\"_blank\" rel=\"noopener\">Informa\u00e7\u00f5es<\/a><\/td>\n<\/tr>\n<tr style=\"height: 46px;\">\n<td style=\"width: 48.991%; height: 46px;\">HERSO \u2013 Hospital Estadual de Santa Helena de Goi\u00e1s Dr. Albanir Faleiros Machado<\/td>\n<td style=\"width: 5.44671%; height: 46px;\">2024<\/td>\n<td style=\"width: 67.5142%; height: 46px;\">Junho <a href=\"https:\/\/goias.gov.br\/saude\/wp-content\/uploads\/sites\/34\/files\/acesso_a_informacao\/escala-saude\/herso\/2024\/herso-junho.pdf\" target=\"_blank\" rel=\"noopener\">pdf<\/a> \/ <a href=\"https:\/\/goias.gov.br\/saude\/wp-content\/uploads\/sites\/34\/files\/acesso_a_informacao\/escala-saude\/herso\/2024\/herso-junho.ods\">csv<\/a> \/ <a href=\"https:\/\/goias.gov.br\/saude\/escala-herso-junho-2024\/\" target=\"_blank\" rel=\"noopener\">Informa\u00e7\u00f5es<\/a><\/td>\n<\/tr>\n<tr style=\"height: 46px;\">\n<td style=\"width: 48.991%; height: 46px;\">Rede Hemo \u2013 Rede Estadual de Servi\u00e7os de Hemoterapia<\/td>\n<td style=\"width: 5.44671%; height: 46px;\">2024<\/td>\n<td style=\"width: 67.5142%; height: 46px;\">Junho <a href=\"https:\/\/goias.gov.br\/saude\/wp-content\/uploads\/sites\/34\/\/files\/acesso_a_informacao\/escala-saude\/redehemo\/2024\/redehemo-junho.pdf\" target=\"_blank\" rel=\"noopener\">pdf<\/a> \/ <a href=\"https:\/\/goias.gov.br\/saude\/wp-content\/uploads\/sites\/34\/\/files\/acesso_a_informacao\/escala-saude\/redehemo\/2024\/redehemo-junho.ods\">csv<\/a> \/ <a href=\"https:\/\/goias.gov.br\/saude\/escala-rede-hemo-junho-2024\/\" target=\"_blank\" rel=\"noopener\">Informa\u00e7\u00f5es<\/a><\/td>\n<\/tr>\n<tr style=\"height: 46px;\">\n<td style=\"width: 48.991%; height: 46px;\">HGG \u2013 Hospital Estadual Dr. Alberto Rassi<\/td>\n<td style=\"width: 5.44671%; height: 46px;\">2024<\/td>\n<td style=\"width: 67.5142%; height: 46px;\">Junho <a href=\"https:\/\/goias.gov.br\/saude\/wp-content\/uploads\/sites\/34\/files\/acesso_a_informacao\/escala-saude\/hgg\/2024\/hgg-junho.pdf\" target=\"_blank\" rel=\"noopener\">pdf<\/a> \/ <a href=\"https:\/\/goias.gov.br\/saude\/wp-content\/uploads\/sites\/34\/files\/acesso_a_informacao\/escala-saude\/hgg\/2024\/hgg-junho.ods\" target=\"_blank\" rel=\"noopener\">csv<\/a> \/ <a href=\"https:\/\/goias.gov.br\/saude\/escala-hgg-junho-2024\/\" target=\"_blank\" rel=\"noopener\">Informa\u00e7\u00f5es<\/a><\/td>\n<\/tr>\n<tr style=\"height: 46px;\">\n<td style=\"width: 48.991%; height: 46px;\">HEMU \u2013 Hospital Estadual da Mulher Dr. Jurandir do Nascimento<\/td>\n<td style=\"width: 5.44671%; height: 46px;\">2024<\/td>\n<td style=\"width: 67.5142%; height: 46px;\">Junho <a href=\"https:\/\/goias.gov.br\/saude\/wp-content\/uploads\/sites\/34\/files\/acesso_a_informacao\/escala-saude\/hemu\/2024\/hemu-junho.pdf\" target=\"_blank\" rel=\"noopener\">pdf <\/a>\/ <a href=\"https:\/\/goias.gov.br\/saude\/wp-content\/uploads\/sites\/34\/files\/acesso_a_informacao\/escala-saude\/hemu\/2024\/hemu-junho.ods\">csv <\/a>\/ <a href=\"https:\/\/goias.gov.br\/saude\/escala-hemu-junho-2024\/\" target=\"_blank\" rel=\"noopener\">Informa\u00e7\u00f5es<\/a><\/td>\n<\/tr>\n<tr style=\"height: 46px;\">\n<td style=\"width: 48.991%; height: 46px;\">HEJ \u2013 Hospital Estadual de Jata\u00ed Dr. Serafim de Carvalho<\/td>\n<td style=\"width: 5.44671%; height: 46px;\">2024<\/td>\n<td style=\"width: 67.5142%; height: 46px;\">Junho <a href=\"https:\/\/goias.gov.br\/saude\/wp-content\/uploads\/sites\/34\/files\/acesso_a_informacao\/escala-saude\/hej\/2024\/hej-junho.pdf\" target=\"_blank\" rel=\"noopener\">pdf<\/a> \/ <a href=\"https:\/\/goias.gov.br\/saude\/wp-content\/uploads\/sites\/34\/files\/acesso_a_informacao\/escala-saude\/hej\/2024\/hej-junho.ods\">csv<\/a> \/ <a href=\"https:\/\/goias.gov.br\/saude\/escala-hej-junho-2024\/\" target=\"_blank\" rel=\"noopener\">Informa\u00e7\u00f5es<\/a><\/td>\n<\/tr>\n<tr style=\"height: 46px;\">\n<td style=\"width: 48.991%; height: 46px;\">CRESM \u2013 Complexo de Refer\u00eancia Estadual em Sa\u00fade Mental \u2013 Prof. Jamil Issy<\/td>\n<td style=\"width: 5.44671%; height: 46px;\">2024<\/td>\n<td style=\"width: 67.5142%; height: 46px;\">Junho <a href=\"https:\/\/goias.gov.br\/saude\/wp-content\/uploads\/sites\/34\/files\/acesso_a_informacao\/escala-saude\/cresm\/2024\/cresm-junho.pdf\" target=\"_blank\" rel=\"noopener\">pdf<\/a> \/ <a href=\"https:\/\/goias.gov.br\/saude\/wp-content\/uploads\/sites\/34\/files\/acesso_a_informacao\/escala-saude\/cresm\/2024\/cresm-junho.ods\">csv<\/a> \/ <a href=\"https:\/\/goias.gov.br\/saude\/escala-cresm-junho-2024\/\" target=\"_blank\" rel=\"noopener\">Informa\u00e7\u00f5es<\/a><\/td>\n<\/tr>\n<tr style=\"height: 46px;\">\n<td style=\"width: 48.991%; height: 46px;\">HEL \u2013 Hospital Estadual de Luzi\u00e2nia<\/td>\n<td style=\"width: 5.44671%; height: 46px;\">2024<\/td>\n<td style=\"width: 67.5142%; height: 46px;\">Junho <a href=\"https:\/\/goias.gov.br\/saude\/wp-content\/uploads\/sites\/34\/files\/acesso_a_informacao\/escala-saude\/hel\/2024\/hel-junho.pdf\" target=\"_blank\" rel=\"noopener\">pdf<\/a> \/ <a href=\"https:\/\/goias.gov.br\/saude\/wp-content\/uploads\/sites\/34\/files\/acesso_a_informacao\/escala-saude\/hel\/2024\/hel-junho.ods\">csv<\/a> \/ <a href=\"https:\/\/goias.gov.br\/saude\/escala-hel-junho-2024\/\" target=\"_blank\" rel=\"noopener\">Informa\u00e7\u00f5es<\/a><\/td>\n<\/tr>\n<tr style=\"height: 46px;\">\n<td style=\"width: 48.991%; height: 46px;\">HETRIN \u2013 Hospital Estadual de Trindade Walda Ferreira dos Santos<\/td>\n<td style=\"width: 5.44671%; height: 46px;\">2024<\/td>\n<td style=\"width: 67.5142%; height: 46px;\">Junho <a href=\"https:\/\/goias.gov.br\/saude\/wp-content\/uploads\/sites\/34\/files\/acesso_a_informacao\/escala-saude\/hetrin\/2024\/hetrin-junho.pdf\" target=\"_blank\" rel=\"noopener\">pdf <\/a>\/ <a href=\"https:\/\/goias.gov.br\/saude\/wp-content\/uploads\/sites\/34\/files\/acesso_a_informacao\/escala-saude\/hetrin\/2024\/hetrin-junho.ods\">csv <\/a>\/ <a href=\"https:\/\/goias.gov.br\/saude\/escala-hetrin-junho-2024\/\" target=\"_blank\" rel=\"noopener\">Informa\u00e7\u00f5es<\/a><\/td>\n<\/tr>\n<tr style=\"height: 46px;\">\n<td style=\"width: 48.991%; height: 46px;\">HCN \u2013 Hospital Estadual do Centro-Norte Goiano<\/td>\n<td style=\"width: 5.44671%; height: 46px;\">2024<\/td>\n<td style=\"width: 67.5142%; height: 46px;\">Junho <a href=\"https:\/\/goias.gov.br\/saude\/wp-content\/uploads\/sites\/34\/files\/acesso_a_informacao\/escala-saude\/hcn\/2024\/hcn-junho.pdf\" target=\"_blank\" rel=\"noopener\">pdf<\/a> \/ <a href=\"https:\/\/goias.gov.br\/saude\/wp-content\/uploads\/sites\/34\/files\/acesso_a_informacao\/escala-saude\/hcn\/2024\/hcn-junho.ods\">csv<\/a> \/ <a href=\"https:\/\/goias.gov.br\/saude\/escala-hcn-junho-2024\/\" target=\"_blank\" rel=\"noopener\">Informa\u00e7\u00f5es<\/a><\/td>\n<\/tr>\n<tr style=\"height: 23px;\">\n<td style=\"width: 48.991%; height: 23px;\">HEF \u2013 Hospital Estadual de Formosa Dr. C\u00e9sar Saad Fayad<\/td>\n<td style=\"width: 5.44671%; height: 23px;\">2024<\/td>\n<td style=\"width: 67.5142%; height: 23px;\">Junho <a href=\"https:\/\/goias.gov.br\/saude\/wp-content\/uploads\/sites\/34\/files\/acesso_a_informacao\/escala-saude\/hef\/2024\/hef-junho.pdf\" target=\"_blank\" rel=\"noopener\">pdf<\/a> \/ <a href=\"https:\/\/goias.gov.br\/saude\/wp-content\/uploads\/sites\/34\/files\/acesso_a_informacao\/escala-saude\/hef\/2024\/hef-junho.ods\">csv<\/a> \/ <a href=\"https:\/\/goias.gov.br\/saude\/escala-hef-junho-2024\/\" target=\"_blank\" rel=\"noopener\">Informa\u00e7\u00f5es<\/a><\/td>\n<\/tr>\n<tr style=\"height: 46px;\">\n<td style=\"width: 48.991%; height: 46px;\">CRER \u2013 Centro Estadual de Reabilita\u00e7\u00e3o e Readapta\u00e7\u00e3o Dr. Henrique Santillo<\/td>\n<td style=\"width: 5.44671%; height: 46px;\">2024<\/td>\n<td style=\"width: 67.5142%; height: 46px;\">Junho <a href=\"https:\/\/goias.gov.br\/saude\/wp-content\/uploads\/sites\/34\/files\/acesso_a_informacao\/escala-saude\/crer\/2024\/crer-junho.pdf\" target=\"_blank\" rel=\"noopener\">pdf<\/a> \/ <a href=\"https:\/\/goias.gov.br\/saude\/wp-content\/uploads\/sites\/34\/files\/acesso_a_informacao\/escala-saude\/crer\/2024\/crer-junho.ods\">csv<\/a> \/ <a href=\"https:\/\/goias.gov.br\/saude\/escala-crer-junho-2024\/\" target=\"_blank\" rel=\"noopener\">Informa\u00e7\u00f5es<\/a><\/td>\n<\/tr>\n<tr style=\"height: 46px;\">\n<td style=\"width: 48.991%; height: 46px;\">Policl\u00ednica Estadual Ismael Alexandrino Pinto \u2013 S\u00e3o Lu\u00eds de Montes\u00a0 Belos<\/td>\n<td style=\"width: 5.44671%; height: 46px;\">2024<\/td>\n<td style=\"width: 67.5142%; height: 46px;\">Junho <a href=\"https:\/\/goias.gov.br\/saude\/wp-content\/uploads\/sites\/34\/files\/acesso_a_informacao\/escala-saude\/policlinica-sao-luis-de-montes-belos\/2024\/poli-sao-luis-junho.pdf\" target=\"_blank\" rel=\"noopener\">pdf<\/a> \/ <a href=\"https:\/\/goias.gov.br\/saude\/wp-content\/uploads\/sites\/34\/files\/acesso_a_informacao\/escala-saude\/policlinica-sao-luis-de-montes-belos\/2024\/poli-sao-luis-junho.ods\">csv<\/a> \/ <a href=\"https:\/\/goias.gov.br\/saude\/escala-policlinica-de-sao-luis-de-montes-belos-junho-2024\/\" target=\"_blank\" rel=\"noopener\">Informa\u00e7\u00f5es<\/a><\/td>\n<\/tr>\n<tr style=\"height: 46px;\">\n<td style=\"width: 48.991%; height: 46px;\">HSLMB \u2013 Hospital Estadual de S\u00e3o Lu\u00eds de Montes Belos Dr. Geraldo Land\u00f3<\/td>\n<td style=\"width: 5.44671%; height: 46px;\">2024<\/td>\n<td style=\"width: 67.5142%; height: 46px;\">Junho <a href=\"https:\/\/goias.gov.br\/saude\/wp-content\/uploads\/sites\/34\/files\/acesso_a_informacao\/escala-saude\/hslmb\/2024\/hslmb-junho.pdf\" target=\"_blank\" rel=\"noopener\">pdf<\/a> \/ <a href=\"https:\/\/goias.gov.br\/saude\/wp-content\/uploads\/sites\/34\/files\/acesso_a_informacao\/escala-saude\/hslmb\/2024\/hslmb-junho.ods\">csv<\/a> \/ <a href=\"https:\/\/goias.gov.br\/saude\/escala-hslmb-junho-2024\/\" target=\"_blank\" rel=\"noopener\">Informa\u00e7\u00f5es<\/a><\/td>\n<\/tr>\n<tr style=\"height: 46px;\">\n<td style=\"width: 48.991%; height: 46px;\">HEELJ \u2013 Hospital Estadual de Piren\u00f3polis Ernestina Lopes Jaime<\/td>\n<td style=\"width: 5.44671%; height: 46px;\">2024<\/td>\n<td style=\"width: 67.5142%; height: 46px;\">Junho <a href=\"https:\/\/goias.gov.br\/saude\/wp-content\/uploads\/sites\/34\/files\/acesso_a_informacao\/escala-saude\/heelj\/2024\/heelj-junho.pdf\" target=\"_blank\" rel=\"noopener\">pdf<\/a> \/ <a href=\"https:\/\/goias.gov.br\/saude\/wp-content\/uploads\/sites\/34\/files\/acesso_a_informacao\/escala-saude\/heelj\/2024\/heelj-junho.ods\">csv<\/a> \/ <a href=\"https:\/\/goias.gov.br\/saude\/escala-heelj-junho-2024\/\" target=\"_blank\" rel=\"noopener\">Informa\u00e7\u00f5es<\/a><\/td>\n<\/tr>\n<tr style=\"height: 46px;\">\n<td style=\"width: 48.991%; height: 46px;\">HEANA \u2013 Hospital Estadual de An\u00e1polis Dr. Henrique Santillo<\/td>\n<td style=\"width: 5.44671%; height: 46px;\">2024<\/td>\n<td style=\"width: 67.5142%; height: 46px;\">Junho <a href=\"https:\/\/goias.gov.br\/saude\/wp-content\/uploads\/sites\/34\/files\/acesso_a_informacao\/escala-saude\/heana\/2024\/heana-junho.pdf\" target=\"_blank\" rel=\"noopener\">pdf<\/a> \/ <a href=\"https:\/\/goias.gov.br\/saude\/wp-content\/uploads\/sites\/34\/files\/acesso_a_informacao\/escala-saude\/heana\/2024\/heana-junho.ods\">csv<\/a> \/ <a href=\"https:\/\/goias.gov.br\/saude\/escala-heana-junho-2024\/\" target=\"_blank\" rel=\"noopener\">Informa\u00e7\u00f5es<\/a><\/td>\n<\/tr>\n<tr style=\"height: 46px;\">\n<td style=\"width: 48.991%; height: 46px;\">CARA \u2013 Centro Estadual de Assist\u00eancia aos Radioacidentados Leide das Neves<\/td>\n<td style=\"width: 5.44671%; height: 46px;\">2024<\/td>\n<td style=\"width: 67.5142%; height: 46px;\">Junho <a href=\"https:\/\/goias.gov.br\/saude\/wp-content\/uploads\/sites\/34\/files\/acesso_a_informacao\/escala-saude\/cara\/2024\/cara-junho.pdf\" target=\"_blank\" rel=\"noopener\">pdf<\/a> \/ <a href=\"https:\/\/goias.gov.br\/saude\/wp-content\/uploads\/sites\/34\/files\/acesso_a_informacao\/escala-saude\/cara\/2024\/cara-junho.ods\">csv<\/a> \/ <a href=\"https:\/\/goias.gov.br\/saude\/escala-cara-junho-2024\/\" target=\"_blank\" rel=\"noopener\">Informa\u00e7\u00f5es<\/a><\/td>\n<\/tr>\n<tr style=\"height: 46px;\">\n<td style=\"width: 48.991%; height: 46px;\">HDT \u2013 Hospital Estadual de Doen\u00e7as Tropicais Dr. Anuar Auad<\/td>\n<td style=\"width: 5.44671%; height: 46px;\">2024<\/td>\n<td style=\"width: 67.5142%; height: 46px;\">Junho <a href=\"https:\/\/goias.gov.br\/saude\/wp-content\/uploads\/sites\/34\/files\/acesso_a_informacao\/escala-saude\/hdt\/2024\/hdt-junho.pdf\" target=\"_blank\" rel=\"noopener\">pdf<\/a> \/ <a href=\"https:\/\/goias.gov.br\/saude\/wp-content\/uploads\/sites\/34\/files\/acesso_a_informacao\/escala-saude\/hdt\/2024\/hdt-junho.ods\">csv<\/a> \/ <a href=\"https:\/\/goias.gov.br\/saude\/escala-hdt-junho-2024\/\" target=\"_blank\" rel=\"noopener\">Informa\u00e7\u00f5es<\/a><\/td>\n<\/tr>\n<tr style=\"height: 46px;\">\n<td style=\"width: 48.991%; height: 46px;\">HECAD \u2013 Hospital Estadual da Crian\u00e7a e do Adolescente<\/td>\n<td style=\"width: 5.44671%; height: 46px;\">2024<\/td>\n<td style=\"width: 67.5142%; height: 46px;\">Junho <a href=\"https:\/\/goias.gov.br\/saude\/wp-content\/uploads\/sites\/34\/files\/acesso_a_informacao\/escala-saude\/hecad\/2024\/hecad-junho.pdf\" target=\"_blank\" rel=\"noopener\">pdf<\/a> \/ <a href=\"https:\/\/goias.gov.br\/saude\/wp-content\/uploads\/sites\/34\/files\/acesso_a_informacao\/escala-saude\/hecad\/2024\/hecad-junho.ods\">csv<\/a> \/ <a href=\"https:\/\/goias.gov.br\/saude\/escala-hecad-junho-2024\/\" target=\"_blank\" rel=\"noopener\">Informa\u00e7\u00f5es<\/a><\/td>\n<\/tr>\n<tr style=\"height: 46px;\">\n<td style=\"width: 48.991%; height: 46px;\">HUGOL \u2013 Hospital Estadual de Urg\u00eancias Governador Ot\u00e1vio Lage de Siqueira<\/td>\n<td style=\"width: 5.44671%; height: 46px;\">2024<\/td>\n<td style=\"width: 67.5142%; height: 46px;\">Junho <a href=\"https:\/\/goias.gov.br\/saude\/wp-content\/uploads\/sites\/34\/files\/acesso_a_informacao\/escala-saude\/hugol\/2024\/hugol-junho.pdf\" target=\"_blank\" rel=\"noopener\">pdf<\/a> \/ <a href=\"https:\/\/goias.gov.br\/saude\/wp-content\/uploads\/sites\/34\/files\/acesso_a_informacao\/escala-saude\/hugol\/2024\/hugol-junho.ods\">csv<\/a> \/ <a href=\"https:\/\/goias.gov.br\/saude\/escala-hugol-junho-2024\/\" target=\"_blank\" rel=\"noopener\">Informa\u00e7\u00f5es<\/a><\/td>\n<\/tr>\n<tr style=\"height: 46px;\">\n<td style=\"width: 48.991%; height: 46px;\">HEI \u2013 Hospital Estadual de Itumbiara S\u00e3o Marcos<\/td>\n<td style=\"width: 5.44671%; height: 46px;\">2024<\/td>\n<td style=\"width: 67.5142%; height: 46px;\">Junho <a href=\"https:\/\/goias.gov.br\/saude\/wp-content\/uploads\/sites\/34\/files\/acesso_a_informacao\/escala-saude\/hei\/2024\/hei-junho.pdf\" target=\"_blank\" rel=\"noopener\">pdf<\/a> \/ <a href=\"https:\/\/goias.gov.br\/saude\/wp-content\/uploads\/sites\/34\/files\/acesso_a_informacao\/escala-saude\/hei\/2024\/hei-junho.ods\">csv<\/a> \/ <a href=\"https:\/\/goias.gov.br\/saude\/escala-hei-junho-2024\/\" target=\"_blank\" rel=\"noopener\">Informa\u00e7\u00f5es<\/a><\/td>\n<\/tr>\n<tr style=\"height: 46px;\">\n<td style=\"width: 48.991%; height: 46px;\">CAPSI \u2013 Centro Estadual de Aten\u00e7\u00e3o Psicossocial e Infanto-Juvenil<\/td>\n<td style=\"width: 5.44671%; height: 46px;\">2024<\/td>\n<td style=\"width: 67.5142%; height: 46px;\">Junho <a href=\"https:\/\/goias.gov.br\/saude\/wp-content\/uploads\/sites\/34\/files\/acesso_a_informacao\/escala-saude\/capsi\/2024\/capsi-junho.pdf\" target=\"_blank\" rel=\"noopener\">pdf<\/a> \/ <a href=\"https:\/\/goias.gov.br\/saude\/wp-content\/uploads\/sites\/34\/files\/acesso_a_informacao\/escala-saude\/capsi\/2024\/capsi-junho.ods\">csv<\/a> \/ <a href=\"https:\/\/goias.gov.br\/saude\/escala-capsi-junho-2024\/\" target=\"_blank\" rel=\"noopener\">Informa\u00e7\u00f5es<\/a><\/td>\n<\/tr>\n<tr style=\"height: 46px;\">\n<td style=\"width: 48.991%; height: 46px;\">Policl\u00ednica Estadual Brasil Bruno de Bastos Neto Regi\u00e3o Rio Vermelho \u2013 Goi\u00e1s<\/td>\n<td style=\"width: 5.44671%; height: 46px;\">2024<\/td>\n<td style=\"width: 67.5142%; height: 46px;\">Junho <a href=\"https:\/\/goias.gov.br\/saude\/wp-content\/uploads\/sites\/34\/files\/acesso_a_informacao\/escala-saude\/policlinica-goias\/2024\/poli-goias-junho.pdf\" target=\"_blank\" rel=\"noopener\">pdf<\/a> \/ <a href=\"https:\/\/goias.gov.br\/saude\/wp-content\/uploads\/sites\/34\/files\/acesso_a_informacao\/escala-saude\/policlinica-goias\/2024\/poli-goias-junho.ods\">csv<\/a> \/ <a href=\"https:\/\/goias.gov.br\/saude\/escala-policlinica-de-goias-junho-2024\/\" target=\"_blank\" rel=\"noopener\">Informa\u00e7\u00f5es<\/a><\/td>\n<\/tr>\n<tr style=\"height: 46px;\">\n<td style=\"width: 48.991%; height: 46px;\">HEJA \u2013 Hospital Estadual de Jaragu\u00e1 Dr. Sandino de Amorim<\/td>\n<td style=\"width: 5.44671%; height: 46px;\">2024<\/td>\n<td style=\"width: 67.5142%; height: 46px;\">Junho <a href=\"https:\/\/goias.gov.br\/saude\/wp-content\/uploads\/sites\/34\/files\/acesso_a_informacao\/escala-saude\/heja\/2024\/heja-junho.pdf\" target=\"_blank\" rel=\"noopener\">pdf<\/a> \/ <a href=\"https:\/\/goias.gov.br\/saude\/wp-content\/uploads\/sites\/34\/files\/acesso_a_informacao\/escala-saude\/heja\/2024\/heja-junho.ods\">csv<\/a> \/ <a href=\"https:\/\/goias.gov.br\/saude\/escala-heja-junho-2024\/\" target=\"_blank\" rel=\"noopener\">Informa\u00e7\u00f5es<\/a><\/td>\n<\/tr>\n<tr style=\"height: 46px;\">\n<td style=\"width: 48.991%; height: 46px;\">HDS \u2013 Hospital Estadual de Dermatologia Sanit\u00e1ria \u2013 Col\u00f4nia Santa Marta<\/td>\n<td style=\"width: 5.44671%; height: 46px;\">2024<\/td>\n<td style=\"width: 67.5142%; height: 46px;\">Junho <a href=\"https:\/\/goias.gov.br\/saude\/wp-content\/uploads\/sites\/34\/files\/acesso_a_informacao\/escala-saude\/hds\/2024\/hds-junho.pdf\" target=\"_blank\" rel=\"noopener\">pdf<\/a> \/ <a href=\"https:\/\/goias.gov.br\/saude\/wp-content\/uploads\/sites\/34\/files\/acesso_a_informacao\/escala-saude\/hds\/2024\/hds-junho.ods\">csv<\/a> \/ <a href=\"https:\/\/goias.gov.br\/saude\/escala-hds-junho-2024\/\" target=\"_blank\" rel=\"noopener\">Informa\u00e7\u00f5es<\/a><\/td>\n<\/tr>\n<tr style=\"height: 46px;\">\n<td style=\"width: 48.991%; height: 46px;\">CEAP-SOL \u2013 Centro Estadual de Aten\u00e7\u00e3o Prolongada e Casa de Apoio Condom\u00ednio Solidariedade<\/td>\n<td style=\"width: 5.44671%; height: 46px;\">2024<\/td>\n<td style=\"width: 67.5142%; height: 46px;\">Junho <a href=\"https:\/\/goias.gov.br\/saude\/wp-content\/uploads\/sites\/34\/files\/acesso_a_informacao\/escala-saude\/ceap-sol\/2024\/ceap-sol-junho.pdf\" target=\"_blank\" rel=\"noopener\">pdf<\/a> \/ <a href=\"https:\/\/goias.gov.br\/saude\/wp-content\/uploads\/sites\/34\/files\/acesso_a_informacao\/escala-saude\/ceap-sol\/2024\/ceap-sol-junho.ods\">csv<\/a> \/ <a href=\"https:\/\/goias.gov.br\/saude\/escala-ceap-sol-junho-2024\/\" target=\"_blank\" rel=\"noopener\">Informa\u00e7\u00f5es<\/a><\/td>\n<\/tr>\n<tr style=\"height: 46px;\">\n<td style=\"width: 48.991%; height: 46px;\">CREMIC \u2013 Centro Estadual de Refer\u00eancia em Medicina Integrativa e Complementar<\/td>\n<td style=\"width: 5.44671%; height: 46px;\">2024<\/td>\n<td style=\"width: 67.5142%; height: 46px;\">Junho <a href=\"https:\/\/goias.gov.br\/saude\/wp-content\/uploads\/sites\/34\/files\/acesso_a_informacao\/escala-saude\/cremic\/2024\/cremic-junho.pdf\" target=\"_blank\" rel=\"noopener\">pdf<\/a> \/ <a href=\"https:\/\/goias.gov.br\/saude\/wp-content\/uploads\/sites\/34\/files\/acesso_a_informacao\/escala-saude\/cremic\/2024\/cremic-junho.ods\">csv<\/a> \/ <a href=\"https:\/\/goias.gov.br\/saude\/escala-cremic-junho-2024\/\" target=\"_blank\" rel=\"noopener\">Informa\u00e7\u00f5es<\/a><\/td>\n<\/tr>\n<tr style=\"height: 46px;\">\n<td style=\"width: 48.991%; height: 46px;\">COEG \u2013 Centro Estadual de Odontologia Sebasti\u00e3o Alves Ribeiro<\/td>\n<td style=\"width: 5.44671%; height: 46px;\">2024<\/td>\n<td style=\"width: 67.5142%; height: 46px;\">Junho <a href=\"https:\/\/goias.gov.br\/saude\/wp-content\/uploads\/sites\/34\/files\/acesso_a_informacao\/escala-saude\/coeg\/2024\/coeg-junho.pdf\" target=\"_blank\" rel=\"noopener\">pdf<\/a> \/ <a href=\"https:\/\/goias.gov.br\/saude\/wp-content\/uploads\/sites\/34\/files\/acesso_a_informacao\/escala-saude\/coeg\/2024\/coeg-junho.ods\">csv<\/a> \/ <a href=\"https:\/\/goias.gov.br\/saude\/escala-coeg-junho-2024\/\" target=\"_blank\" rel=\"noopener\">Informa\u00e7\u00f5es<\/a><\/td>\n<\/tr>\n<tr style=\"height: 46px;\">\n<td style=\"width: 48.991%; height: 46px;\">Policl\u00ednica Estadual da Regi\u00e3o Sudoeste \u2013 Quirin\u00f3polis<\/td>\n<td style=\"width: 5.44671%; height: 46px;\">2024<\/td>\n<td style=\"width: 67.5142%; height: 46px;\">Junho <a href=\"https:\/\/goias.gov.br\/saude\/wp-content\/uploads\/sites\/34\/files\/acesso_a_informacao\/escala-saude\/policlinica-quirinopolis\/2024\/poli-quirinopolis-junho.pdf\" target=\"_blank\" rel=\"noopener\">pdf<\/a> \/ <a href=\"https:\/\/goias.gov.br\/saude\/wp-content\/uploads\/sites\/34\/files\/acesso_a_informacao\/escala-saude\/policlinica-quirinopolis\/2024\/poli-quirinopolis-junho.ods\">csv<\/a> \/ <a href=\"https:\/\/goias.gov.br\/saude\/escala-policlinica-quirinopolis-junho-2024\/\" target=\"_blank\" rel=\"noopener\">Informa\u00e7\u00f5es<\/a><\/td>\n<\/tr>\n<tr style=\"border-color: #1e7038; background-color: #1e7038;\">\n<td style=\"width: 48.991%; height: 23px;\">\u00a0<\/td>\n<td style=\"width: 5.44671%; height: 23px;\">\u00a0<\/td>\n<td style=\"width: 67.5142%; height: 23px;\">\u00a0<\/td>\n<\/tr>\n<tr style=\"height: 46px;\">\n<td style=\"width: 48.991%; height: 46px;\">Policl\u00ednica Estadual da Regi\u00e3o S\u00e3o Patr\u00edcio \u2013 Goian\u00e9sia<\/td>\n<td style=\"width: 5.44671%; height: 46px;\">2024<\/td>\n<td style=\"width: 67.5142%; height: 46px;\">Maio <a href=\"https:\/\/goias.gov.br\/saude\/wp-content\/uploads\/sites\/34\/files\/acesso_a_informacao\/escala-saude\/policlinica-goianesia\/2024\/poli-goianesia-maio.pdf\" target=\"_blank\" rel=\"noopener\">pdf<\/a> \/ <a href=\"https:\/\/goias.gov.br\/saude\/wp-content\/uploads\/sites\/34\/files\/acesso_a_informacao\/escala-saude\/policlinica-goianesia\/2024\/poli-goianesia-maio.ods\">csv<\/a> \/ <a href=\"https:\/\/goias.gov.br\/saude\/escala-policlinica-de-goianesia-maio-2024\/\" target=\"_blank\" rel=\"noopener\">Informa\u00e7\u00f5es<\/a><\/td>\n<\/tr>\n<tr style=\"height: 46px;\">\n<td style=\"width: 48.991%; height: 46px;\">Policl\u00ednica Estadual da Regi\u00e3o do Entorno \u2013 Formosa<\/td>\n<td style=\"width: 5.44671%; height: 46px;\">2024<\/td>\n<td style=\"width: 67.5142%; height: 46px;\">Maio <a href=\"https:\/\/goias.gov.br\/saude\/wp-content\/uploads\/sites\/34\/files\/acesso_a_informacao\/escala-saude\/policlinica-formosa\/2024\/poli-formosa-maio.pdf\" target=\"_blank\" rel=\"noopener\">pdf<\/a> \/ <a href=\"https:\/\/goias.gov.br\/saude\/wp-content\/uploads\/sites\/34\/files\/acesso_a_informacao\/escala-saude\/policlinica-formosa\/2024\/poli-formosa-maio.ods\">csv<\/a> \/ <a href=\"https:\/\/goias.gov.br\/saude\/escala-policlinica-de-formosa-maio-2024\/\" target=\"_blank\" rel=\"noopener\">Informa\u00e7\u00f5es<\/a><\/td>\n<\/tr>\n<tr style=\"height: 46px;\">\n<td style=\"width: 48.991%; height: 46px;\">HUGO \u2013 Hospital de Urg\u00eancias de Goi\u00e1s Dr. Valdemiro Cruz<\/td>\n<td style=\"width: 5.44671%; height: 46px;\">2024<\/td>\n<td style=\"width: 67.5142%; height: 46px;\">Maio <a href=\"https:\/\/goias.gov.br\/saude\/wp-content\/uploads\/sites\/34\/files\/acesso_a_informacao\/escala-saude\/hugo\/2024\/hugo-maio.pdf\" target=\"_blank\" rel=\"noopener\">pdf<\/a> \/ <a href=\"https:\/\/goias.gov.br\/saude\/wp-content\/uploads\/sites\/34\/files\/acesso_a_informacao\/escala-saude\/hugo\/2024\/hugo-maio.ods\">csv<\/a> \/ <a href=\"https:\/\/goias.gov.br\/saude\/escala-hugo-maio-2024\/\" target=\"_blank\" rel=\"noopener\">Informa\u00e7\u00f5es<\/a><\/td>\n<\/tr>\n<tr style=\"height: 46px;\">\n<td style=\"width: 48.991%; height: 46px;\">HEAPA \u2013 Hospital Estadual de Aparecida de Goi\u00e2nia Cairo Louzada<\/td>\n<td style=\"width: 5.44671%; height: 46px;\">2024<\/td>\n<td style=\"width: 67.5142%; height: 46px;\">Maio <a href=\"https:\/\/goias.gov.br\/saude\/wp-content\/uploads\/sites\/34\/files\/acesso_a_informacao\/escala-saude\/heapa\/2024\/heapa-maio.pdf\" target=\"_blank\" rel=\"noopener\">pdf<\/a> \/ <a href=\"https:\/\/goias.gov.br\/saude\/wp-content\/uploads\/sites\/34\/files\/acesso_a_informacao\/escala-saude\/heapa\/2024\/heapa-maio.ods\">csv<\/a> \/ <a href=\"https:\/\/goias.gov.br\/saude\/escala-heapa-maio-2024\/\" target=\"_blank\" rel=\"noopener\">Informa\u00e7\u00f5es<\/a><\/td>\n<\/tr>\n<tr style=\"height: 46px;\">\n<td style=\"width: 48.991%; height: 46px;\">HEF \u2013 Hospital Estadual de Formosa Dr. C\u00e9sar Saad Fayad<\/td>\n<td style=\"width: 5.44671%; height: 46px;\">2024<\/td>\n<td style=\"width: 67.5142%; height: 46px;\">Maio <a href=\"https:\/\/goias.gov.br\/saude\/wp-content\/uploads\/sites\/34\/files\/acesso_a_informacao\/escala-saude\/hef\/2024\/hef-maio.pdf\" target=\"_blank\" rel=\"noopener\">pdf<\/a> \/ <a href=\"https:\/\/goias.gov.br\/saude\/wp-content\/uploads\/sites\/34\/files\/acesso_a_informacao\/escala-saude\/hef\/2024\/hef-maio.ods\">csv<\/a> \/ <a href=\"https:\/\/goias.gov.br\/saude\/escala-hef-maio-2024\/\" target=\"_blank\" rel=\"noopener\">Informa\u00e7\u00f5es<\/a><\/td>\n<\/tr>\n<tr style=\"height: 23px;\">\n<td style=\"width: 48.991%; height: 23px;\">COEG \u2013 Centro Estadual de Odontologia Sebasti\u00e3o Alves Ribeiro<\/td>\n<td style=\"width: 5.44671%; height: 23px;\">2024<\/td>\n<td style=\"width: 67.5142%; height: 23px;\">Maio <a href=\"https:\/\/goias.gov.br\/saude\/wp-content\/uploads\/sites\/34\/files\/acesso_a_informacao\/escala-saude\/coeg\/2024\/coeg-maio.pdf\" target=\"_blank\" rel=\"noopener\">pdf<\/a> \/ <a href=\"https:\/\/goias.gov.br\/saude\/wp-content\/uploads\/sites\/34\/files\/acesso_a_informacao\/escala-saude\/coeg\/2024\/coeg-maio.ods\">csv<\/a> \/ <a href=\"https:\/\/goias.gov.br\/saude\/escala-coeg-maio-2024\/\" target=\"_blank\" rel=\"noopener\">Informa\u00e7\u00f5es<\/a><\/td>\n<\/tr>\n<tr style=\"height: 23px;\">\n<td style=\"width: 48.991%; height: 23px;\">CARA \u2013 Centro Estadual de Assist\u00eancia aos Radioacidentados Leide das Neves<\/td>\n<td style=\"width: 5.44671%; height: 23px;\">2024<\/td>\n<td style=\"width: 67.5142%; height: 23px;\">Maio <a href=\"https:\/\/goias.gov.br\/saude\/wp-content\/uploads\/sites\/34\/files\/acesso_a_informacao\/escala-saude\/cara\/2024\/cara-maio.pdf\" target=\"_blank\" rel=\"noopener\">pdf<\/a> \/ <a href=\"https:\/\/goias.gov.br\/saude\/wp-content\/uploads\/sites\/34\/files\/acesso_a_informacao\/escala-saude\/cara\/2024\/cara-maio.ods\">csv<\/a> \/ <a href=\"https:\/\/goias.gov.br\/saude\/escala-cara-maio-2024\/\" target=\"_blank\" rel=\"noopener\">Informa\u00e7\u00f5es<\/a><\/td>\n<\/tr>\n<tr style=\"height: 46px;\">\n<td style=\"width: 48.991%; height: 46px;\">Policl\u00ednica Estadual da Regi\u00e3o Nordeste \u2013 Posse<\/td>\n<td style=\"width: 5.44671%; height: 46px;\">2024<\/td>\n<td style=\"width: 67.5142%; height: 46px;\">Maio <a href=\"https:\/\/goias.gov.br\/saude\/wp-content\/uploads\/sites\/34\/files\/acesso_a_informacao\/escala-saude\/policlinica-posse\/2024\/poli-posse-maio.pdf\" target=\"_blank\" rel=\"noopener\">pdf<\/a> \/ <a id=\"\" title=\"\" href=\"https:\/\/goias.gov.br\/saude\/wp-content\/uploads\/sites\/34\/files\/acesso_a_informacao\/escala-saude\/policlinica-posse\/2024\/poli-posse-maio.ods\">csv<\/a> \/ <a href=\"https:\/\/goias.gov.br\/saude\/escala-policlinica-de-posse-maio-2024\/\" target=\"_blank\" rel=\"noopener\">Informa\u00e7\u00f5es<\/a><\/td>\n<\/tr>\n<tr style=\"height: 46px;\">\n<td style=\"width: 48.991%; height: 46px;\">CRESM \u2013 Complexo de Refer\u00eancia Estadual em Sa\u00fade Mental \u2013 Prof. Jamil Issy<\/td>\n<td style=\"width: 5.44671%; height: 46px;\">2024<\/td>\n<td style=\"width: 67.5142%; height: 46px;\">Maio <a href=\"https:\/\/goias.gov.br\/saude\/wp-content\/uploads\/sites\/34\/files\/acesso_a_informacao\/escala-saude\/cresm\/2024\/cresm-maio.pdf\" target=\"_blank\" rel=\"noopener\">pdf<\/a> \/ <a href=\"https:\/\/goias.gov.br\/saude\/wp-content\/uploads\/sites\/34\/files\/acesso_a_informacao\/escala-saude\/cresm\/2024\/cresm-maio.ods\">csv<\/a> \/ <a href=\"https:\/\/goias.gov.br\/saude\/escala-cresm-maio-2024\/\" target=\"_blank\" rel=\"noopener\">Informa\u00e7\u00f5es<\/a><\/td>\n<\/tr>\n<tr style=\"height: 46px;\">\n<td style=\"width: 48.991%; height: 46px;\">Rede Hemo \u2013 Rede Estadual de Servi\u00e7os de Hemoterapia<\/td>\n<td style=\"width: 5.44671%; height: 46px;\">2024<\/td>\n<td style=\"width: 67.5142%; height: 46px;\">Maio <a href=\"https:\/\/goias.gov.br\/saude\/wp-content\/uploads\/sites\/34\/\/files\/acesso_a_informacao\/escala-saude\/redehemo\/2024\/redehemo-maio.pdf\" target=\"_blank\" rel=\"noopener\">pdf<\/a> \/ <a href=\"https:\/\/goias.gov.br\/saude\/wp-content\/uploads\/sites\/34\/\/files\/acesso_a_informacao\/escala-saude\/redehemo\/2024\/redehemo-maio.ods\">csv<\/a> \/ <a href=\"https:\/\/goias.gov.br\/saude\/escala-rede-hemo-maio-2024\/\" target=\"_blank\" rel=\"noopener\">Informa\u00e7\u00f5es<\/a><\/td>\n<\/tr>\n<tr style=\"height: 46px;\">\n<td style=\"width: 48.991%; height: 46px;\">HGG \u2013 Hospital Estadual Dr. Alberto Rassi<\/td>\n<td style=\"width: 5.44671%; height: 46px;\">2024<\/td>\n<td style=\"width: 67.5142%; height: 46px;\">Maio <a href=\"https:\/\/goias.gov.br\/saude\/wp-content\/uploads\/sites\/34\/files\/acesso_a_informacao\/escala-saude\/hgg\/2024\/hgg-maio.pdf\" target=\"_blank\" rel=\"noopener\">pdf<\/a> \/ <a href=\"https:\/\/goias.gov.br\/saude\/wp-content\/uploads\/sites\/34\/files\/acesso_a_informacao\/escala-saude\/hgg\/2024\/hgg-maio.ods\" target=\"_blank\" rel=\"noopener\">csv<\/a> \/ <a href=\"https:\/\/goias.gov.br\/saude\/escala-hgg-maio-2024\/\" target=\"_blank\" rel=\"noopener\">Informa\u00e7\u00f5es<\/a><\/td>\n<\/tr>\n<tr style=\"height: 46px;\">\n<td style=\"width: 48.991%; height: 46px;\">HEMU \u2013 Hospital Estadual da Mulher Dr. Jurandir do Nascimento<\/td>\n<td style=\"width: 5.44671%; height: 46px;\">2024<\/td>\n<td style=\"width: 67.5142%; height: 46px;\">Maio <a href=\"https:\/\/goias.gov.br\/saude\/wp-content\/uploads\/sites\/34\/files\/acesso_a_informacao\/escala-saude\/hemu\/2024\/hemu-maio.pdf\" target=\"_blank\" rel=\"noopener\">pdf<\/a> \/ <a href=\"https:\/\/goias.gov.br\/saude\/wp-content\/uploads\/sites\/34\/files\/acesso_a_informacao\/escala-saude\/hemu\/2024\/hemu-maio.ods\">csv<\/a> \/ <a href=\"https:\/\/goias.gov.br\/saude\/escala-hemu-maio-2024\/\" target=\"_blank\" rel=\"noopener\">Informa\u00e7\u00f5es<\/a><\/td>\n<\/tr>\n<tr style=\"height: 46px;\">\n<td style=\"width: 48.991%; height: 46px;\">HERSO \u2013 Hospital Estadual de Santa Helena de Goi\u00e1s Dr. Albanir Faleiros Machado<\/td>\n<td style=\"width: 5.44671%; height: 46px;\">2024<\/td>\n<td style=\"width: 67.5142%; height: 46px;\">Maio <a href=\"https:\/\/goias.gov.br\/saude\/wp-content\/uploads\/sites\/34\/files\/acesso_a_informacao\/escala-saude\/herso\/2024\/herso-maio.pdf\" target=\"_blank\" rel=\"noopener\">pdf <\/a>\/ <a href=\"https:\/\/goias.gov.br\/saude\/wp-content\/uploads\/sites\/34\/files\/acesso_a_informacao\/escala-saude\/herso\/2024\/herso-maio.ods\">csv <\/a>\/ <a href=\"https:\/\/goias.gov.br\/saude\/escala-herso-maio-2024\/\" target=\"_blank\" rel=\"noopener\">Informa\u00e7\u00f5es<\/a><\/td>\n<\/tr>\n<tr style=\"height: 46px;\">\n<td style=\"width: 48.991%; height: 46px;\">HCN \u2013 Hospital Estadual do Centro-Norte Goiano<\/td>\n<td style=\"width: 5.44671%; height: 46px;\">2024<\/td>\n<td style=\"width: 67.5142%; height: 46px;\">Maio <a href=\"https:\/\/goias.gov.br\/saude\/wp-content\/uploads\/sites\/34\/files\/acesso_a_informacao\/escala-saude\/hcn\/2024\/hcn-maio.pdf\" target=\"_blank\" rel=\"noopener\">pdf <\/a>\/ <a href=\"https:\/\/goias.gov.br\/saude\/wp-content\/uploads\/sites\/34\/files\/acesso_a_informacao\/escala-saude\/hcn\/2024\/hcn-maio.ods\">csv <\/a>\/ <a href=\"https:\/\/goias.gov.br\/saude\/escala-hcn-maio-2024\/\" target=\"_blank\" rel=\"noopener\">Informa\u00e7\u00f5es<\/a><\/td>\n<\/tr>\n<tr style=\"height: 23px;\">\n<td style=\"width: 48.991%; height: 23px;\">HETRIN \u2013 Hospital Estadual de Trindade Walda Ferreira dos Santos<\/td>\n<td style=\"width: 5.44671%; height: 23px;\">2024<\/td>\n<td style=\"width: 67.5142%; height: 23px;\">Maio <a href=\"https:\/\/goias.gov.br\/saude\/wp-content\/uploads\/sites\/34\/files\/acesso_a_informacao\/escala-saude\/hetrin\/2024\/hetrin-maio.pdf\" target=\"_blank\" rel=\"noopener\">pdf <\/a>\/ <a href=\"https:\/\/goias.gov.br\/saude\/wp-content\/uploads\/sites\/34\/files\/acesso_a_informacao\/escala-saude\/hetrin\/2024\/hetrin-maio.ods\">csv <\/a>\/ <a href=\"https:\/\/goias.gov.br\/saude\/escala-hetrin-maio-2024\/\" target=\"_blank\" rel=\"noopener\">Informa\u00e7\u00f5es<\/a><\/td>\n<\/tr>\n<tr style=\"height: 46px;\">\n<td style=\"width: 48.991%; height: 46px;\">HEMNSL \u2013 Hospital Estadual e Maternidade Nossa Senhora de Lourdes<\/td>\n<td style=\"width: 5.44671%; height: 46px;\">2024<\/td>\n<td style=\"width: 67.5142%; height: 46px;\">Maio <a href=\"https:\/\/goias.gov.br\/saude\/wp-content\/uploads\/sites\/34\/files\/acesso_a_informacao\/escala-saude\/hemnsl\/2024\/hemnsl-maio.pdf\" target=\"_blank\" rel=\"noopener\">pdf<\/a> \/ <a href=\"https:\/\/goias.gov.br\/saude\/wp-content\/uploads\/sites\/34\/files\/acesso_a_informacao\/escala-saude\/hemnsl\/2024\/hemnsl-maio.ods\">csv<\/a> \/ <a href=\"https:\/\/goias.gov.br\/saude\/escala-hemnsl-maio-2024\/\" target=\"_blank\" rel=\"noopener\">Informa\u00e7\u00f5es<\/a><\/td>\n<\/tr>\n<tr style=\"height: 46px;\">\n<td style=\"width: 48.991%; height: 46px;\">HEL \u2013 Hospital Estadual de Luzi\u00e2nia<\/td>\n<td style=\"width: 5.44671%; height: 46px;\">2024<\/td>\n<td style=\"width: 67.5142%; height: 46px;\">Maio <a href=\"https:\/\/goias.gov.br\/saude\/wp-content\/uploads\/sites\/34\/files\/acesso_a_informacao\/escala-saude\/hel\/2024\/hel-maio.pdf\" target=\"_blank\" rel=\"noopener\">pdf<\/a> \/ <a href=\"https:\/\/goias.gov.br\/saude\/wp-content\/uploads\/sites\/34\/files\/acesso_a_informacao\/escala-saude\/hel\/2024\/hel-maio.ods\">csv<\/a> \/ <a href=\"https:\/\/goias.gov.br\/saude\/escala-hel-maio-2024\/\" target=\"_blank\" rel=\"noopener\">Informa\u00e7\u00f5es<\/a><\/td>\n<\/tr>\n<tr style=\"height: 46px;\">\n<td style=\"width: 48.991%; height: 46px;\">Policl\u00ednica Estadual Ismael Alexandrino Pinto \u2013 S\u00e3o Lu\u00eds de Montes\u00a0 Belos<\/td>\n<td style=\"width: 5.44671%; height: 46px;\">2024<\/td>\n<td style=\"width: 67.5142%; height: 46px;\">Maio <a href=\"https:\/\/goias.gov.br\/saude\/wp-content\/uploads\/sites\/34\/files\/acesso_a_informacao\/escala-saude\/policlinica-sao-luis-de-montes-belos\/2024\/poli-sao-luis-maio.pdf\" target=\"_blank\" rel=\"noopener\">pdf<\/a> \/ <a href=\"https:\/\/goias.gov.br\/saude\/wp-content\/uploads\/sites\/34\/files\/acesso_a_informacao\/escala-saude\/policlinica-sao-luis-de-montes-belos\/2024\/poli-sao-luis-maio.ods\">csv<\/a> \/ <a href=\"https:\/\/goias.gov.br\/saude\/escala-policlinica-de-sao-luis-de-montes-belos-maio-2024\/\" target=\"_blank\" rel=\"noopener\">Informa\u00e7\u00f5es<\/a><\/td>\n<\/tr>\n<tr style=\"height: 46px;\">\n<td style=\"width: 48.991%; height: 46px;\">HSLMB \u2013 Hospital Estadual de S\u00e3o Lu\u00eds de Montes Belos Dr. Geraldo Land\u00f3<\/td>\n<td style=\"width: 5.44671%; height: 46px;\">2024<\/td>\n<td style=\"width: 67.5142%; height: 46px;\">Maio <a href=\"https:\/\/goias.gov.br\/saude\/wp-content\/uploads\/sites\/34\/files\/acesso_a_informacao\/escala-saude\/hslmb\/2024\/hslmb-maio.pdf\" target=\"_blank\" rel=\"noopener\">pdf<\/a> \/ <a href=\"https:\/\/goias.gov.br\/saude\/wp-content\/uploads\/sites\/34\/files\/acesso_a_informacao\/escala-saude\/hslmb\/2024\/hslmb-maio.ods\">csv<\/a> \/ <a href=\"https:\/\/goias.gov.br\/saude\/escala-hslmb-maio-2024\/\" target=\"_blank\" rel=\"noopener\">Informa\u00e7\u00f5es<\/a><\/td>\n<\/tr>\n<tr style=\"height: 46px;\">\n<td style=\"width: 48.991%; height: 46px;\">HEELJ \u2013 Hospital Estadual de Piren\u00f3polis Ernestina Lopes Jaime<\/td>\n<td style=\"width: 5.44671%; height: 46px;\">2024<\/td>\n<td style=\"width: 67.5142%; height: 46px;\">Maio <a href=\"https:\/\/goias.gov.br\/saude\/wp-content\/uploads\/sites\/34\/files\/acesso_a_informacao\/escala-saude\/heelj\/2024\/heelj-maio.pdf\" target=\"_blank\" rel=\"noopener\">pdf<\/a> \/ <a href=\"https:\/\/goias.gov.br\/saude\/wp-content\/uploads\/sites\/34\/files\/acesso_a_informacao\/escala-saude\/heelj\/2024\/heelj-maio.ods\">csv<\/a> \/ <a href=\"https:\/\/goias.gov.br\/saude\/escala-heelj-maio-2024\/\" target=\"_blank\" rel=\"noopener\">Informa\u00e7\u00f5es<\/a><\/td>\n<\/tr>\n<tr style=\"height: 46px;\">\n<td style=\"width: 48.991%; height: 46px;\">HEANA \u2013 Hospital Estadual de An\u00e1polis Dr. Henrique Santillo<\/td>\n<td style=\"width: 5.44671%; height: 46px;\">2024<\/td>\n<td style=\"width: 67.5142%; height: 46px;\">Maio <a href=\"https:\/\/goias.gov.br\/saude\/wp-content\/uploads\/sites\/34\/files\/acesso_a_informacao\/escala-saude\/heana\/2024\/heana-maio.pdf\" target=\"_blank\" rel=\"noopener\">pdf<\/a> \/ <a href=\"https:\/\/goias.gov.br\/saude\/wp-content\/uploads\/sites\/34\/files\/acesso_a_informacao\/escala-saude\/heana\/2024\/heana-maio.ods\">csv<\/a> \/ <a href=\"https:\/\/goias.gov.br\/saude\/escala-heana-maio-2024\/\" target=\"_blank\" rel=\"noopener\">Informa\u00e7\u00f5es<\/a><\/td>\n<\/tr>\n<tr style=\"height: 46px;\">\n<td style=\"width: 48.991%; height: 46px;\">CRER \u2013 Centro Estadual de Reabilita\u00e7\u00e3o e Readapta\u00e7\u00e3o Dr. Henrique Santillo<\/td>\n<td style=\"width: 5.44671%; height: 46px;\">2024<\/td>\n<td style=\"width: 67.5142%; height: 46px;\">Maio <a href=\"https:\/\/goias.gov.br\/saude\/wp-content\/uploads\/sites\/34\/files\/acesso_a_informacao\/escala-saude\/crer\/2024\/crer-maio.pdf\" target=\"_blank\" rel=\"noopener\">pdf<\/a> \/ <a href=\"https:\/\/goias.gov.br\/saude\/wp-content\/uploads\/sites\/34\/files\/acesso_a_informacao\/escala-saude\/crer\/2024\/crer-maio.ods\">csv<\/a> \/ <a href=\"https:\/\/goias.gov.br\/saude\/escala-crer-maio-2024\/\" target=\"_blank\" rel=\"noopener\">Informa\u00e7\u00f5es<\/a><\/td>\n<\/tr>\n<tr style=\"height: 46px;\">\n<td style=\"width: 48.991%; height: 46px;\">HUGOL \u2013 Hospital Estadual de Urg\u00eancias Governador Ot\u00e1vio Lage de Siqueira<\/td>\n<td style=\"width: 5.44671%; height: 46px;\">2024<\/td>\n<td style=\"width: 67.5142%; height: 46px;\">Maio <a href=\"https:\/\/goias.gov.br\/saude\/wp-content\/uploads\/sites\/34\/files\/acesso_a_informacao\/escala-saude\/hugol\/2024\/hugol-maio.pdf\" target=\"_blank\" rel=\"noopener\">pdf<\/a> \/ <a href=\"https:\/\/goias.gov.br\/saude\/wp-content\/uploads\/sites\/34\/files\/acesso_a_informacao\/escala-saude\/hugol\/2024\/hugol-maio.ods\">csv<\/a> \/ <a href=\"https:\/\/goias.gov.br\/saude\/escala-hugol-maio-2024\/\" target=\"_blank\" rel=\"noopener\">Informa\u00e7\u00f5es<\/a><\/td>\n<\/tr>\n<tr style=\"height: 46px;\">\n<td style=\"width: 48.991%; height: 46px;\">HECAD \u2013 Hospital Estadual da Crian\u00e7a e do Adolescente<\/td>\n<td style=\"width: 5.44671%; height: 46px;\">2024<\/td>\n<td style=\"width: 67.5142%; height: 46px;\">Maio <a href=\"https:\/\/goias.gov.br\/saude\/wp-content\/uploads\/sites\/34\/files\/acesso_a_informacao\/escala-saude\/hecad\/2024\/hecad-maio.pdf\" target=\"_blank\" rel=\"noopener\">pdf<\/a> \/ <a href=\"https:\/\/goias.gov.br\/saude\/wp-content\/uploads\/sites\/34\/files\/acesso_a_informacao\/escala-saude\/hecad\/2024\/hecad-maio.ods\">csv<\/a> \/ <a href=\"https:\/\/goias.gov.br\/saude\/escala-hecad-maio-2024\/\" target=\"_blank\" rel=\"noopener\">Informa\u00e7\u00f5es<\/a><\/td>\n<\/tr>\n<tr style=\"height: 46px;\">\n<td style=\"width: 48.991%; height: 46px;\">HDS \u2013 Hospital Estadual de Dermatologia Sanit\u00e1ria \u2013 Col\u00f4nia Santa Marta<\/td>\n<td style=\"width: 5.44671%; height: 46px;\">2024<\/td>\n<td style=\"width: 67.5142%; height: 46px;\">Maio <a href=\"https:\/\/goias.gov.br\/saude\/wp-content\/uploads\/sites\/34\/files\/acesso_a_informacao\/escala-saude\/hds\/2024\/hds-maio.pdf\" target=\"_blank\" rel=\"noopener\">pdf<\/a> \/ <a href=\"https:\/\/goias.gov.br\/saude\/wp-content\/uploads\/sites\/34\/files\/acesso_a_informacao\/escala-saude\/hds\/2024\/hds-maio.ods\">csv<\/a> \/ <a href=\"https:\/\/goias.gov.br\/saude\/escala-hds-maio-2024\/\" target=\"_blank\" rel=\"noopener\">Informa\u00e7\u00f5es<\/a><\/td>\n<\/tr>\n<tr style=\"height: 46px;\">\n<td style=\"width: 48.991%; height: 46px;\">Policl\u00ednica Estadual Brasil Bruno de Bastos Neto Regi\u00e3o Rio Vermelho \u2013 Goi\u00e1s<\/td>\n<td style=\"width: 5.44671%; height: 46px;\">2024<\/td>\n<td style=\"width: 67.5142%; height: 46px;\">Maio <a href=\"https:\/\/goias.gov.br\/saude\/wp-content\/uploads\/sites\/34\/files\/acesso_a_informacao\/escala-saude\/policlinica-goias\/2024\/poli-goias-maio.pdf\" target=\"_blank\" rel=\"noopener\">pdf<\/a> \/ <a href=\"https:\/\/goias.gov.br\/saude\/wp-content\/uploads\/sites\/34\/files\/acesso_a_informacao\/escala-saude\/policlinica-goias\/2024\/poli-goias-maio.ods\">csv<\/a> \/ <a href=\"https:\/\/goias.gov.br\/saude\/escala-policlinica-de-goias-maio-2024\/\" target=\"_blank\" rel=\"noopener\">Informa\u00e7\u00f5es<\/a><\/td>\n<\/tr>\n<tr style=\"height: 46px;\">\n<td style=\"width: 48.991%; height: 46px;\">CEAP-SOL \u2013 Centro Estadual de Aten\u00e7\u00e3o Prolongada e Casa de Apoio Condom\u00ednio Solidariedade<\/td>\n<td style=\"width: 5.44671%; height: 46px;\">2024<\/td>\n<td style=\"width: 67.5142%; height: 46px;\">Maio <a href=\"https:\/\/goias.gov.br\/saude\/wp-content\/uploads\/sites\/34\/files\/acesso_a_informacao\/escala-saude\/ceap-sol\/2024\/ceap-sol-maio.pdf\" target=\"_blank\" rel=\"noopener\">pdf<\/a> \/ <a href=\"https:\/\/goias.gov.br\/saude\/wp-content\/uploads\/sites\/34\/files\/acesso_a_informacao\/escala-saude\/ceap-sol\/2024\/ceap-sol-maio.ods\">csv<\/a> \/ <a href=\"https:\/\/goias.gov.br\/saude\/escala-ceap-sol-maio-2024\/\" target=\"_blank\" rel=\"noopener\">Informa\u00e7\u00f5es<\/a><\/td>\n<\/tr>\n<tr style=\"height: 46px;\">\n<td style=\"width: 48.991%; height: 46px;\">HEJA \u2013 Hospital Estadual de Jaragu\u00e1 Dr. Sandino de Amorim<\/td>\n<td style=\"width: 5.44671%; height: 46px;\">2024<\/td>\n<td style=\"width: 67.5142%; height: 46px;\">Maio <a href=\"https:\/\/goias.gov.br\/saude\/wp-content\/uploads\/sites\/34\/files\/acesso_a_informacao\/escala-saude\/heja\/2024\/heja-maio.pdf\" target=\"_blank\" rel=\"noopener\">pdf<\/a> \/ <a href=\"https:\/\/goias.gov.br\/saude\/wp-content\/uploads\/sites\/34\/files\/acesso_a_informacao\/escala-saude\/heja\/2024\/heja-maio.ods\">csv<\/a> \/ <a href=\"https:\/\/goias.gov.br\/saude\/escala-heja-maio-2024\/\" target=\"_blank\" rel=\"noopener\">Informa\u00e7\u00f5es<\/a><\/td>\n<\/tr>\n<tr style=\"height: 46px;\">\n<td style=\"width: 48.991%; height: 46px;\">HEI \u2013 Hospital Estadual de Itumbiara S\u00e3o Marcos<\/td>\n<td style=\"width: 5.44671%; height: 46px;\">2024<\/td>\n<td style=\"width: 67.5142%; height: 46px;\">Maio <a href=\"https:\/\/goias.gov.br\/saude\/wp-content\/uploads\/sites\/34\/files\/acesso_a_informacao\/escala-saude\/hei\/2024\/hei-maio.pdf\" target=\"_blank\" rel=\"noopener\">pdf<\/a> \/ <a href=\"https:\/\/goias.gov.br\/saude\/wp-content\/uploads\/sites\/34\/files\/acesso_a_informacao\/escala-saude\/hei\/2024\/hei-maio.ods\">csv<\/a> \/ <a href=\"https:\/\/goias.gov.br\/saude\/escala-hei-maio-2024\/\" target=\"_blank\" rel=\"noopener\">Informa\u00e7\u00f5es<\/a><\/td>\n<\/tr>\n<tr style=\"height: 46px;\">\n<td style=\"width: 48.991%; height: 46px;\">CAPSI \u2013 Centro Estadual de Aten\u00e7\u00e3o Psicossocial e Infanto-Juvenil<\/td>\n<td style=\"width: 5.44671%; height: 46px;\">2024<\/td>\n<td style=\"width: 67.5142%; height: 46px;\">Maio <a href=\"https:\/\/goias.gov.br\/saude\/wp-content\/uploads\/sites\/34\/files\/acesso_a_informacao\/escala-saude\/capsi\/2024\/capsi-maio.pdf\" target=\"_blank\" rel=\"noopener\">pdf<\/a> \/ <a href=\"https:\/\/goias.gov.br\/saude\/wp-content\/uploads\/sites\/34\/files\/acesso_a_informacao\/escala-saude\/capsi\/2024\/capsi-maio.ods\">csv<\/a> \/ <a href=\"https:\/\/goias.gov.br\/saude\/escala-capsi-maio-2024\/\" target=\"_blank\" rel=\"noopener\">Informa\u00e7\u00f5es<\/a><\/td>\n<\/tr>\n<tr style=\"height: 46px;\">\n<td style=\"width: 48.991%; height: 46px;\">CREMIC \u2013 Centro Estadual de Refer\u00eancia em Medicina Integrativa e Complementar<\/td>\n<td style=\"width: 5.44671%; height: 46px;\">2024<\/td>\n<td style=\"width: 67.5142%; height: 46px;\">Maio <a href=\"https:\/\/goias.gov.br\/saude\/wp-content\/uploads\/sites\/34\/files\/acesso_a_informacao\/escala-saude\/cremic\/2024\/cremic-maio.pdf\" target=\"_blank\" rel=\"noopener\">pdf<\/a> \/ <a href=\"https:\/\/goias.gov.br\/saude\/wp-content\/uploads\/sites\/34\/files\/acesso_a_informacao\/escala-saude\/cremic\/2024\/cremic-maio.ods\">csv<\/a> \/ <a href=\"https:\/\/goias.gov.br\/saude\/escala-cremic-maio\/\" target=\"_blank\" rel=\"noopener\">Informa\u00e7\u00f5es<\/a><\/td>\n<\/tr>\n<tr style=\"height: 46px;\">\n<td style=\"width: 48.991%; height: 46px;\">HDT \u2013 Hospital Estadual de Doen\u00e7as Tropicais Dr. Anuar Auad<\/td>\n<td style=\"width: 5.44671%; height: 46px;\">2024<\/td>\n<td style=\"width: 67.5142%; height: 46px;\">Maio <a href=\"https:\/\/goias.gov.br\/saude\/wp-content\/uploads\/sites\/34\/files\/acesso_a_informacao\/escala-saude\/hdt\/2024\/hdt-maio.pdf\" target=\"_blank\" rel=\"noopener\">pdf<\/a> \/ <a href=\"https:\/\/goias.gov.br\/saude\/wp-content\/uploads\/sites\/34\/files\/acesso_a_informacao\/escala-saude\/hdt\/2024\/hdt-maio.ods\">csv<\/a> \/ <a href=\"https:\/\/goias.gov.br\/saude\/escala-hdt-maio-2024\/\" target=\"_blank\" rel=\"noopener\">Informa\u00e7\u00f5es<\/a><\/td>\n<\/tr>\n<tr style=\"height: 23px;\">\n<td style=\"width: 48.991%; height: 23px;\">Policl\u00ednica Estadual da Regi\u00e3o Sudoeste \u2013 Quirin\u00f3polis<\/td>\n<td style=\"width: 5.44671%; height: 23px;\">2024<\/td>\n<td style=\"width: 67.5142%; height: 23px;\">Maio <a href=\"https:\/\/goias.gov.br\/saude\/wp-content\/uploads\/sites\/34\/files\/acesso_a_informacao\/escala-saude\/policlinica-quirinopolis\/2024\/poli-quirinopolis-maio.pdf\" target=\"_blank\" rel=\"noopener\">pdf<\/a> \/ <a href=\"https:\/\/goias.gov.br\/saude\/wp-content\/uploads\/sites\/34\/files\/acesso_a_informacao\/escala-saude\/policlinica-quirinopolis\/2024\/poli-quirinopolis-maio.ods\">csv<\/a> \/ <a href=\"https:\/\/goias.gov.br\/saude\/escala-policlinica-quirinopolis-maio-2024\/\" target=\"_blank\" rel=\"noopener\">Informa\u00e7\u00f5es<\/a><\/td>\n<\/tr>\n<tr style=\"background-color: #1e7038; border-color: #1e7038;\">\n<td style=\"width: 48.991%; height: 23px;\">\u00a0<\/td>\n<td style=\"width: 5.44671%; height: 23px;\">\u00a0<\/td>\n<td style=\"width: 67.5142%; height: 23px;\">\u00a0<\/td>\n<\/tr>\n<tr style=\"height: 46px;\">\n<td style=\"width: 48.991%; height: 46px;\">Policl\u00ednica Estadual da Regi\u00e3o S\u00e3o Patr\u00edcio \u2013 Goian\u00e9sia<\/td>\n<td style=\"width: 5.44671%; height: 46px;\">2024<\/td>\n<td style=\"width: 67.5142%; height: 46px;\">Abril <a href=\"https:\/\/goias.gov.br\/saude\/wp-content\/uploads\/sites\/34\/files\/acesso_a_informacao\/escala-saude\/policlinica-goianesia\/2024\/poli-goianesia-abril.pdf\" target=\"_blank\" rel=\"noopener\">pdf<\/a> \/ <a href=\"https:\/\/goias.gov.br\/saude\/wp-content\/uploads\/sites\/34\/files\/acesso_a_informacao\/escala-saude\/policlinica-goianesia\/2024\/poli-goianesia-abril.ods\">csv<\/a> \/ <a href=\"https:\/\/goias.gov.br\/saude\/escala-policlinica-de-goianesia-abril-2024\/\" target=\"_blank\" rel=\"noopener\">Informa\u00e7\u00f5es<\/a><\/td>\n<\/tr>\n<tr style=\"height: 46px;\">\n<td style=\"width: 48.991%; height: 46px;\">CEAP-SOL \u2013 Centro Estadual de Aten\u00e7\u00e3o Prolongada e Casa de Apoio Condom\u00ednio Solidariedade<\/td>\n<td style=\"width: 5.44671%; height: 46px;\">2024<\/td>\n<td style=\"width: 67.5142%; height: 46px;\">Abril <a href=\"https:\/\/goias.gov.br\/saude\/wp-content\/uploads\/sites\/34\/files\/acesso_a_informacao\/escala-saude\/ceap-sol\/2024\/ceap-sol-abril.pdf\" target=\"_blank\" rel=\"noopener\">pdf<\/a> \/ <a href=\"https:\/\/goias.gov.br\/saude\/wp-content\/uploads\/sites\/34\/files\/acesso_a_informacao\/escala-saude\/ceap-sol\/2024\/ceap-sol-abril.ods\">csv <\/a>\/ <a href=\"https:\/\/goias.gov.br\/saude\/escala-ceap-sol-abril-2024\/\" target=\"_blank\" rel=\"noopener\">Informa\u00e7\u00f5es<\/a><\/td>\n<\/tr>\n<tr style=\"height: 46px;\">\n<td style=\"width: 48.991%; height: 46px;\">HDT \u2013 Hospital Estadual de Doen\u00e7as Tropicais Dr. Anuar Auad<\/td>\n<td style=\"width: 5.44671%; height: 46px;\">2024<\/td>\n<td style=\"width: 67.5142%; height: 46px;\">Abril <a id=\"\" title=\"\" href=\"https:\/\/goias.gov.br\/saude\/wp-content\/uploads\/sites\/34\/files\/acesso_a_informacao\/escala-saude\/hdt\/2024\/hdt-abril.pdf\" target=\"_blank\" rel=\"noopener\">pdf<\/a> \/ <a id=\"\" title=\"\" href=\"https:\/\/goias.gov.br\/saude\/wp-content\/uploads\/sites\/34\/files\/acesso_a_informacao\/escala-saude\/hdt\/2024\/hdt-abril.ods\">csv<\/a> \/ <a href=\"https:\/\/goias.gov.br\/saude\/escala-hdt-abril-2024\/\" target=\"_blank\" rel=\"noopener\">Informa\u00e7\u00f5es<\/a><\/td>\n<\/tr>\n<tr style=\"height: 46px;\">\n<td style=\"width: 48.991%; height: 46px;\">HEMNSL \u2013 Hospital Estadual e Maternidade Nossa Senhora de Lourdes<\/td>\n<td style=\"width: 5.44671%; height: 46px;\">2024<\/td>\n<td style=\"width: 67.5142%; height: 46px;\">Abril <a href=\"https:\/\/goias.gov.br\/saude\/wp-content\/uploads\/sites\/34\/files\/acesso_a_informacao\/escala-saude\/hemnsl\/2024\/hemnsl-abril.pdf\" target=\"_blank\" rel=\"noopener\">pdf<\/a> \/ <a href=\"https:\/\/goias.gov.br\/saude\/wp-content\/uploads\/sites\/34\/files\/acesso_a_informacao\/escala-saude\/hemnsl\/2024\/hemnsl-abril.ods\">csv<\/a> \/ <a href=\"https:\/\/goias.gov.br\/saude\/escala-hemnsl-abril-2024\/\" target=\"_blank\" rel=\"noopener\">Informa\u00e7\u00f5es<\/a><\/td>\n<\/tr>\n<tr style=\"height: 46px;\">\n<td style=\"width: 48.991%; height: 46px;\">Rede Hemo \u2013 Rede Estadual de Servi\u00e7os de Hemoterapia<\/td>\n<td style=\"width: 5.44671%; height: 46px;\">2024<\/td>\n<td style=\"width: 67.5142%; height: 46px;\">Abril <a href=\"https:\/\/goias.gov.br\/saude\/wp-content\/uploads\/sites\/34\/\/files\/acesso_a_informacao\/escala-saude\/redehemo\/2024\/redehemo-abril.pdf\" target=\"_blank\" rel=\"noopener\">pdf<\/a> \/ <a href=\"https:\/\/goias.gov.br\/saude\/wp-content\/uploads\/sites\/34\/\/files\/acesso_a_informacao\/escala-saude\/redehemo\/2024\/redehemo-abril.ods\">csv<\/a> \/ <a href=\"https:\/\/goias.gov.br\/saude\/escala-rede-hemo-abril-2024\/\" target=\"_blank\" rel=\"noopener\">Informa\u00e7\u00f5es<\/a><\/td>\n<\/tr>\n<tr style=\"height: 46px;\">\n<td style=\"width: 48.991%; height: 46px;\">HGG \u2013 Hospital Estadual Dr. Alberto Rassi<\/td>\n<td style=\"width: 5.44671%; height: 46px;\">2024<\/td>\n<td style=\"width: 67.5142%; height: 46px;\">Abril <a href=\"https:\/\/goias.gov.br\/saude\/wp-content\/uploads\/sites\/34\/files\/acesso_a_informacao\/escala-saude\/hgg\/2024\/hgg-abril.pdf\" target=\"_blank\" rel=\"noopener\">pdf<\/a> \/ <a href=\"https:\/\/goias.gov.br\/saude\/wp-content\/uploads\/sites\/34\/files\/acesso_a_informacao\/escala-saude\/hgg\/2024\/hgg-abril.ods\" target=\"_blank\" rel=\"noopener\">csv<\/a> \/ <a href=\"https:\/\/goias.gov.br\/saude\/escala-hgg-abril-2024\/\" target=\"_blank\" rel=\"noopener\">Informa\u00e7\u00f5es<\/a><\/td>\n<\/tr>\n<tr style=\"height: 46px;\">\n<td style=\"width: 48.991%; height: 46px;\">HERSO \u2013 Hospital Estadual de Santa Helena de Goi\u00e1s Dr. Albanir Faleiros Machado<\/td>\n<td style=\"width: 5.44671%; height: 46px;\">2024<\/td>\n<td style=\"width: 67.5142%; height: 46px;\">Abril <a href=\"https:\/\/goias.gov.br\/saude\/wp-content\/uploads\/sites\/34\/files\/acesso_a_informacao\/escala-saude\/herso\/2024\/herso-abril.pdf\" target=\"_blank\" rel=\"noopener\">pdf<\/a> \/ <a href=\"https:\/\/goias.gov.br\/saude\/wp-content\/uploads\/sites\/34\/files\/acesso_a_informacao\/escala-saude\/herso\/2024\/herso-abril.ods\">csv<\/a> \/ <a href=\"https:\/\/goias.gov.br\/saude\/escala-herso-abril-2024\/\" target=\"_blank\" rel=\"noopener\">Informa\u00e7\u00f5es<\/a><\/td>\n<\/tr>\n<tr style=\"height: 46px;\">\n<td style=\"width: 48.991%; height: 46px;\">HEELJ \u2013 Hospital Estadual de Piren\u00f3polis Ernestina Lopes Jaime<\/td>\n<td style=\"width: 5.44671%; height: 46px;\">2024<\/td>\n<td style=\"width: 67.5142%; height: 46px;\">Abril <a href=\"https:\/\/goias.gov.br\/saude\/wp-content\/uploads\/sites\/34\/files\/acesso_a_informacao\/escala-saude\/heelj\/2024\/heelj-abril.pdf\" target=\"_blank\" rel=\"noopener\">pdf<\/a> \/ <a href=\"https:\/\/goias.gov.br\/saude\/wp-content\/uploads\/sites\/34\/files\/acesso_a_informacao\/escala-saude\/heelj\/2024\/heelj-abril.xlsx\">csv<\/a> \/ <a href=\"https:\/\/goias.gov.br\/saude\/escala-heelj-abril-2024\/\" target=\"_blank\" rel=\"noopener\">Informa\u00e7\u00f5es<\/a><\/td>\n<\/tr>\n<tr style=\"height: 46px;\">\n<td style=\"width: 48.991%; height: 46px;\">HEMU \u2013 Hospital Estadual da Mulher Dr. Jurandir do Nascimento<\/td>\n<td style=\"width: 5.44671%; height: 46px;\">2024<\/td>\n<td style=\"width: 67.5142%; height: 46px;\">Abril <a href=\"https:\/\/goias.gov.br\/saude\/wp-content\/uploads\/sites\/34\/files\/acesso_a_informacao\/escala-saude\/hemu\/2024\/hemu-abril.pdf\" target=\"_blank\" rel=\"noopener\">pdf<\/a> \/ <a href=\"https:\/\/goias.gov.br\/saude\/wp-content\/uploads\/sites\/34\/files\/acesso_a_informacao\/escala-saude\/hemu\/2024\/hemu-abril.ods\">csv<\/a> \/ <a href=\"https:\/\/goias.gov.br\/saude\/escala-hemu-abril-2024\/\" target=\"_blank\" rel=\"noopener\">Informa\u00e7\u00f5es<\/a><\/td>\n<\/tr>\n<tr style=\"height: 46px;\">\n<td style=\"width: 48.991%; height: 46px;\">HSLMB \u2013 Hospital Estadual de S\u00e3o Lu\u00eds de Montes Belos Dr. Geraldo Land\u00f3<\/td>\n<td style=\"width: 5.44671%; height: 46px;\">2024<\/td>\n<td style=\"width: 67.5142%; height: 46px;\">Abril <a href=\"https:\/\/goias.gov.br\/saude\/wp-content\/uploads\/sites\/34\/files\/acesso_a_informacao\/escala-saude\/hslmb\/2024\/hslmb-abril.pdf\" target=\"_blank\" rel=\"noopener\">pdf<\/a> \/ <a href=\"https:\/\/goias.gov.br\/saude\/wp-content\/uploads\/sites\/34\/files\/acesso_a_informacao\/escala-saude\/hslmb\/2024\/hslmb-abril.ods\">csv<\/a> \/ <a href=\"https:\/\/goias.gov.br\/saude\/escala-hslmb-abril-2024\/\" target=\"_blank\" rel=\"noopener\">Informa\u00e7\u00f5es<\/a><\/td>\n<\/tr>\n<tr style=\"height: 46px;\">\n<td style=\"width: 48.991%; height: 46px;\">Policl\u00ednica Estadual Ismael Alexandrino Pinto \u2013 S\u00e3o Lu\u00eds de Montes Belos<\/td>\n<td style=\"width: 5.44671%; height: 46px;\">2024<\/td>\n<td style=\"width: 67.5142%; height: 46px;\">Abril <a href=\"https:\/\/goias.gov.br\/saude\/wp-content\/uploads\/sites\/34\/files\/acesso_a_informacao\/escala-saude\/policlinica-sao-luis-de-montes-belos\/2024\/poli-sao-luis-abril.pdf\" target=\"_blank\" rel=\"noopener\">pdf<\/a> \/ <a href=\"https:\/\/goias.gov.br\/saude\/wp-content\/uploads\/sites\/34\/files\/acesso_a_informacao\/escala-saude\/policlinica-sao-luis-de-montes-belos\/2024\/poli-sao-luis-abril.ods\">csv<\/a> \/ <a href=\"https:\/\/goias.gov.br\/saude\/escala-policlinica-de-sao-luis-de-montes-belos-abril-2024\/\" target=\"_blank\" rel=\"noopener\">Informa\u00e7\u00f5es<\/a><\/td>\n<\/tr>\n<tr style=\"height: 46px;\">\n<td style=\"width: 48.991%; height: 46px;\">Policl\u00ednica Estadual da Regi\u00e3o Nordeste \u2013 Posse<\/td>\n<td style=\"width: 5.44671%; height: 46px;\">2024<\/td>\n<td style=\"width: 67.5142%; height: 46px;\">Abril <a href=\"https:\/\/goias.gov.br\/saude\/wp-content\/uploads\/sites\/34\/files\/acesso_a_informacao\/escala-saude\/policlinica-posse\/2024\/poli-posse-abril.pdf\" target=\"_blank\" rel=\"noopener\">pdf<\/a> \/ <a id=\"\" title=\"\" href=\"https:\/\/goias.gov.br\/saude\/wp-content\/uploads\/sites\/34\/files\/acesso_a_informacao\/escala-saude\/policlinica-posse\/2024\/poli-posse-abril.ods\">csv<\/a> \/ <a href=\"https:\/\/goias.gov.br\/saude\/escala-policlinica-de-posse-abril-2024\/\" target=\"_blank\" rel=\"noopener\">Informa\u00e7\u00f5es<\/a><\/td>\n<\/tr>\n<tr style=\"height: 46px;\">\n<td style=\"width: 48.991%; height: 46px;\">HEANA \u2013 Hospital Estadual de An\u00e1polis Dr. Henrique Santillo<\/td>\n<td style=\"width: 5.44671%; height: 46px;\">2024<\/td>\n<td style=\"width: 67.5142%; height: 46px;\">Abril <a href=\"https:\/\/goias.gov.br\/saude\/wp-content\/uploads\/sites\/34\/files\/acesso_a_informacao\/escala-saude\/heana\/2024\/heana-abril.pdf\" target=\"_blank\" rel=\"noopener\">pdf<\/a> \/ <a href=\"https:\/\/goias.gov.br\/saude\/wp-content\/uploads\/sites\/34\/files\/acesso_a_informacao\/escala-saude\/heana\/2024\/heana-abril.ods\">csv<\/a> \/ <a href=\"https:\/\/goias.gov.br\/saude\/escala-heana-abril-2024\/\" target=\"_blank\" rel=\"noopener\">Informa\u00e7\u00f5es<\/a><\/td>\n<\/tr>\n<tr style=\"height: 46px;\">\n<td style=\"width: 48.991%; height: 46px;\">HCN \u2013 Hospital Estadual do Centro-Norte Goiano<\/td>\n<td style=\"width: 5.44671%; height: 46px;\">2024<\/td>\n<td style=\"width: 67.5142%; height: 46px;\">Abril <a href=\"https:\/\/goias.gov.br\/saude\/wp-content\/uploads\/sites\/34\/files\/acesso_a_informacao\/escala-saude\/hcn\/2024\/hcn-abril.pdf\" target=\"_blank\" rel=\"noopener\">pdf<\/a> \/ <a href=\"https:\/\/goias.gov.br\/saude\/wp-content\/uploads\/sites\/34\/files\/acesso_a_informacao\/escala-saude\/hcn\/2024\/hcn-abril.ods\">csv<\/a> \/ <a href=\"https:\/\/goias.gov.br\/saude\/escala-hcn-abril-2024\/\" target=\"_blank\" rel=\"noopener\">Informa\u00e7\u00f5es<\/a><\/td>\n<\/tr>\n<tr style=\"height: 46px;\">\n<td style=\"width: 48.991%; height: 46px;\">HETRIN \u2013 Hospital Estadual de Trindade Walda Ferreira dos Santos<\/td>\n<td style=\"width: 5.44671%; height: 46px;\">2024<\/td>\n<td style=\"width: 67.5142%; height: 46px;\">Abril <a href=\"https:\/\/goias.gov.br\/saude\/wp-content\/uploads\/sites\/34\/files\/acesso_a_informacao\/escala-saude\/hetrin\/2024\/hetrin-abril.pdf\" target=\"_blank\" rel=\"noopener\">pdf<\/a> \/ <a href=\"https:\/\/goias.gov.br\/saude\/wp-content\/uploads\/sites\/34\/files\/acesso_a_informacao\/escala-saude\/hetrin\/2024\/hetrin-abril.ods\">csv<\/a> \/ <a href=\"https:\/\/goias.gov.br\/saude\/escala-hetrin-abril-2024\/\" target=\"_blank\" rel=\"noopener\">Informa\u00e7\u00f5es<\/a><\/td>\n<\/tr>\n<tr style=\"height: 46px;\">\n<td style=\"width: 48.991%; height: 46px;\">HEF \u2013 Hospital Estadual de Formosa Dr. C\u00e9sar Saad Fayad<\/td>\n<td style=\"width: 5.44671%; height: 46px;\">2024<\/td>\n<td style=\"width: 67.5142%; height: 46px;\">Abril <a href=\"https:\/\/goias.gov.br\/saude\/wp-content\/uploads\/sites\/34\/files\/acesso_a_informacao\/escala-saude\/hef\/2024\/hef-abril.pdf\" target=\"_blank\" rel=\"noopener\">pdf<\/a> \/ <a href=\"https:\/\/goias.gov.br\/saude\/wp-content\/uploads\/sites\/34\/files\/acesso_a_informacao\/escala-saude\/hef\/2024\/hef-abril.xlsx\">csv<\/a> \/ <a href=\"https:\/\/goias.gov.br\/saude\/escala-hef-abril-2024\/\" target=\"_blank\" rel=\"noopener\">Informa\u00e7\u00f5es<\/a><\/td>\n<\/tr>\n<tr style=\"height: 46px;\">\n<td style=\"width: 48.991%; height: 46px;\">HEAPA \u2013 Hospital Estadual de Aparecida de Goi\u00e2nia Cairo Louzada<\/td>\n<td style=\"width: 5.44671%; height: 46px;\">2024<\/td>\n<td style=\"width: 67.5142%; height: 46px;\">Abril <a href=\"https:\/\/goias.gov.br\/saude\/wp-content\/uploads\/sites\/34\/files\/acesso_a_informacao\/escala-saude\/heapa\/2024\/heapa-abril.pdf\" target=\"_blank\" rel=\"noopener\">pdf<\/a> \/ <a href=\"https:\/\/goias.gov.br\/saude\/wp-content\/uploads\/sites\/34\/files\/acesso_a_informacao\/escala-saude\/heapa\/2024\/heapa-abril.ods\">csv<\/a> \/ <a href=\"https:\/\/goias.gov.br\/saude\/escala-heapa-abril-2024\/\" target=\"_blank\" rel=\"noopener\">Informa\u00e7\u00f5es<\/a><\/td>\n<\/tr>\n<tr style=\"height: 46px;\">\n<td style=\"width: 48.991%; height: 46px;\">CRESM \u2013 Complexo de Refer\u00eancia Estadual em Sa\u00fade Mental \u2013 Prof. Jamil Issy<\/td>\n<td style=\"width: 5.44671%; height: 46px;\">2024<\/td>\n<td style=\"width: 67.5142%; height: 46px;\">Abril <a href=\"https:\/\/goias.gov.br\/saude\/wp-content\/uploads\/sites\/34\/files\/acesso_a_informacao\/escala-saude\/cresm\/2024\/cresm-abril.pdf\" target=\"_blank\" rel=\"noopener\">pdf<\/a> \/ <a href=\"https:\/\/goias.gov.br\/saude\/wp-content\/uploads\/sites\/34\/files\/acesso_a_informacao\/escala-saude\/cresm\/2024\/cresm-abril.ods\">csv<\/a> \/ <a href=\"https:\/\/goias.gov.br\/saude\/escala-cresm-abril-2024\/\" target=\"_blank\" rel=\"noopener\">Informa\u00e7\u00f5es<\/a><\/td>\n<\/tr>\n<tr style=\"height: 46px;\">\n<td style=\"width: 48.991%; height: 46px;\">Policl\u00ednica Estadual da Regi\u00e3o do Entorno \u2013 Formosa<\/td>\n<td style=\"width: 5.44671%; height: 46px;\">2024<\/td>\n<td style=\"width: 67.5142%; height: 46px;\">Abril <a href=\"https:\/\/goias.gov.br\/saude\/wp-content\/uploads\/sites\/34\/files\/acesso_a_informacao\/escala-saude\/policlinica-formosa\/2024\/poli-formosa-abril.pdf\" target=\"_blank\" rel=\"noopener\">pdf<\/a> \/ <a href=\"https:\/\/goias.gov.br\/saude\/wp-content\/uploads\/sites\/34\/files\/acesso_a_informacao\/escala-saude\/policlinica-formosa\/2024\/poli-formosa-abril.ods\">csv<\/a> \/ <a href=\"https:\/\/goias.gov.br\/saude\/escala-policlinica-de-formosa-abril-2024\/\" target=\"_blank\" rel=\"noopener\">Informa\u00e7\u00f5es<\/a><\/td>\n<\/tr>\n<tr style=\"height: 46px;\">\n<td style=\"width: 48.991%; height: 46px;\">CARA \u2013 Centro Estadual de Assist\u00eancia aos Radioacidentados Leide das Neves<\/td>\n<td style=\"width: 5.44671%; height: 46px;\">2024<\/td>\n<td style=\"width: 67.5142%; height: 46px;\">Abril <a href=\"https:\/\/goias.gov.br\/saude\/wp-content\/uploads\/sites\/34\/files\/acesso_a_informacao\/escala-saude\/cara\/2024\/cara-abril.pdf\" target=\"_blank\" rel=\"noopener\">pdf<\/a> \/ <a href=\"https:\/\/goias.gov.br\/saude\/wp-content\/uploads\/sites\/34\/files\/acesso_a_informacao\/escala-saude\/cara\/2024\/cara-abril.ods\">csv<\/a> \/ <a href=\"https:\/\/goias.gov.br\/saude\/escala-cara-abril-2024\/\" target=\"_blank\" rel=\"noopener\">Informa\u00e7\u00f5es<\/a><\/td>\n<\/tr>\n<tr style=\"height: 23px;\">\n<td style=\"width: 48.991%; height: 23px;\">HEL \u2013 Hospital Estadual de Luzi\u00e2nia<\/td>\n<td style=\"width: 5.44671%; height: 23px;\">2024<\/td>\n<td style=\"width: 67.5142%; height: 23px;\">Abril <a href=\"https:\/\/goias.gov.br\/saude\/wp-content\/uploads\/sites\/34\/files\/acesso_a_informacao\/escala-saude\/hel\/2024\/hel-abril.pdf\" target=\"_blank\" rel=\"noopener\">pdf<\/a> \/ <a href=\"https:\/\/goias.gov.br\/saude\/wp-content\/uploads\/sites\/34\/files\/acesso_a_informacao\/escala-saude\/hel\/2024\/hel-abril.ods\">csv<\/a> \/ <a href=\"https:\/\/goias.gov.br\/saude\/escala-hel-abril-2024\/\" target=\"_blank\" rel=\"noopener\">Informa\u00e7\u00f5es<\/a><\/td>\n<\/tr>\n<tr style=\"height: 46px;\">\n<td style=\"width: 48.991%; height: 46px;\">CRER \u2013 Centro Estadual de Reabilita\u00e7\u00e3o e Readapta\u00e7\u00e3o Dr. Henrique Santillo<\/td>\n<td style=\"width: 5.44671%; height: 46px;\">2024<\/td>\n<td style=\"width: 67.5142%; height: 46px;\">Abril <a href=\"https:\/\/goias.gov.br\/saude\/wp-content\/uploads\/sites\/34\/files\/acesso_a_informacao\/escala-saude\/crer\/2024\/crer-abril.pdf\" target=\"_blank\" rel=\"noopener\">pdf<\/a> \/ <a href=\"https:\/\/goias.gov.br\/saude\/wp-content\/uploads\/sites\/34\/files\/acesso_a_informacao\/escala-saude\/crer\/2024\/crer-abril.xlsx\">csv<\/a> \/ <a href=\"https:\/\/goias.gov.br\/saude\/escala-crer-abril-2024\/\" target=\"_blank\" rel=\"noopener\">Informa\u00e7\u00f5es<\/a><\/td>\n<\/tr>\n<tr style=\"height: 46px;\">\n<td style=\"width: 48.991%; height: 46px;\">HDS \u2013 Hospital Estadual de Dermatologia Sanit\u00e1ria \u2013 Col\u00f4nia Santa Marta<\/td>\n<td style=\"width: 5.44671%; height: 46px;\">2024<\/td>\n<td style=\"width: 67.5142%; height: 46px;\">Abril <a href=\"https:\/\/goias.gov.br\/saude\/wp-content\/uploads\/sites\/34\/files\/acesso_a_informacao\/escala-saude\/hds\/2024\/hds-abril.pdf\" target=\"_blank\" rel=\"noopener\">pdf<\/a> \/ <a href=\"https:\/\/goias.gov.br\/saude\/wp-content\/uploads\/sites\/34\/files\/acesso_a_informacao\/escala-saude\/hds\/2024\/hds-abril.ods\">csv<\/a> \/ <a href=\"https:\/\/goias.gov.br\/saude\/escala-hds-abril-2024\/\" target=\"_blank\" rel=\"noopener\">Informa\u00e7\u00f5es<\/a><\/td>\n<\/tr>\n<tr style=\"height: 46px;\">\n<td style=\"width: 48.991%; height: 46px;\">CREMIC \u2013 Centro Estadual de Refer\u00eancia em Medicina Integrativa e Complementar<\/td>\n<td style=\"width: 5.44671%; height: 46px;\">2024<\/td>\n<td style=\"width: 67.5142%; height: 46px;\">Abril <a href=\"https:\/\/goias.gov.br\/saude\/wp-content\/uploads\/sites\/34\/files\/acesso_a_informacao\/escala-saude\/cremic\/2024\/cremic-abril.pdf\" target=\"_blank\" rel=\"noopener\">pdf<\/a> \/ <a href=\"https:\/\/goias.gov.br\/saude\/wp-content\/uploads\/sites\/34\/files\/acesso_a_informacao\/escala-saude\/cremic\/2024\/cremic-abril.ods\">csv<\/a> \/ <a href=\"https:\/\/goias.gov.br\/saude\/escala-cremic-abril-2024\/\" target=\"_blank\" rel=\"noopener\">Informa\u00e7\u00f5es<\/a><\/td>\n<\/tr>\n<tr style=\"height: 46px;\">\n<td style=\"width: 48.991%; height: 46px;\">CAPSI \u2013 Centro Estadual de Aten\u00e7\u00e3o Psicossocial e Infanto-Juvenil<\/td>\n<td style=\"width: 5.44671%; height: 46px;\">2024<\/td>\n<td style=\"width: 67.5142%; height: 46px;\">Abril <a href=\"https:\/\/goias.gov.br\/saude\/wp-content\/uploads\/sites\/34\/files\/acesso_a_informacao\/escala-saude\/capsi\/2024\/capsi-abril.pdf\" target=\"_blank\" rel=\"noopener\">pdf<\/a> \/ <a href=\"https:\/\/goias.gov.br\/saude\/wp-content\/uploads\/sites\/34\/files\/acesso_a_informacao\/escala-saude\/capsi\/2024\/capsi-abril.ods\">csv<\/a> \/ <a href=\"https:\/\/goias.gov.br\/saude\/escala-capsi-abril-2024\/\" target=\"_blank\" rel=\"noopener\">Informa\u00e7\u00f5es<\/a><\/td>\n<\/tr>\n<tr style=\"height: 46px;\">\n<td style=\"width: 48.991%; height: 46px;\">HEI \u2013 Hospital Estadual de Itumbiara S\u00e3o Marcos<\/td>\n<td style=\"width: 5.44671%; height: 46px;\">2024<\/td>\n<td style=\"width: 67.5142%; height: 46px;\">Abril <a href=\"https:\/\/goias.gov.br\/saude\/wp-content\/uploads\/sites\/34\/files\/acesso_a_informacao\/escala-saude\/hei\/2024\/hei-abril.pdf\" target=\"_blank\" rel=\"noopener\">pdf<\/a> \/ <a href=\"https:\/\/goias.gov.br\/saude\/wp-content\/uploads\/sites\/34\/files\/acesso_a_informacao\/escala-saude\/hei\/2024\/hei-abril.xlsx\">csv<\/a> \/ <a href=\"https:\/\/goias.gov.br\/saude\/escala-hei-abril-2024\/\" target=\"_blank\" rel=\"noopener\">Informa\u00e7\u00f5es<\/a><\/td>\n<\/tr>\n<tr style=\"height: 46px;\">\n<td style=\"width: 48.991%; height: 46px;\">HUGOL \u2013 Hospital Estadual de Urg\u00eancias Governador Ot\u00e1vio Lage de Siqueira<\/td>\n<td style=\"width: 5.44671%; height: 46px;\">2024<\/td>\n<td style=\"width: 67.5142%; height: 46px;\">Abril <a href=\"https:\/\/goias.gov.br\/saude\/wp-content\/uploads\/sites\/34\/files\/acesso_a_informacao\/escala-saude\/hugol\/2024\/hugol-abril.pdf\" target=\"_blank\" rel=\"noopener\">pdf<\/a> \/ <a href=\"https:\/\/goias.gov.br\/saude\/wp-content\/uploads\/sites\/34\/files\/acesso_a_informacao\/escala-saude\/hugol\/2024\/hugol-abril.ods\">csv<\/a> \/ <a href=\"https:\/\/goias.gov.br\/saude\/escala-hugol-abril-2024\/\" target=\"_blank\" rel=\"noopener\">Informa\u00e7\u00f5es<\/a><\/td>\n<\/tr>\n<tr style=\"height: 46px;\">\n<td style=\"width: 48.991%; height: 46px;\">HECAD \u2013 Hospital Estadual da Crian\u00e7a e do Adolescente<\/td>\n<td style=\"width: 5.44671%; height: 46px;\">2024<\/td>\n<td style=\"width: 67.5142%; height: 46px;\">Abril <a href=\"https:\/\/goias.gov.br\/saude\/wp-content\/uploads\/sites\/34\/files\/acesso_a_informacao\/escala-saude\/hecad\/2024\/hecad-abril.pdf\" target=\"_blank\" rel=\"noopener\">pdf<\/a> \/ <a href=\"https:\/\/goias.gov.br\/saude\/wp-content\/uploads\/sites\/34\/files\/acesso_a_informacao\/escala-saude\/hecad\/2024\/hecad-abril.ods\">csv <\/a>\/ <a href=\"https:\/\/goias.gov.br\/saude\/escala-hecad-abril-2024\/\" target=\"_blank\" rel=\"noopener\">Informa\u00e7\u00f5es<\/a><\/td>\n<\/tr>\n<tr style=\"height: 46px;\">\n<td style=\"width: 48.991%; height: 46px;\">Policl\u00ednica Estadual Brasil Bruno de Bastos Neto Regi\u00e3o Rio Vermelho \u2013 Goi\u00e1s<\/td>\n<td style=\"width: 5.44671%; height: 46px;\">2024<\/td>\n<td style=\"width: 67.5142%; height: 46px;\">Abril <a href=\"https:\/\/goias.gov.br\/saude\/wp-content\/uploads\/sites\/34\/files\/acesso_a_informacao\/escala-saude\/policlinica-goias\/2024\/poli-goias-abril.pdf\" target=\"_blank\" rel=\"noopener\">pdf<\/a> \/ <a href=\"https:\/\/goias.gov.br\/saude\/wp-content\/uploads\/sites\/34\/files\/acesso_a_informacao\/escala-saude\/policlinica-goias\/2024\/poli-goias-abril.xlsx\">csv<\/a> \/ <a href=\"https:\/\/goias.gov.br\/saude\/escala-policlinica-de-goias-abril-2024\/\" target=\"_blank\" rel=\"noopener\">Informa\u00e7\u00f5es<\/a><\/td>\n<\/tr>\n<tr style=\"height: 46px;\">\n<td style=\"width: 48.991%; height: 46px;\">HEJA \u2013 Hospital Estadual de Jaragu\u00e1 Dr. Sandino de Amorim<\/td>\n<td style=\"width: 5.44671%; height: 46px;\">2024<\/td>\n<td style=\"width: 67.5142%; height: 46px;\">Abril <a href=\"https:\/\/goias.gov.br\/saude\/wp-content\/uploads\/sites\/34\/files\/acesso_a_informacao\/escala-saude\/heja\/2024\/heja-abril.pdf\" target=\"_blank\" rel=\"noopener\">pdf<\/a> \/ <a href=\"https:\/\/goias.gov.br\/saude\/wp-content\/uploads\/sites\/34\/files\/acesso_a_informacao\/escala-saude\/heja\/2024\/heja-abril.xlsx\">csv<\/a> \/ <a href=\"https:\/\/goias.gov.br\/saude\/escala-heja-abril-2024\/\" target=\"_blank\" rel=\"noopener\">Informa\u00e7\u00f5es<\/a><\/td>\n<\/tr>\n<tr style=\"height: 46px;\">\n<td style=\"width: 48.991%; height: 46px;\">Policl\u00ednica Estadual da Regi\u00e3o Sudoeste \u2013 Quirin\u00f3polis<\/td>\n<td style=\"width: 5.44671%; height: 46px;\">2024<\/td>\n<td style=\"width: 67.5142%; height: 46px;\">Abril <a href=\"https:\/\/goias.gov.br\/saude\/wp-content\/uploads\/sites\/34\/files\/acesso_a_informacao\/escala-saude\/policlinica-quirinopolis\/2024\/poli-quirinopolis-abril.pdf\" target=\"_blank\" rel=\"noopener\">pdf<\/a> \/ <a href=\"https:\/\/goias.gov.br\/saude\/wp-content\/uploads\/sites\/34\/files\/acesso_a_informacao\/escala-saude\/policlinica-quirinopolis\/2024\/poli-quirinopolis-maio.ods\">csv <\/a>\/ <a href=\"https:\/\/goias.gov.br\/saude\/escala-policlinica-quirinopolis-abril-2024\/\" target=\"_blank\" rel=\"noopener\">Informa\u00e7\u00f5es<\/a><\/td>\n<\/tr>\n<tr style=\"height: 46px;\">\n<td style=\"width: 48.991%; height: 46px;\">COEG \u2013 Centro Estadual de Odontologia Sebasti\u00e3o Alves Ribeiro<\/td>\n<td style=\"width: 5.44671%; height: 46px;\">2024<\/td>\n<td style=\"width: 67.5142%; height: 46px;\">Abril <a href=\"https:\/\/goias.gov.br\/saude\/wp-content\/uploads\/sites\/34\/files\/acesso_a_informacao\/escala-saude\/coeg\/2024\/coeg-abril.pdf\" target=\"_blank\" rel=\"noopener\">pdf<\/a> \/ <a href=\"https:\/\/goias.gov.br\/saude\/wp-content\/uploads\/sites\/34\/files\/acesso_a_informacao\/escala-saude\/coeg\/2024\/coeg-abril.ods\">csv<\/a> \/ <a href=\"https:\/\/goias.gov.br\/saude\/escala-coeg-abril-2024\/\" target=\"_blank\" rel=\"noopener\">Informa\u00e7\u00f5es<\/a><\/td>\n<\/tr>\n<tr style=\"background-color: #1e7038; border-color: #1e7038;\">\n<td style=\"width: 48.991%; height: 23px;\">\u00a0<\/td>\n<td style=\"width: 5.44671%; height: 23px;\">\u00a0<\/td>\n<td style=\"width: 67.5142%; height: 23px;\">\u00a0<\/td>\n<\/tr>\n<tr style=\"height: 46px;\">\n<td style=\"width: 48.991%; height: 46px;\">HUGO \u2013 Hospital de Urg\u00eancias de Goi\u00e1s Dr. Valdemiro Cruz<\/td>\n<td style=\"width: 5.44671%; height: 46px;\">2024<\/td>\n<td style=\"width: 67.5142%; height: 46px;\">Mar\u00e7o <a href=\"https:\/\/goias.gov.br\/saude\/wp-content\/uploads\/sites\/34\/files\/acesso_a_informacao\/escala-saude\/hugo\/2024\/hugo-marco.pdf\" target=\"_blank\" rel=\"noopener\">pdf<\/a> \/ <a href=\"https:\/\/goias.gov.br\/saude\/wp-content\/uploads\/sites\/34\/files\/acesso_a_informacao\/escala-saude\/hugo\/2024\/hugo-marco.xlsx\">csv<\/a> \/ <a href=\"https:\/\/goias.gov.br\/saude\/escala-hugo-marco-2024\/\" target=\"_blank\" rel=\"noopener\">Informa\u00e7\u00f5es<\/a><\/td>\n<\/tr>\n<tr style=\"height: 46px;\">\n<td style=\"width: 48.991%; height: 46px;\">HEJ \u2013 Hospital Estadual de Jata\u00ed Dr. Serafim de Carvalho<\/td>\n<td style=\"width: 5.44671%; height: 46px;\">2024<\/td>\n<td style=\"width: 67.5142%; height: 46px;\">Mar\u00e7o <a href=\"https:\/\/goias.gov.br\/saude\/wp-content\/uploads\/sites\/34\/files\/acesso_a_informacao\/escala-saude\/hej\/2024\/hej-marco.pdf\" target=\"_blank\" rel=\"noopener\">pdf<\/a> \/ <a href=\"https:\/\/goias.gov.br\/saude\/wp-content\/uploads\/sites\/34\/files\/acesso_a_informacao\/escala-saude\/hej\/2024\/hej-marco.ods\">csv<\/a> \/ <a href=\"https:\/\/goias.gov.br\/saude\/escala-hej-marco-2024\/\" target=\"_blank\" rel=\"noopener\">Informa\u00e7\u00f5es<\/a><\/td>\n<\/tr>\n<tr style=\"height: 44px;\">\n<td style=\"width: 48.991%; height: 44px;\">HEMNSL \u2013 Hospital Estadual e Maternidade Nossa Senhora de Lourdes<\/td>\n<td style=\"width: 5.44671%; height: 44px;\">2024<\/td>\n<td style=\"width: 67.5142%; height: 44px;\">Mar\u00e7o <a href=\"https:\/\/goias.gov.br\/saude\/wp-content\/uploads\/sites\/34\/files\/acesso_a_informacao\/escala-saude\/hemnsl\/2024\/hemnsl-marco.pdf\" target=\"_blank\" rel=\"noopener\">pdf<\/a> \/ <a href=\"https:\/\/goias.gov.br\/saude\/wp-content\/uploads\/sites\/34\/files\/acesso_a_informacao\/escala-saude\/hemnsl\/2024\/hemnsl-marco.ods\">csv<\/a> \/ <a href=\"https:\/\/goias.gov.br\/saude\/escala-hemnsl-marco-2024\/\" target=\"_blank\" rel=\"noopener\">Informa\u00e7\u00f5es<\/a><\/td>\n<\/tr>\n<tr style=\"height: 46px;\">\n<td style=\"width: 48.991%; height: 46px;\">HEELJ \u2013 Hospital Estadual de Piren\u00f3polis Ernestina Lopes Jaime<\/td>\n<td style=\"width: 5.44671%; height: 46px;\">2024<\/td>\n<td style=\"width: 67.5142%; height: 46px;\">Mar\u00e7o <a href=\"https:\/\/goias.gov.br\/saude\/wp-content\/uploads\/sites\/34\/files\/acesso_a_informacao\/escala-saude\/heelj\/2024\/heelj-marco.pdf\" target=\"_blank\" rel=\"noopener\">pdf<\/a> \/ <a href=\"https:\/\/goias.gov.br\/saude\/wp-content\/uploads\/sites\/34\/files\/acesso_a_informacao\/escala-saude\/heelj\/2024\/heelj-marco.ods\">csv<\/a> \/ <a href=\"https:\/\/goias.gov.br\/saude\/escala-heelj-marco-2024\/\" target=\"_blank\" rel=\"noopener\">Informa\u00e7\u00f5es<\/a><\/td>\n<\/tr>\n<tr style=\"height: 46px;\">\n<td style=\"width: 48.991%; height: 46px;\">HEMU \u2013 Hospital Estadual da Mulher Dr. Jurandir do Nascimento<\/td>\n<td style=\"width: 5.44671%; height: 46px;\">2024<\/td>\n<td style=\"width: 67.5142%; height: 46px;\">Mar\u00e7o <a href=\"https:\/\/goias.gov.br\/saude\/wp-content\/uploads\/sites\/34\/files\/acesso_a_informacao\/escala-saude\/hemu\/2024\/hemu-marco.pdf\" target=\"_blank\" rel=\"noopener\">pdf<\/a> \/ <a href=\"https:\/\/goias.gov.br\/saude\/wp-content\/uploads\/sites\/34\/files\/acesso_a_informacao\/escala-saude\/hemu\/2024\/hemu-marco.ods\">csv<\/a> \/ <a href=\"https:\/\/goias.gov.br\/saude\/escala-hemu-marco-2024\/\" target=\"_blank\" rel=\"noopener\">Informa\u00e7\u00f5es<\/a><\/td>\n<\/tr>\n<tr style=\"height: 23px;\">\n<td style=\"width: 48.991%; height: 23px;\">HEAPA \u2013 Hospital Estadual de Aparecida de Goi\u00e2nia Cairo Louzada<\/td>\n<td style=\"width: 5.44671%; height: 23px;\">2024<\/td>\n<td style=\"width: 67.5142%; height: 23px;\">Mar\u00e7o <a href=\"https:\/\/goias.gov.br\/saude\/wp-content\/uploads\/sites\/34\/files\/acesso_a_informacao\/escala-saude\/heapa\/2024\/heapa-marco.pdf\" target=\"_blank\" rel=\"noopener\">pdf<\/a> \/ <a href=\"https:\/\/goias.gov.br\/saude\/wp-content\/uploads\/sites\/34\/files\/acesso_a_informacao\/escala-saude\/heapa\/2024\/heapa-marco.xlsx\">csv<\/a> \/ <a href=\"https:\/\/goias.gov.br\/saude\/escala-heapa-marco-2024\/\" target=\"_blank\" rel=\"noopener\">Informa\u00e7\u00f5es<\/a><\/td>\n<\/tr>\n<tr style=\"height: 46px;\">\n<td style=\"width: 48.991%; height: 46px;\">Policl\u00ednica Estadual da Regi\u00e3o S\u00e3o Patr\u00edcio \u2013 Goian\u00e9sia<\/td>\n<td style=\"width: 5.44671%; height: 46px;\">2024<\/td>\n<td style=\"width: 67.5142%; height: 46px;\">Mar\u00e7o <a href=\"https:\/\/goias.gov.br\/saude\/wp-content\/uploads\/sites\/34\/files\/acesso_a_informacao\/escala-saude\/policlinica-goianesia\/2024\/poli-goianesia-marco.pdf\" target=\"_blank\" rel=\"noopener\">pdf<\/a> \/ <a href=\"https:\/\/goias.gov.br\/saude\/wp-content\/uploads\/sites\/34\/files\/acesso_a_informacao\/escala-saude\/policlinica-goianesia\/2024\/poli-goianesia-marco.ods\">csv<\/a> \/ <a href=\"https:\/\/goias.gov.br\/saude\/escala-policlinica-de-goianesia-marco-2024\/\" target=\"_blank\" rel=\"noopener\">Informa\u00e7\u00f5es<\/a><\/td>\n<\/tr>\n<tr style=\"height: 46px;\">\n<td style=\"width: 48.991%; height: 46px;\">CRESM \u2013 Complexo de Refer\u00eancia Estadual em Sa\u00fade Mental \u2013 Prof. Jamil Issy<\/td>\n<td style=\"width: 5.44671%; height: 46px;\">2024<\/td>\n<td style=\"width: 67.5142%; height: 46px;\">Mar\u00e7o <a href=\"https:\/\/goias.gov.br\/saude\/wp-content\/uploads\/sites\/34\/files\/acesso_a_informacao\/escala-saude\/cresm\/2024\/cresm-marco.pdf\" target=\"_blank\" rel=\"noopener\">pdf<\/a> \/ <a href=\"https:\/\/goias.gov.br\/saude\/wp-content\/uploads\/sites\/34\/files\/acesso_a_informacao\/escala-saude\/cresm\/2024\/cresm-marco.ods\">csv<\/a> \/ <a href=\"https:\/\/goias.gov.br\/saude\/escala-cresm-marco-2024\/\" target=\"_blank\" rel=\"noopener\">Informa\u00e7\u00f5es<\/a><\/td>\n<\/tr>\n<tr style=\"height: 46px;\">\n<td style=\"width: 48.991%; height: 46px;\">Policl\u00ednica Estadual da Regi\u00e3o Nordeste &#8211; Posse<\/td>\n<td style=\"width: 5.44671%; height: 46px;\">2024<\/td>\n<td style=\"width: 67.5142%; height: 46px;\">Mar\u00e7o <a href=\"https:\/\/goias.gov.br\/saude\/wp-content\/uploads\/sites\/34\/files\/acesso_a_informacao\/escala-saude\/policlinica-posse\/2024\/poli-posse-marco.pdf\" target=\"_blank\" rel=\"noopener\">pdf<\/a> \/ <a id=\"\" title=\"\" href=\"https:\/\/goias.gov.br\/saude\/wp-content\/uploads\/sites\/34\/files\/acesso_a_informacao\/escala-saude\/policlinica-posse\/2024\/poli-posse-marco.ods\">csv<\/a> \/ <a href=\"https:\/\/goias.gov.br\/saude\/escala-policlinica-de-posse-marco-2024\/\" target=\"_blank\" rel=\"noopener\">Informa\u00e7\u00f5es<\/a><\/td>\n<\/tr>\n<tr style=\"height: 46px;\">\n<td style=\"width: 48.991%; height: 46px;\">Policl\u00ednica Estadual da Regi\u00e3o do Entorno \u2013 Formosa<\/td>\n<td style=\"width: 5.44671%; height: 46px;\">2024<\/td>\n<td style=\"width: 67.5142%; height: 46px;\">Mar\u00e7o <a href=\"https:\/\/goias.gov.br\/saude\/wp-content\/uploads\/sites\/34\/files\/acesso_a_informacao\/escala-saude\/policlinica-formosa\/2024\/poli-formosa-marco.pdf\" target=\"_blank\" rel=\"noopener\">pdf<\/a> \/ <a href=\"https:\/\/goias.gov.br\/saude\/wp-content\/uploads\/sites\/34\/files\/acesso_a_informacao\/escala-saude\/policlinica-formosa\/2024\/poli-formosa-marco.ods\">csv<\/a> \/ <a href=\"https:\/\/goias.gov.br\/saude\/escala-policlinica-formosa-marco-2024\" target=\"_blank\" rel=\"noopener\">Informa\u00e7\u00f5es<\/a><\/td>\n<\/tr>\n<tr style=\"height: 46px;\">\n<td style=\"width: 48.991%; height: 46px;\">HEANA \u2013 Hospital Estadual de An\u00e1polis Dr. Henrique Santillo<\/td>\n<td style=\"width: 5.44671%; height: 46px;\">2024<\/td>\n<td style=\"width: 67.5142%; height: 46px;\">Mar\u00e7o <a href=\"https:\/\/goias.gov.br\/saude\/wp-content\/uploads\/sites\/34\/files\/acesso_a_informacao\/escala-saude\/heana\/2024\/heana-marco.pdf\" target=\"_blank\" rel=\"noopener\">pdf<\/a> \/ <a href=\"https:\/\/goias.gov.br\/saude\/wp-content\/uploads\/sites\/34\/files\/acesso_a_informacao\/escala-saude\/heana\/2024\/heana-marco.ods\">csv<\/a> \/ <a href=\"https:\/\/goias.gov.br\/saude\/escala-heana-marco-2024\/\" target=\"_blank\" rel=\"noopener\">Informa\u00e7\u00f5es<\/a><\/td>\n<\/tr>\n<tr style=\"height: 46px;\">\n<td style=\"width: 48.991%; height: 46px;\">HDT \u2013 Hospital Estadual de Doen\u00e7as Tropicais Dr. Anuar Auad<\/td>\n<td style=\"width: 5.44671%; height: 46px;\">2024<\/td>\n<td style=\"width: 67.5142%; height: 46px;\">Mar\u00e7o <a id=\"\" title=\"\" href=\"https:\/\/goias.gov.br\/saude\/wp-content\/uploads\/sites\/34\/files\/acesso_a_informacao\/escala-saude\/hdt\/2024\/hdt-marco.pdf\" target=\"_blank\" rel=\"noopener\">pdf<\/a> \/ <a id=\"\" title=\"\" href=\"https:\/\/goias.gov.br\/saude\/wp-content\/uploads\/sites\/34\/files\/acesso_a_informacao\/escala-saude\/hdt\/2024\/hdt-marco.ods\">csv<\/a> \/ <a href=\"https:\/\/goias.gov.br\/saude\/escala-hdt-marco-2024\/\" target=\"_blank\" rel=\"noopener\">Informa\u00e7\u00f5es<\/a><\/td>\n<\/tr>\n<tr style=\"height: 46px;\">\n<td style=\"width: 48.991%; height: 46px;\">HSLMB &#8211; Hospital Estadual de S\u00e3o Lu\u00eds de Montes Belos Dr. Geraldo Land\u00f3<\/td>\n<td style=\"width: 5.44671%; height: 46px;\">2024<\/td>\n<td style=\"width: 67.5142%; height: 46px;\">Mar\u00e7o <a href=\"https:\/\/goias.gov.br\/saude\/wp-content\/uploads\/sites\/34\/files\/acesso_a_informacao\/escala-saude\/hslmb\/2024\/hslmb-marco.pdf\" target=\"_blank\" rel=\"noopener\">pdf<\/a> \/ <a href=\"https:\/\/goias.gov.br\/saude\/wp-content\/uploads\/sites\/34\/files\/acesso_a_informacao\/escala-saude\/hslmb\/2024\/hslmb-marco.ods\">csv<\/a> \/ <a href=\"https:\/\/goias.gov.br\/saude\/escala-hslmb-marco\/\" target=\"_blank\" rel=\"noopener\">Informa\u00e7\u00f5es<\/a><\/td>\n<\/tr>\n<tr style=\"height: 46px;\">\n<td style=\"width: 48.991%; height: 46px;\">Policl\u00ednica Estadual Ismael Alexandrino Pinto \u2013 S\u00e3o Lu\u00eds de Montes Belos<\/td>\n<td style=\"width: 5.44671%; height: 46px;\">2024<\/td>\n<td style=\"width: 67.5142%; height: 46px;\">Mar\u00e7o <a href=\"https:\/\/goias.gov.br\/saude\/wp-content\/uploads\/sites\/34\/files\/acesso_a_informacao\/escala-saude\/policlinica-sao-luis-de-montes-belos\/2024\/poli-sao-luis-marco.pdf\" target=\"_blank\" rel=\"noopener\">pdf<\/a> \/ <a href=\"https:\/\/goias.gov.br\/saude\/wp-content\/uploads\/sites\/34\/files\/acesso_a_informacao\/escala-saude\/policlinica-sao-luis-de-montes-belos\/2024\/poli-sao-luis-marco.ods\">csv<\/a> \/ <a href=\"https:\/\/goias.gov.br\/saude\/escala-policlinica-de-sao-luis-de-montes-belos-marco\/\" target=\"_blank\" rel=\"noopener\">Informa\u00e7\u00f5es<\/a><\/td>\n<\/tr>\n<tr style=\"height: 46px;\">\n<td style=\"width: 48.991%; height: 46px;\">COEG \u2013 Centro Estadual de Odontologia Sebasti\u00e3o Alves Ribeiro<\/td>\n<td style=\"width: 5.44671%; height: 46px;\">2024<\/td>\n<td style=\"width: 67.5142%; height: 46px;\">Mar\u00e7o <a href=\"https:\/\/goias.gov.br\/saude\/wp-content\/uploads\/sites\/34\/files\/acesso_a_informacao\/escala-saude\/coeg\/2024\/coeg-marco.pdf\" target=\"_blank\" rel=\"noopener\">pdf<\/a> \/ <a href=\"https:\/\/goias.gov.br\/saude\/wp-content\/uploads\/sites\/34\/files\/acesso_a_informacao\/escala-saude\/coeg\/2024\/coeg-marco.ods\">csv<\/a> \/ <a href=\"https:\/\/goias.gov.br\/saude\/escala-coeg-marco-2024\/\" target=\"_blank\" rel=\"noopener\">Informa\u00e7\u00f5es<\/a><\/td>\n<\/tr>\n<tr style=\"height: 46px;\">\n<td style=\"width: 48.991%; height: 46px;\">CEAP-SOL \u2013 Centro Estadual de Aten\u00e7\u00e3o Prolongada e Casa de Apoio Condom\u00ednio Solidariedade<\/td>\n<td style=\"width: 5.44671%; height: 46px;\">2024<\/td>\n<td style=\"width: 67.5142%; height: 46px;\">Mar\u00e7o <a href=\"https:\/\/goias.gov.br\/saude\/wp-content\/uploads\/sites\/34\/files\/acesso_a_informacao\/escala-saude\/ceap-sol\/2024\/ceap-sol-marco.pdf\" target=\"_blank\" rel=\"noopener\">pdf<\/a> \/ <a href=\"https:\/\/goias.gov.br\/saude\/wp-content\/uploads\/sites\/34\/files\/acesso_a_informacao\/escala-saude\/ceap-sol\/2024\/ceap-sol-marco.ods\">csv<\/a> \/ <a href=\"https:\/\/goias.gov.br\/saude\/escala-ceap-sol-marco-2024\/\" target=\"_blank\" rel=\"noopener\">Informa\u00e7\u00f5es<\/a><\/td>\n<\/tr>\n<tr style=\"height: 46px;\">\n<td style=\"width: 48.991%; height: 46px;\">Rede Hemo \u2013 Rede Estadual de Servi\u00e7os de Hemoterapia<\/td>\n<td style=\"width: 5.44671%; height: 46px;\">2024<\/td>\n<td style=\"width: 67.5142%; height: 46px;\">Mar\u00e7o <a href=\"https:\/\/goias.gov.br\/saude\/wp-content\/uploads\/sites\/34\/files\/acesso_a_informacao\/escala-saude\/redehemo\/2024\/redehemo-marco.pdf\" target=\"_blank\" rel=\"noopener\">pdf<\/a> \/ <a href=\"https:\/\/goias.gov.br\/saude\/wp-content\/uploads\/sites\/34\/files\/acesso_a_informacao\/escala-saude\/redehemo\/2024\/redehemo-marco.ods\">csv<\/a> \/ <a href=\"https:\/\/goias.gov.br\/saude\/escala-rede-hemo-marco-2024\/\" target=\"_blank\" rel=\"noopener\">Informa\u00e7\u00f5es<\/a><\/td>\n<\/tr>\n<tr style=\"height: 46px;\">\n<td style=\"width: 48.991%; height: 46px;\">HGG \u2013 Hospital Estadual Dr. Alberto Rassi<\/td>\n<td style=\"width: 5.44671%; height: 46px;\">2024<\/td>\n<td style=\"width: 67.5142%; height: 46px;\">Mar\u00e7o <a href=\"https:\/\/goias.gov.br\/saude\/wp-content\/uploads\/sites\/34\/files\/acesso_a_informacao\/escala-saude\/hgg\/2024\/hgg-marco.pdf\" target=\"_blank\" rel=\"noopener\">pdf<\/a> \/ <a href=\"https:\/\/goias.gov.br\/saude\/wp-content\/uploads\/sites\/34\/files\/acesso_a_informacao\/escala-saude\/hgg\/2024\/hgg-marco.ods\">csv<\/a> \/ <a href=\"https:\/\/goias.gov.br\/saude\/escala-hgg-marco-2024\/\" target=\"_blank\" rel=\"noopener\">Informa\u00e7\u00f5es<\/a><\/td>\n<\/tr>\n<tr style=\"height: 46px;\">\n<td style=\"width: 48.991%; height: 46px;\">HETRIN \u2013 Hospital Estadual de Trindade Walda Ferreira dos Santos<\/td>\n<td style=\"width: 5.44671%; height: 46px;\">2024<\/td>\n<td style=\"width: 67.5142%; height: 46px;\">Mar\u00e7o <a href=\"https:\/\/goias.gov.br\/saude\/wp-content\/uploads\/sites\/34\/files\/acesso_a_informacao\/escala-saude\/hetrin\/2024\/hetrin-marco.pdf\" target=\"_blank\" rel=\"noopener\">pdf<\/a> \/ <a href=\"https:\/\/goias.gov.br\/saude\/wp-content\/uploads\/sites\/34\/files\/acesso_a_informacao\/escala-saude\/hetrin\/2024\/hetrin-marco.ods\">csv<\/a> \/ <a href=\"https:\/\/goias.gov.br\/saude\/escala-hetrin-marco-2024\/\" target=\"_blank\" rel=\"noopener\">Informa\u00e7\u00f5es<\/a><\/td>\n<\/tr>\n<tr style=\"height: 46px;\">\n<td style=\"width: 48.991%; height: 46px;\">HEF \u2013 Hospital Estadual de Formosa Dr. C\u00e9sar Saad Fayad<\/td>\n<td style=\"width: 5.44671%; height: 46px;\">2024<\/td>\n<td style=\"width: 67.5142%; height: 46px;\">Mar\u00e7o <a href=\"https:\/\/goias.gov.br\/saude\/wp-content\/uploads\/sites\/34\/files\/acesso_a_informacao\/escala-saude\/hef\/2024\/hef-marco.pdf\" target=\"_blank\" rel=\"noopener\">pdf<\/a> \/ <a href=\"https:\/\/goias.gov.br\/saude\/wp-content\/uploads\/sites\/34\/files\/acesso_a_informacao\/escala-saude\/hef\/2024\/hef-marco.ods\">csv<\/a> \/ <a href=\"https:\/\/goias.gov.br\/saude\/escala-hef-marco-2024\/\" target=\"_blank\" rel=\"noopener\">Informa\u00e7\u00f5es<\/a><\/td>\n<\/tr>\n<tr style=\"height: 46px;\">\n<td style=\"width: 48.991%; height: 46px;\">HCN \u2013 Hospital Estadual do Centro-Norte Goiano<\/td>\n<td style=\"width: 5.44671%; height: 46px;\">2024<\/td>\n<td style=\"width: 67.5142%; height: 46px;\">Mar\u00e7o <a href=\"https:\/\/goias.gov.br\/saude\/wp-content\/uploads\/sites\/34\/files\/acesso_a_informacao\/escala-saude\/hcn\/2024\/hcn-marco.pdf\" target=\"_blank\" rel=\"noopener\">pdf<\/a> \/ <a href=\"https:\/\/goias.gov.br\/saude\/wp-content\/uploads\/sites\/34\/files\/acesso_a_informacao\/escala-saude\/hcn\/2024\/hcn-marco.ods\">csv<\/a> \/ <a href=\"https:\/\/goias.gov.br\/saude\/escala-hcn-marco-2024\/\" target=\"_blank\" rel=\"noopener\">Informa\u00e7\u00f5es<\/a><\/td>\n<\/tr>\n<tr style=\"height: 46px;\">\n<td style=\"width: 48.991%; height: 46px;\">HERSO \u2013 Hospital Estadual de Santa Helena de Goi\u00e1s Dr. Albanir Faleiros Machado<\/td>\n<td style=\"width: 5.44671%; height: 46px;\">2024<\/td>\n<td style=\"width: 67.5142%; height: 46px;\">Mar\u00e7o <a href=\"https:\/\/goias.gov.br\/saude\/wp-content\/uploads\/sites\/34\/files\/acesso_a_informacao\/escala-saude\/herso\/2024\/herso-marco.pdf\" target=\"_blank\" rel=\"noopener\">pdf<\/a> \/ <a href=\"https:\/\/goias.gov.br\/saude\/wp-content\/uploads\/sites\/34\/files\/acesso_a_informacao\/escala-saude\/herso\/2024\/herso-marco.ods\">csv<\/a> \/ <a href=\"https:\/\/goias.gov.br\/saude\/escala-herso-marco-2024\/\" target=\"_blank\" rel=\"noopener\">Informa\u00e7\u00f5es<\/a><\/td>\n<\/tr>\n<tr style=\"height: 46px;\">\n<td style=\"width: 48.991%; height: 46px;\">HEL \u2013 Hospital Estadual de Luzi\u00e2nia<\/td>\n<td style=\"width: 5.44671%; height: 46px;\">2024<\/td>\n<td style=\"width: 67.5142%; height: 46px;\">Mar\u00e7o <a href=\"https:\/\/goias.gov.br\/saude\/wp-content\/uploads\/sites\/34\/files\/acesso_a_informacao\/escala-saude\/hel\/2024\/hel-marco.pdf\" target=\"_blank\" rel=\"noopener\">pdf<\/a> \/ <a href=\"https:\/\/goias.gov.br\/saude\/wp-content\/uploads\/sites\/34\/files\/acesso_a_informacao\/escala-saude\/hel\/2024\/hel-marco.ods\">csv<\/a> \/ <a href=\"https:\/\/goias.gov.br\/saude\/escala-hel-marco-2024\/\" target=\"_blank\" rel=\"noopener\">Informa\u00e7\u00f5es<\/a><\/td>\n<\/tr>\n<tr style=\"height: 46px;\">\n<td style=\"width: 48.991%; height: 46px;\">CARA \u2013 Centro Estadual de Assist\u00eancia aos Radioacidentados Leide das Neves<\/td>\n<td style=\"width: 5.44671%; height: 46px;\">2024<\/td>\n<td style=\"width: 67.5142%; height: 46px;\">Mar\u00e7o <a href=\"https:\/\/goias.gov.br\/saude\/wp-content\/uploads\/sites\/34\/files\/acesso_a_informacao\/escala-saude\/cara\/2024\/cara-marco.pdf\" target=\"_blank\" rel=\"noopener\">pdf<\/a> \/ <a href=\"https:\/\/goias.gov.br\/saude\/wp-content\/uploads\/sites\/34\/files\/acesso_a_informacao\/escala-saude\/cara\/2024\/cara-marco.ods\">csv<\/a> \/ <a href=\"https:\/\/goias.gov.br\/saude\/escala-cara-marco-2024\/\" target=\"_blank\" rel=\"noopener\">Informa\u00e7\u00f5es<\/a><\/td>\n<\/tr>\n<tr style=\"height: 46px;\">\n<td style=\"width: 48.991%; height: 46px;\">HECAD \u2013 Hospital Estadual da Crian\u00e7a e do Adolescente<\/td>\n<td style=\"width: 5.44671%; height: 46px;\">2024<\/td>\n<td style=\"width: 67.5142%; height: 46px;\">Mar\u00e7o <a href=\"https:\/\/goias.gov.br\/saude\/wp-content\/uploads\/sites\/34\/files\/acesso_a_informacao\/escala-saude\/hecad\/2024\/hecad-marco.pdf\" target=\"_blank\" rel=\"noopener\">pdf<\/a> \/ <a href=\"https:\/\/goias.gov.br\/saude\/wp-content\/uploads\/sites\/34\/files\/acesso_a_informacao\/escala-saude\/hecad\/2024\/hecad-marco.xlsx\">csv<\/a> \/ <a href=\"https:\/\/goias.gov.br\/saude\/escala-hecad-marco-2024\/\" target=\"_blank\" rel=\"noopener\">Informa\u00e7\u00f5es<\/a><\/td>\n<\/tr>\n<tr style=\"height: 46px;\">\n<td style=\"width: 48.991%; height: 46px;\">HUGOL \u2013 Hospital Estadual de Urg\u00eancias Governador Ot\u00e1vio Lage de Siqueira<\/td>\n<td style=\"width: 5.44671%; height: 46px;\">2024<\/td>\n<td style=\"width: 67.5142%; height: 46px;\">Mar\u00e7o <a href=\"https:\/\/goias.gov.br\/saude\/wp-content\/uploads\/sites\/34\/files\/acesso_a_informacao\/escala-saude\/hugol\/2024\/hugol-marco.pdf\" target=\"_blank\" rel=\"noopener\">pdf<\/a> \/ <a href=\"https:\/\/goias.gov.br\/saude\/wp-content\/uploads\/sites\/34\/files\/acesso_a_informacao\/escala-saude\/hugol\/2024\/hugol-marco.ods\">csv<\/a> \/ <a href=\"https:\/\/goias.gov.br\/saude\/escala-hugol-marco-2024\/\" target=\"_blank\" rel=\"noopener\">Informa\u00e7\u00f5es<\/a><\/td>\n<\/tr>\n<tr style=\"height: 46px;\">\n<td style=\"width: 48.991%; height: 46px;\">HDS \u2013 Hospital Estadual de Dermatologia Sanit\u00e1ria \u2013 Col\u00f4nia Santa Marta<\/td>\n<td style=\"width: 5.44671%; height: 46px;\">2024<\/td>\n<td style=\"width: 67.5142%; height: 46px;\">Mar\u00e7o <a href=\"https:\/\/goias.gov.br\/saude\/wp-content\/uploads\/sites\/34\/files\/acesso_a_informacao\/escala-saude\/hds\/2024\/hds-marco.pdf\" target=\"_blank\" rel=\"noopener\">pdf<\/a> \/ <a href=\"https:\/\/goias.gov.br\/saude\/wp-content\/uploads\/sites\/34\/files\/acesso_a_informacao\/escala-saude\/hds\/2024\/hds-marco.xlsx\">csv<\/a> \/ <a href=\"https:\/\/goias.gov.br\/saude\/escala-hds-marco\/\" target=\"_blank\" rel=\"noopener\">Informa\u00e7\u00f5es<\/a><\/td>\n<\/tr>\n<tr style=\"height: 46px;\">\n<td style=\"width: 48.991%; height: 46px;\">CRER \u2013 Centro Estadual de Reabilita\u00e7\u00e3o e Readapta\u00e7\u00e3o Dr. Henrique Santillo<\/td>\n<td style=\"width: 5.44671%; height: 46px;\">2024<\/td>\n<td style=\"width: 67.5142%; height: 46px;\">\u00a0Mar\u00e7o <a href=\"https:\/\/goias.gov.br\/saude\/wp-content\/uploads\/sites\/34\/files\/acesso_a_informacao\/escala-saude\/crer\/2024\/crer-marco.pdf\" target=\"_blank\" rel=\"noopener\">pdf<\/a> \/ <a href=\"https:\/\/goias.gov.br\/saude\/wp-content\/uploads\/sites\/34\/files\/acesso_a_informacao\/escala-saude\/crer\/2024\/crer-marco.xlsx\">csv<\/a> \/ <a href=\"https:\/\/goias.gov.br\/saude\/escala-crer-marco\/\" target=\"_blank\" rel=\"noopener\">Informa\u00e7\u00f5es<\/a><\/td>\n<\/tr>\n<tr style=\"height: 46px;\">\n<td style=\"width: 48.991%; height: 46px;\">CAPSI &#8211; Centro Estadual de Aten\u00e7\u00e3o Psicossocial e Infanto-Juvenil<\/td>\n<td style=\"width: 5.44671%; height: 46px;\">2024<\/td>\n<td style=\"width: 67.5142%; height: 46px;\">Mar\u00e7o <a href=\"https:\/\/goias.gov.br\/saude\/wp-content\/uploads\/sites\/34\/files\/acesso_a_informacao\/escala-saude\/capsi\/2024\/capsi-marco.pdf\" target=\"_blank\" rel=\"noopener\">pdf<\/a> \/ <a href=\"https:\/\/goias.gov.br\/saude\/wp-content\/uploads\/sites\/34\/files\/acesso_a_informacao\/escala-saude\/capsi\/2024\/capsi-marco.ods\">csv<\/a> \/ <a href=\"https:\/\/goias.gov.br\/saude\/escala-capsi-marco\/\" target=\"_blank\" rel=\"noopener\">Informa\u00e7\u00f5es<\/a><\/td>\n<\/tr>\n<tr style=\"height: 46px;\">\n<td style=\"width: 48.991%; height: 46px;\">CREMIC &#8211; Centro Estadual de Refer\u00eancia em Medicina Integrativa e Complementar<\/td>\n<td style=\"width: 5.44671%; height: 46px;\">2024<\/td>\n<td style=\"width: 67.5142%; height: 46px;\">\u00a0Mar\u00e7o <a href=\"https:\/\/goias.gov.br\/saude\/wp-content\/uploads\/sites\/34\/files\/acesso_a_informacao\/escala-saude\/cremic\/2024\/cremic-marco.pdf\" target=\"_blank\" rel=\"noopener\">pdf<\/a> \/ <a href=\"https:\/\/goias.gov.br\/saude\/wp-content\/uploads\/sites\/34\/files\/acesso_a_informacao\/escala-saude\/cremic\/2024\/cremic-marco.ods\">csv<\/a> \/ <a href=\"https:\/\/goias.gov.br\/saude\/escala-cremic-marco\/\" target=\"_blank\" rel=\"noopener\">Informa\u00e7\u00f5es<\/a><\/td>\n<\/tr>\n<tr style=\"height: 46px;\">\n<td style=\"width: 48.991%; height: 46px;\">HEI \u2013 Hospital Estadual de Itumbiara S\u00e3o Marcos<\/td>\n<td style=\"width: 5.44671%; height: 46px;\">2024<\/td>\n<td style=\"width: 67.5142%; height: 46px;\">Mar\u00e7o <a href=\"https:\/\/goias.gov.br\/saude\/wp-content\/uploads\/sites\/34\/files\/acesso_a_informacao\/escala-saude\/hei\/2024\/hei-marco.pdf\" target=\"_blank\" rel=\"noopener\">pdf<\/a> \/ <a href=\"https:\/\/goias.gov.br\/saude\/wp-content\/uploads\/sites\/34\/files\/acesso_a_informacao\/escala-saude\/hei\/2024\/hei-marco.xlsx\">csv<\/a> \/ <a href=\"https:\/\/goias.gov.br\/saude\/escala-hei-marco\/\" target=\"_blank\" rel=\"noopener\">Informa\u00e7\u00f5es<\/a><\/td>\n<\/tr>\n<tr style=\"height: 46px;\">\n<td style=\"width: 48.991%; height: 46px;\">Policl\u00ednica Estadual Brasil Bruno de Bastos Neto Regi\u00e3o Rio Vermelho \u2013 Goi\u00e1s<\/td>\n<td style=\"width: 5.44671%; height: 46px;\">2024<\/td>\n<td style=\"width: 67.5142%; height: 46px;\">Mar\u00e7o <a href=\"https:\/\/goias.gov.br\/saude\/wp-content\/uploads\/sites\/34\/files\/acesso_a_informacao\/escala-saude\/policlinica-goias\/2024\/poli-goias-marco.pdf\" target=\"_blank\" rel=\"noopener\">pdf<\/a> \/ <a href=\"https:\/\/goias.gov.br\/saude\/wp-content\/uploads\/sites\/34\/files\/acesso_a_informacao\/escala-saude\/policlinica-goias\/2024\/poli-goias-marco.xlsx\">csv<\/a> \/ <a href=\"https:\/\/goias.gov.br\/saude\/escala-policlinica-de-goias-marco\/\" target=\"_blank\" rel=\"noopener\">Informa\u00e7\u00f5es<\/a><\/td>\n<\/tr>\n<tr style=\"height: 46px;\">\n<td style=\"width: 48.991%; height: 46px;\">HEJA \u2013 Hospital Estadual de Jaragu\u00e1 Dr. Sandino de Amorim<\/td>\n<td style=\"width: 5.44671%; height: 46px;\">2024<\/td>\n<td style=\"width: 67.5142%; height: 46px;\">Mar\u00e7o <a href=\"https:\/\/goias.gov.br\/saude\/wp-content\/uploads\/sites\/34\/files\/acesso_a_informacao\/escala-saude\/heja\/2024\/heja-marco.pdf\" target=\"_blank\" rel=\"noopener\">pdf<\/a> \/ <a href=\"https:\/\/goias.gov.br\/saude\/wp-content\/uploads\/sites\/34\/files\/acesso_a_informacao\/escala-saude\/heja\/2024\/heja-marco.xlsx\">csv<\/a> \/ <a href=\"https:\/\/goias.gov.br\/saude\/escala-heja-marco\/\" target=\"_blank\" rel=\"noopener\">Informa\u00e7\u00f5es<\/a><\/td>\n<\/tr>\n<tr style=\"height: 46px;\">\n<td style=\"width: 48.991%; height: 46px;\">Policl\u00ednica Estadual da Regi\u00e3o Sudoeste \u2013 Quirin\u00f3polis<\/td>\n<td style=\"width: 5.44671%; height: 46px;\">2024<\/td>\n<td style=\"width: 67.5142%; height: 46px;\">Mar\u00e7o <a href=\"https:\/\/goias.gov.br\/saude\/wp-content\/uploads\/sites\/34\/files\/acesso_a_informacao\/escala-saude\/policlinica-quirinopolis\/2024\/poli-quirinopolis-marco.pdf\" target=\"_blank\" rel=\"noopener\">pdf<\/a> \/ <a href=\"https:\/\/goias.gov.br\/saude\/wp-content\/uploads\/sites\/34\/files\/acesso_a_informacao\/escala-saude\/policlinica-quirinopolis\/2024\/poli-quirinopolis-marco.ods\">csv<\/a> \/ <a href=\"https:\/\/goias.gov.br\/saude\/escala-policlinica-de-quirinopolis-marco\/\" target=\"_blank\" rel=\"noopener\">Informa\u00e7\u00f5es<\/a><\/td>\n<\/tr>\n<tr style=\"background-color: #1e7038; border-color: #1e7038;\">\n<td style=\"width: 48.991%; height: 23px;\">\u00a0<\/td>\n<td style=\"width: 5.44671%; height: 23px;\">\u00a0<\/td>\n<td style=\"width: 67.5142%; height: 23px;\">\u00a0<\/td>\n<\/tr>\n<tr style=\"height: 46px;\">\n<td style=\"width: 48.991%; height: 46px;\">Policl\u00ednica Estadual da Regi\u00e3o S\u00e3o Patr\u00edcio \u2013 Goian\u00e9sia<\/td>\n<td style=\"width: 5.44671%; height: 46px;\">2024\u00a0<\/td>\n<td style=\"width: 67.5142%; height: 46px;\">Fevereiro <a href=\"https:\/\/goias.gov.br\/saude\/wp-content\/uploads\/sites\/34\/files\/acesso_a_informacao\/escala-saude\/policlinica-goianesia\/2024\/poli-goianesia-fevereiro.pdf\" target=\"_blank\" rel=\"noopener\">pdf<\/a> \/ <a href=\"https:\/\/goias.gov.br\/saude\/wp-content\/uploads\/sites\/34\/files\/acesso_a_informacao\/escala-saude\/policlinica-goianesia\/2024\/poli-goianesia-fevereiro.ods\">csv<\/a> \/ <a href=\"https:\/\/goias.gov.br\/saude\/escala-policlinica-de-goianesia-fevereiro-2024\/\" target=\"_blank\" rel=\"noopener\">Informa\u00e7\u00f5es<\/a><\/td>\n<\/tr>\n<tr style=\"height: 46px;\">\n<td style=\"width: 48.991%; height: 46px;\">Policl\u00ednica Estadual da Regi\u00e3o Nordeste \u2013 Posse<\/td>\n<td style=\"width: 5.44671%; height: 46px;\">2024<\/td>\n<td style=\"width: 67.5142%; height: 46px;\">Fevereiro <a href=\"https:\/\/goias.gov.br\/saude\/wp-content\/uploads\/sites\/34\/files\/acesso_a_informacao\/escala-saude\/policlinica-posse\/2024\/poli-posse-fevereiro.pdf\" target=\"_blank\" rel=\"noopener\">pdf<\/a> \/ <a href=\"https:\/\/goias.gov.br\/saude\/wp-content\/uploads\/sites\/34\/files\/acesso_a_informacao\/escala-saude\/policlinica-posse\/2024\/poli-posse-fevereiro.ods\">csv<\/a> \/ <a href=\"https:\/\/goias.gov.br\/saude\/escala-policlinica-de-posse-fevereiro-2024\/\" target=\"_blank\" rel=\"noopener\">Informa\u00e7\u00f5es<\/a><\/td>\n<\/tr>\n<tr style=\"height: 46px;\">\n<td style=\"width: 48.991%; height: 46px;\">HEMU \u2013 Hospital Estadual da Mulher Dr. Jurandir do Nascimento<\/td>\n<td style=\"width: 5.44671%; height: 46px;\">2024<\/td>\n<td style=\"width: 67.5142%; height: 46px;\">Fevereiro <a href=\"https:\/\/goias.gov.br\/saude\/wp-content\/uploads\/sites\/34\/files\/acesso_a_informacao\/escala-saude\/hemu\/2024\/hemu-fevereiro.pdf\" target=\"_blank\" rel=\"noopener\">pdf<\/a> \/ <a href=\"https:\/\/goias.gov.br\/saude\/wp-content\/uploads\/sites\/34\/files\/acesso_a_informacao\/escala-saude\/hemu\/2024\/hemu-fevereiro.ods\" target=\"_blank\" rel=\"noopener\">csv<\/a> \/ <a href=\"https:\/\/goias.gov.br\/saude\/escala-hemu-fevereiro-2024\/\" target=\"_blank\" rel=\"noopener\">Informa\u00e7\u00f5es<\/a><\/td>\n<\/tr>\n<tr style=\"height: 46px;\">\n<td style=\"width: 48.991%; height: 46px;\">HDT \u2013 Hospital Estadual de Doen\u00e7as Tropicais Dr. Anuar Auad<\/td>\n<td style=\"width: 5.44671%; height: 46px;\">2024<\/td>\n<td style=\"width: 67.5142%; height: 46px;\">Fevereiro <a id=\"\" title=\"\" href=\"https:\/\/goias.gov.br\/saude\/wp-content\/uploads\/sites\/34\/files\/acesso_a_informacao\/escala-saude\/hdt\/2024\/hdt-fevereiro.pdf\" target=\"_blank\" rel=\"noopener\">pdf<\/a> \/ <a id=\"\" title=\"\" href=\"https:\/\/goias.gov.br\/saude\/wp-content\/uploads\/sites\/34\/files\/acesso_a_informacao\/escala-saude\/hdt\/2024\/hdt-fevereiro.ods\">csv<\/a> \/ <a href=\"https:\/\/goias.gov.br\/saude\/escala-hdt-fevereiro-2024\/\" target=\"_blank\" rel=\"noopener\">Informa\u00e7\u00f5es<\/a><\/td>\n<\/tr>\n<tr style=\"height: 46px;\">\n<td style=\"width: 48.991%; height: 46px;\">HEF \u2013 Hospital Estadual de Formosa Dr. C\u00e9sar Saad Fayad<\/td>\n<td style=\"width: 5.44671%; height: 46px;\">2024<\/td>\n<td style=\"width: 67.5142%; height: 46px;\">Fevereiro <a href=\"https:\/\/goias.gov.br\/saude\/wp-content\/uploads\/sites\/34\/files\/acesso_a_informacao\/escala-saude\/hef\/2024\/hef-fevereiro.pdf\" target=\"_blank\" rel=\"noopener\">pdf<\/a> \/ <a href=\"https:\/\/goias.gov.br\/saude\/wp-content\/uploads\/sites\/34\/files\/acesso_a_informacao\/escala-saude\/hef\/2024\/hef-fevereiro.ods\">csv<\/a> \/ <a href=\"https:\/\/goias.gov.br\/saude\/escala-hef-fevereiro-2024\/\" target=\"_blank\" rel=\"noopener\">Informa\u00e7\u00f5es<\/a><\/td>\n<\/tr>\n<tr style=\"height: 46px;\">\n<td style=\"width: 48.991%; height: 46px;\">CRESM \u2013 Complexo de Refer\u00eancia Estadual em Sa\u00fade Mental \u2013 Prof. Jamil Issy<\/td>\n<td style=\"width: 5.44671%; height: 46px;\">2024<\/td>\n<td style=\"width: 67.5142%; height: 46px;\">Fevereiro <a href=\"https:\/\/goias.gov.br\/saude\/wp-content\/uploads\/sites\/34\/files\/acesso_a_informacao\/escala-saude\/cresm\/2024\/cresm-fevereiro.pdf\" target=\"_blank\" rel=\"noopener\">pdf<\/a> \/ <a href=\"https:\/\/goias.gov.br\/saude\/wp-content\/uploads\/sites\/34\/files\/acesso_a_informacao\/escala-saude\/cresm\/2024\/cresm-fevereiro.ods\">csv<\/a> \/ <a href=\"https:\/\/goias.gov.br\/saude\/escala-cresm-fevereiro-2024\/\" target=\"_blank\" rel=\"noopener\">Informa\u00e7\u00f5es<\/a><\/td>\n<\/tr>\n<tr style=\"height: 46px;\">\n<td style=\"width: 48.991%; height: 46px;\">CARA \u2013 Centro Estadual de Assist\u00eancia aos Radioacidentados Leide das Neves<\/td>\n<td style=\"width: 5.44671%; height: 46px;\">2024<\/td>\n<td style=\"width: 67.5142%; height: 46px;\">Fevereiro <a href=\"https:\/\/goias.gov.br\/saude\/wp-content\/uploads\/sites\/34\/files\/acesso_a_informacao\/escala-saude\/cara\/2024\/cara-fevereiro.pdf\" target=\"_blank\" rel=\"noopener\">pdf<\/a> \/ <a href=\"https:\/\/goias.gov.br\/saude\/wp-content\/uploads\/sites\/34\/files\/acesso_a_informacao\/escala-saude\/cara\/2024\/cara-fevereiro.ods\">csv<\/a> \/ <a href=\"https:\/\/goias.gov.br\/saude\/escala-cara-fevereiro-2024\/\" target=\"_blank\" rel=\"noopener\">Informa\u00e7\u00f5es<\/a><\/td>\n<\/tr>\n<tr style=\"height: 46px;\">\n<td style=\"width: 48.991%; height: 46px;\">Policl\u00ednica Estadual Ismael Alexandrino Pinto \u2013 S\u00e3o Lu\u00eds de Montes Belos<\/td>\n<td style=\"width: 5.44671%; height: 46px;\">2024<\/td>\n<td style=\"width: 67.5142%; height: 46px;\">Fevereiro <a href=\"https:\/\/goias.gov.br\/saude\/wp-content\/uploads\/sites\/34\/files\/acesso_a_informacao\/escala-saude\/policlinica-sao-luis-de-montes-belos\/2024\/poli-sao-luis-fevereiro.pdf\" target=\"_blank\" rel=\"noopener\">pdf<\/a> \/ <a href=\"https:\/\/goias.gov.br\/saude\/wp-content\/uploads\/sites\/34\/files\/acesso_a_informacao\/escala-saude\/policlinica-sao-luis-de-montes-belos\/2024\/poli-sao-luis-fevereiro.ods\">csv<\/a> \/ <a href=\"https:\/\/goias.gov.br\/saude\/escala-policlinica-de-sao-luis-de-montes-belos-fevereiro\/\" target=\"_blank\" rel=\"noopener\">Informa\u00e7\u00f5es<\/a><\/td>\n<\/tr>\n<tr style=\"height: 46px;\">\n<td style=\"width: 48.991%; height: 46px;\">HSLMB &#8211; Hospital Estadual de S\u00e3o Lu\u00eds de Montes Belos Dr. Geraldo Land\u00f3<\/td>\n<td style=\"width: 5.44671%; height: 46px;\">2024<\/td>\n<td style=\"width: 67.5142%; height: 46px;\">Fevereiro <a href=\"https:\/\/goias.gov.br\/saude\/wp-content\/uploads\/sites\/34\/files\/acesso_a_informacao\/escala-saude\/hslmb\/2024\/hslmb-fevereiro.pdf\" target=\"_blank\" rel=\"noopener\">pdf<\/a> \/ <a href=\"https:\/\/goias.gov.br\/saude\/wp-content\/uploads\/sites\/34\/files\/acesso_a_informacao\/escala-saude\/hslmb\/2024\/hslmb-fevereiro.xlsx\">csv<\/a> \/ <a href=\"https:\/\/goias.gov.br\/saude\/escala-hslmb-fevereiro\/\" target=\"_blank\" rel=\"noopener\">Informa\u00e7\u00f5es<\/a><\/td>\n<\/tr>\n<tr style=\"height: 46px;\">\n<td style=\"width: 48.991%; height: 46px;\">HEELJ \u2013 Hospital Estadual de Piren\u00f3polis Ernestina Lopes Jaime<\/td>\n<td style=\"width: 5.44671%; height: 46px;\">2024<\/td>\n<td style=\"width: 67.5142%; height: 46px;\">Fevereiro <a href=\"https:\/\/goias.gov.br\/saude\/wp-content\/uploads\/sites\/34\/files\/acesso_a_informacao\/escala-saude\/heelj\/2024\/heelj-fevereiro.pdf\" target=\"_blank\" rel=\"noopener\">pdf<\/a> \/ <a href=\"https:\/\/goias.gov.br\/saude\/wp-content\/uploads\/sites\/34\/files\/acesso_a_informacao\/escala-saude\/heelj\/2024\/heelj-fevereiro.xlsx\">csv<\/a> \/ <a href=\"https:\/\/goias.gov.br\/saude\/escala-heelj-fevereiro\/\" target=\"_blank\" rel=\"noopener\">Informa\u00e7\u00f5es<\/a><\/td>\n<\/tr>\n<tr style=\"height: 46px;\">\n<td style=\"width: 48.991%; height: 46px;\">HEANA \u2013 Hospital Estadual de An\u00e1polis Dr. Henrique Santillo<\/td>\n<td style=\"width: 5.44671%; height: 46px;\">2024<\/td>\n<td style=\"width: 67.5142%; height: 46px;\">Fevereiro <a href=\"https:\/\/goias.gov.br\/saude\/wp-content\/uploads\/sites\/34\/files\/acesso_a_informacao\/escala-saude\/heana\/2024\/heana-fevereiro.pdf\" target=\"_blank\" rel=\"noopener\">pdf<\/a> \/ <a href=\"https:\/\/goias.gov.br\/saude\/wp-content\/uploads\/sites\/34\/files\/acesso_a_informacao\/escala-saude\/heana\/2024\/heana-fevereiro.xlsx\">csv<\/a> \/ <a href=\"https:\/\/goias.gov.br\/saude\/escala-heana-fevereiro\/\" target=\"_blank\" rel=\"noopener\">Informa\u00e7\u00f5es<\/a><\/td>\n<\/tr>\n<tr style=\"height: 46px;\">\n<td style=\"width: 48.991%; height: 46px;\">Policl\u00ednica Estadual da Regi\u00e3o do Entorno \u2013 Formosa<\/td>\n<td style=\"width: 5.44671%; height: 46px;\">2024<\/td>\n<td style=\"width: 67.5142%; height: 46px;\">Fevereiro <a href=\"https:\/\/goias.gov.br\/saude\/wp-content\/uploads\/sites\/34\/files\/acesso_a_informacao\/escala-saude\/policlinica-formosa\/2024\/poli-formosa-fevereiro.pdf\" target=\"_blank\" rel=\"noopener\">pdf<\/a> \/ <a href=\"https:\/\/goias.gov.br\/saude\/wp-content\/uploads\/sites\/34\/files\/acesso_a_informacao\/escala-saude\/policlinica-formosa\/2024\/poli-formosa-fevereiro.xlsx\">csv<\/a> \/ <a href=\"https:\/\/goias.gov.br\/saude\/escala-policlinica-formosa-fevereiro\/\" target=\"_blank\" rel=\"noopener\">Informa\u00e7\u00f5es<\/a><\/td>\n<\/tr>\n<tr style=\"height: 46px;\">\n<td style=\"width: 48.991%; height: 46px;\">HEJ &#8211; Hospital Estadual de Jata\u00ed Dr. Serafim de Carvalho<\/td>\n<td style=\"width: 5.44671%; height: 46px;\">2024<\/td>\n<td style=\"width: 67.5142%; height: 46px;\">Fevereiro <a href=\"https:\/\/goias.gov.br\/saude\/wp-content\/uploads\/sites\/34\/files\/acesso_a_informacao\/escala-saude\/hej\/2024\/hej-fevereiro.pdf\" target=\"_blank\" rel=\"noopener\">pdf<\/a> \/ <a href=\"https:\/\/goias.gov.br\/saude\/wp-content\/uploads\/sites\/34\/files\/acesso_a_informacao\/escala-saude\/hej\/2024\/hej-fevereiro.ods\">csv<\/a> \/ <a href=\"https:\/\/goias.gov.br\/saude\/escala-hej-fevereiro\/\" target=\"_blank\" rel=\"noopener\">Informa\u00e7\u00f5es<\/a><\/td>\n<\/tr>\n<tr style=\"height: 46px;\">\n<td style=\"width: 48.991%; height: 46px;\">HERSO \u2013 Hospital Estadual de Santa Helena de Goi\u00e1s Dr. Albanir Faleiros Machado<\/td>\n<td style=\"width: 5.44671%; height: 46px;\">2024<\/td>\n<td style=\"width: 67.5142%; height: 46px;\">Fevereiro <a href=\"https:\/\/goias.gov.br\/saude\/wp-content\/uploads\/sites\/34\/files\/acesso_a_informacao\/escala-saude\/herso\/2024\/herso-fevereiro.pdf\" target=\"_blank\" rel=\"noopener\">pdf<\/a> \/ <a href=\"https:\/\/goias.gov.br\/saude\/wp-content\/uploads\/sites\/34\/files\/acesso_a_informacao\/escala-saude\/herso\/2024\/herso-fevereiro.ods\">csv<\/a> \/ <a href=\"https:\/\/goias.gov.br\/saude\/escala-herso-fevereiro\/\" target=\"_blank\" rel=\"noopener\">Informa\u00e7\u00f5es<\/a><\/td>\n<\/tr>\n<tr style=\"height: 46px;\">\n<td style=\"width: 48.991%; height: 46px;\">HEAPA &#8211; Hospital Estadual de Aparecida de Goi\u00e2nia Cairo Louzada<\/td>\n<td style=\"width: 5.44671%; height: 46px;\">2024<\/td>\n<td style=\"width: 67.5142%; height: 46px;\">Fevereiro <a href=\"https:\/\/goias.gov.br\/saude\/wp-content\/uploads\/sites\/34\/files\/acesso_a_informacao\/escala-saude\/heapa\/2024\/heapa-fevereiro.pdf\" target=\"_blank\" rel=\"noopener\">pdf<\/a> \/ <a href=\"https:\/\/goias.gov.br\/saude\/wp-content\/uploads\/sites\/34\/files\/acesso_a_informacao\/escala-saude\/heapa\/2024\/heapa-fevereiro.ods\">csv<\/a> \/ <a href=\"https:\/\/goias.gov.br\/saude\/escala-heapa-fevereiro\/\" target=\"_blank\" rel=\"noopener\">Informa\u00e7\u00f5es<\/a><\/td>\n<\/tr>\n<tr style=\"height: 46px;\">\n<td style=\"width: 48.991%; height: 46px;\">HGG \u2013 Hospital Estadual Dr. Alberto Rassi<\/td>\n<td style=\"width: 5.44671%; height: 46px;\">2024<\/td>\n<td style=\"width: 67.5142%; height: 46px;\">Fevereiro <a href=\"https:\/\/goias.gov.br\/saude\/wp-content\/uploads\/sites\/34\/files\/acesso_a_informacao\/escala-saude\/hgg\/2024\/hgg-fevereiro.pdf\" target=\"_blank\" rel=\"noopener\">pdf<\/a> \/ <a href=\"https:\/\/goias.gov.br\/saude\/wp-content\/uploads\/sites\/34\/files\/acesso_a_informacao\/escala-saude\/hgg\/2024\/hgg-fevereiro.ods\">csv<\/a> \/ <a href=\"https:\/\/goias.gov.br\/saude\/escala-hgg-fevereiro\/\" target=\"_blank\" rel=\"noopener\">Informa\u00e7\u00f5es<\/a><\/td>\n<\/tr>\n<tr style=\"height: 46px;\">\n<td style=\"width: 48.991%; height: 46px;\">Rede Hemo \u2013 Rede Estadual de Servi\u00e7os de Hemoterapia<\/td>\n<td style=\"width: 5.44671%; height: 46px;\">2024<\/td>\n<td style=\"width: 67.5142%; height: 46px;\">Fevereiro <a href=\"https:\/\/goias.gov.br\/saude\/wp-content\/uploads\/sites\/34\/files\/acesso_a_informacao\/escala-saude\/redehemo\/2024\/redehemo-fevereiro.pdf\" target=\"_blank\" rel=\"noopener\">pdf<\/a> \/ <a href=\"https:\/\/goias.gov.br\/saude\/wp-content\/uploads\/sites\/34\/files\/acesso_a_informacao\/escala-saude\/redehemo\/2024\/redehemo-fevereiro.ods\">csv<\/a> \/ <a href=\"https:\/\/goias.gov.br\/saude\/escala-rede-hemo-fevereiro\/\" target=\"_blank\" rel=\"noopener\">Informa\u00e7\u00f5es<\/a><\/td>\n<\/tr>\n<tr style=\"height: 46px;\">\n<td style=\"width: 48.991%; height: 46px;\">HCN &#8211; Hospital Estadual do Centro-Norte Goiano<\/td>\n<td style=\"width: 5.44671%; height: 46px;\">2024<\/td>\n<td style=\"width: 67.5142%; height: 46px;\">Fevereiro <a href=\"https:\/\/goias.gov.br\/saude\/wp-content\/uploads\/sites\/34\/files\/acesso_a_informacao\/escala-saude\/hcn\/2024\/hcn-fevereiro.pdf\" target=\"_blank\" rel=\"noopener\">pdf<\/a> \/ <a href=\"https:\/\/goias.gov.br\/saude\/wp-content\/uploads\/sites\/34\/files\/acesso_a_informacao\/escala-saude\/hcn\/2024\/hcn-fevereiro.ods\">csv<\/a> \/ <a href=\"https:\/\/goias.gov.br\/saude\/escala-hcn-fevereiro-2024\/\" target=\"_blank\" rel=\"noopener\">Informa\u00e7\u00f5es<\/a><\/td>\n<\/tr>\n<tr style=\"height: 46px;\">\n<td style=\"width: 48.991%; height: 46px;\">HUGOL \u2013 Hospital Estadual de Urg\u00eancias Governador Ot\u00e1vio Lage de Siqueira<\/td>\n<td style=\"width: 5.44671%; height: 46px;\">2024<\/td>\n<td style=\"width: 67.5142%; height: 46px;\">Fevereiro <a href=\"https:\/\/goias.gov.br\/saude\/wp-content\/uploads\/sites\/34\/files\/acesso_a_informacao\/escala-saude\/hugol\/2024\/hugol-fevereiro.pdf\" target=\"_blank\" rel=\"noopener\">pdf<\/a> \/ <a href=\"https:\/\/goias.gov.br\/saude\/wp-content\/uploads\/sites\/34\/files\/acesso_a_informacao\/escala-saude\/hugol\/2024\/hugol-fevereiro.ods\">csv<\/a> \/ <a href=\"https:\/\/goias.gov.br\/saude\/escala-hugol-fevereiro-2024\/\" target=\"_blank\" rel=\"noopener\">Informa\u00e7\u00f5es<\/a><\/td>\n<\/tr>\n<tr style=\"height: 46px;\">\n<td style=\"width: 48.991%; height: 46px;\">HETRIN \u2013 Hospital Estadual de Trindade Walda Ferreira dos Santos<\/td>\n<td style=\"width: 5.44671%; height: 46px;\">2024<\/td>\n<td style=\"width: 67.5142%; height: 46px;\">Fevereiro <a href=\"https:\/\/goias.gov.br\/saude\/wp-content\/uploads\/sites\/34\/files\/acesso_a_informacao\/escala-saude\/hetrin\/2024\/hetrin-fevereiro.pdf\" target=\"_blank\" rel=\"noopener\">pdf<\/a> \/ <a href=\"https:\/\/goias.gov.br\/saude\/wp-content\/uploads\/sites\/34\/files\/acesso_a_informacao\/escala-saude\/hetrin\/2024\/hetrin-fevereiro.ods\">csv<\/a> \/ <a href=\"https:\/\/goias.gov.br\/saude\/escala-hetrin-fevereiro-2024\/\" target=\"_blank\" rel=\"noopener\">Informa\u00e7\u00f5es<\/a><\/td>\n<\/tr>\n<tr style=\"height: 46px;\">\n<td style=\"width: 48.991%; height: 46px;\">HDS \u2013 Hospital Estadual de Dermatologia Sanit\u00e1ria \u2013 Col\u00f4nia Santa Marta<\/td>\n<td style=\"width: 5.44671%; height: 46px;\">2024<\/td>\n<td style=\"width: 67.5142%; height: 46px;\">Fevereiro <a href=\"https:\/\/goias.gov.br\/saude\/wp-content\/uploads\/sites\/34\/files\/acesso_a_informacao\/escala-saude\/hds\/2024\/hds-fevereiro.pdf\" target=\"_blank\" rel=\"noopener\">pdf<\/a> \/ <a href=\"https:\/\/goias.gov.br\/saude\/wp-content\/uploads\/sites\/34\/files\/acesso_a_informacao\/escala-saude\/hds\/2024\/hds-fevereiro.ods\">csv<\/a> \/ <a href=\"https:\/\/goias.gov.br\/saude\/escala-hds-fevereiro\/\" target=\"_blank\" rel=\"noopener\">Informa\u00e7\u00f5es<\/a><\/td>\n<\/tr>\n<tr style=\"height: 46px;\">\n<td style=\"width: 48.991%; height: 46px;\">CRER \u2013 Centro Estadual de Reabilita\u00e7\u00e3o e Readapta\u00e7\u00e3o Dr. Henrique Santillo<\/td>\n<td style=\"width: 5.44671%; height: 46px;\">2024<\/td>\n<td style=\"width: 67.5142%; height: 46px;\">Fevereiro <a href=\"https:\/\/goias.gov.br\/saude\/wp-content\/uploads\/sites\/34\/files\/acesso_a_informacao\/escala-saude\/crer\/2024\/crer-fevereiro.pdf\" target=\"_blank\" rel=\"noopener\">pdf<\/a> \/ <a href=\"https:\/\/goias.gov.br\/saude\/wp-content\/uploads\/sites\/34\/files\/acesso_a_informacao\/escala-saude\/crer\/2024\/crer-fevereiro.ods\">csv<\/a> \/ <a href=\"https:\/\/goias.gov.br\/saude\/escala-crer-fevereiro\/\" target=\"_blank\" rel=\"noopener\">Informa\u00e7\u00f5es<\/a><\/td>\n<\/tr>\n<tr style=\"height: 46px;\">\n<td style=\"height: 46px; width: 48.991%;\">HEMNSL \u2013 Hospital Estadual e Maternidade Nossa Senhora de Lourdes<\/td>\n<td style=\"height: 46px; width: 5.44671%;\">2024<\/td>\n<td style=\"height: 46px; width: 67.5142%;\">Fevereiro <a href=\"https:\/\/goias.gov.br\/saude\/wp-content\/uploads\/sites\/34\/files\/acesso_a_informacao\/escala-saude\/hemnsl\/2024\/hemnsl-fevereiro.pdf\" target=\"_blank\" rel=\"noopener\">pdf<\/a> \/ <a href=\"https:\/\/goias.gov.br\/saude\/wp-content\/uploads\/sites\/34\/files\/acesso_a_informacao\/escala-saude\/hemnsl\/2024\/hemnsl-fevereiro.xlsx\">csv<\/a> \/ <a href=\"https:\/\/goias.gov.br\/saude\/escala-hemnsl-fevereiro-2024\/\" target=\"_blank\" rel=\"noopener\">Informa\u00e7\u00f5es<\/a><\/td>\n<\/tr>\n<tr style=\"height: 46px;\">\n<td style=\"height: 46px; width: 48.991%;\">HECAD \u2013 Hospital Estadual da Crian\u00e7a e do Adolescente<\/td>\n<td style=\"height: 46px; width: 5.44671%;\">2024<\/td>\n<td style=\"height: 46px; width: 67.5142%;\">Fevereiro <a href=\"https:\/\/goias.gov.br\/saude\/wp-content\/uploads\/sites\/34\/files\/acesso_a_informacao\/escala-saude\/hecad\/2024\/hecad-fevereiro.pdf\" target=\"_blank\" rel=\"noopener\">pdf<\/a> \/ <a href=\"https:\/\/goias.gov.br\/saude\/wp-content\/uploads\/sites\/34\/files\/acesso_a_informacao\/escala-saude\/hecad\/2024\/hecad-fevereiro.xlsx\">csv<\/a> \/ <a href=\"https:\/\/goias.gov.br\/saude\/escala-hecad-fevereiro-2024\/\" target=\"_blank\" rel=\"noopener\">Informa\u00e7\u00f5es<\/a><\/td>\n<\/tr>\n<tr style=\"height: 46px;\">\n<td style=\"height: 46px; width: 48.991%;\">HEL \u2013 Hospital Estadual de Luzi\u00e2nia<\/td>\n<td style=\"height: 46px; width: 5.44671%;\">2024<\/td>\n<td style=\"height: 46px; width: 67.5142%;\">Fevereiro <a href=\"https:\/\/goias.gov.br\/saude\/wp-content\/uploads\/sites\/34\/files\/acesso_a_informacao\/escala-saude\/hel\/2024\/hel-fevereiro.pdf\" target=\"_blank\" rel=\"noopener\">pdf<\/a> \/ <a href=\"https:\/\/goias.gov.br\/saude\/wp-content\/uploads\/sites\/34\/files\/acesso_a_informacao\/escala-saude\/hel\/2024\/hel-fevereiro.ods\" target=\"_blank\" rel=\"noopener\">csv<\/a> \/ <a href=\"https:\/\/goias.gov.br\/saude\/escala-hel-fevereiro-2024\/\" target=\"_blank\" rel=\"noopener\">Informa\u00e7\u00f5es<\/a><\/td>\n<\/tr>\n<tr style=\"height: 46px;\">\n<td style=\"width: 48.991%; height: 46px;\">CEAP-SOL \u2013 Centro Estadual de Aten\u00e7\u00e3o Prolongada e Casa de Apoio Condom\u00ednio Solidariedade<\/td>\n<td style=\"width: 5.44671%; height: 46px;\">2024<\/td>\n<td style=\"width: 67.5142%; height: 46px;\">Fevereiro <a href=\"https:\/\/goias.gov.br\/saude\/wp-content\/uploads\/sites\/34\/files\/acesso_a_informacao\/escala-saude\/ceap-sol\/2024\/ceap-sol-fevereiro.pdf\" target=\"_blank\" rel=\"noopener\">pdf<\/a> \/ <a href=\"https:\/\/goias.gov.br\/saude\/wp-content\/uploads\/sites\/34\/files\/acesso_a_informacao\/escala-saude\/ceap-sol\/2024\/ceap-sol-fevereiro.ods\">csv<\/a> \/ <a href=\"https:\/\/goias.gov.br\/saude\/escala-ceap-sol-fevereiro-2024\/\" target=\"_blank\" rel=\"noopener\">Informa\u00e7\u00f5es<\/a><\/td>\n<\/tr>\n<tr style=\"height: 46px;\">\n<td style=\"height: 46px; width: 48.991%;\">CREMIC &#8211; Centro Estadual de Refer\u00eancia em Medicina Integrativa e Complementar<\/td>\n<td style=\"height: 46px; width: 5.44671%;\">2024<\/td>\n<td style=\"height: 46px; width: 67.5142%;\">Fevereiro\u00a0<a href=\"https:\/\/goias.gov.br\/saude\/wp-content\/uploads\/sites\/34\/files\/acesso_a_informacao\/escala-saude\/cremic\/2024\/cremic-fevereiro.pdf\" target=\"_blank\" rel=\"noopener\">pdf <\/a>\/ <a href=\"https:\/\/goias.gov.br\/saude\/wp-content\/uploads\/sites\/34\/files\/acesso_a_informacao\/escala-saude\/cremic\/2024\/cremic-fevereiro.ods\" target=\"_blank\" rel=\"noopener\">csv <\/a>\/ <a href=\"https:\/\/goias.gov.br\/saude\/escala-cremic-fevereiro-2024\/\" target=\"_blank\" rel=\"noopener\">Informa\u00e7\u00f5es<\/a><\/td>\n<\/tr>\n<tr style=\"height: 46px;\">\n<td style=\"height: 46px; width: 48.991%;\">HEI &#8211; Hospital Estadual de Itumbiara S\u00e3o Marcos<\/td>\n<td style=\"height: 46px; width: 5.44671%;\">2024<\/td>\n<td style=\"height: 46px; width: 67.5142%;\">Fevereiro <a id=\"\" title=\"\" href=\"https:\/\/goias.gov.br\/saude\/wp-content\/uploads\/sites\/34\/files\/acesso_a_informacao\/escala-saude\/hei\/2024\/hei-fevereiro.pdf\" target=\"_blank\" rel=\"noopener\">pdf<\/a> \/ <a id=\"\" title=\"\" href=\"https:\/\/goias.gov.br\/saude\/wp-content\/uploads\/sites\/34\/files\/acesso_a_informacao\/escala-saude\/hei\/2024\/hei-fevereiro.ods\" target=\"\" rel=\"noopener\">csv<\/a> \/ <a href=\"https:\/\/goias.gov.br\/saude\/escala-hei-fevereiro-2024\/\" target=\"_blank\" rel=\"noopener\">Informa\u00e7\u00f5es<\/a><\/td>\n<\/tr>\n<tr style=\"height: 46px;\">\n<td style=\"height: 46px; width: 48.991%;\">Policl\u00ednica Estadual Brasil Bruno de Bastos Neto Regi\u00e3o Rio Vermelho &#8211; Goi\u00e1s<\/td>\n<td style=\"height: 46px; width: 5.44671%;\">2024<\/td>\n<td style=\"height: 46px; width: 67.5142%;\">Fevereiro <a id=\"\" title=\"\" href=\"https:\/\/goias.gov.br\/saude\/wp-content\/uploads\/sites\/34\/files\/acesso_a_informacao\/escala-saude\/policlinica-goias\/2024\/poli-goias-fevereiro.pdf\" target=\"_blank\" rel=\"noopener\">pdf<\/a> \/ <a id=\"\" title=\"\" href=\"https:\/\/goias.gov.br\/saude\/wp-content\/uploads\/sites\/34\/files\/acesso_a_informacao\/escala-saude\/policlinica-goias\/2024\/poli-goias-fevereiro.ods\" target=\"\" rel=\"noopener\">csv<\/a> \/ <a href=\"https:\/\/goias.gov.br\/saude\/escala-policlinica-de-goias-fevereiro-2024\/\" target=\"_blank\" rel=\"noopener\">Informa\u00e7\u00f5es<\/a><\/td>\n<\/tr>\n<tr style=\"height: 46px;\">\n<td style=\"height: 46px; width: 48.991%;\">HEJA \u2013 Hospital Estadual de Jaragu\u00e1 Dr. Sandino de Amorim<\/td>\n<td style=\"height: 46px; width: 5.44671%;\">2024<\/td>\n<td style=\"height: 46px; width: 67.5142%;\">Fevereiro <a id=\"\" title=\"\" href=\"https:\/\/goias.gov.br\/saude\/wp-content\/uploads\/sites\/34\/files\/acesso_a_informacao\/escala-saude\/heja\/2024\/heja-fevereiro.pdf\" target=\"_blank\" rel=\"noopener\">pdf<\/a> \/ <a id=\"\" title=\"\" href=\"https:\/\/goias.gov.br\/saude\/wp-content\/uploads\/sites\/34\/files\/acesso_a_informacao\/escala-saude\/heja\/2024\/heja-fevereiro.ods\" target=\"\" rel=\"noopener\">csv<\/a> \/ <a href=\"https:\/\/goias.gov.br\/saude\/escala-heja-fevereiro-2024\/\" target=\"_blank\" rel=\"noopener\">Informa\u00e7\u00f5es<\/a><\/td>\n<\/tr>\n<tr style=\"height: 46px;\">\n<td style=\"height: 46px; width: 48.991%;\">CAPSI &#8211; Centro Estadual de Aten\u00e7\u00e3o Psicossocial e Infanto-Juvenil<\/td>\n<td style=\"height: 46px; width: 5.44671%;\">2024<\/td>\n<td style=\"height: 46px; width: 67.5142%;\">Fevereiro <a id=\"\" title=\"\" href=\"https:\/\/goias.gov.br\/saude\/wp-content\/uploads\/sites\/34\/files\/acesso_a_informacao\/escala-saude\/capsi\/2024\/capsi-fevereiro.pdf\" target=\"_blank\" rel=\"noopener\">pdf<\/a> \/ <a id=\"\" title=\"\" href=\"https:\/\/goias.gov.br\/saude\/wp-content\/uploads\/sites\/34\/files\/acesso_a_informacao\/escala-saude\/capsi\/2024\/capsi-fevereiro.ods\" target=\"\" rel=\"noopener\">csv<\/a> \/ <a href=\"https:\/\/goias.gov.br\/saude\/escala-capsi-fevereiro-2024\/\" target=\"_blank\" rel=\"noopener\">Informa\u00e7\u00f5es<\/a><\/td>\n<\/tr>\n<tr style=\"height: 46px;\">\n<td style=\"height: 46px; width: 48.991%;\">Policl\u00ednica Estadual da Regi\u00e3o Sudoeste &#8211; Quirin\u00f3polis<\/td>\n<td style=\"height: 46px; width: 5.44671%;\">2024<\/td>\n<td style=\"height: 46px; width: 67.5142%;\">Fevereiro <a id=\"\" title=\"\" href=\"https:\/\/goias.gov.br\/saude\/wp-content\/uploads\/sites\/34\/files\/acesso_a_informacao\/escala-saude\/policlinica-quirinopolis\/2024\/poli-quirinopolis-fevereiro.pdf\" target=\"_blank\" rel=\"noopener\">pdf<\/a> \/ <a id=\"\" title=\"\" href=\"https:\/\/goias.gov.br\/saude\/wp-content\/uploads\/sites\/34\/files\/acesso_a_informacao\/escala-saude\/policlinica-quirinopolis\/2024\/poli-quirinopolis-fevereiro.xlsx\" target=\"\" rel=\"noopener\">csv<\/a> \/ <a href=\"https:\/\/goias.gov.br\/saude\/escala-policlinica-de-quirinopolis-fevereiro-2024\/\" target=\"_blank\" rel=\"noopener\">Informa\u00e7\u00f5es<\/a><\/td>\n<\/tr>\n<tr style=\"height: 46px;\">\n<td style=\"height: 46px; width: 48.991%;\">HUGO &#8211; Hospital de Urg\u00eancias de Goi\u00e1s Dr. Valdemiro Cruz<\/td>\n<td style=\"height: 46px; width: 5.44671%;\">2024<\/td>\n<td style=\"height: 46px; width: 67.5142%;\">Fevereiro <a id=\"\" title=\"\" href=\"https:\/\/goias.gov.br\/saude\/wp-content\/uploads\/sites\/34\/files\/acesso_a_informacao\/escala-saude\/hugo\/2024\/hugo-fevereiro.pdf\" target=\"_blank\" rel=\"noopener\">pdf<\/a> \/ <a id=\"\" title=\"\" href=\"https:\/\/goias.gov.br\/saude\/wp-content\/uploads\/sites\/34\/files\/acesso_a_informacao\/escala-saude\/hugo\/2024\/hugo-fevereiro.ods\" target=\"\" rel=\"noopener\">csv<\/a> \/ <a href=\"https:\/\/goias.gov.br\/saude\/escala-hugo-fevereiro-2024\/\" target=\"_blank\" rel=\"noopener\">Informa\u00e7\u00f5es<\/a><\/td>\n<\/tr>\n<tr style=\"height: 46px;\">\n<td style=\"height: 46px; width: 48.991%;\">COEG &#8211; Centro Estadual de Odontologia Sebasti\u00e3o Alves Ribeiro<\/td>\n<td style=\"height: 46px; width: 5.44671%;\">2024<\/td>\n<td style=\"height: 46px; width: 67.5142%;\">Fevereiro\u00a0<a id=\"\" title=\"\" href=\"https:\/\/goias.gov.br\/saude\/wp-content\/uploads\/sites\/34\/files\/acesso_a_informacao\/escala-saude\/coeg\/2024\/coeg-fevereiro.pdf\" target=\"_blank\" rel=\"noopener\">pdf<\/a> \/ <a id=\"\" title=\"\" href=\"https:\/\/goias.gov.br\/saude\/wp-content\/uploads\/sites\/34\/files\/acesso_a_informacao\/escala-saude\/coeg\/2024\/coeg-fevereiro.ods\" target=\"\" rel=\"noopener\">csv<\/a> \/ <a href=\"https:\/\/goias.gov.br\/saude\/escala-coeg-fevereiro-2024\/\" target=\"_blank\" rel=\"noopener\">Informa\u00e7\u00f5es<\/a><\/td>\n<\/tr>\n<tr style=\"background-color: #1e7038;\">\n<td style=\"width: 48.991%; height: 23px;\">\u00a0<\/td>\n<td style=\"width: 5.44671%; height: 23px;\">\u00a0<\/td>\n<td style=\"width: 67.5142%; height: 23px;\">\u00a0<\/td>\n<\/tr>\n<tr style=\"height: 46px;\">\n<td style=\"width: 48.991%; height: 46px;\">HEF \u2013 Hospital Estadual de Formosa Dr. C\u00e9sar Saad Fayad<\/td>\n<td style=\"width: 5.44671%; height: 46px;\">2024<\/td>\n<td style=\"width: 67.5142%; height: 46px;\">\u00a0Janeiro <a href=\"https:\/\/goias.gov.br\/saude\/wp-content\/uploads\/sites\/34\/files\/acesso_a_informacao\/escala-saude\/hef\/2024\/hef-janeiro.pdf\" target=\"_blank\" rel=\"noopener\">pdf<\/a> \/ <a href=\"https:\/\/goias.gov.br\/saude\/wp-content\/uploads\/sites\/34\/files\/acesso_a_informacao\/escala-saude\/hef\/2024\/hef-janeiro.ods\">csv<\/a> \/ <a href=\"https:\/\/goias.gov.br\/saude\/escala-hef-janeiro-2024\/\" target=\"_blank\" rel=\"noopener\">Informa\u00e7\u00f5es<\/a><\/td>\n<\/tr>\n<tr style=\"height: 46px;\">\n<td style=\"width: 48.991%; height: 46px;\">HEMU \u2013 Hospital Estadual da Mulher Dr. Jurandir do Nascimento<\/td>\n<td style=\"width: 5.44671%; height: 46px;\">2024<\/td>\n<td style=\"width: 67.5142%; height: 46px;\">\u00a0Janeiro <a href=\"https:\/\/goias.gov.br\/saude\/wp-content\/uploads\/sites\/34\/files\/acesso_a_informacao\/escala-saude\/hemu\/2024\/hemu-janeiro.pdf\" target=\"_blank\" rel=\"noopener\">pdf<\/a> \/ <a href=\"https:\/\/goias.gov.br\/saude\/wp-content\/uploads\/sites\/34\/files\/acesso_a_informacao\/escala-saude\/hemu\/2024\/hemu-janeiro.xlsx\">csv<\/a> \/ <a href=\"https:\/\/goias.gov.br\/saude\/escala-hemu-janeiro\/\" target=\"_blank\" rel=\"noopener\">Informa\u00e7\u00f5es<\/a><\/td>\n<\/tr>\n<tr style=\"height: 46px;\">\n<td style=\"width: 48.991%; height: 46px;\">HETRIN \u2013 Hospital Estadual de Trindade Walda Ferreira dos Santos<\/td>\n<td style=\"width: 5.44671%; height: 46px;\">2024<\/td>\n<td style=\"width: 67.5142%; height: 46px;\">Janeiro <a href=\"https:\/\/goias.gov.br\/saude\/wp-content\/uploads\/sites\/34\/files\/acesso_a_informacao\/escala-saude\/hetrin\/2024\/hetrin-janeiro.pdf\" target=\"_blank\" rel=\"noopener\">pdf<\/a> \/ <a href=\"https:\/\/goias.gov.br\/saude\/wp-content\/uploads\/sites\/34\/files\/acesso_a_informacao\/escala-saude\/hetrin\/2024\/hetrin-janeiro.ods\">csv<\/a> \/ <a href=\"https:\/\/goias.gov.br\/saude\/escala-hetrin-janeiro-2024\/\" target=\"_blank\" rel=\"noopener\">Informa\u00e7\u00f5es<\/a><\/td>\n<\/tr>\n<tr style=\"height: 46px;\">\n<td style=\"width: 48.991%; height: 46px;\">HGG \u2013 Hospital Estadual Dr. Alberto Rassi<\/td>\n<td style=\"width: 5.44671%; height: 46px;\">2024<\/td>\n<td style=\"width: 67.5142%; height: 46px;\">Janeiro <a href=\"https:\/\/goias.gov.br\/saude\/wp-content\/uploads\/sites\/34\/files\/acesso_a_informacao\/escala-saude\/hgg\/2024\/hgg-janeiro.pdf\" target=\"_blank\" rel=\"noopener\">pdf<\/a> \/ <a href=\"https:\/\/goias.gov.br\/saude\/wp-content\/uploads\/sites\/34\/files\/acesso_a_informacao\/escala-saude\/hgg\/2024\/hgg-janeiro.ods\" target=\"_blank\" rel=\"noopener\">csv<\/a> \/ <a href=\"https:\/\/goias.gov.br\/saude\/escala-hgg-janeiro\/\" target=\"_blank\" rel=\"noopener\">Informa\u00e7\u00f5es<\/a><\/td>\n<\/tr>\n<tr style=\"height: 46px;\">\n<td style=\"height: 46px; width: 48.991%;\">Rede Hemo &#8211; Rede Estadual de Servi\u00e7os de Hemoterapia<\/td>\n<td style=\"height: 46px; width: 5.44671%;\">2024<\/td>\n<td style=\"height: 46px; width: 67.5142%;\">Janeiro <a href=\"https:\/\/goias.gov.br\/saude\/wp-content\/uploads\/sites\/34\/files\/acesso_a_informacao\/escala-saude\/redehemo\/2024\/redehemo-janeiro.pdf\" target=\"_blank\" rel=\"noopener\">pdf<\/a> \/ <a href=\"https:\/\/goias.gov.br\/saude\/wp-content\/uploads\/sites\/34\/files\/acesso_a_informacao\/escala-saude\/redehemo\/2024\/redehemo-janeiro.ods\" target=\"_blank\" rel=\"noopener\">csv<\/a> \/ <a href=\"https:\/\/goias.gov.br\/saude\/escala-rede-hemo-janeiro-2024\/\" target=\"_blank\" rel=\"noopener\">Informa\u00e7\u00f5es<\/a><\/td>\n<\/tr>\n<tr style=\"height: 46px;\">\n<td style=\"height: 46px; width: 48.991%;\">HEMNSL \u2013 Hospital Estadual e Maternidade Nossa Senhora de Lourdes<\/td>\n<td style=\"height: 46px; width: 5.44671%;\">2024<\/td>\n<td style=\"height: 46px; width: 67.5142%;\">Janeiro <a id=\"\" title=\"\" href=\"https:\/\/goias.gov.br\/saude\/wp-content\/uploads\/sites\/34\/files\/acesso_a_informacao\/escala-saude\/hemnsl\/2024\/hemnsl-janeiro.pdf\" target=\"_blank\" rel=\"noopener\">pdf<\/a> \/ <a id=\"\" title=\"\" href=\"https:\/\/goias.gov.br\/saude\/wp-content\/uploads\/sites\/34\/files\/acesso_a_informacao\/escala-saude\/hemnsl\/2024\/hemnsl-janeiro.xlsx\" target=\"\" rel=\"noopener\">csv<\/a> \/ <a href=\"https:\/\/goias.gov.br\/saude\/escala-hemnsl-janeiro-2024\/\" target=\"_blank\" rel=\"noopener\">Informa\u00e7\u00f5es<\/a><\/td>\n<\/tr>\n<tr style=\"height: 46px;\">\n<td style=\"height: 46px; width: 48.991%;\">HEJ &#8211; Hospital Estadual de Jata\u00ed Dr. Serafim de Carvalho<\/td>\n<td style=\"height: 46px; width: 5.44671%;\">2024<\/td>\n<td style=\"height: 46px; width: 67.5142%;\">Janeiro <a id=\"\" title=\"\" href=\"https:\/\/goias.gov.br\/saude\/wp-content\/uploads\/sites\/34\/files\/acesso_a_informacao\/escala-saude\/hej\/2024\/hej-janeiro.pdf\" target=\"_blank\" rel=\"noopener\">pdf<\/a> \/ <a id=\"\" title=\"\" href=\"https:\/\/goias.gov.br\/saude\/wp-content\/uploads\/sites\/34\/files\/acesso_a_informacao\/escala-saude\/hej\/2024\/hej-janeiro.ods\" target=\"\" rel=\"noopener\">csv<\/a> \/ <a href=\"https:\/\/goias.gov.br\/saude\/escala-hej-janeiro-2024\/\" target=\"_blank\" rel=\"noopener\">Informa\u00e7\u00f5es<\/a><\/td>\n<\/tr>\n<tr style=\"height: 46px;\">\n<td style=\"height: 46px; width: 48.991%;\">COEG &#8211; Centro Estadual de Odontologia Sebasti\u00e3o Alves Ribeiro<\/td>\n<td style=\"height: 46px; width: 5.44671%;\">2024<\/td>\n<td style=\"height: 46px; width: 67.5142%;\">Janeiro\u00a0<a id=\"\" title=\"\" href=\"https:\/\/goias.gov.br\/saude\/wp-content\/uploads\/sites\/34\/files\/acesso_a_informacao\/escala-saude\/coeg\/2024\/coeg-janeiro.pdf\" target=\"_blank\" rel=\"noopener\">pdf<\/a> \/ <a id=\"\" title=\"\" href=\"https:\/\/goias.gov.br\/saude\/wp-content\/uploads\/sites\/34\/files\/acesso_a_informacao\/escala-saude\/coeg\/2024\/coeg-janeiro.xlsx\" target=\"\" rel=\"noopener\">csv<\/a> \/ <a href=\"https:\/\/goias.gov.br\/saude\/escala-coeg-janeiro-2024\/\" target=\"_blank\" rel=\"noopener\">Informa\u00e7\u00f5es<\/a><\/td>\n<\/tr>\n<tr style=\"height: 46px;\">\n<td style=\"height: 46px; width: 48.991%;\">CEAP-SOL \u2013 Centro Estadual de Aten\u00e7\u00e3o Prolongada e Casa de Apoio Condom\u00ednio Solidariedade<\/td>\n<td style=\"height: 46px; width: 5.44671%;\">2024<\/td>\n<td style=\"height: 46px; width: 67.5142%;\">Janeiro <a id=\"\" title=\"\" href=\"https:\/\/goias.gov.br\/saude\/wp-content\/uploads\/sites\/34\/files\/acesso_a_informacao\/escala-saude\/ceap-sol\/2024\/ceap-sol-janeiro.pdf\" target=\"_blank\" rel=\"noopener\">pdf<\/a> \/ <a id=\"\" title=\"\" href=\"https:\/\/goias.gov.br\/saude\/wp-content\/uploads\/sites\/34\/files\/acesso_a_informacao\/escala-saude\/ceap-sol\/2024\/ceap-sol-janeiro.ods\" target=\"\" rel=\"noopener\">csv<\/a> \/ <a href=\"https:\/\/goias.gov.br\/saude\/escala-ceap-sol-janeiro-2024\/\" target=\"_blank\" rel=\"noopener\">Informa\u00e7\u00f5es<\/a><\/td>\n<\/tr>\n<tr style=\"height: 46px;\">\n<td style=\"height: 46px; width: 48.991%;\">HUGO &#8211; Hospital de Urg\u00eancias de Goi\u00e1s Dr. Valdemiro Cruz<\/td>\n<td style=\"height: 46px; width: 5.44671%;\">2024<\/td>\n<td style=\"height: 46px; width: 67.5142%;\">Janeiro <a id=\"\" title=\"\" href=\"https:\/\/goias.gov.br\/saude\/wp-content\/uploads\/sites\/34\/files\/acesso_a_informacao\/escala-saude\/hugo\/2024\/hugo-janeiro.pdf\" target=\"_blank\" rel=\"noopener\">pdf<\/a> \/ <a id=\"\" title=\"\" href=\"https:\/\/goias.gov.br\/saude\/wp-content\/uploads\/sites\/34\/files\/acesso_a_informacao\/escala-saude\/hugo\/2024\/hugo-janeiro.ods\" target=\"\" rel=\"noopener\">csv<\/a> \/ <a href=\"https:\/\/goias.gov.br\/saude\/escala-hugo-janeiro-2024\/\" target=\"_blank\" rel=\"noopener\">Informa\u00e7\u00f5es<\/a><\/td>\n<\/tr>\n<tr style=\"height: 46px;\">\n<td style=\"height: 46px; width: 48.991%;\">HEAPA &#8211; Hospital Estadual de Aparecida de Goi\u00e2nia Cairo Louzada<\/td>\n<td style=\"height: 46px; width: 5.44671%;\">2024<\/td>\n<td style=\"height: 46px; width: 67.5142%;\">Janeiro <a href=\"https:\/\/goias.gov.br\/saude\/wp-content\/uploads\/sites\/34\/files\/acesso_a_informacao\/escala-saude\/heapa\/2024\/heapa-janeiro.pdf\" target=\"_blank\" rel=\"noopener\">pdf <\/a>\/ <a href=\"https:\/\/goias.gov.br\/saude\/wp-content\/uploads\/sites\/34\/files\/acesso_a_informacao\/escala-saude\/heapa\/2024\/heapa-janeiro.ods\" target=\"_blank\" rel=\"noopener\">csv <\/a>\/ <a href=\"https:\/\/goias.gov.br\/saude\/escala-heapa-janeiro-2024\/\" target=\"_blank\" rel=\"noopener\">Informa\u00e7\u00f5es<\/a><\/td>\n<\/tr>\n<tr style=\"height: 46px;\">\n<td style=\"height: 46px; width: 48.991%;\">Policl\u00ednica Estadual da Regi\u00e3o Nordeste &#8211; Posse<\/td>\n<td style=\"height: 46px; width: 5.44671%;\">2024<\/td>\n<td style=\"height: 46px; width: 67.5142%;\">Janeiro <a href=\"https:\/\/goias.gov.br\/saude\/wp-content\/uploads\/sites\/34\/files\/acesso_a_informacao\/escala-saude\/policlinica-posse\/2024\/poli-posse-janeiro.pdf\" target=\"_blank\" rel=\"noopener\">pdf<\/a> \/ <a id=\"\" title=\"\" href=\"https:\/\/goias.gov.br\/saude\/wp-content\/uploads\/sites\/34\/files\/acesso_a_informacao\/escala-saude\/policlinica-posse\/2024\/poli-posse-janeiro.ods\" target=\"\" rel=\"noopener\">csv<\/a> \/ <a href=\"https:\/\/goias.gov.br\/saude\/escala-policlinica-de-posse-janeiro-2024\/\" target=\"_blank\" rel=\"noopener\">Informa\u00e7\u00f5es<\/a><\/td>\n<\/tr>\n<tr style=\"height: 46px;\">\n<td style=\"height: 46px; width: 48.991%;\">HERSO \u2013 Hospital Estadual \u00a0de Santa Helena de Goi\u00e1s Dr. Albanir Faleiros Machado<\/td>\n<td style=\"height: 46px; width: 5.44671%;\">2024<\/td>\n<td style=\"height: 46px; width: 67.5142%;\">Janeiro <a id=\"\" title=\"\" href=\"https:\/\/goias.gov.br\/saude\/wp-content\/uploads\/sites\/34\/files\/acesso_a_informacao\/escala-saude\/herso\/2024\/herso-janeiro.pdf\" target=\"_blank\" rel=\"noopener\">pdf<\/a> \/ <a id=\"\" title=\"\" href=\"https:\/\/goias.gov.br\/saude\/wp-content\/uploads\/sites\/34\/files\/acesso_a_informacao\/escala-saude\/herso\/2024\/herso-janeiro.ods\" target=\"\" rel=\"noopener\">csv<\/a> \/ <a href=\"https:\/\/goias.gov.br\/saude\/escala-herso-janeiro-2024\/\" target=\"_blank\" rel=\"noopener\">Informa\u00e7\u00f5es<\/a><\/td>\n<\/tr>\n<tr style=\"height: 46px;\">\n<td style=\"height: 46px; width: 48.991%;\">Policl\u00ednica Estadual da Regi\u00e3o do Entorno \u2013 Formosa<\/td>\n<td style=\"height: 46px; width: 5.44671%;\">2024<\/td>\n<td style=\"height: 46px; width: 67.5142%;\">Janeiro <a id=\"\" title=\"\" href=\"https:\/\/goias.gov.br\/saude\/wp-content\/uploads\/sites\/34\/files\/acesso_a_informacao\/escala-saude\/policlinica-formosa\/2024\/poli-formosa-janeiro.pdf\" target=\"_blank\" rel=\"noopener\">pdf <\/a>\/ <a id=\"\" title=\"\" href=\"https:\/\/goias.gov.br\/saude\/wp-content\/uploads\/sites\/34\/files\/acesso_a_informacao\/escala-saude\/policlinica-formosa\/2024\/poli-formosa-janeiro.ods\" target=\"\" rel=\"noopener\">csv<\/a> \/ <a href=\"https:\/\/goias.gov.br\/saude\/escala-policlinica-de-formosa-janeiro-2024\/\" target=\"_blank\" rel=\"noopener\">Informa\u00e7\u00f5es<\/a><\/td>\n<\/tr>\n<tr style=\"height: 46px;\">\n<td style=\"height: 46px; width: 48.991%;\">HDT \u2013 Hospital Estadual de Doen\u00e7as Tropicais Dr. Anuar Auad<\/td>\n<td style=\"height: 46px; width: 5.44671%;\">2024<\/td>\n<td style=\"height: 46px; width: 67.5142%;\">Janeiro <a id=\"\" title=\"\" href=\"https:\/\/goias.gov.br\/saude\/wp-content\/uploads\/sites\/34\/files\/acesso_a_informacao\/escala-saude\/hdt\/2024\/hdt-janeiro.pdf\" target=\"_blank\" rel=\"noopener\">pdf<\/a> \/ <a id=\"\" title=\"\" href=\"https:\/\/goias.gov.br\/saude\/wp-content\/uploads\/sites\/34\/files\/acesso_a_informacao\/escala-saude\/hdt\/2024\/hdt-janeiro.xlsx\" target=\"\" rel=\"noopener\">csv<\/a> \/ <a href=\"https:\/\/goias.gov.br\/saude\/escala-hdt-janeiro-2024\/\" target=\"_blank\" rel=\"noopener\">Informa\u00e7\u00f5es<\/a><\/td>\n<\/tr>\n<tr style=\"height: 46px;\">\n<td style=\"height: 46px; width: 48.991%;\">HUGOL &#8211; Hospital Estadual de Urg\u00eancias Governador Ot\u00e1vio Lage de Siqueira<\/td>\n<td style=\"height: 46px; width: 5.44671%;\">2024<\/td>\n<td style=\"height: 46px; width: 67.5142%;\">Janeiro <a id=\"\" title=\"\" href=\"https:\/\/goias.gov.br\/saude\/wp-content\/uploads\/sites\/34\/files\/acesso_a_informacao\/escala-saude\/hugol\/2024\/hugol-janeiro.pdf\" target=\"_blank\" rel=\"noopener\">pdf<\/a> \/ <a id=\"\" title=\"\" href=\"https:\/\/goias.gov.br\/saude\/wp-content\/uploads\/sites\/34\/files\/acesso_a_informacao\/escala-saude\/hugol\/2024\/hugol-janeiro.ods\" target=\"\" rel=\"noopener\">csv<\/a> \/ <a href=\"https:\/\/goias.gov.br\/saude\/escala-hugol-janeiro-2024\/\" target=\"_blank\" rel=\"noopener\">Informa\u00e7\u00f5es<\/a><\/td>\n<\/tr>\n<tr style=\"height: 46px;\">\n<td style=\"height: 46px; width: 48.991%;\">CRER &#8211; Centro Estadual de Reabilita\u00e7\u00e3o e Readapta\u00e7\u00e3o Dr. Henrique Santillo<\/td>\n<td style=\"height: 46px; width: 5.44671%;\">2024<\/td>\n<td style=\"height: 46px; width: 67.5142%;\">Janeiro <a id=\"\" title=\"\" href=\"https:\/\/goias.gov.br\/saude\/wp-content\/uploads\/sites\/34\/files\/acesso_a_informacao\/escala-saude\/crer\/2024\/crer-janeiro.pdf\" target=\"_blank\" rel=\"noopener\">pdf<\/a> \/ <a id=\"\" title=\"\" href=\"https:\/\/goias.gov.br\/saude\/wp-content\/uploads\/sites\/34\/files\/acesso_a_informacao\/escala-saude\/crer\/2024\/crer-janeiro.xlsx\" target=\"\" rel=\"noopener\">csv<\/a> \/ <a href=\"https:\/\/goias.gov.br\/saude\/escala-crer-janeiro-2024\/\" target=\"_blank\" rel=\"noopener\">Informa\u00e7\u00f5es<\/a><\/td>\n<\/tr>\n<tr style=\"height: 46px;\">\n<td style=\"height: 46px; width: 48.991%;\">CARA &#8211; Centro Estadual de Assist\u00eancia aos Radioacidentados Leide das Neves<\/td>\n<td style=\"height: 46px; width: 5.44671%;\">2024<\/td>\n<td style=\"height: 46px; width: 67.5142%;\">Janeiro <a id=\"\" title=\"\" href=\"https:\/\/goias.gov.br\/saude\/wp-content\/uploads\/sites\/34\/files\/acesso_a_informacao\/escala-saude\/cara\/2024\/cara-janeiro.pdf\" target=\"_blank\" rel=\"noopener\">pdf<\/a> \/ <a id=\"\" title=\"\" href=\"https:\/\/goias.gov.br\/saude\/wp-content\/uploads\/sites\/34\/files\/acesso_a_informacao\/escala-saude\/cara\/2024\/cara-janeiro.xlsx\" target=\"\" rel=\"noopener\">csv<\/a> \/ <a href=\"https:\/\/goias.gov.br\/saude\/escala-cara-janeiro-2024\/\" target=\"_blank\" rel=\"noopener\">Informa\u00e7\u00f5es<\/a><\/td>\n<\/tr>\n<tr style=\"height: 46px;\">\n<td style=\"height: 46px; width: 48.991%;\">CRESM &#8211; Complexo de Refer\u00eancia Estadual em Sa\u00fade Mental &#8211; Prof. Jamil Issy<\/td>\n<td style=\"height: 46px; width: 5.44671%;\">2024<\/td>\n<td style=\"height: 46px; width: 67.5142%;\">Janeiro <a id=\"\" title=\"\" href=\"https:\/\/goias.gov.br\/saude\/wp-content\/uploads\/sites\/34\/files\/acesso_a_informacao\/escala-saude\/cresm\/2024\/cresm-janeiro.pdf\" target=\"_blank\" rel=\"noopener\">pdf<\/a> \/ <a id=\"\" title=\"\" href=\"https:\/\/goias.gov.br\/saude\/wp-content\/uploads\/sites\/34\/files\/acesso_a_informacao\/escala-saude\/cresm\/2024\/cresm-janeiro.xls\" target=\"\" rel=\"noopener\">csv<\/a> \/ <a href=\"https:\/\/goias.gov.br\/saude\/escala-cresm-janeiro-2024\/\" target=\"_blank\" rel=\"noopener\">Informa\u00e7\u00f5es<\/a><\/td>\n<\/tr>\n<tr style=\"height: 46px;\">\n<td style=\"height: 46px; width: 48.991%;\">Policl\u00ednica Estadual da Regi\u00e3o S\u00e3o Patr\u00edcio &#8211; Goian\u00e9sia<\/td>\n<td style=\"height: 46px; width: 5.44671%;\">2024<\/td>\n<td style=\"height: 46px; width: 67.5142%;\">Janeiro <a id=\"\" title=\"\" href=\"https:\/\/goias.gov.br\/saude\/wp-content\/uploads\/sites\/34\/files\/acesso_a_informacao\/escala-saude\/policlinica-goianesia\/2024\/poli-goianesia-janeiro.pdf\" target=\"_blank\" rel=\"noopener\">pdf<\/a> \/ <a id=\"\" title=\"\" href=\"https:\/\/goias.gov.br\/saude\/wp-content\/uploads\/sites\/34\/files\/acesso_a_informacao\/escala-saude\/policlinica-goianesia\/2024\/poli-goianesia-janeiro.ods\" target=\"\" rel=\"noopener\">csv<\/a> \/ <a href=\"https:\/\/goias.gov.br\/saude\/escala-policlinica-de-goianesia-janeiro-2024\/\" target=\"_blank\" rel=\"noopener\">Informa\u00e7\u00f5es<\/a><\/td>\n<\/tr>\n<tr style=\"height: 46px;\">\n<td style=\"height: 46px; width: 48.991%;\">HEELJ \u2013 Hospital Estadual de Piren\u00f3polis Ernestina Lopes Jaime<\/td>\n<td style=\"height: 46px; width: 5.44671%;\">2024<\/td>\n<td style=\"height: 46px; width: 67.5142%;\">Janeiro <a id=\"\" title=\"\" href=\"https:\/\/goias.gov.br\/saude\/wp-content\/uploads\/sites\/34\/files\/acesso_a_informacao\/escala-saude\/heelj\/2024\/heelj-janeiro.pdf\" target=\"_blank\" rel=\"noopener\">pdf<\/a> \/ <a id=\"\" title=\"\" href=\"https:\/\/goias.gov.br\/saude\/wp-content\/uploads\/sites\/34\/files\/acesso_a_informacao\/escala-saude\/heelj\/2024\/heelj-janeiro.xlsx\" target=\"\" rel=\"noopener\">csv<\/a> \/ <a href=\"https:\/\/goias.gov.br\/saude\/escala-heelj-janeiro-2024\/\" target=\"_blank\" rel=\"noopener\">Informa\u00e7\u00f5es<\/a><\/td>\n<\/tr>\n<tr style=\"height: 46px;\">\n<td style=\"height: 46px; width: 48.991%;\">Policl\u00ednica Estadual Ismael Alexandrino Pinto \u2013 S\u00e3o Lu\u00eds de Montes Belos<\/td>\n<td style=\"height: 46px; width: 5.44671%;\">2024<\/td>\n<td style=\"height: 46px; width: 67.5142%;\">Janeiro <a id=\"\" title=\"\" href=\"https:\/\/goias.gov.br\/saude\/wp-content\/uploads\/sites\/34\/files\/acesso_a_informacao\/escala-saude\/policlinica-sao-luis-de-montes-belos\/2024\/pslmb-janeiro.pdf\" target=\"_blank\" rel=\"noopener\">pdf<\/a> \/ <a id=\"\" title=\"\" href=\"https:\/\/goias.gov.br\/saude\/wp-content\/uploads\/sites\/34\/files\/acesso_a_informacao\/escala-saude\/policlinica-sao-luis-de-montes-belos\/2024\/pslmb-janeiro.xlsx\" target=\"\" rel=\"noopener\">csv<\/a> \/ <a href=\"https:\/\/goias.gov.br\/saude\/escala-policlinica-de-sao-luis-de-montes-belos-janeiro-2024\/\" target=\"_blank\" rel=\"noopener\">Informa\u00e7\u00f5es<\/a><\/td>\n<\/tr>\n<tr style=\"height: 46px;\">\n<td style=\"height: 46px; width: 48.991%;\">HCN &#8211; Hospital Estadual do Centro-Norte Goiano<\/td>\n<td style=\"height: 46px; width: 5.44671%;\">2024<\/td>\n<td style=\"height: 46px; width: 67.5142%;\">Janeiro <a href=\"https:\/\/goias.gov.br\/saude\/wp-content\/uploads\/sites\/34\/files\/acesso_a_informacao\/escala-saude\/hcn\/2024\/hcn-janeiro.pdf\" target=\"_blank\" rel=\"noopener\">pdf<\/a> \/ <a href=\"https:\/\/goias.gov.br\/saude\/wp-content\/uploads\/sites\/34\/files\/acesso_a_informacao\/escala-saude\/hcn\/2024\/hcn-janeiro.xlsx\">csv <\/a>\/ <a href=\"https:\/\/goias.gov.br\/saude\/escala-hcn-janeiro-2024\/\" target=\"_blank\" rel=\"noopener\">Informa\u00e7\u00f5es<\/a><\/td>\n<\/tr>\n<tr style=\"height: 46px;\">\n<td style=\"height: 46px; width: 48.991%;\">HSLMB &#8211; Hospital Estadual de S\u00e3o Lu\u00eds de Montes Belos Dr. Geraldo Land\u00f3<\/td>\n<td style=\"height: 46px; width: 5.44671%;\">2024<\/td>\n<td style=\"height: 46px; width: 67.5142%;\">Janeiro <a id=\"\" title=\"\" href=\"https:\/\/goias.gov.br\/saude\/wp-content\/uploads\/sites\/34\/files\/acesso_a_informacao\/escala-saude\/hslmb\/2024\/hslmb-janeiro.pdf\" target=\"_blank\" rel=\"noopener\">pdf<\/a> \/ <a id=\"\" title=\"\" href=\"https:\/\/goias.gov.br\/saude\/wp-content\/uploads\/sites\/34\/files\/acesso_a_informacao\/escala-saude\/hslmb\/2024\/hslmb-janeiro.xlsx\" target=\"\" rel=\"noopener\">csv<\/a> \/ <a href=\"https:\/\/goias.gov.br\/saude\/escala-hslmb-janeiro-2024\/\" target=\"_blank\" rel=\"noopener\">Informa\u00e7\u00f5es<\/a><\/td>\n<\/tr>\n<tr style=\"height: 46px;\">\n<td style=\"height: 46px; width: 48.991%;\">HEANA \u2013 Hospital Estadual de An\u00e1polis Dr. Henrique Santillo<\/td>\n<td style=\"height: 46px; width: 5.44671%;\">2024<\/td>\n<td style=\"height: 46px; width: 67.5142%;\">Janeiro <a id=\"\" title=\"\" href=\"https:\/\/goias.gov.br\/saude\/wp-content\/uploads\/sites\/34\/files\/acesso_a_informacao\/escala-saude\/heana\/2024\/heana-janeiro.pdf\" target=\"_blank\" rel=\"noopener\">pdf<\/a> \/ <a id=\"\" title=\"\" href=\"https:\/\/goias.gov.br\/saude\/wp-content\/uploads\/sites\/34\/files\/acesso_a_informacao\/escala-saude\/heana\/2024\/heana-janeiro.xls\" target=\"\" rel=\"noopener\">csv<\/a> \/ <a href=\"https:\/\/goias.gov.br\/saude\/escala-heana-janeiro-2024\/\" target=\"_blank\" rel=\"noopener\">Informa\u00e7\u00f5es<\/a><\/td>\n<\/tr>\n<tr style=\"height: 46px;\">\n<td style=\"height: 46px; width: 48.991%;\">HEL &#8211; Hospital Estadual de Luzi\u00e2nia<\/td>\n<td style=\"height: 46px; width: 5.44671%;\">2024<\/td>\n<td style=\"height: 46px; width: 67.5142%;\">Janeiro <a id=\"\" title=\"\" href=\"https:\/\/goias.gov.br\/saude\/wp-content\/uploads\/sites\/34\/files\/acesso_a_informacao\/escala-saude\/hel\/2024\/hel-janeiro.pdf\" target=\"_blank\" rel=\"noopener\">pdf<\/a> \/ <a id=\"\" title=\"\" href=\"https:\/\/goias.gov.br\/saude\/wp-content\/uploads\/sites\/34\/files\/acesso_a_informacao\/escala-saude\/hel\/2024\/hel-janeiro.ods\" target=\"\" rel=\"noopener\">csv<\/a> \/ <a href=\"https:\/\/goias.gov.br\/saude\/escala-hel-janeiro-2024\/\" target=\"_blank\" rel=\"noopener\">Informa\u00e7\u00f5es<\/a><\/td>\n<\/tr>\n<tr style=\"height: 46px;\">\n<td style=\"height: 46px; width: 48.991%;\">HECAD &#8211; Hospital Estadual da Crian\u00e7a e do Adolescente<\/td>\n<td style=\"height: 46px; width: 5.44671%;\">2024<\/td>\n<td style=\"height: 46px; width: 67.5142%;\">Janeiro <a href=\"https:\/\/goias.gov.br\/saude\/wp-content\/uploads\/sites\/34\/files\/acesso_a_informacao\/escala-saude\/hecad\/2024\/hecad-janeiro.pdf\" target=\"_blank\" rel=\"noopener\">pdf <\/a>\/ <a href=\"https:\/\/goias.gov.br\/saude\/wp-content\/uploads\/sites\/34\/files\/acesso_a_informacao\/escala-saude\/hecad\/2024\/hecad-janeiro.xlsx\">csv <\/a>\/ <a href=\"https:\/\/goias.gov.br\/saude\/escala-hecad-janeiro-2024\/\" target=\"_blank\" rel=\"noopener\">Informa\u00e7\u00f5es<\/a><\/td>\n<\/tr>\n<tr style=\"height: 46px;\">\n<td style=\"height: 46px; width: 48.991%;\">Policl\u00ednica Estadual Brasil Bruno de Bastos Neto Regi\u00e3o Rio Vermelho &#8211; Goi\u00e1s<\/td>\n<td style=\"height: 46px; width: 5.44671%;\">2024<\/td>\n<td style=\"height: 46px; width: 67.5142%;\">Janeiro <a href=\"https:\/\/goias.gov.br\/saude\/wp-content\/uploads\/sites\/34\/files\/acesso_a_informacao\/escala-saude\/policlinica-goias\/2024\/poli-goias-janeiro.pdf\" target=\"_blank\" rel=\"noopener\">pdf <\/a>\/ <a href=\"https:\/\/goias.gov.br\/saude\/wp-content\/uploads\/sites\/34\/files\/acesso_a_informacao\/escala-saude\/policlinica-goias\/2024\/poli-goias-janeiro.xlsx\">csv <\/a>\/ <a href=\"https:\/\/goias.gov.br\/saude\/escala-policlinica-de-goias-janeiro-2024\/\" target=\"_blank\" rel=\"noopener\">Informa\u00e7\u00f5es<\/a><\/td>\n<\/tr>\n<tr style=\"height: 46px;\">\n<td style=\"height: 46px; width: 48.991%;\">HEI &#8211; Hospital Estadual de Itumbiara S\u00e3o Marcos<\/td>\n<td style=\"height: 46px; width: 5.44671%;\">2024<\/td>\n<td style=\"height: 46px; width: 67.5142%;\">Janeiro <a href=\"https:\/\/goias.gov.br\/saude\/wp-content\/uploads\/sites\/34\/files\/acesso_a_informacao\/escala-saude\/hei\/2024\/hei-janeiro.pdf\" target=\"_blank\" rel=\"noopener\">pdf <\/a>\/ <a href=\"https:\/\/goias.gov.br\/saude\/wp-content\/uploads\/sites\/34\/files\/acesso_a_informacao\/escala-saude\/hei\/2024\/hei-janeiro.ods\">csv <\/a>\/ <a href=\"https:\/\/goias.gov.br\/saude\/escala-hei-janeiro-2024\/\" target=\"_blank\" rel=\"noopener\">Informa\u00e7\u00f5es<\/a><\/td>\n<\/tr>\n<tr style=\"height: 46px;\">\n<td style=\"height: 46px; width: 48.991%;\">HEJA \u2013 Hospital Estadual de Jaragu\u00e1 Dr. Sandino de Amorim<\/td>\n<td style=\"height: 46px; width: 5.44671%;\">2024<\/td>\n<td style=\"height: 46px; width: 67.5142%;\">Janeiro <a href=\"https:\/\/goias.gov.br\/saude\/wp-content\/uploads\/sites\/34\/files\/acesso_a_informacao\/escala-saude\/heja\/2024\/heja-janeiro.pdf\" target=\"_blank\" rel=\"noopener\">pdf <\/a>\/ <a href=\"https:\/\/goias.gov.br\/saude\/wp-content\/uploads\/sites\/34\/files\/acesso_a_informacao\/escala-saude\/heja\/2024\/heja-janeiro.xlsx\">csv <\/a>\/ <a href=\"https:\/\/goias.gov.br\/saude\/escala-heja-janeiro-2024\/\" target=\"_blank\" rel=\"noopener\">Informa\u00e7\u00f5es<\/a><\/td>\n<\/tr>\n<tr style=\"height: 46px;\">\n<td style=\"height: 46px; width: 48.991%;\">CREMIC &#8211; Centro Estadual de Refer\u00eancia em Medicina Integrativa e Complementar<\/td>\n<td style=\"height: 46px; width: 5.44671%;\">2024<\/td>\n<td style=\"height: 46px; width: 67.5142%;\">Janeiro <a href=\"https:\/\/goias.gov.br\/saude\/wp-content\/uploads\/sites\/34\/files\/acesso_a_informacao\/escala-saude\/cremic\/2024\/cremic-janeiro.pdf\" target=\"_blank\" rel=\"noopener\">pdf <\/a>\/ <a href=\"https:\/\/goias.gov.br\/saude\/wp-content\/uploads\/sites\/34\/files\/acesso_a_informacao\/escala-saude\/cremic\/2024\/cremic-janeiro.ods\" target=\"_blank\" rel=\"noopener\">csv <\/a>\/ <a href=\"https:\/\/goias.gov.br\/saude\/escala-cremic-janeiro-2024\/\" target=\"_blank\" rel=\"noopener\">Informa\u00e7\u00f5es<\/a><\/td>\n<\/tr>\n<tr style=\"height: 46px;\">\n<td style=\"height: 46px; width: 48.991%;\">CAPSI &#8211; Centro Estadual de Aten\u00e7\u00e3o Psicossocial e Infanto-Juvenil<\/td>\n<td style=\"height: 46px; width: 5.44671%;\">2024<\/td>\n<td style=\"height: 46px; width: 67.5142%;\">Janeiro <a id=\"\" title=\"\" href=\"https:\/\/goias.gov.br\/saude\/wp-content\/uploads\/sites\/34\/files\/acesso_a_informacao\/escala-saude\/capsi\/2024\/capsi-janeiro.pdf\" target=\"_blank\" rel=\"noopener\">pdf<\/a> \/ <a id=\"\" title=\"\" href=\"https:\/\/goias.gov.br\/saude\/wp-content\/uploads\/sites\/34\/files\/acesso_a_informacao\/escala-saude\/capsi\/2024\/capsi-janeiro.ods\" target=\"\" rel=\"noopener\">csv<\/a> \/ <a href=\"https:\/\/goias.gov.br\/saude\/escala-capsi-janeiro-2024\/\" target=\"_blank\" rel=\"noopener\">Informa\u00e7\u00f5es<\/a><\/td>\n<\/tr>\n<tr style=\"height: 46px;\">\n<td style=\"height: 46px; width: 48.991%;\">HDS &#8211; Hospital Estadual de Dermatologia Sanit\u00e1ria &#8211; Col\u00f4nia Santa Marta<\/td>\n<td style=\"height: 46px; width: 5.44671%;\">2024<\/td>\n<td style=\"height: 46px; width: 67.5142%;\">Janeiro <a id=\"\" title=\"\" href=\"https:\/\/goias.gov.br\/saude\/wp-content\/uploads\/sites\/34\/files\/acesso_a_informacao\/escala-saude\/hds\/2024\/hds-janeiro.pdf\" target=\"_blank\" rel=\"noopener\">pdf<\/a> \/ <a id=\"\" title=\"\" href=\"https:\/\/goias.gov.br\/saude\/wp-content\/uploads\/sites\/34\/files\/acesso_a_informacao\/escala-saude\/hds\/2024\/hds-janeiro.ods\" target=\"\" rel=\"noopener\">csv<\/a> \/ <a href=\"https:\/\/goias.gov.br\/saude\/escala-hds-janeiro-2024\/\" target=\"_blank\" rel=\"noopener\">Informa\u00e7\u00f5es<\/a><\/td>\n<\/tr>\n<tr style=\"height: 46px;\">\n<td style=\"height: 46px; width: 48.991%;\">Policl\u00ednica Estadual da Regi\u00e3o Sudoeste &#8211; Quirin\u00f3polis<\/td>\n<td style=\"height: 46px; width: 5.44671%;\">2024<\/td>\n<td style=\"height: 46px; width: 67.5142%;\">Janeiro\u00a0<a id=\"\" title=\"\" href=\"https:\/\/goias.gov.br\/saude\/wp-content\/uploads\/sites\/34\/files\/acesso_a_informacao\/escala-saude\/policlinica-quirinopolis\/2024\/poli-quirinopolis-janeiro.pdf\" target=\"_blank\" rel=\"noopener\">pdf<\/a> \/ <a id=\"\" title=\"\" href=\"https:\/\/goias.gov.br\/saude\/wp-content\/uploads\/sites\/34\/files\/acesso_a_informacao\/escala-saude\/policlinica-quirinopolis\/2024\/poli-quirinopolis-janeiro.ods\" target=\"\" rel=\"noopener\">csv<\/a> \/ <a href=\"https:\/\/goias.gov.br\/saude\/escala-policlinica-de-quirinopolis-janeiro-2024\/\" target=\"_blank\" rel=\"noopener\">Informa\u00e7\u00f5es<\/a><\/td>\n<\/tr>\n<\/tbody>\n<\/table>\n<p><script>\n        \/\/ Selecionando os elementos HTML uma \u00fanica vez no in\u00edcio do script\n        const criteria1Input = document.getElementById('criteria1');\n        const criteria2Input = document.getElementById('criteria2');\n        const criteria3Input = document.getElementById('criteria3');\n        const dataTable = document.getElementById('dataTable').querySelector('tbody').querySelectorAll('tr');\n\n        \/\/ Fun\u00e7\u00e3o para filtrar os dados\n        function filterData() {\n            const criteria1 = criteria1Input.value.toLowerCase();\n            const criteria2 = criteria2Input.value.toLowerCase();\n            const criteria3 = criteria3Input.value.toLowerCase();\n\n            \/\/ Iterando sobre cada linha da tabela\n            dataTable.forEach(row => {\n                const rowData = row.querySelectorAll('td');\n                const data1 = rowData[0].textContent.toLowerCase();\n                const data2 = rowData[1].textContent.toLowerCase();\n                const data3 = rowData[2].textContent.toLowerCase();\n\n                \/\/ Verificando se os crit\u00e9rios est\u00e3o presentes nos dados da linha\n                if (data1.includes(criteria1) && data2.includes(criteria2) && data3.includes(criteria3)) {\n                    row.style.display = 'table-row'; \/\/ Exibindo a linha\n                } else {\n                    row.style.display = 'none'; \/\/ Ocultando a linha\n                }\n            });\n        }\n\n        \/\/ Adicionando os ouvintes de eventos aos campos de entrada\n        criteria1Input.addEventListener('input', filterData);\n        criteria2Input.addEventListener('input', filterData);\n        criteria3Input.addEventListener('input', filterData);\n    <\/script><\/p>\n\n\n\n<p><\/p>\n\n\n\n<h3 class=\"wp-block-heading has-text-align-center\"><strong><a href=\"https:\/\/goias.gov.br\/saude\/escalas-servicos-de-saude-2023\/\" target=\"_blank\" rel=\"noreferrer noopener\">Clique aqui para acessar as Escalas dos Servi\u00e7os de Sa\u00fade &#8211; 2023<\/a><\/strong><\/h3>\n","protected":false},"excerpt":{"rendered":"<p>Tabela de Escalas Previstas das Unidades\u00a0 HEL \u2013 Hospital Estadual de Luzi\u00e2nia 2024 Dezembro pdf \/ csv \/ Informa\u00e7\u00f5es HEMNSL \u2013 Hospital Estadual e Maternidade Nossa Senhora de Lourdes 2024 Dezembro pdf \/ csv \/ Informa\u00e7\u00f5es HEJ \u2013 Hospital Estadual de Jata\u00ed Dr. Serafim de Carvalho 2024 Dezembro pdf \/ csv \/ Informa\u00e7\u00f5es CEAP-SOL \u2013 [&hellip;]<\/p>\n","protected":false},"author":165,"featured_media":0,"comment_status":"closed","ping_status":"open","sticky":false,"template":"","format":"standard","meta":{"footnotes":""},"categories":[9],"tags":[],"class_list":["post-43816","post","type-post","status-publish","format-standard","hentry","category-acesso_informacao"],"rttpg_featured_image_url":null,"rttpg_author":{"display_name":"ricardocruz","author_link":"https:\/\/goias.gov.br\/saude\/author\/ricardocruz\/"},"rttpg_comment":0,"rttpg_category":"<a href=\"https:\/\/goias.gov.br\/saude\/categoria\/acesso_informacao\/\" rel=\"category tag\">Acesso \u00e0 informa\u00e7\u00e3o<\/a>","rttpg_excerpt":"Tabela de Escalas Previstas das Unidades\u00a0 HEL \u2013 Hospital Estadual de Luzi\u00e2nia 2024 Dezembro pdf \/ csv \/ Informa\u00e7\u00f5es HEMNSL \u2013 Hospital Estadual e Maternidade Nossa Senhora de Lourdes 2024 Dezembro pdf \/ csv \/ Informa\u00e7\u00f5es HEJ \u2013 Hospital Estadual de Jata\u00ed Dr. Serafim de Carvalho 2024 Dezembro pdf \/ csv \/ Informa\u00e7\u00f5es CEAP-SOL \u2013&hellip;","_links":{"self":[{"href":"https:\/\/goias.gov.br\/saude\/wp-json\/wp\/v2\/posts\/43816","targetHints":{"allow":["GET"]}}],"collection":[{"href":"https:\/\/goias.gov.br\/saude\/wp-json\/wp\/v2\/posts"}],"about":[{"href":"https:\/\/goias.gov.br\/saude\/wp-json\/wp\/v2\/types\/post"}],"author":[{"embeddable":true,"href":"https:\/\/goias.gov.br\/saude\/wp-json\/wp\/v2\/users\/165"}],"replies":[{"embeddable":true,"href":"https:\/\/goias.gov.br\/saude\/wp-json\/wp\/v2\/comments?post=43816"}],"version-history":[{"count":2,"href":"https:\/\/goias.gov.br\/saude\/wp-json\/wp\/v2\/posts\/43816\/revisions"}],"predecessor-version":[{"id":231755,"href":"https:\/\/goias.gov.br\/saude\/wp-json\/wp\/v2\/posts\/43816\/revisions\/231755"}],"wp:attachment":[{"href":"https:\/\/goias.gov.br\/saude\/wp-json\/wp\/v2\/media?parent=43816"}],"wp:term":[{"taxonomy":"category","embeddable":true,"href":"https:\/\/goias.gov.br\/saude\/wp-json\/wp\/v2\/categories?post=43816"},{"taxonomy":"post_tag","embeddable":true,"href":"https:\/\/goias.gov.br\/saude\/wp-json\/wp\/v2\/tags?post=43816"}],"curies":[{"name":"wp","href":"https:\/\/api.w.org\/{rel}","templated":true}]}}