

{"id":438,"date":"2019-06-17T07:36:40","date_gmt":"2019-06-17T10:36:40","guid":{"rendered":"https:\/\/siteshom.goias.gov.br\/saude\/hemocentro-apoia-acao-sobre-doenca-falciforme\/"},"modified":"2019-06-17T07:36:40","modified_gmt":"2019-06-17T10:36:40","slug":"hemocentro-apoia-acao-sobre-doenca-falciforme","status":"publish","type":"post","link":"https:\/\/goias.gov.br\/saude\/hemocentro-apoia-acao-sobre-doenca-falciforme\/","title":{"rendered":"Hemocentro apoia a\u00e7\u00e3o sobre doen\u00e7a falciforme"},"content":{"rendered":"<p><em>Evento alusivo ao dia mundial de conscientiza\u00e7\u00e3o sobre a enfermidade ocorre no dia 17 de junho, no Lago das Rosas, e contar\u00e1 com informa\u00e7\u00f5es sobre a doen\u00e7a e servi\u00e7os da unidade<\/em><\/p>\n<p>Na semana em que \u00e9 comemorado o Dia Mundial de Conscientiza\u00e7\u00e3o da Doen\u00e7a Falciforme, o Hemocentro e a Associa\u00e7\u00e3o de Anemia Falciforme Karoliny Vit\u00f3ria Aparecida de Goi\u00e2nia (AAFKVAPG) realizam uma a\u00e7\u00e3o para orientar a popula\u00e7\u00e3o sobre a doen\u00e7a. O evento ser\u00e1 realizado nesta segunda-feira, 17, no Lago das Rosas, das 7h \u00e0s 9h.\u00a0 Ser\u00e3o distribu\u00eddos panfletos informando sobre a import\u00e2ncia do diagn\u00f3stico e tratamento precoce da doen\u00e7a, al\u00e9m de divulgar os servi\u00e7os oferecidos pela unidade, que \u00e9 refer\u00eancia.<\/p>\n<p>Denyse Goulart, assessora t\u00e9cnica do Hemocentro, esclareceu que os portadores de anemia falciforme recebem na unidade atendimento multidisciplinar, composto de hematologia, enfermagem, nutri\u00e7\u00e3o, fisioterapia, farm\u00e1cia, odontologia, servi\u00e7o social e psicologia.<\/p>\n<p>O Hemocentro \u00e9 a unidade da Secretaria de Estado da Sa\u00fade de Goi\u00e1s (SES-GO) respons\u00e1vel pela assist\u00eancia aos portadores desta doen\u00e7a. Os pacientes s\u00e3o encaminhados pelas unidades b\u00e1sicas para terem um atendimento especializado.<\/p>\n<p>Durante toda a semana ocorrer\u00e3o a\u00e7\u00f5es de conscientiza\u00e7\u00e3o. Entre os dias 19 e 22 de junho, a Associa\u00e7\u00e3o de Anemia Falciforme Karoliny Vit\u00f3ria, distribuir\u00e1 panfletos informativos em diferentes locais das cidades de Goi\u00e2nia e Aparecida, para alertar sobre a import\u00e2ncia da realiza\u00e7\u00e3o do teste do pezinho, que \u00e9 o exame que identifica a presen\u00e7a da doen\u00e7a em rec\u00e9m-nascidos com at\u00e9 29 dias de vida.<\/p>\n<p><strong>Modifica\u00e7\u00e3o gen\u00e9tica<\/strong><\/p>\n<p>A doen\u00e7a falciforme \u00e9 heredit\u00e1ria, ou seja, as pessoas j\u00e1 nascem com ela. \u00c9 o resultado de uma modifica\u00e7\u00e3o gen\u00e9tica do gene (DNA) que, no lugar de produzir hemoglobina A dentro dos gl\u00f3bulos vermelhos ou hem\u00e1cias, produz outro, denominado S (HbS). Assim, a doen\u00e7a falciforme \u00e9 a denomina\u00e7\u00e3o usada para caracterizar uma doen\u00e7a causada pela presen\u00e7a de HbS nos gl\u00f3bulos vermelhos de um indiv\u00edduo. Se uma pessoa recebe um gene do pai e outro da m\u00e3e, que produzem a hemoglobina S, ela possui um padr\u00e3o gen\u00e9tico SS, causador da Anemia Falciforme, que \u00e9 um tipo de Doen\u00e7a Falciforme, o tipo homozigoto (HbSS).<\/p>\n<p>A doen\u00e7a falciforme teve sua origem na \u00c1frica. No Brasil, essa doen\u00e7a \u00e9 muito presente devido ao elevado n\u00famero de africanos. A popula\u00e7\u00e3o afrodescendente \u00e9 afligida por um grupo de mol\u00e9stias relevantes, entre as quais est\u00e1 a doen\u00e7a falciforme. Por essa raz\u00e3o, foi estabelecida, em 2005, a Pol\u00edtica Nacional de Aten\u00e7\u00e3o Integral \u00e0s Pessoas com Doen\u00e7a Falciforme, que faz parte da Pol\u00edtica Nacional de Aten\u00e7\u00e3o Integral \u00e0 Sa\u00fade da Popula\u00e7\u00e3o Negra.<\/p>\n<p>Com base em par\u00e2metros da Organiza\u00e7\u00e3o Mundial de Sa\u00fade, em Goi\u00e1s a doen\u00e7a falciforme \u00e9 diagnosticada em 61 pessoas a cada grupo de 100 mil habitantes, sendo considerada uma doen\u00e7a Rara de origem gen\u00e9tica.\u00a0 A estimativa \u00e9 de de 3.700 portadores da doen\u00e7a em todo o Estado.<\/p>\n<p><em>Pamella Cardoso, do Idetech, e Maria Vit\u00f3ria, da Comunica\u00e7\u00e3o Setorial <\/em><\/p>\n","protected":false},"excerpt":{"rendered":"<p>Evento alusivo ao dia mundial de conscientiza\u00e7\u00e3o sobre a enfermidade ocorre no dia 17 de junho, no Lago das Rosas, e contar\u00e1 com informa\u00e7\u00f5es sobre a doen\u00e7a e servi\u00e7os da unidade Na semana em que \u00e9 comemorado o Dia Mundial de Conscientiza\u00e7\u00e3o da Doen\u00e7a Falciforme, o Hemocentro e a Associa\u00e7\u00e3o de Anemia Falciforme Karoliny Vit\u00f3ria [&hellip;]<\/p>\n","protected":false},"author":46,"featured_media":0,"comment_status":"closed","ping_status":"open","sticky":false,"template":"","format":"standard","meta":{"footnotes":""},"categories":[3],"tags":[],"class_list":["post-438","post","type-post","status-publish","format-standard","hentry","category-noticias"],"rttpg_featured_image_url":null,"rttpg_author":{"display_name":"cleybetsls","author_link":"https:\/\/goias.gov.br\/saude\/author\/cleybetsls\/"},"rttpg_comment":0,"rttpg_category":"<a href=\"https:\/\/goias.gov.br\/saude\/categoria\/noticias\/\" rel=\"category tag\">Not\u00edcias<\/a>","rttpg_excerpt":"Evento alusivo ao dia mundial de conscientiza\u00e7\u00e3o sobre a enfermidade ocorre no dia 17 de junho, no Lago das Rosas, e contar\u00e1 com informa\u00e7\u00f5es sobre a doen\u00e7a e servi\u00e7os da unidade Na semana em que \u00e9 comemorado o Dia Mundial de Conscientiza\u00e7\u00e3o da Doen\u00e7a Falciforme, o Hemocentro e a Associa\u00e7\u00e3o de Anemia Falciforme Karoliny Vit\u00f3ria&hellip;","_links":{"self":[{"href":"https:\/\/goias.gov.br\/saude\/wp-json\/wp\/v2\/posts\/438","targetHints":{"allow":["GET"]}}],"collection":[{"href":"https:\/\/goias.gov.br\/saude\/wp-json\/wp\/v2\/posts"}],"about":[{"href":"https:\/\/goias.gov.br\/saude\/wp-json\/wp\/v2\/types\/post"}],"author":[{"embeddable":true,"href":"https:\/\/goias.gov.br\/saude\/wp-json\/wp\/v2\/users\/46"}],"replies":[{"embeddable":true,"href":"https:\/\/goias.gov.br\/saude\/wp-json\/wp\/v2\/comments?post=438"}],"version-history":[{"count":0,"href":"https:\/\/goias.gov.br\/saude\/wp-json\/wp\/v2\/posts\/438\/revisions"}],"wp:attachment":[{"href":"https:\/\/goias.gov.br\/saude\/wp-json\/wp\/v2\/media?parent=438"}],"wp:term":[{"taxonomy":"category","embeddable":true,"href":"https:\/\/goias.gov.br\/saude\/wp-json\/wp\/v2\/categories?post=438"},{"taxonomy":"post_tag","embeddable":true,"href":"https:\/\/goias.gov.br\/saude\/wp-json\/wp\/v2\/tags?post=438"}],"curies":[{"name":"wp","href":"https:\/\/api.w.org\/{rel}","templated":true}]}}