

{"id":42994,"date":"2024-02-21T16:38:31","date_gmt":"2024-02-21T19:38:31","guid":{"rendered":"https:\/\/goias.gov.br\/saude\/?p=42994"},"modified":"2024-02-21T16:39:46","modified_gmt":"2024-02-21T19:39:46","slug":"qualidade-lacen","status":"publish","type":"post","link":"https:\/\/goias.gov.br\/saude\/qualidade-lacen\/","title":{"rendered":"Qualidade"},"content":{"rendered":"\n<p>O programa de qualidade foi criado em 2000, com a miss\u00e3o de promover a sa\u00fade coletiva e o bem-estar social, por meio do controle da qualidade de produto e diagn\u00f3stico laboratorial. Atende rigorosos crit\u00e9rios de qualidade de normas nacionais e internacionais para lab. analiticos, tais como ISO ( International Organization for Standardization) e ABNT.<\/p>\n\n\n\n<p>Toda a estrutura do Lacen se organiza em um sistema de gest\u00e3o de qualidade, padronizando a\u00e7\u00f5es n\u00e3o s\u00f3 para as bancadas t\u00e9cnicas, mas tamb\u00e9m para os setores estruturais da unidade, como as \u00e1reas de coleta e recep\u00e7\u00e3o de amostras, centro de material e esteriliza\u00e7\u00e3o, al\u00e9m do setor respons\u00e1vel pela produ\u00e7\u00e3o de reagentes, corantes e meios de cultura.<\/p>\n\n\n\n<p>Muito al\u00e9m dos setores t\u00e9cnicos, o Lacen \u00e9 formado por pessoas, que administram, realizam e cuidam da vigil\u00e2ncia laboratorial em Goi\u00e1s.<\/p>\n","protected":false},"excerpt":{"rendered":"<p>O programa de qualidade foi criado em 2000, com a miss\u00e3o de promover a sa\u00fade coletiva e o bem-estar social, por meio do controle da qualidade de produto e diagn\u00f3stico laboratorial. Atende rigorosos crit\u00e9rios de qualidade de normas nacionais e internacionais para lab. analiticos, tais como ISO ( International Organization for Standardization) e ABNT. Toda [&hellip;]<\/p>\n","protected":false},"author":165,"featured_media":0,"comment_status":"closed","ping_status":"open","sticky":false,"template":"","format":"standard","meta":{"footnotes":""},"categories":[45],"tags":[],"class_list":["post-42994","post","type-post","status-publish","format-standard","hentry","category-lacen-go-laboratorio-estadual-de-saude-publica"],"rttpg_featured_image_url":null,"rttpg_author":{"display_name":"ricardocruz","author_link":"https:\/\/goias.gov.br\/saude\/author\/ricardocruz\/"},"rttpg_comment":0,"rttpg_category":"<a href=\"https:\/\/goias.gov.br\/saude\/categoria\/lacen-go-laboratorio-estadual-de-saude-publica\/\" rel=\"category tag\">LACEN-GO \u2013 Laborat\u00f3rio Estadual de Sa\u00fade P\u00fablica<\/a>","rttpg_excerpt":"O programa de qualidade foi criado em 2000, com a miss\u00e3o de promover a sa\u00fade coletiva e o bem-estar social, por meio do controle da qualidade de produto e diagn\u00f3stico laboratorial. Atende rigorosos crit\u00e9rios de qualidade de normas nacionais e internacionais para lab. analiticos, tais como ISO ( International Organization for Standardization) e ABNT. Toda&hellip;","_links":{"self":[{"href":"https:\/\/goias.gov.br\/saude\/wp-json\/wp\/v2\/posts\/42994","targetHints":{"allow":["GET"]}}],"collection":[{"href":"https:\/\/goias.gov.br\/saude\/wp-json\/wp\/v2\/posts"}],"about":[{"href":"https:\/\/goias.gov.br\/saude\/wp-json\/wp\/v2\/types\/post"}],"author":[{"embeddable":true,"href":"https:\/\/goias.gov.br\/saude\/wp-json\/wp\/v2\/users\/165"}],"replies":[{"embeddable":true,"href":"https:\/\/goias.gov.br\/saude\/wp-json\/wp\/v2\/comments?post=42994"}],"version-history":[{"count":2,"href":"https:\/\/goias.gov.br\/saude\/wp-json\/wp\/v2\/posts\/42994\/revisions"}],"predecessor-version":[{"id":42996,"href":"https:\/\/goias.gov.br\/saude\/wp-json\/wp\/v2\/posts\/42994\/revisions\/42996"}],"wp:attachment":[{"href":"https:\/\/goias.gov.br\/saude\/wp-json\/wp\/v2\/media?parent=42994"}],"wp:term":[{"taxonomy":"category","embeddable":true,"href":"https:\/\/goias.gov.br\/saude\/wp-json\/wp\/v2\/categories?post=42994"},{"taxonomy":"post_tag","embeddable":true,"href":"https:\/\/goias.gov.br\/saude\/wp-json\/wp\/v2\/tags?post=42994"}],"curies":[{"name":"wp","href":"https:\/\/api.w.org\/{rel}","templated":true}]}}