

{"id":4279,"date":"2016-04-12T13:38:40","date_gmt":"2016-04-12T16:38:40","guid":{"rendered":"https:\/\/siteshom.goias.gov.br\/saude\/medicos-aprovam-curso-de-cuidados-pediatricos\/"},"modified":"2016-04-12T13:38:40","modified_gmt":"2016-04-12T16:38:40","slug":"medicos-aprovam-curso-de-cuidados-pediatricos","status":"publish","type":"post","link":"https:\/\/goias.gov.br\/saude\/medicos-aprovam-curso-de-cuidados-pediatricos\/","title":{"rendered":"M\u00e9dicos aprovam curso de cuidados pedi\u00e1tricos"},"content":{"rendered":"<p><h6><\/h6>\n<\/p>\n<div class=\"tx cl\">\n<p>Os m\u00e9dicos cl\u00ednicos gerais do sistema b\u00e1sico de sa\u00fade da regi\u00e3o metropolitana, que participam do Curso de Cuidados Pedi\u00e1tricos, aprovam a capacita\u00e7\u00e3o. Segundo a maioria, o curso \u00e9 um refor\u00e7o importante aos conhecimentos dos cl\u00ednicos devido ao tipo de atendimento que abrange toda a fam\u00edlia de usu\u00e1rios do SUS, do rec\u00e9m-nascido ao idoso. Os alunos demonstraram estar receptivos e envolvidos com o conte\u00fado apresentado. O curso \u00e9 realizado na Escola Estadual de Sa\u00fade P\u00fablica C\u00e2ndido Santiago.<\/p>\n<p>Sebasti\u00e3o Leite Pinto, um dos professores do curso, informou que a proposta \u00e9 dar mais seguran\u00e7a ao profissional para aumentar a resolutividade no local de atendimento b\u00e1sico e, assim, evitar o encaminhamento desnecess\u00e1rio aos centros especializados de m\u00e9dia e alta complexidade. Segundo ele, a Escola Estadual de Sa\u00fade P\u00fablica, em parceria com a Faculdade de Medicina da Universidade Federal de Goi\u00e1s e com a Sociedade Goiana de Pediatria, foi muito feliz em promover o curso e tamb\u00e9m na escolha do p\u00fablico-alvo. \u201cAl\u00e9m de melhorar os conhecimentos dos m\u00e9dicos, ainda ajuda a dar mais efici\u00eancia ao atendimento no sistema como um todo\u201d, disse. Especialista na \u00e1rea de amamenta\u00e7\u00e3o, o m\u00e9dico e professor deu como exemplo os casos de mastite materna e fissura do mamilo, que podem ser tratados nos postos de sa\u00fade, sem a necessidade de encaminhamentos.<\/p>\n<p>Cl\u00ednica geral no Posto de Sa\u00fade da Fam\u00edlia do Jardim Nova Olinda, em Aparecida de Goi\u00e2nia, Let\u00edcia Andrade afirmou que \u00e9 sempre bom participar desse tipo de atualiza\u00e7\u00e3o, j\u00e1 que a medicina \u00e9 muito din\u00e2mica. Para ela, os casos concretos da diferen\u00e7a no desenvolvimento das crian\u00e7as que amamentam e das que recebem alimento artificial mostrados na sala de aula aproximaram o conte\u00fado apresentado \u00e0 realidade do consult\u00f3rio.<\/p>\n<p>J\u00e1 a m\u00e9dica Juliana Ferreira Figueiredo, do Programa de Estrat\u00e9gia da Fam\u00edlia de Trindade, espera sanar as poss\u00edveis d\u00favidas no atendimento pedi\u00e1trico e, tamb\u00e9m atrav\u00e9s dos conhecimentos, atingir os objetivos no trabalho de preven\u00e7\u00e3o entre as crian\u00e7as atendidas. Gabriel Marques Coelho, que atende no ESF do Setor Pontakaiana, tamb\u00e9m em Trindade, disse que \u00e9 preciso alcan\u00e7ar um atendimento padronizado. \u201cEsperamos que seja definido que forma clara at\u00e9 onde \u00e9 atendimento prim\u00e1rio e onde come\u00e7a o especializado\u201d, explicou.<\/p>\n<p>Os dois m\u00e9dicos de Trindade disseram ser t\u00e3o importante esse tipo de atualiza\u00e7\u00e3o que apontaram a sa\u00fade do homem e a aten\u00e7\u00e3o ao idoso, por exemplo, como temas a serem abordados em outros cursos que tamb\u00e9m deveriam ser oferecidos pela Secretaria de Estado da Sa\u00fade. Ideia compactuada pelo professor Sebasti\u00e3o Leite Pinto, que avaliou como de suma import\u00e2ncia a expans\u00e3o para outras \u00e1reas da medicina e, ainda, para profissionais m\u00e9dicos de todos os munic\u00edpios do Estado.<\/p>\n<\/div>\n","protected":false},"excerpt":{"rendered":"<p>Os m\u00e9dicos cl\u00ednicos gerais do sistema b\u00e1sico de sa\u00fade da regi\u00e3o metropolitana, que participam do Curso de Cuidados Pedi\u00e1tricos, aprovam a capacita\u00e7\u00e3o. Segundo a maioria, o curso \u00e9 um refor\u00e7o importante aos conhecimentos dos cl\u00ednicos devido ao tipo de atendimento que abrange toda a fam\u00edlia de usu\u00e1rios do SUS, do rec\u00e9m-nascido ao idoso. Os alunos [&hellip;]<\/p>\n","protected":false},"author":46,"featured_media":0,"comment_status":"closed","ping_status":"open","sticky":false,"template":"","format":"standard","meta":{"footnotes":""},"categories":[3],"tags":[],"class_list":["post-4279","post","type-post","status-publish","format-standard","hentry","category-noticias"],"rttpg_featured_image_url":null,"rttpg_author":{"display_name":"cleybetsls","author_link":"https:\/\/goias.gov.br\/saude\/author\/cleybetsls\/"},"rttpg_comment":0,"rttpg_category":"<a href=\"https:\/\/goias.gov.br\/saude\/categoria\/noticias\/\" rel=\"category tag\">Not\u00edcias<\/a>","rttpg_excerpt":"Os m\u00e9dicos cl\u00ednicos gerais do sistema b\u00e1sico de sa\u00fade da regi\u00e3o metropolitana, que participam do Curso de Cuidados Pedi\u00e1tricos, aprovam a capacita\u00e7\u00e3o. Segundo a maioria, o curso \u00e9 um refor\u00e7o importante aos conhecimentos dos cl\u00ednicos devido ao tipo de atendimento que abrange toda a fam\u00edlia de usu\u00e1rios do SUS, do rec\u00e9m-nascido ao idoso. Os alunos&hellip;","_links":{"self":[{"href":"https:\/\/goias.gov.br\/saude\/wp-json\/wp\/v2\/posts\/4279","targetHints":{"allow":["GET"]}}],"collection":[{"href":"https:\/\/goias.gov.br\/saude\/wp-json\/wp\/v2\/posts"}],"about":[{"href":"https:\/\/goias.gov.br\/saude\/wp-json\/wp\/v2\/types\/post"}],"author":[{"embeddable":true,"href":"https:\/\/goias.gov.br\/saude\/wp-json\/wp\/v2\/users\/46"}],"replies":[{"embeddable":true,"href":"https:\/\/goias.gov.br\/saude\/wp-json\/wp\/v2\/comments?post=4279"}],"version-history":[{"count":0,"href":"https:\/\/goias.gov.br\/saude\/wp-json\/wp\/v2\/posts\/4279\/revisions"}],"wp:attachment":[{"href":"https:\/\/goias.gov.br\/saude\/wp-json\/wp\/v2\/media?parent=4279"}],"wp:term":[{"taxonomy":"category","embeddable":true,"href":"https:\/\/goias.gov.br\/saude\/wp-json\/wp\/v2\/categories?post=4279"},{"taxonomy":"post_tag","embeddable":true,"href":"https:\/\/goias.gov.br\/saude\/wp-json\/wp\/v2\/tags?post=4279"}],"curies":[{"name":"wp","href":"https:\/\/api.w.org\/{rel}","templated":true}]}}