

{"id":42554,"date":"2024-02-20T08:00:13","date_gmt":"2024-02-20T11:00:13","guid":{"rendered":"https:\/\/goias.gov.br\/saude\/?p=42554"},"modified":"2024-02-20T08:00:13","modified_gmt":"2024-02-20T11:00:13","slug":"extrato-do-2o-termo-aditivo-ao-convenio-n-o-23-2021-ses-go","status":"publish","type":"post","link":"https:\/\/goias.gov.br\/saude\/extrato-do-2o-termo-aditivo-ao-convenio-n-o-23-2021-ses-go\/","title":{"rendered":"Extrato do 2\u00ba Termo Aditivo ao Conv\u00eanio n.\u00ba 23\/2021 \u2013 SES\/GO"},"content":{"rendered":"\n<p>EXTRATO DO 2\u00ba TERMO ADITIVO AO CONV\u00caNIO N\u00ba 23\/2021-SES\/GO. <strong>Processo<\/strong> n\u00ba 202100010015029. <strong>Objeto:<\/strong> O presente termo aditivo tem por objeto a adequa\u00e7\u00e3o \u00e0 portaria n\u00ba 1.096\/2023 \u2013 SES, em especial \u00e0 contrapartida. <strong>Concedente:<\/strong> Secretaria de Estado da Sa\u00fade de Goi\u00e1s. <strong>Convenente<\/strong>: Pontif\u00edcia Universidade Cat\u00f3lica de Goi\u00e1s. Vig\u00eancia: 60 (sessenta) meses, com in\u00edcio em 25\/10\/2021 e t\u00e9rmino em 24\/10\/2026. <strong>Signat\u00e1rios:<\/strong> Ras\u00edvel dos Reis Santos J\u00fanior \u2013 Secret\u00e1rio de Estado da Sa\u00fade. Olga Izilda Ronchi \u2013 Pontif\u00edcia Universidade Cat\u00f3lica de Goi\u00e1s.<\/p>\n","protected":false},"excerpt":{"rendered":"<p>EXTRATO DO 2\u00ba TERMO ADITIVO AO CONV\u00caNIO N\u00ba 23\/2021-SES\/GO. Processo n\u00ba 202100010015029. Objeto: O presente termo aditivo tem por objeto a adequa\u00e7\u00e3o \u00e0 portaria n\u00ba 1.096\/2023 \u2013 SES, em especial \u00e0 contrapartida. Concedente: Secretaria de Estado da Sa\u00fade de Goi\u00e1s. Convenente: Pontif\u00edcia Universidade Cat\u00f3lica de Goi\u00e1s. Vig\u00eancia: 60 (sessenta) meses, com in\u00edcio em 25\/10\/2021 e [&hellip;]<\/p>\n","protected":false},"author":165,"featured_media":0,"comment_status":"closed","ping_status":"open","sticky":false,"template":"","format":"standard","meta":{"footnotes":""},"categories":[266],"tags":[],"class_list":["post-42554","post","type-post","status-publish","format-standard","hentry","category-contratos-e-termos-aditivos-2024"],"rttpg_featured_image_url":null,"rttpg_author":{"display_name":"ricardocruz","author_link":"https:\/\/goias.gov.br\/saude\/author\/ricardocruz\/"},"rttpg_comment":0,"rttpg_category":"<a href=\"https:\/\/goias.gov.br\/saude\/categoria\/prestacao-de-contas\/licitacoes\/contratos-e-termos-aditivos-2024\/\" rel=\"category tag\">Contratos e Termos Aditivos 2024<\/a>","rttpg_excerpt":"EXTRATO DO 2\u00ba TERMO ADITIVO AO CONV\u00caNIO N\u00ba 23\/2021-SES\/GO. Processo n\u00ba 202100010015029. Objeto: O presente termo aditivo tem por objeto a adequa\u00e7\u00e3o \u00e0 portaria n\u00ba 1.096\/2023 \u2013 SES, em especial \u00e0 contrapartida. Concedente: Secretaria de Estado da Sa\u00fade de Goi\u00e1s. Convenente: Pontif\u00edcia Universidade Cat\u00f3lica de Goi\u00e1s. Vig\u00eancia: 60 (sessenta) meses, com in\u00edcio em 25\/10\/2021 e&hellip;","_links":{"self":[{"href":"https:\/\/goias.gov.br\/saude\/wp-json\/wp\/v2\/posts\/42554","targetHints":{"allow":["GET"]}}],"collection":[{"href":"https:\/\/goias.gov.br\/saude\/wp-json\/wp\/v2\/posts"}],"about":[{"href":"https:\/\/goias.gov.br\/saude\/wp-json\/wp\/v2\/types\/post"}],"author":[{"embeddable":true,"href":"https:\/\/goias.gov.br\/saude\/wp-json\/wp\/v2\/users\/165"}],"replies":[{"embeddable":true,"href":"https:\/\/goias.gov.br\/saude\/wp-json\/wp\/v2\/comments?post=42554"}],"version-history":[{"count":1,"href":"https:\/\/goias.gov.br\/saude\/wp-json\/wp\/v2\/posts\/42554\/revisions"}],"predecessor-version":[{"id":42555,"href":"https:\/\/goias.gov.br\/saude\/wp-json\/wp\/v2\/posts\/42554\/revisions\/42555"}],"wp:attachment":[{"href":"https:\/\/goias.gov.br\/saude\/wp-json\/wp\/v2\/media?parent=42554"}],"wp:term":[{"taxonomy":"category","embeddable":true,"href":"https:\/\/goias.gov.br\/saude\/wp-json\/wp\/v2\/categories?post=42554"},{"taxonomy":"post_tag","embeddable":true,"href":"https:\/\/goias.gov.br\/saude\/wp-json\/wp\/v2\/tags?post=42554"}],"curies":[{"name":"wp","href":"https:\/\/api.w.org\/{rel}","templated":true}]}}