

{"id":41986,"date":"2024-02-12T12:07:49","date_gmt":"2024-02-12T15:07:49","guid":{"rendered":"https:\/\/goias.gov.br\/saude\/?p=41986"},"modified":"2024-03-02T18:32:12","modified_gmt":"2024-03-02T21:32:12","slug":"notas-informativas-gabinete-de-crise-da-dengue-2024","status":"publish","type":"post","link":"https:\/\/goias.gov.br\/saude\/notas-informativas-gabinete-de-crise-da-dengue-2024\/","title":{"rendered":"Notas Informativas \u2013 Gabinete de Crise da Dengue \u2013 2024"},"content":{"rendered":"\n<p><a href=\"https:\/\/goias.gov.br\/saude\/wp-content\/uploads\/sites\/34\/gabinete-arboviroses\/notas-informativas\/oficio-84-arboviroses.pdf\" target=\"_blank\" rel=\"noreferrer noopener\">Locais de Atendimento<\/a><\/p>\n\n\n\n<p><a href=\"https:\/\/goias.gov.br\/saude\/wp-content\/uploads\/sites\/34\/gabinete-arboviroses\/notas-informativas\/nota-informativa-02-gabinete-crise-orientacoes-para-rotina-do-gb-crise.pdf\" target=\"_blank\" rel=\"noreferrer noopener\">Nota Informativa n\u00ba 002\/2024 &#8211; SES &#8211; Orienta\u00e7\u00f5es para rotina do Gabinete de Crise<\/a><\/p>\n\n\n\n<ul class=\"wp-block-list\">\n<li><a href=\"https:\/\/goias.gov.br\/saude\/wp-content\/uploads\/sites\/34\/2024\/02\/anexo-1-nota-informativa-gb-crise-02.pdf\" target=\"_blank\" rel=\"noreferrer noopener\">Anexo 1<\/a><\/li>\n\n\n\n<li><a href=\"https:\/\/goias.gov.br\/saude\/wp-content\/uploads\/sites\/34\/2024\/02\/anexo-2-nota-informativa-gb-crise-02.pdf\" target=\"_blank\" rel=\"noreferrer noopener\">Anexo 2<\/a><\/li>\n\n\n\n<li><a href=\"https:\/\/goias.gov.br\/saude\/wp-content\/uploads\/sites\/34\/2024\/02\/anexo-3-nota-informativa-gb-crise-02.pdf\" target=\"_blank\" rel=\"noreferrer noopener\">Anexo 3<\/a><\/li>\n\n\n\n<li><a href=\"https:\/\/goias.gov.br\/saude\/wp-content\/uploads\/sites\/34\/2024\/02\/anexo-4-nota-informativa-gb-crise-02.pdf\" target=\"_blank\" rel=\"noreferrer noopener\">Anexo 4<\/a><\/li>\n\n\n\n<li><a href=\"https:\/\/goias.gov.br\/saude\/wp-content\/uploads\/sites\/34\/2024\/02\/anexo-5-nota-informativa-gb-crise-02.pdf\" target=\"_blank\" rel=\"noreferrer noopener\">Anexo 5<\/a><\/li>\n\n\n\n<li><a href=\"https:\/\/goias.gov.br\/saude\/wp-content\/uploads\/sites\/34\/2024\/02\/anexo-6-nota-informativa-gb-crise-02.pdf\" target=\"_blank\" rel=\"noreferrer noopener\">Anexo 6<\/a><\/li>\n<\/ul>\n\n\n\n<p><a href=\"https:\/\/goias.gov.br\/saude\/wp-content\/uploads\/sites\/34\/2024\/02\/nota-informativa-1-gabinete-crise.pdf\" target=\"_blank\" rel=\"noreferrer noopener\">Nota Informativa n\u00ba 001\/2024 &#8211; SES &#8211; Trata-se de nota informativa relacionada \u00e0 necessidade de implanta\u00e7\u00e3o de Gabinetes de Crise nos munic\u00edpios goianos<\/a><\/p>\n\n\n\n<ul class=\"wp-block-list\">\n<li><a href=\"https:\/\/goias.gov.br\/saude\/wp-content\/uploads\/sites\/34\/2024\/02\/anexo-1-gb-nota-informativa-1.pdf\" target=\"_blank\" rel=\"noreferrer noopener\">Anexo 1<\/a><\/li>\n\n\n\n<li><a href=\"https:\/\/goias.gov.br\/saude\/wp-content\/uploads\/sites\/34\/2024\/02\/anexo-2-gb-nota-informativa-1.pdf\" target=\"_blank\" rel=\"noreferrer noopener\">Anexo 2<\/a><\/li>\n\n\n\n<li><a href=\"https:\/\/goias.gov.br\/saude\/wp-content\/uploads\/sites\/34\/2024\/02\/anexo-3-gb-nota-informativa-1.pdf\" target=\"_blank\" rel=\"noreferrer noopener\">Anexo 3<\/a><\/li>\n\n\n\n<li><a href=\"https:\/\/goias.gov.br\/saude\/wp-content\/uploads\/sites\/34\/2024\/02\/anexo-4-gb-nota-informativa-1.pdf\" target=\"_blank\" rel=\"noreferrer noopener\">Anexo 4<\/a><\/li>\n\n\n\n<li><a href=\"https:\/\/goias.gov.br\/saude\/wp-content\/uploads\/sites\/34\/2024\/02\/anexo-5-gb-nota-informativa-1.pdf\" target=\"_blank\" rel=\"noreferrer noopener\">Anexo 5<\/a><\/li>\n<\/ul>\n","protected":false},"excerpt":{"rendered":"<p>Locais de Atendimento Nota Informativa n\u00ba 002\/2024 &#8211; SES &#8211; Orienta\u00e7\u00f5es para rotina do Gabinete de Crise Nota Informativa n\u00ba 001\/2024 &#8211; SES &#8211; Trata-se de nota informativa relacionada \u00e0 necessidade de implanta\u00e7\u00e3o de Gabinetes de Crise nos munic\u00edpios goianos<\/p>\n","protected":false},"author":165,"featured_media":0,"comment_status":"closed","ping_status":"open","sticky":false,"template":"","format":"standard","meta":{"footnotes":""},"categories":[289],"tags":[],"class_list":["post-41986","post","type-post","status-publish","format-standard","hentry","category-arboviroses"],"rttpg_featured_image_url":null,"rttpg_author":{"display_name":"ricardocruz","author_link":"https:\/\/goias.gov.br\/saude\/author\/ricardocruz\/"},"rttpg_comment":0,"rttpg_category":"<a href=\"https:\/\/goias.gov.br\/saude\/categoria\/arboviroses\/\" rel=\"category tag\">Arboviroses<\/a>","rttpg_excerpt":"Locais de Atendimento Nota Informativa n\u00ba 002\/2024 &#8211; SES &#8211; Orienta\u00e7\u00f5es para rotina do Gabinete de Crise Nota Informativa n\u00ba 001\/2024 &#8211; SES &#8211; Trata-se de nota informativa relacionada \u00e0 necessidade de implanta\u00e7\u00e3o de Gabinetes de Crise nos munic\u00edpios goianos","_links":{"self":[{"href":"https:\/\/goias.gov.br\/saude\/wp-json\/wp\/v2\/posts\/41986","targetHints":{"allow":["GET"]}}],"collection":[{"href":"https:\/\/goias.gov.br\/saude\/wp-json\/wp\/v2\/posts"}],"about":[{"href":"https:\/\/goias.gov.br\/saude\/wp-json\/wp\/v2\/types\/post"}],"author":[{"embeddable":true,"href":"https:\/\/goias.gov.br\/saude\/wp-json\/wp\/v2\/users\/165"}],"replies":[{"embeddable":true,"href":"https:\/\/goias.gov.br\/saude\/wp-json\/wp\/v2\/comments?post=41986"}],"version-history":[{"count":2,"href":"https:\/\/goias.gov.br\/saude\/wp-json\/wp\/v2\/posts\/41986\/revisions"}],"predecessor-version":[{"id":43762,"href":"https:\/\/goias.gov.br\/saude\/wp-json\/wp\/v2\/posts\/41986\/revisions\/43762"}],"wp:attachment":[{"href":"https:\/\/goias.gov.br\/saude\/wp-json\/wp\/v2\/media?parent=41986"}],"wp:term":[{"taxonomy":"category","embeddable":true,"href":"https:\/\/goias.gov.br\/saude\/wp-json\/wp\/v2\/categories?post=41986"},{"taxonomy":"post_tag","embeddable":true,"href":"https:\/\/goias.gov.br\/saude\/wp-json\/wp\/v2\/tags?post=41986"}],"curies":[{"name":"wp","href":"https:\/\/api.w.org\/{rel}","templated":true}]}}