

{"id":41244,"date":"2024-02-01T10:22:00","date_gmt":"2024-02-01T13:22:00","guid":{"rendered":"https:\/\/goias.gov.br\/saude\/?p=41244"},"modified":"2024-02-05T13:32:28","modified_gmt":"2024-02-05T16:32:28","slug":"programacao-de-carnaval-2024-do-hgg-comeca-nesta-quinta-feira","status":"publish","type":"post","link":"https:\/\/goias.gov.br\/saude\/programacao-de-carnaval-2024-do-hgg-comeca-nesta-quinta-feira\/","title":{"rendered":"Programa\u00e7\u00e3o de carnaval 2024 do HGG come\u00e7a nesta quinta-feira"},"content":{"rendered":"\n<p class=\"has-text-align-center\"><strong>Sambistas Alessandra Costa e Dani Fran\u00e7a d\u00e3o o pontap\u00e9 inicial nas comemora\u00e7\u00e3o da folia deste ano do Sarau do HGG, projeto de humaniza\u00e7\u00e3o da unidade do Governo de Goi\u00e1s<\/strong><\/p>\n\n\n\n<figure class=\"wp-block-image size-full\"><img fetchpriority=\"high\" decoding=\"async\" width=\"898\" height=\"684\" src=\"https:\/\/goias.gov.br\/saude\/wp-content\/uploads\/sites\/34\/2024\/02\/0102-sarauhgg-carnaval-interna.jpeg\" alt=\"\" class=\"wp-image-41245\"\/><\/figure>\n\n\n\n<p>\u201cMinha carne \u00e9 de carnaval. O meu cora\u00e7\u00e3o \u00e9 igual\u201d, j\u00e1 diziam Os Novos Baianos. E para abrir a programa\u00e7\u00e3o especial de fevereiro, Alessandra Costa e Dani Fran\u00e7a se apresentam ao lado do violinista Warlen Moreira, no pr\u00f3ximo Sarau do Hospital Estadual Dr. Alberto Rassi (HGG).\u00a0<\/p>\n\n\n\n<p>Com um repert\u00f3rio recheado de samba raiz, as cantoras prometem muita anima\u00e7\u00e3o. O show para pacientes, acompanhantes e colaboradores da unidade do Governo de Goi\u00e1s ser\u00e1 quinta-feira (1\u00ba\/02), a partir das 17 horas, no Ambulat\u00f3rio de Medicina de Avan\u00e7ada (AMA).&nbsp;<\/p>\n\n\n\n<p>Esta \u00e9 a primeira vez da cantora Alessandra no Sarau, que fez quest\u00e3o de agradecer o convite e destacou que \u00e9 uma honra tocar ao lado da amiga e parceira. \u201cTenho 25 anos de carreira e foi um prazer conhecer a Dani nessa trajet\u00f3ria\u201d.<\/p>\n\n\n\n<p>A sambista contou sobre sua inspira\u00e7\u00e3o. \u201cMeu av\u00f4 era m\u00fasico formado, tocava na Orquestra Sinf\u00f4nica de Goi\u00e2nia, e meu pai foi um grande seresteiro. Sinto eles do meu lado toda vez que solto a voz. A m\u00fasica traz lembran\u00e7as, sentimentos, faz o cora\u00e7\u00e3o bater mais forte.\u201d&nbsp;<\/p>\n\n\n\n<p>Influenciada pelo pai, Dani ouvia desde a inf\u00e2ncia grandes nomes como Bezerra da Silva, Nelson Cavaquinho e Cartola. Por isso, considera a m\u00fasica uma terapia. \u201cAs can\u00e7\u00f5es trazem mem\u00f3rias afetivas, aconchego e paz\u201d, enfatizou ela, que se apresenta no projeto pela terceira vez. \u201c\u00c9 muito bom deixar um pouco da minha poesia em forma de m\u00fasica. Me sinto muito feliz e acolhida\u201d, ressaltou.<\/p>\n\n\n\n<p>O HGG preparou um m\u00eas repleto de samba e alegria. O tradicional Grito de Carnaval, com o Grupo N\u00f3ys \u00e9 N\u00f3ys, ocorre na ter\u00e7a-feira (06\/02), \u00e0s 19 horas, com clima de bloquinho e decora\u00e7\u00e3o especial. E nas pr\u00f3ximas quintas-feiras, dias 15, 22 e 29, os shows ficam por conta das cantoras Mara Cristina, Grace Carvalho e a dupla de pai e filha&nbsp;Julio Lemos e Stella Lemos.<\/p>\n\n\n\n<p><strong>Programa\u00e7\u00e3o do Carnaval de 2024 do Sarau do HGG&nbsp;<\/strong><\/p>\n\n\n\n<p><strong>Apresenta\u00e7\u00f5es de fevereiro<\/strong><br>Dia 1\u00ba<br>Artista: Alessandra Costa e Dani Fran\u00e7a (samba)<br>Local: Ambulat\u00f3rio de Medicina de Avan\u00e7ada (AMA)<br>Hor\u00e1rio: 17 horas<\/p>\n\n\n\n<p>6 de fevereiro<br>Grito de Carnaval \u2013 Grupo N\u00f3ys \u00e9 N\u00f3ys (marchinhas tradicionais de carnaval)<br>Local: Ambulat\u00f3rio de Medicina de Avan\u00e7ada (AMA)<br>Hor\u00e1rio: 19 horas<\/p>\n\n\n\n<p>15 de fevereiro<br>Artista: Mara Cristina (Samba)<br>Local: Ambulat\u00f3rio de Medicina Avan\u00e7ada (AMA)<br>Hor\u00e1rio: 19 horas<\/p>\n\n\n\n<p>22 de fevereiro<br>Artista: Grace Carvalho (samba)<br>Local: Ambulat\u00f3rio de Medicina Avan\u00e7ada (AMA)<br>Hor\u00e1rio: 17 horas<\/p>\n\n\n\n<p>29 de fevereiro&nbsp;<br>Artista: Julio Lemos e Stella Lemos (samba)<br>Local: Ambulat\u00f3rio de Medicina Avan\u00e7ada (AMA)<br>Hor\u00e1rio: 17 horas<\/p>\n\n\n\n<p>Nayara Gama do Nascimento\/Idtech<br>Arte: Idtech<\/p>\n","protected":false},"excerpt":{"rendered":"<p>Sambistas Alessandra Costa e Dani Fran\u00e7a d\u00e3o o pontap\u00e9 inicial nas comemora\u00e7\u00e3o da folia deste ano do Sarau do HGG, projeto de humaniza\u00e7\u00e3o da unidade do Governo de Goi\u00e1s \u201cMinha carne \u00e9 de carnaval. O meu cora\u00e7\u00e3o \u00e9 igual\u201d, j\u00e1 diziam Os Novos Baianos. E para abrir a programa\u00e7\u00e3o especial de fevereiro, Alessandra Costa e [&hellip;]<\/p>\n","protected":false},"author":164,"featured_media":41245,"comment_status":"closed","ping_status":"open","sticky":false,"template":"","format":"standard","meta":{"footnotes":""},"categories":[3],"tags":[243],"class_list":["post-41244","post","type-post","status-publish","format-standard","has-post-thumbnail","hentry","category-noticias","tag-hospitais-estaduais"],"rttpg_featured_image_url":{"full":["https:\/\/goias.gov.br\/saude\/wp-content\/uploads\/sites\/34\/2024\/02\/0102-sarauhgg-carnaval-interna.jpeg",898,684,false],"landscape":["https:\/\/goias.gov.br\/saude\/wp-content\/uploads\/sites\/34\/2024\/02\/0102-sarauhgg-carnaval-interna.jpeg",898,684,false],"portraits":["https:\/\/goias.gov.br\/saude\/wp-content\/uploads\/sites\/34\/2024\/02\/0102-sarauhgg-carnaval-interna.jpeg",898,684,false],"thumbnail":["https:\/\/goias.gov.br\/saude\/wp-content\/uploads\/sites\/34\/2024\/02\/0102-sarauhgg-carnaval-interna.jpeg",150,114,false],"medium":["https:\/\/goias.gov.br\/saude\/wp-content\/uploads\/sites\/34\/2024\/02\/0102-sarauhgg-carnaval-interna.jpeg",300,229,false],"large":["https:\/\/goias.gov.br\/saude\/wp-content\/uploads\/sites\/34\/2024\/02\/0102-sarauhgg-carnaval-interna.jpeg",898,684,false],"1536x1536":["https:\/\/goias.gov.br\/saude\/wp-content\/uploads\/sites\/34\/2024\/02\/0102-sarauhgg-carnaval-interna.jpeg",898,684,false],"2048x2048":["https:\/\/goias.gov.br\/saude\/wp-content\/uploads\/sites\/34\/2024\/02\/0102-sarauhgg-carnaval-interna.jpeg",898,684,false]},"rttpg_author":{"display_name":"isabelamelo","author_link":"https:\/\/goias.gov.br\/saude\/author\/isabelamelo\/"},"rttpg_comment":0,"rttpg_category":"<a href=\"https:\/\/goias.gov.br\/saude\/categoria\/noticias\/\" rel=\"category tag\">Not\u00edcias<\/a>","rttpg_excerpt":"Sambistas Alessandra Costa e Dani Fran\u00e7a d\u00e3o o pontap\u00e9 inicial nas comemora\u00e7\u00e3o da folia deste ano do Sarau do HGG, projeto de humaniza\u00e7\u00e3o da unidade do Governo de Goi\u00e1s \u201cMinha carne \u00e9 de carnaval. O meu cora\u00e7\u00e3o \u00e9 igual\u201d, j\u00e1 diziam Os Novos Baianos. E para abrir a programa\u00e7\u00e3o especial de fevereiro, Alessandra Costa e&hellip;","_links":{"self":[{"href":"https:\/\/goias.gov.br\/saude\/wp-json\/wp\/v2\/posts\/41244","targetHints":{"allow":["GET"]}}],"collection":[{"href":"https:\/\/goias.gov.br\/saude\/wp-json\/wp\/v2\/posts"}],"about":[{"href":"https:\/\/goias.gov.br\/saude\/wp-json\/wp\/v2\/types\/post"}],"author":[{"embeddable":true,"href":"https:\/\/goias.gov.br\/saude\/wp-json\/wp\/v2\/users\/164"}],"replies":[{"embeddable":true,"href":"https:\/\/goias.gov.br\/saude\/wp-json\/wp\/v2\/comments?post=41244"}],"version-history":[{"count":1,"href":"https:\/\/goias.gov.br\/saude\/wp-json\/wp\/v2\/posts\/41244\/revisions"}],"predecessor-version":[{"id":41246,"href":"https:\/\/goias.gov.br\/saude\/wp-json\/wp\/v2\/posts\/41244\/revisions\/41246"}],"wp:featuredmedia":[{"embeddable":true,"href":"https:\/\/goias.gov.br\/saude\/wp-json\/wp\/v2\/media\/41245"}],"wp:attachment":[{"href":"https:\/\/goias.gov.br\/saude\/wp-json\/wp\/v2\/media?parent=41244"}],"wp:term":[{"taxonomy":"category","embeddable":true,"href":"https:\/\/goias.gov.br\/saude\/wp-json\/wp\/v2\/categories?post=41244"},{"taxonomy":"post_tag","embeddable":true,"href":"https:\/\/goias.gov.br\/saude\/wp-json\/wp\/v2\/tags?post=41244"}],"curies":[{"name":"wp","href":"https:\/\/api.w.org\/{rel}","templated":true}]}}