

{"id":40581,"date":"2024-01-23T13:12:56","date_gmt":"2024-01-23T16:12:56","guid":{"rendered":"https:\/\/siteshom.goias.gov.br\/saude\/?p=40581"},"modified":"2024-01-23T15:25:10","modified_gmt":"2024-01-23T18:25:10","slug":"zika-virus","status":"publish","type":"post","link":"https:\/\/goias.gov.br\/saude\/zika-virus\/","title":{"rendered":"Zika V\u00edrus"},"content":{"rendered":"\n<p>\u00c9 uma arbovirose causada pelo v\u00edrus Zika (ZIKV). Arboviroses s\u00e3o doen\u00e7as causadas por v\u00edrus (arbov\u00edrus) transmitidos por meio da picada de mosquitos, principalmente f\u00eameas. O ZIKV foi isolado pela primeira vez em macacos na floresta Zika de Kampala, Uganda no ano 1947. O primeiro isolamento humano do ZIKV foi relatado na Nig\u00e9ria em 1953. Desde ent\u00e3o, o ZIKV expandiu sua abrang\u00eancia geogr\u00e1fica para v\u00e1rios pa\u00edses da \u00c1frica, \u00c1sia, Oceania e Am\u00e9ricas.<\/p>\n\n\n\n<p>A maioria das infec\u00e7\u00f5es pelo ZIKV s\u00e3o assintom\u00e1ticas ou representam uma doen\u00e7a febril autolimitada semelhante \u00e0s infec\u00e7\u00f5es por chikungunya e dengue. Entretanto, a associa\u00e7\u00e3o da infec\u00e7\u00e3o viral com complica\u00e7\u00f5es neurol\u00f3gicas como microcefalia cong\u00eanita e s\u00edndrome de Guillain-Barr\u00e9 (SGB) foi demonstrada por estudos realizados durante surtos da doen\u00e7a no Brasil e na Polin\u00e9sia Francesa.<\/p>\n\n\n\n<p><strong>Importante:<\/strong>&nbsp;Todos os sexos e faixas et\u00e1rias s\u00e3o igualmente suscet\u00edveis ao v\u00edrus Zika, por\u00e9m mulheres gr\u00e1vidas e pessoas acima de 60 anos t\u00eam maiores riscos de desenvolver complica\u00e7\u00f5es da doen\u00e7a. Esses riscos podem aumentar quando a pessoa tem alguma comorbidade.<\/p>\n\n\n\n<p><strong>Sinais e Sintomas<\/strong><\/p>\n\n\n\n<p>A infec\u00e7\u00e3o pelo v\u00edrus Zika pode ser assintom\u00e1tica ou sintom\u00e1tica. Quando sintom\u00e1tica, pode apresentar quadro cl\u00ednico vari\u00e1vel, desde manifesta\u00e7\u00f5es brandas e autolimitadas at\u00e9 complica\u00e7\u00f5es neurol\u00f3gicas e malforma\u00e7\u00f5es cong\u00eanitas. Estudos recentes indicam que mais de 50% dos pacientes infectados por Zika tornam-se sintom\u00e1ticos. O per\u00edodo de incuba\u00e7\u00e3o da doen\u00e7a varia de 2 a 7 dias.\u00a0Manifesta\u00e7\u00f5es mais comuns:<\/p>\n\n\n\n<ul class=\"wp-block-list\">\n<li>Febre baixa (\u226438,5 \u00baC) ou ausente;<\/li>\n\n\n\n<li>Exantema (geralmente pruriginoso e maculopapular craniocaudal) de in\u00edcio precoce;<\/li>\n\n\n\n<li>Conjuntivite n\u00e3o purulenta;<\/li>\n\n\n\n<li>Cefaleia, artralgia, astenia e mialgia;<\/li>\n\n\n\n<li>Edema periarticular, linfonodomegalia.<\/li>\n<\/ul>\n\n\n\n<p>Al\u00e9m da manifesta\u00e7\u00e3o cl\u00ednica exantem\u00e1tica febril leve da infec\u00e7\u00e3o pelo ZIKV, o prurido \u00e9 um sintoma importante durante o per\u00edodo agudo, podendo afetar as atividades cotidianas e o sono.&nbsp;Duas complica\u00e7\u00f5es neurol\u00f3gicas graves relacionadas ao ZIKV foram identificadas: S\u00edndrome de Guillan-Barr\u00e9 (SGB), uma condi\u00e7\u00e3o rara em que o sistema imunol\u00f3gico de uma pessoa ataca os nervos perif\u00e9ricos, e microcefalia, a manifesta\u00e7\u00e3o mais grave de um espectro de defeitos cong\u00eanitos.&nbsp;Gestantes infectadas podem transmitir o v\u00edrus ao feto e essa forma de transmiss\u00e3o da infec\u00e7\u00e3o pode resultar em aborto espont\u00e2neo, \u00f3bito fetal ou malforma\u00e7\u00f5es cong\u00eanitas, como a microcefalia.&nbsp;Deve-se ficar atento para o aparecimento de outros quadros neurol\u00f3gicos, tais como, encefalites, mielites e neurite \u00f3ptica, entre outros.<\/p>\n\n\n\n<h3 class=\"wp-block-heading\">S\u00edndrome Cong\u00eanita do Zika V\u00edrus<\/h3>\n\n\n\n<p>A gestante infectada, sintom\u00e1tica ou assintom\u00e1tica, pode transmitir o v\u00edrus para o feto durante todo o per\u00edodo gestacional, oportunizando a manifesta\u00e7\u00e3o de diversas anomalias cong\u00eanitas &#8211; sobretudo a microcefalia -, altera\u00e7\u00f5es do Sistema Nervoso Central e outras complica\u00e7\u00f5es neurol\u00f3gicas que, em conjunto, constituem a S\u00edndrome Cong\u00eanita do v\u00edrus Zika (SCZ). As crian\u00e7as com SCZ tendem a ter uma ampla gama de defici\u00eancias intelectuais, f\u00edsicas e sensoriais, que duram a vida toda.<\/p>\n\n\n\n<p>No ano de 2015, em decorr\u00eancia do aumento de nascimentos com microcefalia e sua associa\u00e7\u00e3o com a infec\u00e7\u00e3o pelo v\u00edrus Zika, foi declarado no Brasil o estado de Emerg\u00eancia em Sa\u00fade P\u00fablica de Import\u00e2ncia Nacional (ESPIN). Para qualificar a assist\u00eancia as crian\u00e7as durante o per\u00edodo da emerg\u00eancia, foi estabelecida no pa\u00eds a vigil\u00e2ncia da S\u00edndrome Cong\u00eanita do V\u00edrus Zika (SCZ) e de outras etiologias infecciosas como S\u00edfilis, Toxoplasmose, Rub\u00e9ola, Citomegalov\u00edrus e Herpes Simplex (STORCH). Essa vigil\u00e2ncia possui como prop\u00f3sito a identifica\u00e7\u00e3o de complica\u00e7\u00f5es relacionadas \u00e0 infec\u00e7\u00e3o pelo v\u00edrus Zika e outras etiologias no pr\u00e9-natal, parto, p\u00f3s-parto e puericultura nos primeiros anos de vida, bem como fornecer informa\u00e7\u00f5es atualizadas de modo a guiar pol\u00edticas para promo\u00e7\u00e3o do cuidado adequado \u00e0s crian\u00e7as com altera\u00e7\u00f5es no crescimento e no desenvolvimento, independentemente da etiologia.<\/p>\n\n\n\n<h2 class=\"wp-block-heading\">Diagn\u00f3stico<\/h2>\n\n\n\n<p>O diagn\u00f3stico do Zika V\u00edrus \u00e9 cl\u00ednico e feito por um m\u00e9dico. O resultado \u00e9 confirmado por meio de exames laboratoriais de sorologia e biologia molecular. Todos os exames est\u00e3o dispon\u00edveis no Sistema \u00danico de Sa\u00fade (SUS).&nbsp;Os rec\u00e9m-nascidos com suspeita de comprometimento neurol\u00f3gico necessitam de exames de imagem, como ultrassom. Tomografias ou resson\u00e2ncia magn\u00e9tica. Em caso de confirma\u00e7\u00e3o do Zika a notifica\u00e7\u00e3o deve ser ao Minist\u00e9rio da Sa\u00fade em at\u00e9 24 horas.&nbsp;O diagn\u00f3stico laboratorial espec\u00edfico do ZIKV pode ser realizado por m\u00e9todos diretos, que incluem o isolamento viral e a pesquisa de genoma viral por transcri\u00e7\u00e3o reversa seguida por rea\u00e7\u00e3o em cadeia da poli\u00acmerase (RT-PCR) e indiretos, que consistem na identifica\u00e7\u00e3o da presen\u00e7a de anticorpos virais.<\/p>\n\n\n\n<p>Em caso de \u00f3bito suspeito de infec\u00e7\u00e3o pelo ZIKV \u00e9 recomendado o estudo anatomopatol\u00f3gico seguido de pesquisa de ant\u00edgenos virais por imuno-histoqu\u00edmica (IHQ).&nbsp;Em raz\u00e3o da semelhan\u00e7a entre alguns sinais e sintomas da infec\u00e7\u00e3o pelo ZIKV com a dengue e chikungunya, recomenda-se, em caso de a suspeita inicial ser Zika, que a testagem seja iniciada por m\u00e9todos diretos. Amostras de urina podem ser utilizadas para confirmar a infec\u00e7\u00e3o viral at\u00e9 o 15\u00b0 dia do in\u00edcio dos sintomas.<\/p>\n\n\n\n<p><strong>Importante:<\/strong>&nbsp;Em um cen\u00e1rio de cocircula\u00e7\u00e3o de DENV, ZIKV e CHIKV, que pode ser realidade em muitos munic\u00edpios no Brasil, se faz necess\u00e1ria, sempre que poss\u00edvel, a investiga\u00e7\u00e3o por m\u00e9todos diretos para detec\u00e7\u00e3o desses v\u00edrus. Em rela\u00e7\u00e3o ao diagn\u00f3stico sorol\u00f3gico, existe a possibilidade de rea\u00e7\u00e3o cruzada por meio da sorologia IgM entre o ZIKV e o DENV.<\/p>\n\n\n\n<p>Dessa forma, recomenda-se que as amostras sejam testadas em paralelo para as duas doen\u00e7as, tamb\u00e9m com o objetivo de reduzir o n\u00famero de falso-positivos. As amostras negativas para Zika e dengue dever\u00e3o ser testadas posteriormente para chikungunya.<\/p>\n\n\n\n<h2 class=\"wp-block-heading\">Tratamento<\/h2>\n\n\n\n<p><strong>Ainda n\u00e3o existe antiviral dispon\u00edvel para tratamento espec\u00edfico da infec\u00e7\u00e3o pelo v\u00edrus Zika.&nbsp;Para os quadros sintom\u00e1ticos, aplicam-se as principais medidas:<\/strong><\/p>\n\n\n\n<ul class=\"wp-block-list\">\n<li>Repouso relativo, enquanto durar a febre;<\/li>\n\n\n\n<li>Est\u00edmulo \u00e0 ingest\u00e3o de l\u00edquidos;<\/li>\n\n\n\n<li>Administra\u00e7\u00e3o de paracetamol ou dipirona em caso de dor ou febre;<\/li>\n\n\n\n<li>N\u00e3o administra\u00e7\u00e3o de \u00e1cido acetilsalic\u00edlico;<\/li>\n\n\n\n<li>Administra\u00e7\u00e3o de anti-histam\u00ednicos;<\/li>\n\n\n\n<li>Recomenda\u00e7\u00e3o ao paciente para que retorne imediatamente ao servi\u00e7o de sa\u00fade, em casos de sensa\u00e7\u00e3o de formigamento de membros ou altera\u00e7\u00f5es do n\u00edvel de consci\u00eancia (para investiga\u00e7\u00e3o de SGB e de outros quadros neurol\u00f3gicos);<\/li>\n\n\n\n<li>Diante da queixa de altera\u00e7\u00e3o visual, encaminhamento ao oftalmologista para avalia\u00e7\u00e3o e tratamento.<\/li>\n<\/ul>\n\n\n\n<p><strong>Importante:<\/strong>&nbsp;Gestantes com suspeita de Zika devem ser acompanhadas conforme protocolos vigentes para o pr\u00e9-natal, desenvolvidos pelo Minist\u00e9rio da Sa\u00fade do Brasil.<\/p>\n\n\n\n<h2 class=\"wp-block-heading\">Preven\u00e7\u00e3o<\/h2>\n\n\n\n<p>Atualmente, n\u00e3o h\u00e1 vacinas ou terapias espec\u00edficas para o ZIKV vi\u00e1veis dispon\u00edveis. Portanto, o controle do vetor \u00e9 o principal m\u00e9todo para a preven\u00e7\u00e3o e controle de doen\u00e7as transmitidas por mosquitos, como Zika, seja pelo manejo integrado de vetores ou pela preven\u00e7\u00e3o pessoal.&nbsp;Deve-se reduzir a infesta\u00e7\u00e3o de mosquitos por meio da elimina\u00e7\u00e3o de criadouros, sempre que poss\u00edvel, ou manter os reservat\u00f3rios e qualquer local que possa acumular \u00e1gua totalmente cobertos com telas\/capas\/tampas, impedindo o acesso do mosquito Aedes Aegypti.<\/p>\n\n\n\n<p>Medidas de prote\u00e7\u00e3o individual para evitar picadas de mosquitos devem ser adotadas por viajantes e residentes em \u00e1reas de transmiss\u00e3o. A prote\u00e7\u00e3o contra picadas de mosquito \u00e9 necess\u00e1ria principalmente ao longo do dia, pois o Aedes Aegypti pica principalmente durante o dia.\u00a0Recomenda-se as seguintes medidas de prote\u00e7\u00e3o individual:<\/p>\n\n\n\n<ul class=\"wp-block-list\">\n<li>Proteger as \u00e1reas do corpo que o mosquito possa picar, com o uso de cal\u00e7as e camisas de mangas compridas;<\/li>\n\n\n\n<li>Usar repelentes \u00e0 base de DEET (N-N-dietilmetatoluamida), IR3535 ou de Icaridina nas partes expostas do corpo. Tamb\u00e9m pode ser aplicado sobre as roupas. O uso deve seguir as indica\u00e7\u00f5es do fabricante em rela\u00e7\u00e3o \u00e0 faixa et\u00e1ria e \u00e0 frequ\u00eancia de aplica\u00e7\u00e3o. Deve ser observada a exist\u00eancia de registro em \u00f3rg\u00e3o competente. Repelentes de insetos contendo DEET, IR3535 ou Icaridina s\u00e3o seguros para uso durante a gravidez, quando usados de acordo com as instru\u00e7\u00f5es do fabricante. Em crian\u00e7as menores de 2 anos de idade, n\u00e3o \u00e9 recomendado o uso de repelente sem orienta\u00e7\u00e3o m\u00e9dica. Para crian\u00e7as entre 2 e 12 anos, usar concentra\u00e7\u00f5es at\u00e9 10% de DEET, no m\u00e1ximo 3 vezes ao dia;<\/li>\n\n\n\n<li>A utiliza\u00e7\u00e3o de mosquiteiros sobre a cama, uso de telas em portas e janelas e, quando dispon\u00edvel, ar-condicionado.<\/li>\n<\/ul>\n\n\n\n<p>Fonte: Minist\u00e9rio da Sa\u00fade<\/p>\n\n\n\n<p><a class=\"btn btn-primary btn-block\" href=\"https:\/\/indicadores.saude.go.gov.br\/public\/dengue.html\"><span style=\"vertical-align: inherit;\"><span style=\"vertical-align: inherit;\">Painel de monitoramento<\/span><\/span><\/a><\/p>\n","protected":false},"excerpt":{"rendered":"<p>\u00c9 uma arbovirose causada pelo v\u00edrus Zika (ZIKV). Arboviroses s\u00e3o doen\u00e7as causadas por v\u00edrus (arbov\u00edrus) transmitidos por meio da picada de mosquitos, principalmente f\u00eameas. O ZIKV foi isolado pela primeira vez em macacos na floresta Zika de Kampala, Uganda no ano 1947. O primeiro isolamento humano do ZIKV foi relatado na Nig\u00e9ria em 1953. Desde [&hellip;]<\/p>\n","protected":false},"author":693,"featured_media":0,"comment_status":"closed","ping_status":"open","sticky":false,"template":"","format":"standard","meta":{"footnotes":""},"categories":[19],"tags":[],"class_list":["post-40581","post","type-post","status-publish","format-standard","hentry","category-biblioteca_"],"rttpg_featured_image_url":null,"rttpg_author":{"display_name":"elzenubiamoreira","author_link":"https:\/\/goias.gov.br\/saude\/author\/elzenubiamoreira\/"},"rttpg_comment":0,"rttpg_category":"<a href=\"https:\/\/goias.gov.br\/saude\/categoria\/biblioteca_\/\" rel=\"category tag\">Biblioteca<\/a>","rttpg_excerpt":"\u00c9 uma arbovirose causada pelo v\u00edrus Zika (ZIKV). Arboviroses s\u00e3o doen\u00e7as causadas por v\u00edrus (arbov\u00edrus) transmitidos por meio da picada de mosquitos, principalmente f\u00eameas. O ZIKV foi isolado pela primeira vez em macacos na floresta Zika de Kampala, Uganda no ano 1947. O primeiro isolamento humano do ZIKV foi relatado na Nig\u00e9ria em 1953. Desde&hellip;","_links":{"self":[{"href":"https:\/\/goias.gov.br\/saude\/wp-json\/wp\/v2\/posts\/40581","targetHints":{"allow":["GET"]}}],"collection":[{"href":"https:\/\/goias.gov.br\/saude\/wp-json\/wp\/v2\/posts"}],"about":[{"href":"https:\/\/goias.gov.br\/saude\/wp-json\/wp\/v2\/types\/post"}],"author":[{"embeddable":true,"href":"https:\/\/goias.gov.br\/saude\/wp-json\/wp\/v2\/users\/693"}],"replies":[{"embeddable":true,"href":"https:\/\/goias.gov.br\/saude\/wp-json\/wp\/v2\/comments?post=40581"}],"version-history":[{"count":2,"href":"https:\/\/goias.gov.br\/saude\/wp-json\/wp\/v2\/posts\/40581\/revisions"}],"predecessor-version":[{"id":40655,"href":"https:\/\/goias.gov.br\/saude\/wp-json\/wp\/v2\/posts\/40581\/revisions\/40655"}],"wp:attachment":[{"href":"https:\/\/goias.gov.br\/saude\/wp-json\/wp\/v2\/media?parent=40581"}],"wp:term":[{"taxonomy":"category","embeddable":true,"href":"https:\/\/goias.gov.br\/saude\/wp-json\/wp\/v2\/categories?post=40581"},{"taxonomy":"post_tag","embeddable":true,"href":"https:\/\/goias.gov.br\/saude\/wp-json\/wp\/v2\/tags?post=40581"}],"curies":[{"name":"wp","href":"https:\/\/api.w.org\/{rel}","templated":true}]}}