

{"id":40404,"date":"2024-01-19T14:46:00","date_gmt":"2024-01-19T17:46:00","guid":{"rendered":"https:\/\/siteshom.goias.gov.br\/saude\/?p=40404"},"modified":"2024-01-22T18:37:15","modified_gmt":"2024-01-22T21:37:15","slug":"roda-de-conversa-no-hel-discute-saude-mental","status":"publish","type":"post","link":"https:\/\/goias.gov.br\/saude\/roda-de-conversa-no-hel-discute-saude-mental\/","title":{"rendered":"Roda de conversa no HEL discute sa\u00fade mental"},"content":{"rendered":"\n<p class=\"has-text-align-center\"><strong>Unidade realiza de 15 a 19 a Semana do Janeiro Branco, refor\u00e7ando a import\u00e2ncia da sa\u00fade mental para o bem-estar e qualidade de vida no ambiente de trabalho<\/strong><\/p>\n\n\n<div class=\"wp-block-image\">\n<figure class=\"aligncenter size-large\"><img fetchpriority=\"high\" decoding=\"async\" width=\"1024\" height=\"461\" src=\"https:\/\/goias.gov.br\/saude\/wp-content\/uploads\/sites\/34\/2024\/01\/1901-saude-mental-hel-1024x461.jpeg\" alt=\"\" class=\"wp-image-40405\" srcset=\"https:\/\/goias.gov.br\/saude\/wp-content\/uploads\/sites\/34\/2024\/01\/1901-saude-mental-hel-1024x461.jpeg 1024w, https:\/\/goias.gov.br\/saude\/wp-content\/uploads\/sites\/34\/2024\/01\/1901-saude-mental-hel-300x135.jpeg 300w, https:\/\/goias.gov.br\/saude\/wp-content\/uploads\/sites\/34\/2024\/01\/1901-saude-mental-hel-768x346.jpeg 768w, https:\/\/goias.gov.br\/saude\/wp-content\/uploads\/sites\/34\/2024\/01\/1901-saude-mental-hel-1536x691.jpeg 1536w, https:\/\/goias.gov.br\/saude\/wp-content\/uploads\/sites\/34\/2024\/01\/1901-saude-mental-hel.jpeg 1600w\" sizes=\"(max-width: 1024px) 100vw, 1024px\" \/><figcaption class=\"wp-element-caption\"><em>Colaboradores HEL participam de roda de conversa sobre sa\u00fade mental<\/em><\/figcaption><\/figure>\n<\/div>\n\n\n<p>O Hospital Estadual de Luzi\u00e2nia (HEL), unidade do Governo de Goi\u00e1s, por meio da Secretaria de Estado da Sa\u00fade de Goi\u00e1s (SES-GO), realiza de 15 a 19, a Semana Janeiro Branco, com atividades direcionadas aos profissionais, refor\u00e7ando que o cuidador tamb\u00e9m precisa de cuidados e destacando a import\u00e2ncia da sa\u00fade mental para o bem-estar e qualidade de vida no ambiente de trabalho.<\/p>\n\n\n\n<p>O setor de psicologia do HEL conduziu uma roda de conversa sobre sa\u00fade mental. A atividade destacou que o Janeiro Branco tem o objetivo de falar abertamente e de forma pedag\u00f3gica sobre os cuidados preventivos com a sa\u00fade mental, evitando que casos de pessoas que estejam em enfrentamento ou sofrimento, entrem em quadros mais graves como o estresse, ansiedade ou a depress\u00e3o.<\/p>\n\n\n\n<p>A psic\u00f3loga organizacional do setor de Educa\u00e7\u00e3o Permanente do HEL, Jaqueline Gon\u00e7alves, explica que a campanha tamb\u00e9m busca promover formas saud\u00e1veis de cuidados com a sa\u00fade mental por meio de a\u00e7\u00f5es realizadas por profissionais da \u00e1rea de sa\u00fade.<\/p>\n\n\n\n<p>Jaqueline destaca que o Hospital de Luzi\u00e2nia conta com uma gest\u00e3o humanizada e mais pr\u00f3xima de seus colaboradores, entendendo que esse \u00e9 um fator importante e estrat\u00e9gico na promo\u00e7\u00e3o da sa\u00fade mental. \u201cTemos convic\u00e7\u00e3o da import\u00e2ncia e do potencial em promover um bom ambiente de trabalho, construindo e mantendo uma cultura de sa\u00fade psicol\u00f3gica s\u00f3lida e segura\u201d, afirmou.<br>&nbsp;&nbsp;<br>Julianna Adornelas (texto e foto)\/Instituto Patris<\/p>\n","protected":false},"excerpt":{"rendered":"<p>Unidade realiza de 15 a 19 a Semana do Janeiro Branco, refor\u00e7ando a import\u00e2ncia da sa\u00fade mental para o bem-estar e qualidade de vida no ambiente de trabalho O Hospital Estadual de Luzi\u00e2nia (HEL), unidade do Governo de Goi\u00e1s, por meio da Secretaria de Estado da Sa\u00fade de Goi\u00e1s (SES-GO), realiza de 15 a 19, [&hellip;]<\/p>\n","protected":false},"author":698,"featured_media":40405,"comment_status":"closed","ping_status":"open","sticky":false,"template":"","format":"standard","meta":{"footnotes":""},"categories":[3],"tags":[243],"class_list":["post-40404","post","type-post","status-publish","format-standard","has-post-thumbnail","hentry","category-noticias","tag-hospitais-estaduais"],"rttpg_featured_image_url":{"full":["https:\/\/goias.gov.br\/saude\/wp-content\/uploads\/sites\/34\/2024\/01\/1901-saude-mental-hel.jpeg",1600,720,false],"landscape":["https:\/\/goias.gov.br\/saude\/wp-content\/uploads\/sites\/34\/2024\/01\/1901-saude-mental-hel.jpeg",1600,720,false],"portraits":["https:\/\/goias.gov.br\/saude\/wp-content\/uploads\/sites\/34\/2024\/01\/1901-saude-mental-hel.jpeg",1600,720,false],"thumbnail":["https:\/\/goias.gov.br\/saude\/wp-content\/uploads\/sites\/34\/2024\/01\/1901-saude-mental-hel-150x150.jpeg",150,150,true],"medium":["https:\/\/goias.gov.br\/saude\/wp-content\/uploads\/sites\/34\/2024\/01\/1901-saude-mental-hel-300x135.jpeg",300,135,true],"large":["https:\/\/goias.gov.br\/saude\/wp-content\/uploads\/sites\/34\/2024\/01\/1901-saude-mental-hel-1024x461.jpeg",1024,461,true],"1536x1536":["https:\/\/goias.gov.br\/saude\/wp-content\/uploads\/sites\/34\/2024\/01\/1901-saude-mental-hel-1536x691.jpeg",1536,691,true],"2048x2048":["https:\/\/goias.gov.br\/saude\/wp-content\/uploads\/sites\/34\/2024\/01\/1901-saude-mental-hel.jpeg",1600,720,false]},"rttpg_author":{"display_name":"leidianesilva","author_link":"https:\/\/goias.gov.br\/saude\/author\/leidianesilva\/"},"rttpg_comment":0,"rttpg_category":"<a href=\"https:\/\/goias.gov.br\/saude\/categoria\/noticias\/\" rel=\"category tag\">Not\u00edcias<\/a>","rttpg_excerpt":"Unidade realiza de 15 a 19 a Semana do Janeiro Branco, refor\u00e7ando a import\u00e2ncia da sa\u00fade mental para o bem-estar e qualidade de vida no ambiente de trabalho O Hospital Estadual de Luzi\u00e2nia (HEL), unidade do Governo de Goi\u00e1s, por meio da Secretaria de Estado da Sa\u00fade de Goi\u00e1s (SES-GO), realiza de 15 a 19,&hellip;","_links":{"self":[{"href":"https:\/\/goias.gov.br\/saude\/wp-json\/wp\/v2\/posts\/40404","targetHints":{"allow":["GET"]}}],"collection":[{"href":"https:\/\/goias.gov.br\/saude\/wp-json\/wp\/v2\/posts"}],"about":[{"href":"https:\/\/goias.gov.br\/saude\/wp-json\/wp\/v2\/types\/post"}],"author":[{"embeddable":true,"href":"https:\/\/goias.gov.br\/saude\/wp-json\/wp\/v2\/users\/698"}],"replies":[{"embeddable":true,"href":"https:\/\/goias.gov.br\/saude\/wp-json\/wp\/v2\/comments?post=40404"}],"version-history":[{"count":1,"href":"https:\/\/goias.gov.br\/saude\/wp-json\/wp\/v2\/posts\/40404\/revisions"}],"predecessor-version":[{"id":40406,"href":"https:\/\/goias.gov.br\/saude\/wp-json\/wp\/v2\/posts\/40404\/revisions\/40406"}],"wp:featuredmedia":[{"embeddable":true,"href":"https:\/\/goias.gov.br\/saude\/wp-json\/wp\/v2\/media\/40405"}],"wp:attachment":[{"href":"https:\/\/goias.gov.br\/saude\/wp-json\/wp\/v2\/media?parent=40404"}],"wp:term":[{"taxonomy":"category","embeddable":true,"href":"https:\/\/goias.gov.br\/saude\/wp-json\/wp\/v2\/categories?post=40404"},{"taxonomy":"post_tag","embeddable":true,"href":"https:\/\/goias.gov.br\/saude\/wp-json\/wp\/v2\/tags?post=40404"}],"curies":[{"name":"wp","href":"https:\/\/api.w.org\/{rel}","templated":true}]}}