

{"id":39497,"date":"2024-01-08T14:20:25","date_gmt":"2024-01-08T17:20:25","guid":{"rendered":"https:\/\/siteshom.goias.gov.br\/saude\/?p=39497"},"modified":"2024-09-11T09:58:31","modified_gmt":"2024-09-11T12:58:31","slug":"governo-de-goias-promove-acoes-para-minimizar-riscos-de-exposicao-a-agrotoxicos","status":"publish","type":"post","link":"https:\/\/goias.gov.br\/saude\/governo-de-goias-promove-acoes-para-minimizar-riscos-de-exposicao-a-agrotoxicos\/","title":{"rendered":"Governo de Goi\u00e1s promove a\u00e7\u00f5es para minimizar riscos de exposi\u00e7\u00e3o a agrot\u00f3xicos"},"content":{"rendered":"\n<p class=\"has-text-align-center\"><strong>Sa\u00fade estadual implanta programa federal em munic\u00edpios, capacita profissionais, cria F\u00f3rum de Sa\u00fade do Trabalhador Rural e realiza semin\u00e1rio para debater o uso de defensivos agr\u00edcolas<\/strong><\/p>\n\n\n\n<!--more-->\n\n\n<div class=\"wp-block-image\">\n<figure class=\"aligncenter size-full\"><img fetchpriority=\"high\" decoding=\"async\" width=\"974\" height=\"559\" src=\"https:\/\/goias.gov.br\/saude\/wp-content\/uploads\/sites\/34\/2024\/01\/0801-agrotoxicos.jpeg\" alt=\"\" class=\"wp-image-39498\" srcset=\"https:\/\/goias.gov.br\/saude\/wp-content\/uploads\/sites\/34\/2024\/01\/0801-agrotoxicos.jpeg 974w, https:\/\/goias.gov.br\/saude\/wp-content\/uploads\/sites\/34\/2024\/01\/0801-agrotoxicos-300x172.jpeg 300w, https:\/\/goias.gov.br\/saude\/wp-content\/uploads\/sites\/34\/2024\/01\/0801-agrotoxicos-768x441.jpeg 768w\" sizes=\"(max-width: 974px) 100vw, 974px\" \/><figcaption class=\"wp-element-caption\"><em>Uso de agrot\u00f3xicos preocupa sa\u00fade estadual, que promove a\u00e7\u00f5es para reduzir riscos dos produtos aos trabalhadores rurais<\/em><\/figcaption><\/figure>\n<\/div>\n\n\n<p>Com Goi\u00e1s na terceira posi\u00e7\u00e3o de maior consumidor de agrot\u00f3xicos no Brasil \u2013 que, por sua vez, lidera esse ranking no mundo \u2013, s\u00e3o preocupantes as consequ\u00eancias do uso desses produtos na sa\u00fade p\u00fablica. Este ano o Estado registrou 480 casos de intoxica\u00e7\u00e3o por agrot\u00f3xicos, que tamb\u00e9m impactam o meio ambiente e est\u00e3o relacionados a problemas de sa\u00fade, como o c\u00e2ncer.&nbsp;<\/p>\n\n\n\n<p>Os dados foram apresentados no 2\u00ba Semin\u00e1rio Agrot\u00f3xicos e Sa\u00fade, realizado pela Superintend\u00eancia de Vigil\u00e2ncia em Sa\u00fade da Secretaria de Estado da Sa\u00fade de Goi\u00e1s (Suvisa\/SES). O evento \u00e9 alusivo ao Dia Internacional de Luta contra os Agrot\u00f3xicos (3\/12), institu\u00eddo ap\u00f3s o vazamento em f\u00e1brica de agrot\u00f3xicos na \u00cdndia, em 1984, que matou cerca de 25 mil pessoas.&nbsp;<\/p>\n\n\n\n<p>\u201cNos seis \u00faltimos anos houve uma entrada massiva de agrot\u00f3xicos, inclusive alguns proibidos em outros pa\u00edses. E, com certeza, trazem impactos para o solo, \u00e1gua, ar e alimentos que n\u00f3s ingerimos\u201d, afirmou a gerente de Vigil\u00e2ncia Ambiental e Sa\u00fade do Trabalhador da SES, Edna Covem. Ela lembrou ainda dos impactos no SUS. \u201cAs consequ\u00eancias do uso indiscriminado v\u00e3o chegar nas unidades de sa\u00fade, na reabilita\u00e7\u00e3o e na recupera\u00e7\u00e3o das pessoas que est\u00e3o contraindo doen\u00e7as graves e cr\u00f4nicas.\u201d&nbsp;<\/p>\n\n\n\n<p>O evento ainda abordou a manipula\u00e7\u00e3o incorreta do produto, o n\u00e3o uso de Equipamentos de Prote\u00e7\u00e3o Individual (EPIs) adequados entre os agricultores e como o descarte indevido das embalagens eleva o risco.&nbsp;<\/p>\n\n\n\n<p><strong>Impacto<\/strong><br>Pesquisa da Universidade Federal de Goi\u00e1s (UFG), apresentada no semin\u00e1rio, mostrou os impactos dos agrot\u00f3xicos para a sa\u00fade de trabalhadores rurais, que desenvolveram c\u00e2ncer ap\u00f3s exposi\u00e7\u00e3o a esses produtos. A pesquisa faz o acompanhamento do tratamento dessas pessoas no Hospital Ara\u00fajo Jorge, em Goi\u00e2nia.&nbsp;<\/p>\n\n\n\n<p>Ao todo, foram avaliados os prontu\u00e1rios m\u00e9dicos de 1.453 pacientes entre os anos de 2010 e 2021. \u201cA maioria desses trabalhadores chega no servi\u00e7o de sa\u00fade j\u00e1 muito doentes\u201d, afirmou a coordenadora do Programa de P\u00f3s-Gradua\u00e7\u00e3o em Ci\u00eancias Ambientais da UFG, Daniela de Melo e Silva. \u201cDe 85% a 90% dessas pessoas (acompanhadas no projeto) foram a \u00f3bito\u201d, acrescentou.<\/p>\n\n\n\n<p>Para mitigar esses riscos, a Secretaria de Estado da Sa\u00fade de Goi\u00e1s (SES) est\u00e1 implantando a Vigil\u00e2ncia em Sa\u00fade de Popula\u00e7\u00f5es Expostas a Agrot\u00f3xicos no Estado, programa do Minist\u00e9rio da Sa\u00fade. J\u00e1 foram elencados 47 munic\u00edpios priorit\u00e1rios, que est\u00e3o em processo de ades\u00e3o volunt\u00e1ria ao projeto.&nbsp;<\/p>\n\n\n\n<p>A pasta tamb\u00e9m atua com capacita\u00e7\u00f5es de profissionais de sa\u00fade para a efetiva vigil\u00e2ncia do problema. Foi criado tamb\u00e9m o F\u00f3rum de Sa\u00fade do Trabalhador Rural, que tem a exposi\u00e7\u00e3o aos agrot\u00f3xicos como uma das linhas de atua\u00e7\u00e3o, e conta ainda com o Programa de Vigil\u00e2ncia em Sa\u00fade de Popula\u00e7\u00f5es Expostas a Contaminantes Qu\u00edmicos (Vigipeg).&nbsp;<\/p>\n\n\n\n<p>Foto: FreePik<br><strong>Secretaria de Estado da Sa\u00fade \u2013 Governo de Goi\u00e1s<\/strong><\/p>\n","protected":false},"excerpt":{"rendered":"<p>Sa\u00fade estadual implanta programa federal em munic\u00edpios, capacita profissionais, cria F\u00f3rum de Sa\u00fade do Trabalhador Rural e realiza semin\u00e1rio para debater o uso de defensivos agr\u00edcolas<\/p>\n","protected":false},"author":693,"featured_media":39498,"comment_status":"closed","ping_status":"open","sticky":false,"template":"","format":"standard","meta":{"footnotes":""},"categories":[3],"tags":[248],"class_list":["post-39497","post","type-post","status-publish","format-standard","has-post-thumbnail","hentry","category-noticias","tag-vigilancia-em-saude"],"rttpg_featured_image_url":{"full":["https:\/\/goias.gov.br\/saude\/wp-content\/uploads\/sites\/34\/2024\/01\/0801-agrotoxicos.jpeg",974,559,false],"landscape":["https:\/\/goias.gov.br\/saude\/wp-content\/uploads\/sites\/34\/2024\/01\/0801-agrotoxicos.jpeg",974,559,false],"portraits":["https:\/\/goias.gov.br\/saude\/wp-content\/uploads\/sites\/34\/2024\/01\/0801-agrotoxicos.jpeg",974,559,false],"thumbnail":["https:\/\/goias.gov.br\/saude\/wp-content\/uploads\/sites\/34\/2024\/01\/0801-agrotoxicos-150x150.jpeg",150,150,true],"medium":["https:\/\/goias.gov.br\/saude\/wp-content\/uploads\/sites\/34\/2024\/01\/0801-agrotoxicos-300x172.jpeg",300,172,true],"large":["https:\/\/goias.gov.br\/saude\/wp-content\/uploads\/sites\/34\/2024\/01\/0801-agrotoxicos.jpeg",974,559,false],"1536x1536":["https:\/\/goias.gov.br\/saude\/wp-content\/uploads\/sites\/34\/2024\/01\/0801-agrotoxicos.jpeg",974,559,false],"2048x2048":["https:\/\/goias.gov.br\/saude\/wp-content\/uploads\/sites\/34\/2024\/01\/0801-agrotoxicos.jpeg",974,559,false]},"rttpg_author":{"display_name":"elzenubiamoreira","author_link":"https:\/\/goias.gov.br\/saude\/author\/elzenubiamoreira\/"},"rttpg_comment":0,"rttpg_category":"<a href=\"https:\/\/goias.gov.br\/saude\/categoria\/noticias\/\" rel=\"category tag\">Not\u00edcias<\/a>","rttpg_excerpt":"Sa\u00fade estadual implanta programa federal em munic\u00edpios, capacita profissionais, cria F\u00f3rum de Sa\u00fade do Trabalhador Rural e realiza semin\u00e1rio para debater o uso de defensivos agr\u00edcolas","_links":{"self":[{"href":"https:\/\/goias.gov.br\/saude\/wp-json\/wp\/v2\/posts\/39497","targetHints":{"allow":["GET"]}}],"collection":[{"href":"https:\/\/goias.gov.br\/saude\/wp-json\/wp\/v2\/posts"}],"about":[{"href":"https:\/\/goias.gov.br\/saude\/wp-json\/wp\/v2\/types\/post"}],"author":[{"embeddable":true,"href":"https:\/\/goias.gov.br\/saude\/wp-json\/wp\/v2\/users\/693"}],"replies":[{"embeddable":true,"href":"https:\/\/goias.gov.br\/saude\/wp-json\/wp\/v2\/comments?post=39497"}],"version-history":[{"count":2,"href":"https:\/\/goias.gov.br\/saude\/wp-json\/wp\/v2\/posts\/39497\/revisions"}],"predecessor-version":[{"id":113380,"href":"https:\/\/goias.gov.br\/saude\/wp-json\/wp\/v2\/posts\/39497\/revisions\/113380"}],"wp:featuredmedia":[{"embeddable":true,"href":"https:\/\/goias.gov.br\/saude\/wp-json\/wp\/v2\/media\/39498"}],"wp:attachment":[{"href":"https:\/\/goias.gov.br\/saude\/wp-json\/wp\/v2\/media?parent=39497"}],"wp:term":[{"taxonomy":"category","embeddable":true,"href":"https:\/\/goias.gov.br\/saude\/wp-json\/wp\/v2\/categories?post=39497"},{"taxonomy":"post_tag","embeddable":true,"href":"https:\/\/goias.gov.br\/saude\/wp-json\/wp\/v2\/tags?post=39497"}],"curies":[{"name":"wp","href":"https:\/\/api.w.org\/{rel}","templated":true}]}}