

{"id":38904,"date":"2023-12-14T10:46:00","date_gmt":"2023-12-14T13:46:00","guid":{"rendered":"https:\/\/siteshom.goias.gov.br\/saude\/?p=38904"},"modified":"2023-12-19T17:19:52","modified_gmt":"2023-12-19T20:19:52","slug":"hugo-presta-atendimento-humanizado-no-ambulatorio","status":"publish","type":"post","link":"https:\/\/goias.gov.br\/saude\/hugo-presta-atendimento-humanizado-no-ambulatorio\/","title":{"rendered":"Hugo presta atendimento humanizado no ambulat\u00f3rio"},"content":{"rendered":"\n<p><strong>Pacientes que aguardam por cirurgias eletivas na unidade de sa\u00fade do Governo de Goi\u00e1s recebem aten\u00e7\u00e3o preliminar e de forma individualizada para reduzir dificuldades e viabilizar o processo<\/strong><\/p>\n\n\n\n<p>O Hospital de Urg\u00eancias de Goi\u00e1s Dr. Valdemiro Cruz (Hugo) tem um servi\u00e7o de aten\u00e7\u00e3o especializada para pacientes que necessitam de preparo para cirurgias eletivas com foco principal na humaniza\u00e7\u00e3o. O atendimento \u00e9 acompanhado pela dire\u00e7\u00e3o t\u00e9cnica e ger\u00eancia multiprofissional visando reduzir a espera por cirurgias eletivas.<\/p>\n\n\n\n<p>Segundo o diretor t\u00e9cnico, Roberto Zonta, o cuidado com pacientes que aguardam cirurgias deve ser constante e feito de forma individualizada. \u201cA espera por uma cirurgia eletiva \u00e9 dif\u00edcil para pacientes, familiares e n\u00e3o pode ficar longe do efeito terap\u00eautico que se busca para essas pessoas. Por isso, damos uma aten\u00e7\u00e3o diferenciada visando acolher e confortar\u201d, explica.<\/p>\n\n\n\n<p>O trabalhador rural Adeilson Pereira dos Santos, morador de Indiara, foi recebido na quarta-feira (13\/12) no Hugo para uma consulta com especialistas em coluna e quadril para acelerar o processo de sua cirurgia. Ele come\u00e7ou a sentir dores e formigamento nas pernas em 2019 e, desde ent\u00e3o, o quadro se intensificou a ponto de precisar fazer uso de analg\u00e9sicos fortes como morfina diariamente para estabilizar o quadro. \u201cAgora estou recebendo a ajuda de anjos que est\u00e3o me socorrendo e tenho f\u00e9 em Deus que, em breve, vou conseguir a cirurgia e voltar a trabalhar\u201d, comentou.<\/p>\n\n\n\n<p>O assessor especial para assuntos institucionais da Secretaria de Estado da Sa\u00fade de Goi\u00e1s (SES-GO), Fernando Jesus, acompanhou Adeilson e lembrou haver uma preocupa\u00e7\u00e3o da pasta com quadros que necessitam de acompanhamento diferenciado. \u201cO Governo de Goi\u00e1s levou a regionaliza\u00e7\u00e3o da sa\u00fade para todos os quadrantes do Estado, mas ainda temos muitos casos de assist\u00eancia especializada que precisa ser feita na capital, e assim cuidamos com carinho de cada cidad\u00e3o que necessita da nossa aten\u00e7\u00e3o\u201d, afirma.<\/p>\n\n\n\n<p>H\u00e9lmiton Prateado\/Instituto CEM (texto e fotos)<\/p>\n","protected":false},"excerpt":{"rendered":"<p>Pacientes que aguardam por cirurgias eletivas na unidade de sa\u00fade do Governo de Goi\u00e1s recebem aten\u00e7\u00e3o preliminar e de forma individualizada para reduzir dificuldades e viabilizar o processo<\/p>\n","protected":false},"author":698,"featured_media":38905,"comment_status":"closed","ping_status":"open","sticky":false,"template":"","format":"standard","meta":{"footnotes":""},"categories":[3],"tags":[243],"class_list":["post-38904","post","type-post","status-publish","format-standard","has-post-thumbnail","hentry","category-noticias","tag-hospitais-estaduais"],"rttpg_featured_image_url":{"full":["https:\/\/goias.gov.br\/saude\/wp-content\/uploads\/sites\/34\/2023\/12\/1412-atendimentohugo-2.jpeg",1000,750,false],"landscape":["https:\/\/goias.gov.br\/saude\/wp-content\/uploads\/sites\/34\/2023\/12\/1412-atendimentohugo-2.jpeg",1000,750,false],"portraits":["https:\/\/goias.gov.br\/saude\/wp-content\/uploads\/sites\/34\/2023\/12\/1412-atendimentohugo-2.jpeg",1000,750,false],"thumbnail":["https:\/\/goias.gov.br\/saude\/wp-content\/uploads\/sites\/34\/2023\/12\/1412-atendimentohugo-2-150x150.jpeg",150,150,true],"medium":["https:\/\/goias.gov.br\/saude\/wp-content\/uploads\/sites\/34\/2023\/12\/1412-atendimentohugo-2-300x225.jpeg",300,225,true],"large":["https:\/\/goias.gov.br\/saude\/wp-content\/uploads\/sites\/34\/2023\/12\/1412-atendimentohugo-2.jpeg",1000,750,false],"1536x1536":["https:\/\/goias.gov.br\/saude\/wp-content\/uploads\/sites\/34\/2023\/12\/1412-atendimentohugo-2.jpeg",1000,750,false],"2048x2048":["https:\/\/goias.gov.br\/saude\/wp-content\/uploads\/sites\/34\/2023\/12\/1412-atendimentohugo-2.jpeg",1000,750,false]},"rttpg_author":{"display_name":"leidianesilva","author_link":"https:\/\/goias.gov.br\/saude\/author\/leidianesilva\/"},"rttpg_comment":0,"rttpg_category":"<a href=\"https:\/\/goias.gov.br\/saude\/categoria\/noticias\/\" rel=\"category tag\">Not\u00edcias<\/a>","rttpg_excerpt":"Pacientes que aguardam por cirurgias eletivas na unidade de sa\u00fade do Governo de Goi\u00e1s recebem aten\u00e7\u00e3o preliminar e de forma individualizada para reduzir dificuldades e viabilizar o processo","_links":{"self":[{"href":"https:\/\/goias.gov.br\/saude\/wp-json\/wp\/v2\/posts\/38904","targetHints":{"allow":["GET"]}}],"collection":[{"href":"https:\/\/goias.gov.br\/saude\/wp-json\/wp\/v2\/posts"}],"about":[{"href":"https:\/\/goias.gov.br\/saude\/wp-json\/wp\/v2\/types\/post"}],"author":[{"embeddable":true,"href":"https:\/\/goias.gov.br\/saude\/wp-json\/wp\/v2\/users\/698"}],"replies":[{"embeddable":true,"href":"https:\/\/goias.gov.br\/saude\/wp-json\/wp\/v2\/comments?post=38904"}],"version-history":[{"count":1,"href":"https:\/\/goias.gov.br\/saude\/wp-json\/wp\/v2\/posts\/38904\/revisions"}],"predecessor-version":[{"id":38906,"href":"https:\/\/goias.gov.br\/saude\/wp-json\/wp\/v2\/posts\/38904\/revisions\/38906"}],"wp:featuredmedia":[{"embeddable":true,"href":"https:\/\/goias.gov.br\/saude\/wp-json\/wp\/v2\/media\/38905"}],"wp:attachment":[{"href":"https:\/\/goias.gov.br\/saude\/wp-json\/wp\/v2\/media?parent=38904"}],"wp:term":[{"taxonomy":"category","embeddable":true,"href":"https:\/\/goias.gov.br\/saude\/wp-json\/wp\/v2\/categories?post=38904"},{"taxonomy":"post_tag","embeddable":true,"href":"https:\/\/goias.gov.br\/saude\/wp-json\/wp\/v2\/tags?post=38904"}],"curies":[{"name":"wp","href":"https:\/\/api.w.org\/{rel}","templated":true}]}}