

{"id":387,"date":"2019-07-04T10:43:21","date_gmt":"2019-07-04T13:43:21","guid":{"rendered":"https:\/\/siteshom.goias.gov.br\/saude\/escola-de-saude-lanca-curso-para-conselheiros\/"},"modified":"2024-12-10T10:39:30","modified_gmt":"2024-12-10T13:39:30","slug":"escola-lanca-curso-para-conselheiros","status":"publish","type":"post","link":"https:\/\/goias.gov.br\/saude\/escola-lanca-curso-para-conselheiros\/","title":{"rendered":"Escola de Sa\u00fade lan\u00e7a curso para conselheiros"},"content":{"rendered":"<p><em>Iniciativa, que foi anunciada durante a s\u00e9tima reuni\u00e3o ordin\u00e1ria do Conselho Estadual de Sa\u00fade de Goi\u00e1s, ter\u00e1 60 horas e atender\u00e1 cerca de 3 mil pessoas<\/em><\/p>\n<p>Cumprindo a agenda de participa\u00e7\u00e3o da gest\u00e3o da Secretaria de Estado da Sa\u00fade de Goi\u00e1s (SES-GO) no controle social, a superintendente da Escola de Sa\u00fade de Goi\u00e1s, Luciana Vieira, anunciou o lan\u00e7amento do Curso de Capacita\u00e7\u00e3o dos Conselheiros de Sa\u00fade, durante a 7\u00aa Reuni\u00e3o Ordin\u00e1ria do Conselho Estadual de Sa\u00fade de Goi\u00e1s (CES-GO), realizada nesta semana em Goi\u00e2nia.<\/p>\n<p>O curso, com inicio em agosto, ser\u00e1 ofertado em todas as 18 Regionais de Sa\u00fade, atendendo cerca de 3 mil conselheiros estaduais e municipais, e ser\u00e1 realizado de forma presencial, com 60 horas de dura\u00e7\u00e3o. \u201cEsse \u00e9 o pontap\u00e9 inicial para a forma\u00e7\u00e3o dos conselheiros de sa\u00fade. As aulas possibilitar\u00e3o que os membros do controle social em Goi\u00e1s ampliem o conhecimento te\u00f3rico sobre sa\u00fade\u201d, anunciou a superintendente.<\/p>\n<p>Luciana contou que o curso surgiu da demanda dos conselheiros para uma educa\u00e7\u00e3o permanente. Segundo ela, essa \u00e9 a primeiro de muitas outras capacita\u00e7\u00f5es voltadas para os profissionais de sa\u00fade em Goi\u00e1s. \u201cVamos iniciar a capacita\u00e7\u00e3o com esse curso b\u00e1sico e temos uma programa\u00e7\u00e3o de atividades similares a cada dois anos, podendo avan\u00e7ar para programas mais densos e com carga hor\u00e1ria maior\u201d, lembrou. Os cursos ser\u00e3o oferecidos conforme a disponibilidade dos conselheiros em cada regi\u00e3o, de modo a facilitar o acesso e a ades\u00e3o.<\/p>\n<p>Para o presidente do CES-GO, Venerando Lemes, a iniciativa \u00e9 um avan\u00e7o para os membros do controle social do Sistema \u00danico de Sa\u00fade (SUS), visto que permitir\u00e1 conhecimento te\u00f3rico para uma participa\u00e7\u00e3o ainda mais colaborativa dentro do conselho, fundamental para debater as pol\u00edticas de sa\u00fade implantadas em nosso Estado. \u201cA educa\u00e7\u00e3o permanente para os conselheiros vai permitir a amplia\u00e7\u00e3o das discuss\u00f5es em nossas reuni\u00f5es e, consequentemente, tornar as nossas decis\u00f5es ainda mais colaborativas\u201d, comemorou.<\/p>\n<p>Venerando Lemes aproveitou a oportunidade para conclamar os conselheiros presentes na reuni\u00e3o para a efetiva ades\u00e3o \u00e0s aulas, visto que \u00e9 uma oportunidade para o aperfei\u00e7oamento e treinamento te\u00f3rico aos membros. \u201cPrecisamos chegar at\u00e9 os munic\u00edpios mais distantes de Goi\u00e2nia e apoiar aqueles conselheiros municipais para a participa\u00e7\u00e3o\u201d, enfatizou.<\/p>\n<p><strong>Inscri\u00e7\u00f5es<\/strong><\/p>\n<p>A capacita\u00e7\u00e3o dos Conselheiros de Sa\u00fade recebe inscri\u00e7\u00f5es at\u00e9 o dia 20 de Julho<strong> (<a href=\"\/saude\/wp-content\/uploads\/sites\/34\/images\/imagens_migradas\/2019\/07\/edital-curso-de-capacitacao-de-conselheiros.pdf\">clique aqui para ver o edital do Curso de Capacita\u00e7\u00e3o dos Conselheiros de Sa\u00fade<\/a>). <\/strong>A grade \u00e9 dividida em seis m\u00f3dulos, tratando do Sistema \u00danico de Sa\u00fade, Hist\u00f3ria das Pol\u00edticas de Sa\u00fade, Democracia e Participa\u00e7\u00e3o Popular, Educa\u00e7\u00e3o Permanente para o Controle Social no SUS, Para Entender o Controle Social na Sa\u00fade, Planejamento em Sa\u00fade e o Financiamento em Sa\u00fade. As 60 horas de aulas ser\u00e3o dividas conforme a disponibilidade dos conselheiros em cada regi\u00e3o e ser\u00e3o oferecidas aos finais de semana.<\/p>\n<p><em>Felipe Cordeiro (texto) e Erus Jhenner (fotos), da Comunica\u00e7\u00e3o Setorial<\/em><\/p>\n","protected":false},"excerpt":{"rendered":"<p>Iniciativa, que foi anunciada durante a s\u00e9tima reuni\u00e3o ordin\u00e1ria do Conselho Estadual de Sa\u00fade de Goi\u00e1s, ter\u00e1 60 horas e atender\u00e1 cerca de 3 mil pessoas Cumprindo a agenda de participa\u00e7\u00e3o da gest\u00e3o da Secretaria de Estado da Sa\u00fade de Goi\u00e1s (SES-GO) no controle social, a superintendente da Escola de Sa\u00fade de Goi\u00e1s, Luciana Vieira, [&hellip;]<\/p>\n","protected":false},"author":46,"featured_media":0,"comment_status":"closed","ping_status":"open","sticky":false,"template":"","format":"standard","meta":{"footnotes":""},"categories":[3],"tags":[],"class_list":["post-387","post","type-post","status-publish","format-standard","hentry","category-noticias"],"rttpg_featured_image_url":null,"rttpg_author":{"display_name":"cleybetsls","author_link":"https:\/\/goias.gov.br\/saude\/author\/cleybetsls\/"},"rttpg_comment":0,"rttpg_category":"<a href=\"https:\/\/goias.gov.br\/saude\/categoria\/noticias\/\" rel=\"category tag\">Not\u00edcias<\/a>","rttpg_excerpt":"Iniciativa, que foi anunciada durante a s\u00e9tima reuni\u00e3o ordin\u00e1ria do Conselho Estadual de Sa\u00fade de Goi\u00e1s, ter\u00e1 60 horas e atender\u00e1 cerca de 3 mil pessoas Cumprindo a agenda de participa\u00e7\u00e3o da gest\u00e3o da Secretaria de Estado da Sa\u00fade de Goi\u00e1s (SES-GO) no controle social, a superintendente da Escola de Sa\u00fade de Goi\u00e1s, Luciana Vieira,&hellip;","_links":{"self":[{"href":"https:\/\/goias.gov.br\/saude\/wp-json\/wp\/v2\/posts\/387","targetHints":{"allow":["GET"]}}],"collection":[{"href":"https:\/\/goias.gov.br\/saude\/wp-json\/wp\/v2\/posts"}],"about":[{"href":"https:\/\/goias.gov.br\/saude\/wp-json\/wp\/v2\/types\/post"}],"author":[{"embeddable":true,"href":"https:\/\/goias.gov.br\/saude\/wp-json\/wp\/v2\/users\/46"}],"replies":[{"embeddable":true,"href":"https:\/\/goias.gov.br\/saude\/wp-json\/wp\/v2\/comments?post=387"}],"version-history":[{"count":1,"href":"https:\/\/goias.gov.br\/saude\/wp-json\/wp\/v2\/posts\/387\/revisions"}],"predecessor-version":[{"id":192216,"href":"https:\/\/goias.gov.br\/saude\/wp-json\/wp\/v2\/posts\/387\/revisions\/192216"}],"wp:attachment":[{"href":"https:\/\/goias.gov.br\/saude\/wp-json\/wp\/v2\/media?parent=387"}],"wp:term":[{"taxonomy":"category","embeddable":true,"href":"https:\/\/goias.gov.br\/saude\/wp-json\/wp\/v2\/categories?post=387"},{"taxonomy":"post_tag","embeddable":true,"href":"https:\/\/goias.gov.br\/saude\/wp-json\/wp\/v2\/tags?post=387"}],"curies":[{"name":"wp","href":"https:\/\/api.w.org\/{rel}","templated":true}]}}