

{"id":38654,"date":"2023-12-13T10:35:00","date_gmt":"2023-12-13T13:35:00","guid":{"rendered":"https:\/\/siteshom.goias.gov.br\/saude\/?p=38654"},"modified":"2023-12-14T16:37:13","modified_gmt":"2023-12-14T19:37:13","slug":"extrato-do-3o-termo-aditivo-ao-contrato-n-o-10-2021-ses-go","status":"publish","type":"post","link":"https:\/\/goias.gov.br\/saude\/extrato-do-3o-termo-aditivo-ao-contrato-n-o-10-2021-ses-go\/","title":{"rendered":"Extrato do 3\u00ba Termo Aditivo ao Contrato n.\u00ba 10\/2021 &#8211; SES\/GO"},"content":{"rendered":"\n<p>Processo n\u00ba: 202000010035633. Objeto: 1.1.1 &#8211; a terceira prorroga\u00e7\u00e3o do prazo de vig\u00eancia do Contrato n\u00ba 10\/2021-SES\/GO, por mais 12 (doze) meses; e 1.1.2 &#8211; O acr\u00e9scimo de, aproximadamente, 15,38% (quinze inteiros e trinta e oito cent\u00e9simos por cento) no quantitativo de itens especificados na Cl\u00e1usula Terceira do Contrato n\u00ba 10\/2021-SES\/GO, referente \u00e0 02 (duas) impressoras t\u00e9rmicas e 04 (quatro) bobinas, que ser\u00e3o destinadas ao Centro Estadual de Refer\u00eancia em Medicina Integrativa e Complementar &#8211; CREMIC. Contratada: BKM Com\u00e9rcio e Loca\u00e7\u00e3o de Equipamentos Ltda. Valor do Aditivo: R$ 35.028,00. Dota\u00e7\u00e3o Or\u00e7ament\u00e1ria: As despesas decorrentes do presente ajuste dever\u00e3o ser empenhadas no exerc\u00edcio de 2024 com recursos do Or\u00e7amento-Geral do Estado, aprovado pela Assembleia Legislativa do Estado de Goi\u00e1s. PAR\u00c1GRAFO \u00daNICO \u2013 A Ger\u00eancia de Planejamento e Or\u00e7amento dever\u00e1 incluir a despesa no Plano de Aplica\u00e7\u00e3o em 2024, bem como elaborar o Anexo II, da IN n\u00ba 17\/2006 da CGE. Posteriormente, caber\u00e1 a Ger\u00eancia Financeira &#8211; GEFIN\/SGI\/SES proceder com a emiss\u00e3o da Dota\u00e7\u00e3o Or\u00e7ament\u00e1ria e das respectivas Notas de Empenho, referente aos exerc\u00edcios de 2024 e 2025, passando os referidos documentos a fazerem parte integrante do presente ajuste. Vig\u00eancia: 12 (doze) meses, com in\u00edcio em 02 de fevereiro de 2024 e t\u00e9rmino em 01 de fevereiro de 2025. Data da Assinatura: 11\/12\/2023. Signat\u00e1rios: S\u00e9rgio Alberto Cunha V\u00eancio \u2013 Secret\u00e1rio de Estado da Sa\u00fade. Daniella Rodrigues Carvalho \u2013 BKM Com\u00e9rcio e Loca\u00e7\u00e3o de Equipamentos Ltda.<\/p>\n","protected":false},"excerpt":{"rendered":"<p>Processo n\u00ba: 202000010035633. Objeto: 1.1.1 &#8211; a terceira prorroga\u00e7\u00e3o do prazo de vig\u00eancia do Contrato n\u00ba 10\/2021-SES\/GO, por mais 12 (doze) meses; e 1.1.2 &#8211; O acr\u00e9scimo de, aproximadamente, 15,38% (quinze inteiros e trinta e oito cent\u00e9simos por cento) no quantitativo de itens especificados na Cl\u00e1usula Terceira do Contrato n\u00ba 10\/2021-SES\/GO, referente \u00e0 02 (duas) [&hellip;]<\/p>\n","protected":false},"author":698,"featured_media":0,"comment_status":"closed","ping_status":"open","sticky":false,"template":"","format":"standard","meta":{"footnotes":""},"categories":[146],"tags":[],"class_list":["post-38654","post","type-post","status-publish","format-standard","hentry","category-contratos-e-termos-aditivos-2023"],"rttpg_featured_image_url":null,"rttpg_author":{"display_name":"leidianesilva","author_link":"https:\/\/goias.gov.br\/saude\/author\/leidianesilva\/"},"rttpg_comment":0,"rttpg_category":"<a href=\"https:\/\/goias.gov.br\/saude\/categoria\/contratos-e-termos-aditivos-2023\/\" rel=\"category tag\">Contratos e Termos Aditivos 2023<\/a>","rttpg_excerpt":"Processo n\u00ba: 202000010035633. Objeto: 1.1.1 &#8211; a terceira prorroga\u00e7\u00e3o do prazo de vig\u00eancia do Contrato n\u00ba 10\/2021-SES\/GO, por mais 12 (doze) meses; e 1.1.2 &#8211; O acr\u00e9scimo de, aproximadamente, 15,38% (quinze inteiros e trinta e oito cent\u00e9simos por cento) no quantitativo de itens especificados na Cl\u00e1usula Terceira do Contrato n\u00ba 10\/2021-SES\/GO, referente \u00e0 02 (duas)&hellip;","_links":{"self":[{"href":"https:\/\/goias.gov.br\/saude\/wp-json\/wp\/v2\/posts\/38654","targetHints":{"allow":["GET"]}}],"collection":[{"href":"https:\/\/goias.gov.br\/saude\/wp-json\/wp\/v2\/posts"}],"about":[{"href":"https:\/\/goias.gov.br\/saude\/wp-json\/wp\/v2\/types\/post"}],"author":[{"embeddable":true,"href":"https:\/\/goias.gov.br\/saude\/wp-json\/wp\/v2\/users\/698"}],"replies":[{"embeddable":true,"href":"https:\/\/goias.gov.br\/saude\/wp-json\/wp\/v2\/comments?post=38654"}],"version-history":[{"count":2,"href":"https:\/\/goias.gov.br\/saude\/wp-json\/wp\/v2\/posts\/38654\/revisions"}],"predecessor-version":[{"id":38656,"href":"https:\/\/goias.gov.br\/saude\/wp-json\/wp\/v2\/posts\/38654\/revisions\/38656"}],"wp:attachment":[{"href":"https:\/\/goias.gov.br\/saude\/wp-json\/wp\/v2\/media?parent=38654"}],"wp:term":[{"taxonomy":"category","embeddable":true,"href":"https:\/\/goias.gov.br\/saude\/wp-json\/wp\/v2\/categories?post=38654"},{"taxonomy":"post_tag","embeddable":true,"href":"https:\/\/goias.gov.br\/saude\/wp-json\/wp\/v2\/tags?post=38654"}],"curies":[{"name":"wp","href":"https:\/\/api.w.org\/{rel}","templated":true}]}}