

{"id":38474,"date":"2023-12-06T07:41:00","date_gmt":"2023-12-06T10:41:00","guid":{"rendered":"https:\/\/siteshom.goias.gov.br\/saude\/?p=38474"},"modified":"2023-12-14T14:09:24","modified_gmt":"2023-12-14T17:09:24","slug":"2o-aviso-de-adiamento-e-republicacao-do-pregao-eletronico-n-o-201-2023","status":"publish","type":"post","link":"https:\/\/goias.gov.br\/saude\/2o-aviso-de-adiamento-e-republicacao-do-pregao-eletronico-n-o-201-2023\/","title":{"rendered":"2\u00ba Aviso de Adiamento e Republica\u00e7\u00e3o do Preg\u00e3o Eletr\u00f4nico n.\u00ba 201\/2023"},"content":{"rendered":"\n<p>A SECRETARIA DE ESTADO DA SA\u00daDE-SES\/GO torna p\u00fablico que a realiza\u00e7\u00e3o da sess\u00e3o do Preg\u00e3o Eletr\u00f4nico n\u00ba 201\/2023, inicialmente marcada para o dia 24\/11\/2023, \u00e0s 09:00 h, est\u00e1 remarcada para a data abaixo relacionada. O adiamento se deu face \u00e0 necessidade de adequa\u00e7\u00f5es no Edital e seus anexos. O edital e demais informa\u00e7\u00f5es encontram-se \u00e0 disposi\u00e7\u00e3o na Ger\u00eancia de Licita\u00e7\u00f5es\/SES-GO, Fone: 3201-3800\/3482 e no site: www.comprasnet.go.gov.br.<br>P.E. N\u00ba 201\/2023. Processo: 202300010033881 \u2013 Objeto: Contrata\u00e7\u00e3o de empresa especializada em fornecimento de microcomputadores tipo desktop para estrutura\u00e7\u00e3o das Unidades Regionais\/Central de Rede de Frio do Programa Estadual de Imuniza\u00e7\u00f5es e no fortalecimento da Vigil\u00e2ncia Sentinela da S\u00edndrome Gripal (SG) no Estado de Goi\u00e1s para o enfrentamento das consequ\u00eancias atreladas \u00e0 emerg\u00eancia de sa\u00fade p\u00fablica de import\u00e2ncia nacional (ESPIN) decorrente da pandemia de COVID-19, destinados \u00e0 Ger\u00eancia de Imuniza\u00e7\u00e3o e Ger\u00eancia de Vigil\u00e2ncia Epidemiol\u00f3gica de Doen\u00e7as Transmiss\u00edveis \/ Superintend\u00eancia de Vigil\u00e2ncia em Sa\u00fade, desta Secretaria. Tipo: Menor pre\u00e7o por ITEM. Valor total estimado: R$ 640.937,64.<br>Data de in\u00edcio da apresenta\u00e7\u00e3o das propostas e documentos de habilita\u00e7\u00e3o: A partir das 16:00 h do dia 06\/12\/2023 (Hor\u00e1rio de Bras\u00edlia).<br>Data da abertura da sess\u00e3o p\u00fablica: A partir das 09:00 h do dia 21\/12\/2023 (Hor\u00e1rio de Bras\u00edlia).<br>Goi\u00e2nia\/GO, 05 de dezembro de 2023.<br>Natal de Castro \u2013 Gerente de Licita\u00e7\u00f5es \u2013 SGI\/SES-GO<\/p>\n","protected":false},"excerpt":{"rendered":"<p>A SECRETARIA DE ESTADO DA SA\u00daDE-SES\/GO torna p\u00fablico que a realiza\u00e7\u00e3o da sess\u00e3o do Preg\u00e3o Eletr\u00f4nico n\u00ba 201\/2023, inicialmente marcada para o dia 24\/11\/2023, \u00e0s 09:00 h, est\u00e1 remarcada para a data abaixo relacionada. O adiamento se deu face \u00e0 necessidade de adequa\u00e7\u00f5es no Edital e seus anexos. O edital e demais informa\u00e7\u00f5es encontram-se \u00e0 [&hellip;]<\/p>\n","protected":false},"author":698,"featured_media":0,"comment_status":"closed","ping_status":"open","sticky":false,"template":"","format":"standard","meta":{"footnotes":""},"categories":[144],"tags":[],"class_list":["post-38474","post","type-post","status-publish","format-standard","hentry","category-pregao-eletronico-2023"],"rttpg_featured_image_url":null,"rttpg_author":{"display_name":"leidianesilva","author_link":"https:\/\/goias.gov.br\/saude\/author\/leidianesilva\/"},"rttpg_comment":0,"rttpg_category":"<a href=\"https:\/\/goias.gov.br\/saude\/categoria\/pregao-eletronico-2023\/\" rel=\"category tag\">Preg\u00e3o Eletr\u00f4nico 2023<\/a>","rttpg_excerpt":"A SECRETARIA DE ESTADO DA SA\u00daDE-SES\/GO torna p\u00fablico que a realiza\u00e7\u00e3o da sess\u00e3o do Preg\u00e3o Eletr\u00f4nico n\u00ba 201\/2023, inicialmente marcada para o dia 24\/11\/2023, \u00e0s 09:00 h, est\u00e1 remarcada para a data abaixo relacionada. O adiamento se deu face \u00e0 necessidade de adequa\u00e7\u00f5es no Edital e seus anexos. O edital e demais informa\u00e7\u00f5es encontram-se \u00e0&hellip;","_links":{"self":[{"href":"https:\/\/goias.gov.br\/saude\/wp-json\/wp\/v2\/posts\/38474","targetHints":{"allow":["GET"]}}],"collection":[{"href":"https:\/\/goias.gov.br\/saude\/wp-json\/wp\/v2\/posts"}],"about":[{"href":"https:\/\/goias.gov.br\/saude\/wp-json\/wp\/v2\/types\/post"}],"author":[{"embeddable":true,"href":"https:\/\/goias.gov.br\/saude\/wp-json\/wp\/v2\/users\/698"}],"replies":[{"embeddable":true,"href":"https:\/\/goias.gov.br\/saude\/wp-json\/wp\/v2\/comments?post=38474"}],"version-history":[{"count":1,"href":"https:\/\/goias.gov.br\/saude\/wp-json\/wp\/v2\/posts\/38474\/revisions"}],"predecessor-version":[{"id":38475,"href":"https:\/\/goias.gov.br\/saude\/wp-json\/wp\/v2\/posts\/38474\/revisions\/38475"}],"wp:attachment":[{"href":"https:\/\/goias.gov.br\/saude\/wp-json\/wp\/v2\/media?parent=38474"}],"wp:term":[{"taxonomy":"category","embeddable":true,"href":"https:\/\/goias.gov.br\/saude\/wp-json\/wp\/v2\/categories?post=38474"},{"taxonomy":"post_tag","embeddable":true,"href":"https:\/\/goias.gov.br\/saude\/wp-json\/wp\/v2\/tags?post=38474"}],"curies":[{"name":"wp","href":"https:\/\/api.w.org\/{rel}","templated":true}]}}