

{"id":38348,"date":"2023-12-12T12:38:00","date_gmt":"2023-12-12T15:38:00","guid":{"rendered":"https:\/\/siteshom.goias.gov.br\/saude\/?p=38348"},"modified":"2023-12-13T16:45:49","modified_gmt":"2023-12-13T19:45:49","slug":"dia-do-fonoaudiologo-e-celebrado-com-palestra-no-hgg","status":"publish","type":"post","link":"https:\/\/goias.gov.br\/saude\/dia-do-fonoaudiologo-e-celebrado-com-palestra-no-hgg\/","title":{"rendered":"Dia do Fonoaudi\u00f3logo \u00e9 celebrado com palestra no HGG"},"content":{"rendered":"\n<p><strong>Influ\u00eancia dessa ci\u00eancia para o bem-estar dos pacientes \u00e9 tema do bate-papo da fonoaudi\u00f3loga Mariela Vidal com pacientes e acompanhantes que aguardavam em ambulat\u00f3rio da unidade do Governo de Goi\u00e1s<\/strong><\/p>\n\n\n\n<p>O fonoaudi\u00f3logo atua com o objetivo de prevenir e reduzir complica\u00e7\u00f5es, a partir do gerenciamento da degluti\u00e7\u00e3o e da comunica\u00e7\u00e3o, de maneira segura e eficaz. Para falar sobre o trabalho desenvolvido pela especialidade no Hospital Estadual Dr. Alberto Rassi (HGG), a fonoaudi\u00f3loga Mariela Vidal conversou com pacientes e acompanhantes que aguardavam consulta no Ambulat\u00f3rio de Medicina Avan\u00e7ada (AMA) da unidade do Governo de Goi\u00e1s, na semana passada. O bate-papo celebrou o Dia do Fonoaudi\u00f3logo, comemorado no dia 9.<\/p>\n\n\n\n<p>Mariela \u00e9 colaboradora do HGG h\u00e1 21 anos e pontuou que o objetivo \u00e9 sempre a melhora da qualidade de vida e bem-estar do paciente. \u201cA gente atua na \u00e1rea da fala e audi\u00e7\u00e3o. Trabalhamos tamb\u00e9m a disfagia, que \u00e9 a dificuldade para deglutir, para engolir, o que causa risco de broncoaspira\u00e7\u00e3o, que \u00e9 a entrada de alimento para o canal que vai at\u00e9 o pulm\u00e3o, e tem alto mortalidade. Atuamos ainda em casos de dem\u00eancia, presbifagia, presbifonia, ou seja, \u00e9 bem amplo\u201d. Ela afirmou ainda que as conquistas di\u00e1rias da profiss\u00e3o contribuem n\u00e3o s\u00f3 para o hospital, mas para o Estado e at\u00e9 para o Pa\u00eds.<\/p>\n\n\n\n<p>O paciente Gilson Azevedo, 56 anos, contou que h\u00e1 um ano realizou um transplante de f\u00edgado no HGG e, desde ent\u00e3o, faz acompanhamento. Ao longo desse per\u00edodo, ele assistiu algumas palestras e elogiou a iniciativa. \u201cAchei interessante, eu n\u00e3o sabia muitas coisas. Sempre que eu venho, eu vejo uma palestra dessa, e \u00e9 muito bom, pois passa o tempo e a gente fica mais informado. \u00c0s vezes, \u00e9 at\u00e9 um m\u00e9dico que eu j\u00e1 conhe\u00e7o\u201d, falou, sorrindo. Gilson comentou que participou de outros projetos do hospital, como o Sarau e Oficina de Arte. \u201cFiquei internado por 24 dias. Ent\u00e3o, conhe\u00e7o muita coisa aqui.\u201d<\/p>\n\n\n\n<p>A paciente Liliana Kalina de Souza, 33 anos, mora em Santo Ant\u00f4nio do Descoberto e h\u00e1 3 anos faz tratamento com diversas especialidades. Ela afirma que o HGG foi como uma luz no fim do t\u00fanel. \u201cH\u00e1 14 dias eu fiz minha cirurgia bari\u00e1trica, e desde que conheci o hospital, muita coisa mudou, at\u00e9 na rela\u00e7\u00e3o com os meus filhos. Eu vim conhecer o fonoaudi\u00f3logo gra\u00e7as ao PCCO (Programa de Controle e Cirurgia da Obesidade)&#8221;, conta.<\/p>\n\n\n\n<p>&#8220;Eles me ensinaram a forma correta de mastigar e acho que 99% das pessoas n\u00e3o sabem, assim como eu n\u00e3o sabia. \u00c9 um profissional que deveria ser mais reconhecido e divulgado, por isso esse momento \u00e9 t\u00e3o importante, porque traz conhecimento e tira as nossas d\u00favidas, principalmente para os pacientes que s\u00e3o do interior.\u201d<\/p>\n\n\n\n<p>Nayane Gama do Nascimento (texto e foto)\/Idtech<\/p>\n","protected":false},"excerpt":{"rendered":"<p>Influ\u00eancia dessa ci\u00eancia para o bem-estar dos pacientes \u00e9 tema do bate-papo da fonoaudi\u00f3loga Mariela Vidal com pacientes e acompanhantes que aguardavam em ambulat\u00f3rio da unidade do Governo de Goi\u00e1s<\/p>\n","protected":false},"author":698,"featured_media":38349,"comment_status":"closed","ping_status":"open","sticky":false,"template":"","format":"standard","meta":{"footnotes":""},"categories":[3],"tags":[243],"class_list":["post-38348","post","type-post","status-publish","format-standard","has-post-thumbnail","hentry","category-noticias","tag-hospitais-estaduais"],"rttpg_featured_image_url":{"full":["https:\/\/goias.gov.br\/saude\/wp-content\/uploads\/sites\/34\/2023\/12\/1212-hgg-fonoaudiologa.jpeg",700,461,false],"landscape":["https:\/\/goias.gov.br\/saude\/wp-content\/uploads\/sites\/34\/2023\/12\/1212-hgg-fonoaudiologa.jpeg",700,461,false],"portraits":["https:\/\/goias.gov.br\/saude\/wp-content\/uploads\/sites\/34\/2023\/12\/1212-hgg-fonoaudiologa.jpeg",700,461,false],"thumbnail":["https:\/\/goias.gov.br\/saude\/wp-content\/uploads\/sites\/34\/2023\/12\/1212-hgg-fonoaudiologa-150x150.jpeg",150,150,true],"medium":["https:\/\/goias.gov.br\/saude\/wp-content\/uploads\/sites\/34\/2023\/12\/1212-hgg-fonoaudiologa-300x198.jpeg",300,198,true],"large":["https:\/\/goias.gov.br\/saude\/wp-content\/uploads\/sites\/34\/2023\/12\/1212-hgg-fonoaudiologa.jpeg",700,461,false],"1536x1536":["https:\/\/goias.gov.br\/saude\/wp-content\/uploads\/sites\/34\/2023\/12\/1212-hgg-fonoaudiologa.jpeg",700,461,false],"2048x2048":["https:\/\/goias.gov.br\/saude\/wp-content\/uploads\/sites\/34\/2023\/12\/1212-hgg-fonoaudiologa.jpeg",700,461,false]},"rttpg_author":{"display_name":"leidianesilva","author_link":"https:\/\/goias.gov.br\/saude\/author\/leidianesilva\/"},"rttpg_comment":0,"rttpg_category":"<a href=\"https:\/\/goias.gov.br\/saude\/categoria\/noticias\/\" rel=\"category tag\">Not\u00edcias<\/a>","rttpg_excerpt":"Influ\u00eancia dessa ci\u00eancia para o bem-estar dos pacientes \u00e9 tema do bate-papo da fonoaudi\u00f3loga Mariela Vidal com pacientes e acompanhantes que aguardavam em ambulat\u00f3rio da unidade do Governo de Goi\u00e1s","_links":{"self":[{"href":"https:\/\/goias.gov.br\/saude\/wp-json\/wp\/v2\/posts\/38348","targetHints":{"allow":["GET"]}}],"collection":[{"href":"https:\/\/goias.gov.br\/saude\/wp-json\/wp\/v2\/posts"}],"about":[{"href":"https:\/\/goias.gov.br\/saude\/wp-json\/wp\/v2\/types\/post"}],"author":[{"embeddable":true,"href":"https:\/\/goias.gov.br\/saude\/wp-json\/wp\/v2\/users\/698"}],"replies":[{"embeddable":true,"href":"https:\/\/goias.gov.br\/saude\/wp-json\/wp\/v2\/comments?post=38348"}],"version-history":[{"count":1,"href":"https:\/\/goias.gov.br\/saude\/wp-json\/wp\/v2\/posts\/38348\/revisions"}],"predecessor-version":[{"id":38350,"href":"https:\/\/goias.gov.br\/saude\/wp-json\/wp\/v2\/posts\/38348\/revisions\/38350"}],"wp:featuredmedia":[{"embeddable":true,"href":"https:\/\/goias.gov.br\/saude\/wp-json\/wp\/v2\/media\/38349"}],"wp:attachment":[{"href":"https:\/\/goias.gov.br\/saude\/wp-json\/wp\/v2\/media?parent=38348"}],"wp:term":[{"taxonomy":"category","embeddable":true,"href":"https:\/\/goias.gov.br\/saude\/wp-json\/wp\/v2\/categories?post=38348"},{"taxonomy":"post_tag","embeddable":true,"href":"https:\/\/goias.gov.br\/saude\/wp-json\/wp\/v2\/tags?post=38348"}],"curies":[{"name":"wp","href":"https:\/\/api.w.org\/{rel}","templated":true}]}}