

{"id":38278,"date":"2023-12-07T14:54:00","date_gmt":"2023-12-07T17:54:00","guid":{"rendered":"https:\/\/siteshom.goias.gov.br\/saude\/?p=38278"},"modified":"2023-12-11T16:23:53","modified_gmt":"2023-12-11T19:23:53","slug":"7a-jornada-cientifica-da-ses-apresenta-trabalhos-produzidos-em-goias","status":"publish","type":"post","link":"https:\/\/goias.gov.br\/saude\/7a-jornada-cientifica-da-ses-apresenta-trabalhos-produzidos-em-goias\/","title":{"rendered":"7\u00aa Jornada Cient\u00edfica da SES apresenta trabalhos produzidos em Goi\u00e1s"},"content":{"rendered":"\n<p><strong>Evento da Secretaria de Estado da Sa\u00fade prossegue at\u00e9 a pr\u00f3xima sexta-feira, na Escola de Sa\u00fade de Goi\u00e1s, com a realiza\u00e7\u00e3o de palestras, mesas-redondas e apresenta\u00e7\u00f5es orais sobre estudos de diferentes temas da sa\u00fade<\/strong><\/p>\n\n\n\n<p>A Secretaria de Estado da Sa\u00fade de Goi\u00e1s (SES-GO) realiza um evento no qual est\u00e3o sendo apresentados e debatidos trabalhos cient\u00edficos sobre diversos temas da \u00e1rea da sa\u00fade. A s\u00e9tima edi\u00e7\u00e3o da Jornada Cient\u00edfica da SES-GO teve in\u00edcio na manh\u00e3 desta quinta-feira (07\/12), na Escola de Sa\u00fade de Goi\u00e1s, com a participa\u00e7\u00e3o de profissionais, estudantes, gestores e pesquisadores da \u00e1rea da sa\u00fade. Entre os temas abordados destacam-se seguran\u00e7a do paciente, planifica\u00e7\u00e3o da aten\u00e7\u00e3o prim\u00e1ria, perfil epidemiol\u00f3gico das arboviroses, sa\u00fade bucal e uso de libras na assist\u00eancia \u00e0 sa\u00fade.<\/p>\n\n\n\n<p>A Jornada Cient\u00edfica tem como tema central Ci\u00eancia para a Comunidade. A abertura solene contou com a presen\u00e7a da subsecret\u00e1ria de Inova\u00e7\u00e3o, Planejamento, Educa\u00e7\u00e3o e Infraestrutura da SES-GO, Ana Carolina Rezende Abrah\u00e3o; do assessor t\u00e9cnico da SES-GO Marcos Vin\u00edcius Milki \u2013 que representou a secret\u00e1ria adjunta e interina, Anamaria Arruda; da superintendente da Escola de Sa\u00fade de Goi\u00e1s, Rafaela Veronezi; e da diretora-geral do Instituto de Patologia Tropical e Sa\u00fade P\u00fablica da Universidade Federal de Goi\u00e1s, Fl\u00e1via Aparecida de Oliveira, entre outras personalidades.<\/p>\n\n\n\n<p>A realiza\u00e7\u00e3o do evento despertou o interesse de centenas de pessoas de v\u00e1rios munic\u00edpios goianos. Conforme dados da comiss\u00e3o organizadora, cerca de 380 representantes de entidades e institui\u00e7\u00f5es inscreveram-se para participar da jornada, que prossegue at\u00e9 esta sexta-feira (08\/12). Foram inscritos 62 trabalhos nas categorias temas livres, projetos de interven\u00e7\u00e3o e projetos de pesquisa. Desses, 60 foram aprovados e 20 foram selecionados para apresenta\u00e7\u00e3o oral. Todos ser\u00e3o publicados na revista cient\u00edfica de Escola de Sa\u00fade de Goi\u00e1s.<\/p>\n\n\n\n<p>Em seu pronunciamento, a superintendente Rafaela Veronezi destacou que a ci\u00eancia \u00e9 um componente indispens\u00e1vel para o crescimento e evolu\u00e7\u00e3o dos povos e das na\u00e7\u00f5es e que a sa\u00fade \u00e9 um ingrediente essencial para o desenvolvimento. \u201cQuando unimos sa\u00fade e ci\u00eancia, temos a oportunidade de resolver problemas e de ter uma vis\u00e3o mais detalhada do que fazemos com as nossas pr\u00e1ticas\u201d, acentuou. A superintendente tamb\u00e9m destacou a import\u00e2ncia de os estudiosos produzirem n\u00e3o apenas pesquisa em sa\u00fade, mas pesquisa para a sa\u00fade, com o olhar na comunidade.<\/p>\n\n\n\n<p>A programa\u00e7\u00e3o da Jornada cient\u00edfica da SES-GO prev\u00ea a realiza\u00e7\u00e3o de palestras, mesas-redondas e apresenta\u00e7\u00e3o oral dos trabalhos. Para a manh\u00e3 desta sexta-feira est\u00e3o previstas confer\u00eancias sobre Lei Geral de Prote\u00e7\u00e3o de Dados, por Lu\u00eds Felipe Balieiro Lima, membro da Comiss\u00e3o Nacional de \u00c9tica em Pesquisa; e sobre Consentimento de Participante de Pesquisa, por Ivone Evangelista Cabral, tamb\u00e9m integrante da Comiss\u00e3o Nacional de \u00c9tica em Pesquisa (Conep). Durante a tarde, ser\u00e3o feitas as apresenta\u00e7\u00f5es orais sobre os trabalhos cient\u00edficos.<\/p>\n\n\n\n<p>Maria Jos\u00e9 Silva (texto) e Marco Monteiro (foto)<\/p>\n","protected":false},"excerpt":{"rendered":"<p>Evento da Secretaria de Estado da Sa\u00fade prossegue at\u00e9 a pr\u00f3xima sexta-feira, na Escola de Sa\u00fade de Goi\u00e1s, com a realiza\u00e7\u00e3o de palestras, mesas-redondas e apresenta\u00e7\u00f5es orais sobre estudos de diferentes temas da sa\u00fade<\/p>\n","protected":false},"author":698,"featured_media":38279,"comment_status":"closed","ping_status":"open","sticky":false,"template":"","format":"standard","meta":{"footnotes":""},"categories":[3],"tags":[163],"class_list":["post-38278","post","type-post","status-publish","format-standard","has-post-thumbnail","hentry","category-noticias","tag-escola-de-saude"],"rttpg_featured_image_url":{"full":["https:\/\/goias.gov.br\/saude\/wp-content\/uploads\/sites\/34\/2023\/12\/0712-jornadacientificaabertura.jpeg",1000,667,false],"landscape":["https:\/\/goias.gov.br\/saude\/wp-content\/uploads\/sites\/34\/2023\/12\/0712-jornadacientificaabertura.jpeg",1000,667,false],"portraits":["https:\/\/goias.gov.br\/saude\/wp-content\/uploads\/sites\/34\/2023\/12\/0712-jornadacientificaabertura.jpeg",1000,667,false],"thumbnail":["https:\/\/goias.gov.br\/saude\/wp-content\/uploads\/sites\/34\/2023\/12\/0712-jornadacientificaabertura-150x150.jpeg",150,150,true],"medium":["https:\/\/goias.gov.br\/saude\/wp-content\/uploads\/sites\/34\/2023\/12\/0712-jornadacientificaabertura-300x200.jpeg",300,200,true],"large":["https:\/\/goias.gov.br\/saude\/wp-content\/uploads\/sites\/34\/2023\/12\/0712-jornadacientificaabertura.jpeg",1000,667,false],"1536x1536":["https:\/\/goias.gov.br\/saude\/wp-content\/uploads\/sites\/34\/2023\/12\/0712-jornadacientificaabertura.jpeg",1000,667,false],"2048x2048":["https:\/\/goias.gov.br\/saude\/wp-content\/uploads\/sites\/34\/2023\/12\/0712-jornadacientificaabertura.jpeg",1000,667,false]},"rttpg_author":{"display_name":"leidianesilva","author_link":"https:\/\/goias.gov.br\/saude\/author\/leidianesilva\/"},"rttpg_comment":0,"rttpg_category":"<a href=\"https:\/\/goias.gov.br\/saude\/categoria\/noticias\/\" rel=\"category tag\">Not\u00edcias<\/a>","rttpg_excerpt":"Evento da Secretaria de Estado da Sa\u00fade prossegue at\u00e9 a pr\u00f3xima sexta-feira, na Escola de Sa\u00fade de Goi\u00e1s, com a realiza\u00e7\u00e3o de palestras, mesas-redondas e apresenta\u00e7\u00f5es orais sobre estudos de diferentes temas da sa\u00fade","_links":{"self":[{"href":"https:\/\/goias.gov.br\/saude\/wp-json\/wp\/v2\/posts\/38278","targetHints":{"allow":["GET"]}}],"collection":[{"href":"https:\/\/goias.gov.br\/saude\/wp-json\/wp\/v2\/posts"}],"about":[{"href":"https:\/\/goias.gov.br\/saude\/wp-json\/wp\/v2\/types\/post"}],"author":[{"embeddable":true,"href":"https:\/\/goias.gov.br\/saude\/wp-json\/wp\/v2\/users\/698"}],"replies":[{"embeddable":true,"href":"https:\/\/goias.gov.br\/saude\/wp-json\/wp\/v2\/comments?post=38278"}],"version-history":[{"count":2,"href":"https:\/\/goias.gov.br\/saude\/wp-json\/wp\/v2\/posts\/38278\/revisions"}],"predecessor-version":[{"id":38281,"href":"https:\/\/goias.gov.br\/saude\/wp-json\/wp\/v2\/posts\/38278\/revisions\/38281"}],"wp:featuredmedia":[{"embeddable":true,"href":"https:\/\/goias.gov.br\/saude\/wp-json\/wp\/v2\/media\/38279"}],"wp:attachment":[{"href":"https:\/\/goias.gov.br\/saude\/wp-json\/wp\/v2\/media?parent=38278"}],"wp:term":[{"taxonomy":"category","embeddable":true,"href":"https:\/\/goias.gov.br\/saude\/wp-json\/wp\/v2\/categories?post=38278"},{"taxonomy":"post_tag","embeddable":true,"href":"https:\/\/goias.gov.br\/saude\/wp-json\/wp\/v2\/tags?post=38278"}],"curies":[{"name":"wp","href":"https:\/\/api.w.org\/{rel}","templated":true}]}}