

{"id":381702,"date":"2025-05-28T12:59:30","date_gmt":"2025-05-28T15:59:30","guid":{"rendered":"https:\/\/goias.gov.br\/saude\/?p=381702"},"modified":"2025-05-28T14:24:25","modified_gmt":"2025-05-28T17:24:25","slug":"sesg-abre-inscricao-para-2a-edicao-do-programa-mais-educacao-permanente-em-saude","status":"publish","type":"post","link":"https:\/\/goias.gov.br\/saude\/sesg-abre-inscricao-para-2a-edicao-do-programa-mais-educacao-permanente-em-saude\/","title":{"rendered":"Sesg abre inscri\u00e7\u00e3o para 2\u00aa edi\u00e7\u00e3o do Programa Mais Educa\u00e7\u00e3o Permanente em Sa\u00fade"},"content":{"rendered":"\n<p class=\"has-text-align-center\"><strong>Nova chamada p\u00fablica d\u00e1 sequ\u00eancia \u00e0 primeira edi\u00e7\u00e3o do programa que impulsionou uma expans\u00e3o hist\u00f3rica dos N\u00facleos de Educa\u00e7\u00e3o Permanente em Sa\u00fade no Estado<\/strong><\/p>\n\n\n\n<!--more-->\n\n\n\n<figure class=\"wp-block-image size-full\"><img fetchpriority=\"high\" decoding=\"async\" width=\"1020\" height=\"644\" src=\"https:\/\/goias.gov.br\/saude\/wp-content\/uploads\/sites\/34\/2025\/05\/EscolaDeSaude.jpeg\" alt=\"\" class=\"wp-image-381705\" srcset=\"https:\/\/goias.gov.br\/saude\/wp-content\/uploads\/sites\/34\/2025\/05\/EscolaDeSaude.jpeg 1020w, https:\/\/goias.gov.br\/saude\/wp-content\/uploads\/sites\/34\/2025\/05\/EscolaDeSaude-300x189.jpeg 300w, https:\/\/goias.gov.br\/saude\/wp-content\/uploads\/sites\/34\/2025\/05\/EscolaDeSaude-768x485.jpeg 768w\" sizes=\"(max-width: 1020px) 100vw, 1020px\" \/><figcaption class=\"wp-element-caption\"><em>Profissionais de sa\u00fade durante uma das a\u00e7\u00f5es de Educa\u00e7\u00e3o Permanente em Sa\u00fade (EPS) <\/em><\/figcaption><\/figure>\n\n\n\n<p>A Superintend\u00eancia da Escola de Sa\u00fade de Goi\u00e1s da Secretaria de Estado da Sa\u00fade (Sesg\/SES-GO) est\u00e1 com inscri\u00e7\u00f5es abertas para a segunda edi\u00e7\u00e3o do Programa Mais Educa\u00e7\u00e3o Permanente em Sa\u00fade (Mais EPS). A nova chamada p\u00fablica (Edital n\u00ba 16\/2025) d\u00e1 sequ\u00eancia \u00e0 primeira edi\u00e7\u00e3o do programa que impulsionou uma expans\u00e3o hist\u00f3rica dos N\u00facleos de Educa\u00e7\u00e3o Permanente em Sa\u00fade (Neps) no Estado. Para acessar o edital, <a href=\"https:\/\/goias.gov.br\/escoladesaude\/wp-content\/uploads\/sites\/59\/2025\/05\/edital_016_2025.pdf\">clique aqui<\/a>.<\/p>\n\n\n\n<p>O novo edital \u00e9 divulgado ap\u00f3s o sucesso da qualifica\u00e7\u00e3o de profissionais atuando nos diversos munic\u00edpios goianos, que desenvolveram a\u00e7\u00f5es educacionais alinhadas \u00e0s necessidades de seus territ\u00f3rios.<\/p>\n\n\n\n<p>O programa tem como objetivo fortalecer as a\u00e7\u00f5es de Educa\u00e7\u00e3o Permanente em Sa\u00fade (EPS) por meio do apoio t\u00e9cnico e financeiro aos munic\u00edpios goianos. A iniciativa promove a implanta\u00e7\u00e3o e consolida\u00e7\u00e3o dos Neps, espa\u00e7os estrat\u00e9gicos voltados \u00e0 qualifica\u00e7\u00e3o cont\u00ednua dos profissionais do SUS, promovendo melhorias nos processos de trabalho e no cuidado \u00e0 popula\u00e7\u00e3o.<\/p>\n\n\n\n<p><strong>Expans\u00e3o dos Neps<\/strong><br>A primeira edi\u00e7\u00e3o do Programa Mais EPS impulsionou a implanta\u00e7\u00e3o dos Neps em Goi\u00e1s. Antes do programa, eram 49 Neps implantados, agora s\u00e3o 153, ampliando a cobertura de 20% para 62% dos munic\u00edpios. O objetivo \u00e9 alcan\u00e7ar 100% de cobertura e fortalecer a qualifica\u00e7\u00e3o dos profissionais e dos processos de trabalho no SUS.<\/p>\n\n\n\n<p>Essa expans\u00e3o reflete o compromisso das gest\u00f5es municipais e o impacto positivo do programa na descentraliza\u00e7\u00e3o da educa\u00e7\u00e3o em sa\u00fade. Em Bom Jesus de Goi\u00e1s, por exemplo, o Neps desenvolveu um projeto para rastrear o c\u00e2ncer de mama, qualificando m\u00e9dicos e enfermeiros no uso do Siscan. <\/p>\n\n\n\n<p>Segundo a enfermeira Vit\u00f3ria Lopes Marques, coordenadora da Escola de Sa\u00fade da Fam\u00edlia (ESF), isso permitiu rastrear mulheres em idade eleg\u00edvel para mamografia, aumentando significativamente as solicita\u00e7\u00f5es do exame e descentralizando-as.<\/p>\n\n\n\n<p>Em Itaguaru, o recurso do programa foi usado para capacitar profissionais de sa\u00fade na assist\u00eancia \u00e0 gestante, com foco na redu\u00e7\u00e3o da morbimortalidade materno-infantil, como explica Let\u00edcia de Jesus Purcino, coordenadora regional de EPS. J\u00e1 em Urua\u00e7u, o investimento foi na capacita\u00e7\u00e3o Normas e Procedimentos de Vacina\u00e7\u00e3o, melhorando a qualidade das salas de vacina\u00e7\u00e3o.<\/p>\n\n\n\n<p><strong>A\u00e7\u00f5es educativa<br><\/strong>O novo edital convida os munic\u00edpios a apresentarem projetos que contemplem a\u00e7\u00f5es educativas vinculadas a indicadores estrat\u00e9gicos de sa\u00fade, como mortalidade infantil, vacina\u00e7\u00e3o, pr\u00e9-natal, doen\u00e7as cr\u00f4nicas e taxa de incid\u00eancia de dengue, entre outros.<\/p>\n\n\n\n<p>Ser\u00e3o disponibilizados at\u00e9 R$ 400 mil, com incentivos de at\u00e9 R$ 10 mil por projeto selecionado. As a\u00e7\u00f5es dever\u00e3o ser coordenadas pelos NEPS municipais e executadas at\u00e9 10 de dezembro de 2025. Entre as modalidades apoiadas est\u00e3o cursos, oficinas, palestras, rodas de conversa, semin\u00e1rios, workshops e outras formas participativas de ensino-aprendizagem, conforme previsto nas diretrizes do programa.<\/p>\n\n\n\n<p>As inscri\u00e7\u00f5es s\u00e3o gratuitas e devem ser realizadas at\u00e9 o dia 15 de junho de 2025, exclusivamente pelo formul\u00e1rio eletr\u00f4nico dispon\u00edvel no site da Escola de Sa\u00fade de Goi\u00e1s, em  <a href=\"https:\/\/form.saude.go.gov.br\/inscricoes\/cadastro-projetos-eps.html\">https:\/\/form.saude.go.gov.br\/inscricoes\/cadastro-projetos-eps.html<\/a><\/p>\n\n\n\n<p>Para ser eleg\u00edvel, o munic\u00edpio deve ter um Neps formalmente implantado, com portaria de nomea\u00e7\u00e3o de coordenador. Munic\u00edpios que ainda n\u00e3o possuem o n\u00facleo podem institu\u00ed-lo com base na Cartilha de Implementa\u00e7\u00e3o dos Neps, tamb\u00e9m dispon\u00edvel no portal da Escola, em <a href=\"https:\/\/goias.gov.br\/saude\/wp-content\/uploads\/sites\/34\/2024\/01\/cartilhaorientadoraeducacaopermanente.pdf\">https:\/\/goias.gov.br\/saude\/wp-content\/uploads\/sites\/34\/2024\/01\/cartilhaorientadoraeducacaopermanente.pdf<\/a><\/p>\n\n\n\n<p><strong>Qualidade do SUS<br><\/strong>O Programa Mais EPS \u00e9 uma parceria entre a SES-GO e o Conselho de Secretarias Municipais de Sa\u00fade de Goi\u00e1s (Cosems-GO) que busca transformar o modelo de qualifica\u00e7\u00e3o profissional no estado, dando protagonismo aos munic\u00edpios na constru\u00e7\u00e3o de solu\u00e7\u00f5es formativas adequadas \u00e0s suas realidades.<\/p>\n\n\n\n<p>A segunda edi\u00e7\u00e3o refor\u00e7a esse compromisso e amplia as oportunidades para que os trabalhadores da sa\u00fade tenham acesso a processos formativos cont\u00ednuos, contextualizados e eficazes. Mais informa\u00e7\u00f5es e acesso ao edital completo podem ser obtidas no endere\u00e7o <a href=\"https:\/\/goias.gov.br\/escoladesaude\">https:\/\/goias.gov.br\/escoladesaude<\/a><\/p>\n\n\n\n<p>Gabriela Dutra\/Superintend\u00eancia da Escola de Sa\u00fade de Goi\u00e1s<\/p>\n","protected":false},"excerpt":{"rendered":"<p>Nova chamada p\u00fablica d\u00e1 sequ\u00eancia \u00e0 primeira edi\u00e7\u00e3o do programa que impulsionou uma expans\u00e3o hist\u00f3rica dos N\u00facleos de Educa\u00e7\u00e3o Permanente em Sa\u00fade no Estado<\/p>\n","protected":false},"author":166,"featured_media":381705,"comment_status":"closed","ping_status":"open","sticky":false,"template":"","format":"standard","meta":{"footnotes":""},"categories":[3],"tags":[163],"class_list":["post-381702","post","type-post","status-publish","format-standard","has-post-thumbnail","hentry","category-noticias","tag-escola-de-saude"],"rttpg_featured_image_url":{"full":["https:\/\/goias.gov.br\/saude\/wp-content\/uploads\/sites\/34\/2025\/05\/EscolaDeSaude.jpeg",1020,644,false],"landscape":["https:\/\/goias.gov.br\/saude\/wp-content\/uploads\/sites\/34\/2025\/05\/EscolaDeSaude.jpeg",1020,644,false],"portraits":["https:\/\/goias.gov.br\/saude\/wp-content\/uploads\/sites\/34\/2025\/05\/EscolaDeSaude.jpeg",1020,644,false],"thumbnail":["https:\/\/goias.gov.br\/saude\/wp-content\/uploads\/sites\/34\/2025\/05\/EscolaDeSaude-150x150.jpeg",150,150,true],"medium":["https:\/\/goias.gov.br\/saude\/wp-content\/uploads\/sites\/34\/2025\/05\/EscolaDeSaude-300x189.jpeg",300,189,true],"large":["https:\/\/goias.gov.br\/saude\/wp-content\/uploads\/sites\/34\/2025\/05\/EscolaDeSaude.jpeg",1020,644,false],"1536x1536":["https:\/\/goias.gov.br\/saude\/wp-content\/uploads\/sites\/34\/2025\/05\/EscolaDeSaude.jpeg",1020,644,false],"2048x2048":["https:\/\/goias.gov.br\/saude\/wp-content\/uploads\/sites\/34\/2025\/05\/EscolaDeSaude.jpeg",1020,644,false]},"rttpg_author":{"display_name":"josegomes","author_link":"https:\/\/goias.gov.br\/saude\/author\/josegomes\/"},"rttpg_comment":0,"rttpg_category":"<a href=\"https:\/\/goias.gov.br\/saude\/categoria\/noticias\/\" rel=\"category tag\">Not\u00edcias<\/a>","rttpg_excerpt":"Nova chamada p\u00fablica d\u00e1 sequ\u00eancia \u00e0 primeira edi\u00e7\u00e3o do programa que impulsionou uma expans\u00e3o hist\u00f3rica dos N\u00facleos de Educa\u00e7\u00e3o Permanente em Sa\u00fade no Estado","_links":{"self":[{"href":"https:\/\/goias.gov.br\/saude\/wp-json\/wp\/v2\/posts\/381702","targetHints":{"allow":["GET"]}}],"collection":[{"href":"https:\/\/goias.gov.br\/saude\/wp-json\/wp\/v2\/posts"}],"about":[{"href":"https:\/\/goias.gov.br\/saude\/wp-json\/wp\/v2\/types\/post"}],"author":[{"embeddable":true,"href":"https:\/\/goias.gov.br\/saude\/wp-json\/wp\/v2\/users\/166"}],"replies":[{"embeddable":true,"href":"https:\/\/goias.gov.br\/saude\/wp-json\/wp\/v2\/comments?post=381702"}],"version-history":[{"count":2,"href":"https:\/\/goias.gov.br\/saude\/wp-json\/wp\/v2\/posts\/381702\/revisions"}],"predecessor-version":[{"id":382071,"href":"https:\/\/goias.gov.br\/saude\/wp-json\/wp\/v2\/posts\/381702\/revisions\/382071"}],"wp:featuredmedia":[{"embeddable":true,"href":"https:\/\/goias.gov.br\/saude\/wp-json\/wp\/v2\/media\/381705"}],"wp:attachment":[{"href":"https:\/\/goias.gov.br\/saude\/wp-json\/wp\/v2\/media?parent=381702"}],"wp:term":[{"taxonomy":"category","embeddable":true,"href":"https:\/\/goias.gov.br\/saude\/wp-json\/wp\/v2\/categories?post=381702"},{"taxonomy":"post_tag","embeddable":true,"href":"https:\/\/goias.gov.br\/saude\/wp-json\/wp\/v2\/tags?post=381702"}],"curies":[{"name":"wp","href":"https:\/\/api.w.org\/{rel}","templated":true}]}}