

{"id":38094,"date":"2023-12-06T20:34:29","date_gmt":"2023-12-06T23:34:29","guid":{"rendered":"https:\/\/siteshom.goias.gov.br\/saude\/?p=38094"},"modified":"2023-12-11T16:08:29","modified_gmt":"2023-12-11T19:08:29","slug":"jornada-cientifica-debate-temas-sobre-desafios-da-saude-em-goias","status":"publish","type":"post","link":"https:\/\/goias.gov.br\/saude\/jornada-cientifica-debate-temas-sobre-desafios-da-saude-em-goias\/","title":{"rendered":"Jornada Cient\u00edfica debate temas sobre desafios da sa\u00fade em Goi\u00e1s"},"content":{"rendered":"\n<p><strong>Evento re\u00fane gestores e profissionais de sa\u00fade de Goi\u00e1s nos dias 7 e 8 de dezembro. Dados da comiss\u00e3o organizadora revelam que 62 trabalhos foram inscritos. Desses, quatro abordam a situa\u00e7\u00e3o epidemiol\u00f3gica das arboviroses<\/strong><\/p>\n\n\n\n<p>Profissionais de sa\u00fade de diferentes munic\u00edpios do Estado est\u00e3o desenvolvendo projetos de pesquisa com o prop\u00f3sito de compreender, analisar e contribuir para o desenvolvimento de a\u00e7\u00f5es que minimizam os casos das doen\u00e7as transmitidas pelo Aedes aegypti em todo o territ\u00f3rio goiano. A s\u00e9tima edi\u00e7\u00e3o da Jornada Cient\u00edfica da Secretaria de Estado da Sa\u00fade de Goi\u00e1s (SES-GO), que acontece nesta quinta e sexta-feira (7 e 8\/12), re\u00fane 62 trabalhos cient\u00edficos. Destes, 4 t\u00eam como tema a situa\u00e7\u00e3o epidemiol\u00f3gica dos casos de dengue e chikungunya em Goi\u00e1s.<\/p>\n\n\n\n<p>A Jornada Cient\u00edfica da SES-GO \u00e9 uma iniciativa da Superintend\u00eancia da Escola de Sa\u00fade de Goi\u00e1s. Esse grande evento tem o objetivo de compartilhar o conhecimento cient\u00edfico de alta qualidade e incentivar a intera\u00e7\u00e3o entre pesquisadores, profissionais de sa\u00fade e popula\u00e7\u00e3o. A abertura oficial da jornada acontece \u00e0s 8h30 desta quinta-feira, na Escola de Sa\u00fade de Goi\u00e1s. Est\u00e3o previstas as presen\u00e7as da subsecret\u00e1ria de Inova\u00e7\u00e3o, Planejamento, Educa\u00e7\u00e3o e Infraestrutura da SES-GO, Ana Carolina Rezende Abrah\u00e3o, e da superintendente da Escola de Sa\u00fade de Goi\u00e1s, Rafaela Veronezi, entre outras autoridades.<\/p>\n\n\n\n<p>Conforme dados da Comiss\u00e3o Organizadora, cerca de 400 profissionais inscreveram-se para participar da jornada, quantidade considerada significativa. Sessenta e dois trabalhos cient\u00edficos foram inscritos para serem apresentados no evento cient\u00edfico, Tais trabalhos abordam temas variados e impactantes, de grande relev\u00e2ncia para a gest\u00e3o, entre os quais seguran\u00e7a do paciente, planifica\u00e7\u00e3o da aten\u00e7\u00e3o prim\u00e1ria, perfil epidemiol\u00f3gico dos casos de dengue e chikungunya, sa\u00fade bucal e uso de libras na assist\u00eancia \u00e0 sa\u00fade.<\/p>\n\n\n\n<p>Dos 62 trabalhos inscritos, 60 foram aprovados. Desses, 20 foram aprovados para apresenta\u00e7\u00e3o oral e publica\u00e7\u00e3o na Revista Cient\u00edfica da Escola de Sa\u00fade (Resap). Os demais 40 ser\u00e3o publicados posteriormente na Resap. Os quatro trabalhos cient\u00edficos sobre as arboviroses foram produzidos por profissionais de sa\u00fade lotados em Palmeiras de Goi\u00e1s, Valpara\u00edso de Goi\u00e1s, Senador Canedo e Catal\u00e3o. Por coincid\u00eancia, cada um desses munic\u00edpios est\u00e1 inserido em uma Regional de Sa\u00fade diferente, o que assegura uma representatividade maior do estudo no Estado.<\/p>\n\n\n\n<p>As arboviroses s\u00e3o apontadas como um grave problema de sa\u00fade p\u00fablica em Goi\u00e1s e em todo o Pa\u00eds. Dados do Minist\u00e9rio da Sa\u00fade e da Organiza\u00e7\u00e3o Pan-Americana de Sa\u00fade, a Regi\u00e3o Centro-Oeste pode ter uma explos\u00e3o de casos da doen\u00e7a, o que refor\u00e7a a necessidade de a\u00e7\u00f5es conjuntas entre a popula\u00e7\u00e3o e o poder p\u00fablico. Os quatro trabalhos inscritos sobre arboviroses destacam a necessidade de ado\u00e7\u00e3o de estrat\u00e9gias para minimizar os casos dessas doen\u00e7as e melhorias no sistema de vigil\u00e2ncia local para a identifica\u00e7\u00e3o e acompanhamento dos casos.<\/p>\n\n\n\n<p><strong><a href=\"https:\/\/goias.gov.br\/saude\/jornada2023\" target=\"_blank\" rel=\"noreferrer noopener\">Clique aqui<\/a> <\/strong>para mais informa\u00e7\u00f5es do evento.<\/p>\n\n\n\n<p>Maria Jos\u00e9 (texto)\/Comunica\u00e7\u00e3o Setorial<br>Arte: SES-GO<\/p>\n","protected":false},"excerpt":{"rendered":"<p>Evento re\u00fane gestores e profissionais de sa\u00fade de Goi\u00e1s nos dias 7 e 8 de dezembro. Dados da comiss\u00e3o organizadora revelam que 62 trabalhos foram inscritos. Desses, quatro abordam a situa\u00e7\u00e3o epidemiol\u00f3gica das arboviroses<\/p>\n","protected":false},"author":698,"featured_media":38095,"comment_status":"closed","ping_status":"open","sticky":false,"template":"","format":"standard","meta":{"footnotes":""},"categories":[3],"tags":[163],"class_list":["post-38094","post","type-post","status-publish","format-standard","has-post-thumbnail","hentry","category-noticias","tag-escola-de-saude"],"rttpg_featured_image_url":{"full":["https:\/\/goias.gov.br\/saude\/wp-content\/uploads\/sites\/34\/2023\/12\/0612-jornadacientifica.jpeg",907,424,false],"landscape":["https:\/\/goias.gov.br\/saude\/wp-content\/uploads\/sites\/34\/2023\/12\/0612-jornadacientifica.jpeg",907,424,false],"portraits":["https:\/\/goias.gov.br\/saude\/wp-content\/uploads\/sites\/34\/2023\/12\/0612-jornadacientifica.jpeg",907,424,false],"thumbnail":["https:\/\/goias.gov.br\/saude\/wp-content\/uploads\/sites\/34\/2023\/12\/0612-jornadacientifica-150x150.jpeg",150,150,true],"medium":["https:\/\/goias.gov.br\/saude\/wp-content\/uploads\/sites\/34\/2023\/12\/0612-jornadacientifica-300x140.jpeg",300,140,true],"large":["https:\/\/goias.gov.br\/saude\/wp-content\/uploads\/sites\/34\/2023\/12\/0612-jornadacientifica.jpeg",907,424,false],"1536x1536":["https:\/\/goias.gov.br\/saude\/wp-content\/uploads\/sites\/34\/2023\/12\/0612-jornadacientifica.jpeg",907,424,false],"2048x2048":["https:\/\/goias.gov.br\/saude\/wp-content\/uploads\/sites\/34\/2023\/12\/0612-jornadacientifica.jpeg",907,424,false]},"rttpg_author":{"display_name":"leidianesilva","author_link":"https:\/\/goias.gov.br\/saude\/author\/leidianesilva\/"},"rttpg_comment":0,"rttpg_category":"<a href=\"https:\/\/goias.gov.br\/saude\/categoria\/noticias\/\" rel=\"category tag\">Not\u00edcias<\/a>","rttpg_excerpt":"Evento re\u00fane gestores e profissionais de sa\u00fade de Goi\u00e1s nos dias 7 e 8 de dezembro. Dados da comiss\u00e3o organizadora revelam que 62 trabalhos foram inscritos. Desses, quatro abordam a situa\u00e7\u00e3o epidemiol\u00f3gica das arboviroses","_links":{"self":[{"href":"https:\/\/goias.gov.br\/saude\/wp-json\/wp\/v2\/posts\/38094","targetHints":{"allow":["GET"]}}],"collection":[{"href":"https:\/\/goias.gov.br\/saude\/wp-json\/wp\/v2\/posts"}],"about":[{"href":"https:\/\/goias.gov.br\/saude\/wp-json\/wp\/v2\/types\/post"}],"author":[{"embeddable":true,"href":"https:\/\/goias.gov.br\/saude\/wp-json\/wp\/v2\/users\/698"}],"replies":[{"embeddable":true,"href":"https:\/\/goias.gov.br\/saude\/wp-json\/wp\/v2\/comments?post=38094"}],"version-history":[{"count":2,"href":"https:\/\/goias.gov.br\/saude\/wp-json\/wp\/v2\/posts\/38094\/revisions"}],"predecessor-version":[{"id":38097,"href":"https:\/\/goias.gov.br\/saude\/wp-json\/wp\/v2\/posts\/38094\/revisions\/38097"}],"wp:featuredmedia":[{"embeddable":true,"href":"https:\/\/goias.gov.br\/saude\/wp-json\/wp\/v2\/media\/38095"}],"wp:attachment":[{"href":"https:\/\/goias.gov.br\/saude\/wp-json\/wp\/v2\/media?parent=38094"}],"wp:term":[{"taxonomy":"category","embeddable":true,"href":"https:\/\/goias.gov.br\/saude\/wp-json\/wp\/v2\/categories?post=38094"},{"taxonomy":"post_tag","embeddable":true,"href":"https:\/\/goias.gov.br\/saude\/wp-json\/wp\/v2\/tags?post=38094"}],"curies":[{"name":"wp","href":"https:\/\/api.w.org\/{rel}","templated":true}]}}