

{"id":38071,"date":"2023-12-06T20:11:26","date_gmt":"2023-12-06T23:11:26","guid":{"rendered":"https:\/\/siteshom.goias.gov.br\/saude\/?p=38071"},"modified":"2023-12-06T20:13:51","modified_gmt":"2023-12-06T23:13:51","slug":"ses-abre-processo-seletivo-para-docentes-para-residencia-medica-e-profissional-da-saude","status":"publish","type":"post","link":"https:\/\/goias.gov.br\/saude\/ses-abre-processo-seletivo-para-docentes-para-residencia-medica-e-profissional-da-saude\/","title":{"rendered":"SES abre processo seletivo para docentes para resid\u00eancia m\u00e9dica e profissional da sa\u00fade"},"content":{"rendered":"\n<p><strong>Edital lan\u00e7ado pela Superintend\u00eancia da Escola de Sa\u00fade prev\u00ea sele\u00e7\u00e3o para cursos do Eixo Transversal dos Programas de Resid\u00eancia Multiprofissional em Sa\u00fade e em \u00e1rea profissional da sa\u00fade na modalidade de educa\u00e7\u00e3o a dist\u00e2ncia<\/strong><\/p>\n\n\n\n<p>A Secretaria de Estado da Sa\u00fade de Goi\u00e1s (SES-GO), por meio da Superintend\u00eancia da Escola de Sa\u00fade, publicou edital de processo seletivo para ingresso de docentes para os cursos do Eixo Transversal dos Programas de Resid\u00eancia Multiprofissional em Sa\u00fade (PRMS) e em \u00e1rea profissional da Sa\u00fade (Prpas) na modalidade de educa\u00e7\u00e3o a dist\u00e2ncia (EaD). O certame \u00e9 v\u00e1lido para o per\u00edodo 2024\/2025. A convocat\u00f3ria tem o objetivo de preencher as vagas de docentes (tutor ass\u00edncrono e conteudista revisor).<\/p>\n\n\n\n<p>As inscri\u00e7\u00f5es podem ser feitas no <strong><a href=\"https:\/\/form.https:\/\/goias.gov.br\/saude\/inscricoes\/processo-seletivo\/form-eixo-transversal-coremu.html\" target=\"_blank\" rel=\"noreferrer noopener\">site do Instituto Verbena<\/a><\/strong>, entre os dias 5 e 10 de novembro. Os candidatos que costumam deixar para a \u00faltima hora devem ficar atentos \u00e0s regras contidas no edital, para n\u00e3o serem prejudicados. O candidato tem at\u00e9 \u00e0s 23h59 do dia 10 de dezembro para realiza\u00e7\u00e3o das inscri\u00e7\u00f5es e emiss\u00f5es de boleto banc\u00e1rio para pagamento.<\/p>\n\n\n\n<p>De acordo com o edital, o processo seletivo oferece tr\u00eas vagas destinadas aos docentes tutores, respons\u00e1veis por acompanhar uma turma de forma ass\u00edncrona. Ser\u00e3o oito vagas para docente conteudista revisor, respons\u00e1vel por revisar o material did\u00e1tico do respectivo m\u00f3dulo a que concorrer. Os docentes selecionados para o cadastro de reserva ser\u00e3o comunicados em momento oportuno sobre a disponibilidade da vaga.<\/p>\n\n\n\n<p>O crit\u00e9rio de classifica\u00e7\u00e3o desse certame vai envolver an\u00e1lise da documenta\u00e7\u00e3o, pontua\u00e7\u00e3o e classifica\u00e7\u00e3o dos candidatos e ser\u00e1 realizado pela Comiss\u00e3o de An\u00e1lise e Homologa\u00e7\u00e3o de Inscri\u00e7\u00f5es, institu\u00edda pela Instru\u00e7\u00e3o Normativa n\u00ba 39\/2023 Sesg, dispon\u00edvel no <strong><a href=\"https:\/\/goias.gov.br\/saude\/escoladesaude\/legislacao\" target=\"_blank\" rel=\"noreferrer noopener\">site da SES.<\/a><\/strong><\/p>\n\n\n\n<p>A sele\u00e7\u00e3o ter\u00e1 fase \u00fanica, de car\u00e1ter eliminat\u00f3rio\/classificat\u00f3rio, por meio da avalia\u00e7\u00e3o de t\u00edtulos e comprova\u00e7\u00e3o de experi\u00eancia. N\u00e3o vai have acumula\u00e7\u00e3o de pontos por t\u00edtulo, e somente ser\u00e3o considerados os t\u00edtulos e experi\u00eancias regularmente comprovados, obedecidos os limites de pontos fixados para cada um deles, conforme regras do edital.<\/p>\n\n\n\n<p>Ernesto Fleuri\/Superintend\u00eancia da Escola de Sa\u00fade de Goi\u00e1s<\/p>\n","protected":false},"excerpt":{"rendered":"<p>Edital lan\u00e7ado pela Superintend\u00eancia da Escola de Sa\u00fade prev\u00ea sele\u00e7\u00e3o para cursos do Eixo Transversal dos Programas de Resid\u00eancia Multiprofissional em Sa\u00fade e em \u00e1rea profissional da sa\u00fade na modalidade de educa\u00e7\u00e3o a dist\u00e2ncia<\/p>\n","protected":false},"author":698,"featured_media":38072,"comment_status":"closed","ping_status":"open","sticky":false,"template":"","format":"standard","meta":{"footnotes":""},"categories":[3],"tags":[163],"class_list":["post-38071","post","type-post","status-publish","format-standard","has-post-thumbnail","hentry","category-noticias","tag-escola-de-saude"],"rttpg_featured_image_url":{"full":["https:\/\/goias.gov.br\/saude\/wp-content\/uploads\/sites\/34\/2023\/12\/0612-medicofreepik.jpeg",876,377,false],"landscape":["https:\/\/goias.gov.br\/saude\/wp-content\/uploads\/sites\/34\/2023\/12\/0612-medicofreepik.jpeg",876,377,false],"portraits":["https:\/\/goias.gov.br\/saude\/wp-content\/uploads\/sites\/34\/2023\/12\/0612-medicofreepik.jpeg",876,377,false],"thumbnail":["https:\/\/goias.gov.br\/saude\/wp-content\/uploads\/sites\/34\/2023\/12\/0612-medicofreepik-150x150.jpeg",150,150,true],"medium":["https:\/\/goias.gov.br\/saude\/wp-content\/uploads\/sites\/34\/2023\/12\/0612-medicofreepik-300x129.jpeg",300,129,true],"large":["https:\/\/goias.gov.br\/saude\/wp-content\/uploads\/sites\/34\/2023\/12\/0612-medicofreepik.jpeg",876,377,false],"1536x1536":["https:\/\/goias.gov.br\/saude\/wp-content\/uploads\/sites\/34\/2023\/12\/0612-medicofreepik.jpeg",876,377,false],"2048x2048":["https:\/\/goias.gov.br\/saude\/wp-content\/uploads\/sites\/34\/2023\/12\/0612-medicofreepik.jpeg",876,377,false]},"rttpg_author":{"display_name":"leidianesilva","author_link":"https:\/\/goias.gov.br\/saude\/author\/leidianesilva\/"},"rttpg_comment":0,"rttpg_category":"<a href=\"https:\/\/goias.gov.br\/saude\/categoria\/noticias\/\" rel=\"category tag\">Not\u00edcias<\/a>","rttpg_excerpt":"Edital lan\u00e7ado pela Superintend\u00eancia da Escola de Sa\u00fade prev\u00ea sele\u00e7\u00e3o para cursos do Eixo Transversal dos Programas de Resid\u00eancia Multiprofissional em Sa\u00fade e em \u00e1rea profissional da sa\u00fade na modalidade de educa\u00e7\u00e3o a dist\u00e2ncia","_links":{"self":[{"href":"https:\/\/goias.gov.br\/saude\/wp-json\/wp\/v2\/posts\/38071","targetHints":{"allow":["GET"]}}],"collection":[{"href":"https:\/\/goias.gov.br\/saude\/wp-json\/wp\/v2\/posts"}],"about":[{"href":"https:\/\/goias.gov.br\/saude\/wp-json\/wp\/v2\/types\/post"}],"author":[{"embeddable":true,"href":"https:\/\/goias.gov.br\/saude\/wp-json\/wp\/v2\/users\/698"}],"replies":[{"embeddable":true,"href":"https:\/\/goias.gov.br\/saude\/wp-json\/wp\/v2\/comments?post=38071"}],"version-history":[{"count":1,"href":"https:\/\/goias.gov.br\/saude\/wp-json\/wp\/v2\/posts\/38071\/revisions"}],"predecessor-version":[{"id":38075,"href":"https:\/\/goias.gov.br\/saude\/wp-json\/wp\/v2\/posts\/38071\/revisions\/38075"}],"wp:featuredmedia":[{"embeddable":true,"href":"https:\/\/goias.gov.br\/saude\/wp-json\/wp\/v2\/media\/38072"}],"wp:attachment":[{"href":"https:\/\/goias.gov.br\/saude\/wp-json\/wp\/v2\/media?parent=38071"}],"wp:term":[{"taxonomy":"category","embeddable":true,"href":"https:\/\/goias.gov.br\/saude\/wp-json\/wp\/v2\/categories?post=38071"},{"taxonomy":"post_tag","embeddable":true,"href":"https:\/\/goias.gov.br\/saude\/wp-json\/wp\/v2\/tags?post=38071"}],"curies":[{"name":"wp","href":"https:\/\/api.w.org\/{rel}","templated":true}]}}