

{"id":3742,"date":"2016-10-27T14:19:35","date_gmt":"2016-10-27T16:19:35","guid":{"rendered":"https:\/\/siteshom.goias.gov.br\/saude\/goias-e-df-intensificam-acao-contra-o-aedes\/"},"modified":"2016-10-27T14:19:35","modified_gmt":"2016-10-27T16:19:35","slug":"goias-e-df-intensificam-acao-contra-o-aedes","status":"publish","type":"post","link":"https:\/\/goias.gov.br\/saude\/goias-e-df-intensificam-acao-contra-o-aedes\/","title":{"rendered":"Goi\u00e1s e DF intensificam a\u00e7\u00e3o contra o Aedes"},"content":{"rendered":"<p>For\u00e7a-tarefa da Sala Interfederativa criada pelos governos de Goi\u00e1s e do Distrito Federal concentrar\u00e1 esfor\u00e7os contra o mosquito Aedes, no distrito de Vendinha (munic\u00edpios de Padre Bernardo), dia 8 de novembro, e dia 8 de dezembro, na cidade de Valpara\u00edso de Goi\u00e1s. A Sala foi criada para solucionar quest\u00f5es comuns na \u00e1rea de Sa\u00fade. Ambas cidades, situadas na regi\u00e3o do Entorno do DF, possuem problemas comuns que favorecem a prolifera\u00e7\u00e3o do vetor como alto \u00edndice de im\u00f3veis fechados.<\/p>\n<div class=\"tx cl\">\n<p>Desde o dia 17 de setembro, todos os 19 munic\u00edpios goianos que integram o entorno do Distrito Federal (DF) j\u00e1 est\u00e3o realizando a\u00e7\u00f5es abrangentes com o prop\u00f3sito de manter extremamente baixos os \u00edndices de infesta\u00e7\u00e3o do Aedes aegypti.<\/p>\n<p>A defini\u00e7\u00e3o do cronograma e das estrat\u00e9gias das a\u00e7\u00f5es a serem efetivadas foi tomada no dia 26 de outubro, durante reuni\u00e3o da Sala Interfederativa, realizada no Centro de Informa\u00e7\u00f5es e Decis\u00f5es Estrat\u00e9gicas em Sa\u00fade (Conecta SUS) Zilda Arms Neumann, na sede da Secretaria de Estado da Sa\u00fade (SES-GO).<\/p>\n<p>\u201cEm Padre Bernardo estamos, inclusive, vendo a possibilidade de levar maquin\u00e1rio para coleta de pneus e, em Valpara\u00edso, por ser cidade considerada dormit\u00f3rio, atuaremos no final da tarde e nos finais de semana\u201d, explica o comandante da Opera\u00e7\u00e3o em Goi\u00e1s Coronel Bombeiro Militar, M\u00facio dos Santos.<\/p>\n<p>M\u00facio explica que, a cada 15 dias, representantes dos governos de Goi\u00e1s e do DF, encontram-se, pela sala Interfederativa, para avaliar os trabalhos e levantar situa\u00e7\u00f5es que necessitam de uma atua\u00e7\u00e3o diferenciada.<\/p>\n<p>\u201cQuando identificamos munic\u00edpios com dificuldades, reunimos as secretarias de Sa\u00fade, Corpo de Bombeiros das duas federa\u00e7\u00f5es e levamos ajuda para essas localidades\u201d, pontuou.<\/p>\n<p><strong>Opera\u00e7\u00e3o \u201cGoi\u00e1s contra o Aedes\u201d<\/strong><\/p>\n<p>Eliminar todos os focos do Aedes aegypti, em Goi\u00e1s, constitui um dos objetivos da SES-GO. Em dezembro do ano passado, a SES-GO, em parceria com o Corpo de Bombeiros, prefeituras municipais e profissionais de sa\u00fade, deflagrou a for\u00e7a-tarefa \u201cGoi\u00e1s contra o Aedes\u201d.<\/p>\n<p>A a\u00e7\u00e3o, desenvolvida simultaneamente e de forma cont\u00ednua, em todos os munic\u00edpios goianos, reduziu de forma significativa, a quantidade de focos do mosquito transmissor da dengue, zika e chikungunya.<\/p>\n<p>A iniciativa foi t\u00e3o bem-sucedida que, nos seis primeiros meses do ano, os \u00edndices de infesta\u00e7\u00e3o do Aedes ca\u00edram de 3,99% para 0,21% em todo o Estado. Neste per\u00edodo, cerca de 100 mil focos do Aedes foram eliminados, 10 milh\u00f5es de visitas domiciliares foram realizadas e 100 milh\u00f5es de vetores impedidos de nascer, o que representa uma diminui\u00e7\u00e3o de 95% do \u00edndice de infesta\u00e7\u00e3o do mosquito em Goi\u00e1s. Os resultados foram t\u00e3o positivos que 30 munic\u00edpios do Estado receberam certificados de Munic\u00edpios Livres do Aedes. Os demais 216 apresentavam menos de 1% de infesta\u00e7\u00e3o.<\/p>\n<p>A Sala Interfederativa foi estruturada em mar\u00e7o deste ano, com o prop\u00f3sito de intensificar a a\u00e7\u00e3o para a erradica\u00e7\u00e3o do Aedes nos munic\u00edpios do Entorno do DF e nos pr\u00f3prios munic\u00edpios do DF, que apresentavam, na ocasi\u00e3o, elevados \u00edndices de infesta\u00e7\u00e3o.<\/p>\n<p>Al\u00e9m de definir o cronograma e a forma de atua\u00e7\u00e3o nos dois pr\u00f3ximos meses, ficou acordado, durante a reuni\u00e3o da Sala Interfederativa, a realiza\u00e7\u00e3o de solenidades de mobiliza\u00e7\u00e3o da comunidade, nos 41 munic\u00edpios do Estado, onde existem quart\u00e9is do Corpo de Bombeiros.<\/p>\n<p>Uma delas ser\u00e1 realizada no dia 4 de novembro, em Luzi\u00e2nia, com a presen\u00e7a de representantes da SES-GO, do Corpo de Bombeiros, lideran\u00e7as municipais e componentes de entidades e institui\u00e7\u00f5es parceiras al\u00e9m do governo do Distrito Federal como Secretaria de Sa\u00fade do DF e Corpo de Bombeiros daquela federa\u00e7\u00e3o.<\/p>\n<\/div>\n","protected":false},"excerpt":{"rendered":"<p>For\u00e7a-tarefa da Sala Interfederativa criada pelos governos de Goi\u00e1s e do Distrito Federal concentrar\u00e1 esfor\u00e7os contra o mosquito Aedes, no distrito de Vendinha (munic\u00edpios de Padre Bernardo), dia 8 de novembro, e dia 8 de dezembro, na cidade de Valpara\u00edso de Goi\u00e1s. A Sala foi criada para solucionar quest\u00f5es comuns na \u00e1rea de Sa\u00fade. Ambas [&hellip;]<\/p>\n","protected":false},"author":46,"featured_media":0,"comment_status":"closed","ping_status":"open","sticky":false,"template":"","format":"standard","meta":{"footnotes":""},"categories":[3],"tags":[],"class_list":["post-3742","post","type-post","status-publish","format-standard","hentry","category-noticias"],"rttpg_featured_image_url":null,"rttpg_author":{"display_name":"cleybetsls","author_link":"https:\/\/goias.gov.br\/saude\/author\/cleybetsls\/"},"rttpg_comment":0,"rttpg_category":"<a href=\"https:\/\/goias.gov.br\/saude\/categoria\/noticias\/\" rel=\"category tag\">Not\u00edcias<\/a>","rttpg_excerpt":"For\u00e7a-tarefa da Sala Interfederativa criada pelos governos de Goi\u00e1s e do Distrito Federal concentrar\u00e1 esfor\u00e7os contra o mosquito Aedes, no distrito de Vendinha (munic\u00edpios de Padre Bernardo), dia 8 de novembro, e dia 8 de dezembro, na cidade de Valpara\u00edso de Goi\u00e1s. A Sala foi criada para solucionar quest\u00f5es comuns na \u00e1rea de Sa\u00fade. Ambas&hellip;","_links":{"self":[{"href":"https:\/\/goias.gov.br\/saude\/wp-json\/wp\/v2\/posts\/3742","targetHints":{"allow":["GET"]}}],"collection":[{"href":"https:\/\/goias.gov.br\/saude\/wp-json\/wp\/v2\/posts"}],"about":[{"href":"https:\/\/goias.gov.br\/saude\/wp-json\/wp\/v2\/types\/post"}],"author":[{"embeddable":true,"href":"https:\/\/goias.gov.br\/saude\/wp-json\/wp\/v2\/users\/46"}],"replies":[{"embeddable":true,"href":"https:\/\/goias.gov.br\/saude\/wp-json\/wp\/v2\/comments?post=3742"}],"version-history":[{"count":0,"href":"https:\/\/goias.gov.br\/saude\/wp-json\/wp\/v2\/posts\/3742\/revisions"}],"wp:attachment":[{"href":"https:\/\/goias.gov.br\/saude\/wp-json\/wp\/v2\/media?parent=3742"}],"wp:term":[{"taxonomy":"category","embeddable":true,"href":"https:\/\/goias.gov.br\/saude\/wp-json\/wp\/v2\/categories?post=3742"},{"taxonomy":"post_tag","embeddable":true,"href":"https:\/\/goias.gov.br\/saude\/wp-json\/wp\/v2\/tags?post=3742"}],"curies":[{"name":"wp","href":"https:\/\/api.w.org\/{rel}","templated":true}]}}