

{"id":3670,"date":"2016-12-02T15:20:00","date_gmt":"2016-12-02T17:20:00","guid":{"rendered":"https:\/\/siteshom.goias.gov.br\/saude\/advogada-geral-da-uniao-mobiliza-goiania-contra-o-aedes\/"},"modified":"2016-12-02T15:20:00","modified_gmt":"2016-12-02T17:20:00","slug":"advogada-geral-da-uniao-mobiliza-goiania-contra-o-aedes","status":"publish","type":"post","link":"https:\/\/goias.gov.br\/saude\/advogada-geral-da-uniao-mobiliza-goiania-contra-o-aedes\/","title":{"rendered":"Advogada\u2013Geral da Uni\u00e3o mobiliza Goi\u00e2nia contra o Aedes"},"content":{"rendered":"<p>A advogada-Geral da Uni\u00e3o, Grace Mendon\u00e7a, esteve hoje, 2.12, no Setor Negr\u00e3o de Lima, para a abertura da campanha nacional \u201c#MosquitoN\u00e3o\u201d contra a prolifera\u00e7\u00e3o no Aedes Aegypti no Brasil. Participaram da abertura a superintendente de Educa\u00e7\u00e3o em Sa\u00fade da Secretaria da Sa\u00fade, Irani Ribeiro, representando o Secret\u00e1rio Estadual de Sa\u00fade, Leonardo Vilela.<\/p>\n<div class=\"tx cl\">\n<p>Essa campanha ocorre hoje, nacionalmente, onde ministros foram deslocados para v\u00e1rias cidades no intuito de divulgar a campanha. \u201cGoi\u00e1s vai muito bem e os dados revelam, inclusive, uma redu\u00e7\u00e3o do n\u00famero de notifica\u00e7\u00f5es em rela\u00e7\u00e3o ao ano passado. Hoje \u00e9 um dia de conscientiza\u00e7\u00e3o onde o governo federal se envolve diretamente com essa causa que foi considerada priorit\u00e1ria para o governo e trabalhar junto com a popula\u00e7\u00e3o\u201d, disse.<\/p>\n<p>A mobiliza\u00e7\u00e3o\u00a0<strong>Sexta sem mosquito<\/strong>\u00a0conclama toda a popula\u00e7\u00e3o brasileira a tirar alguns minutos do dia na sexta-feira para a faxina necess\u00e1ria, a forma mais eficaz de proteger a popula\u00e7\u00e3o contra zika, dengue e chikungunya.<\/p>\n<p>Para Irani Ribeiro, o governo de Goi\u00e1s tem feito o que \u00e9 necess\u00e1rio, mas \u00e9 importante que a popula\u00e7\u00e3o esteja alerta e n\u00e3o deixe lixo ou objetos sem utilidade em casa que possam acumular \u00e1gua parada.<\/p>\n<p>Para Coronel Edmilsom Lopes, subcomandante em Exerc\u00edcio do Corpo de Bombeiros, destaca a import\u00e2ncia da a\u00e7\u00e3o conjunta. \u201cO Corpo de Bombeiros \u00e9 um parceiro nessa luta contra o mosquito que t\u00eam causado tanto transtorno. Somos parceiros da Secretaria da Sa\u00fade para diminuir o n\u00famero de registros dessas doen\u00e7as. O Bombeiro, como volunt\u00e1rio da Paz, est\u00e1 sempre disposto a ajudar as pessoas\u201d, diz.<\/p>\n<p>Ap\u00f3s o evento oficial, todas as autoridades visitaram a casa da aposentada Alzira Mota que recebeu orienta\u00e7\u00f5es para proteger a resid\u00eancia dela da poss\u00edvel prolifera\u00e7\u00e3o de focos do Aedes.<\/p>\n<p>Na sequ\u00eancia, a advogada-geral da Uni\u00e3o veio visitar o Conecta-SUS Zilda Arns Newmann, centro estrat\u00e9gico de dados em Sa\u00fade, localizado na sede da Secretaria de Estado da Sa\u00fade. \u201cEstamos realmente impressionados com o trabalho realizado em Goi\u00e1s contra o mosquito\u201d, salientou.<\/p>\n<\/div>\n","protected":false},"excerpt":{"rendered":"<p>A advogada-Geral da Uni\u00e3o, Grace Mendon\u00e7a, esteve hoje, 2.12, no Setor Negr\u00e3o de Lima, para a abertura da campanha nacional \u201c#MosquitoN\u00e3o\u201d contra a prolifera\u00e7\u00e3o no Aedes Aegypti no Brasil. Participaram da abertura a superintendente de Educa\u00e7\u00e3o em Sa\u00fade da Secretaria da Sa\u00fade, Irani Ribeiro, representando o Secret\u00e1rio Estadual de Sa\u00fade, Leonardo Vilela. Essa campanha ocorre [&hellip;]<\/p>\n","protected":false},"author":46,"featured_media":0,"comment_status":"closed","ping_status":"open","sticky":false,"template":"","format":"standard","meta":{"footnotes":""},"categories":[3],"tags":[],"class_list":["post-3670","post","type-post","status-publish","format-standard","hentry","category-noticias"],"rttpg_featured_image_url":null,"rttpg_author":{"display_name":"cleybetsls","author_link":"https:\/\/goias.gov.br\/saude\/author\/cleybetsls\/"},"rttpg_comment":0,"rttpg_category":"<a href=\"https:\/\/goias.gov.br\/saude\/categoria\/noticias\/\" rel=\"category tag\">Not\u00edcias<\/a>","rttpg_excerpt":"A advogada-Geral da Uni\u00e3o, Grace Mendon\u00e7a, esteve hoje, 2.12, no Setor Negr\u00e3o de Lima, para a abertura da campanha nacional \u201c#MosquitoN\u00e3o\u201d contra a prolifera\u00e7\u00e3o no Aedes Aegypti no Brasil. Participaram da abertura a superintendente de Educa\u00e7\u00e3o em Sa\u00fade da Secretaria da Sa\u00fade, Irani Ribeiro, representando o Secret\u00e1rio Estadual de Sa\u00fade, Leonardo Vilela. Essa campanha ocorre&hellip;","_links":{"self":[{"href":"https:\/\/goias.gov.br\/saude\/wp-json\/wp\/v2\/posts\/3670","targetHints":{"allow":["GET"]}}],"collection":[{"href":"https:\/\/goias.gov.br\/saude\/wp-json\/wp\/v2\/posts"}],"about":[{"href":"https:\/\/goias.gov.br\/saude\/wp-json\/wp\/v2\/types\/post"}],"author":[{"embeddable":true,"href":"https:\/\/goias.gov.br\/saude\/wp-json\/wp\/v2\/users\/46"}],"replies":[{"embeddable":true,"href":"https:\/\/goias.gov.br\/saude\/wp-json\/wp\/v2\/comments?post=3670"}],"version-history":[{"count":0,"href":"https:\/\/goias.gov.br\/saude\/wp-json\/wp\/v2\/posts\/3670\/revisions"}],"wp:attachment":[{"href":"https:\/\/goias.gov.br\/saude\/wp-json\/wp\/v2\/media?parent=3670"}],"wp:term":[{"taxonomy":"category","embeddable":true,"href":"https:\/\/goias.gov.br\/saude\/wp-json\/wp\/v2\/categories?post=3670"},{"taxonomy":"post_tag","embeddable":true,"href":"https:\/\/goias.gov.br\/saude\/wp-json\/wp\/v2\/tags?post=3670"}],"curies":[{"name":"wp","href":"https:\/\/api.w.org\/{rel}","templated":true}]}}