

{"id":356303,"date":"2025-05-12T11:06:30","date_gmt":"2025-05-12T14:06:30","guid":{"rendered":"https:\/\/goias.gov.br\/saude\/?p=356303"},"modified":"2025-05-13T12:20:02","modified_gmt":"2025-05-13T15:20:02","slug":"ses-lanca-edicao-especial-da-resap-com-historias-de-sucesso-na-gestao-publica-da-saude","status":"publish","type":"post","link":"https:\/\/goias.gov.br\/saude\/ses-lanca-edicao-especial-da-resap-com-historias-de-sucesso-na-gestao-publica-da-saude\/","title":{"rendered":"SES lan\u00e7a edi\u00e7\u00e3o especial da Resap com hist\u00f3rias de sucesso na gest\u00e3o p\u00fablica da sa\u00fade"},"content":{"rendered":"\n<p class=\"has-text-align-center\"><strong>Revista cient\u00edfica publicada pela Escola de Sa\u00fade de Goi\u00e1s re\u00fane experi\u00eancias exitosas realizadas por diferentes \u00e1reas da secretaria, evidenciando a qualidade das a\u00e7\u00f5es realizadas em sa\u00fade p\u00fablica<\/strong><\/p>\n\n\n\n<!--more-->\n\n\n\n<figure class=\"wp-block-image size-large\"><img fetchpriority=\"high\" decoding=\"async\" width=\"819\" height=\"1024\" src=\"https:\/\/goias.gov.br\/saude\/wp-content\/uploads\/sites\/34\/2025\/05\/ResapInterna-1-1-819x1024.jpeg\" alt=\"\" class=\"wp-image-356318\" srcset=\"https:\/\/goias.gov.br\/saude\/wp-content\/uploads\/sites\/34\/2025\/05\/ResapInterna-1-1-819x1024.jpeg 819w, https:\/\/goias.gov.br\/saude\/wp-content\/uploads\/sites\/34\/2025\/05\/ResapInterna-1-1-240x300.jpeg 240w, https:\/\/goias.gov.br\/saude\/wp-content\/uploads\/sites\/34\/2025\/05\/ResapInterna-1-1-768x960.jpeg 768w, https:\/\/goias.gov.br\/saude\/wp-content\/uploads\/sites\/34\/2025\/05\/ResapInterna-1-1.jpeg 1080w\" sizes=\"(max-width: 819px) 100vw, 819px\" \/><\/figure>\n\n\n\n<p>A Secretaria de Estado da Sa\u00fade de Goi\u00e1s (SES-GO), por meio da Ger\u00eancia de Pesquisa e Inova\u00e7\u00e3o da Superintend\u00eancia da Escola de Sa\u00fade de Goi\u00e1s, realiza, nesta ter\u00e7a-feira (13\/05), das 8 horas \u00e0s 12 horas, o lan\u00e7amento da edi\u00e7\u00e3o especial da Revista Cient\u00edfica da Escola Estadual de Sa\u00fade de Goi\u00e1s (Resap), com o tema Hist\u00f3rias de Sucesso da SES-GO. O evento ser\u00e1 realizado no audit\u00f3rio do Hospital Estadual da Crian\u00e7a e do Adolescente (Hecad), em Goi\u00e2nia.<\/p>\n\n\n\n<p>A solenidade contar\u00e1 com a presen\u00e7a do secret\u00e1rio de Estado da Sa\u00fade de Goi\u00e1s, Ras\u00edvel Santos, e de representantes da alta gest\u00e3o da SES-GO. O lan\u00e7amento \u00e9 aberto a servidores estaduais e tem como objetivo fomentar a educa\u00e7\u00e3o em sa\u00fade e a pesquisa, valorizar experi\u00eancias exitosas no \u00e2mbito do Sistema \u00danico de Sa\u00fade (SUS) e promover a dissemina\u00e7\u00e3o de boas pr\u00e1ticas. A iniciativa busca destacar projetos bem-sucedidos implementados nas unidades e superintend\u00eancias da SES-GO que geraram impacto positivo na gest\u00e3o p\u00fablica e na vida da popula\u00e7\u00e3o goiana.<\/p>\n\n\n\n<p>A edi\u00e7\u00e3o especial re\u00fane 29 resumos expandidos, que retratam experi\u00eancias concretas desenvolvidas em diferentes \u00e1reas da secretaria. \u201cO resultado \u00e9 um material abrangente e de excel\u00eancia, que evidencia a qualidade do trabalho realizado pelas equipes da sa\u00fade p\u00fablica em Goi\u00e1s, al\u00e9m de consolidar a Resap como ferramenta institucional de comunica\u00e7\u00e3o cient\u00edfica na SES-GO\u201d, destaca a editora-chefe da revista, Alessandra Marques Cardoso.<\/p>\n\n\n\n<p>\u201cA publica\u00e7\u00e3o desta edi\u00e7\u00e3o especial vem ao encontro da institucionaliza\u00e7\u00e3o da Resap ap\u00f3s dez anos de sua cria\u00e7\u00e3o, por meio da publica\u00e7\u00e3o da Portaria 87, publicada no dia 9 de janeiro de 2025. Essa conquista refor\u00e7a a import\u00e2ncia da Resap como ferramenta de comunica\u00e7\u00e3o cient\u00edfica do SUS para a sociedade\u201d, explica a gerente de Pesquisa e Inova\u00e7\u00e3o da Sesg, Fernanda Pimenta Simon Ferreira.<\/p>\n\n\n\n<p>Durante o evento, 14 publica\u00e7\u00f5es da revista ser\u00e3o apresentadas ao p\u00fablico, entre elas, Imuniza Goi\u00e1s &#8211; Ferramenta de Inova\u00e7\u00e3o e Sucesso na Amplia\u00e7\u00e3o das Coberturas Vacinais em Goi\u00e1s, desenvolvida pela Subsecretaria de Vigil\u00e2ncia em Sa\u00fade (Suvisa); Implementa\u00e7\u00e3o da Pol\u00edtica Antimanicomial em Goi\u00e1s por meio do Programa de Aten\u00e7\u00e3o Integral em Liberdade (Paili), da Superintend\u00eancia de Pol\u00edticas e Aten\u00e7\u00e3o Intgral \u00e0 Sa\u00fade (Spais); Programa Mais EPS: Educa\u00e7\u00e3o Permanente como Estrat\u00e9gia de Fortalecimento do SUS em Goi\u00e1s, desenvolvido pela Superintend\u00eancia da Escola de Sa\u00fade de Goi\u00e1s, e Sa\u00fade em Espera: Explorando as Potencialidades e Fragilidades na Implanta\u00e7\u00e3o do Fluxo, realizada pela Regula\u00e7\u00e3o da SES-GO.<\/p>\n\n\n\n<p>Al\u00e9m do secret\u00e1rio Ras\u00edvel Santos, o lan\u00e7amento da revista contar\u00e1 com as presen\u00e7as da subsecret\u00e1ria de Inova\u00e7\u00e3o, Planejamento, Educa\u00e7\u00e3o e Infraestrutura, Ana Carolina Abrah\u00e3o; da subsecret\u00e1ria de Vigil\u00e2ncia em Sa\u00fade, Fl\u00favia Amorim; do subsecret\u00e1rio de Controle Interno e Conpliance, Jos\u00e9 Augusto Carneiro; do subsecret\u00e1rio de Pol\u00edticas e A\u00e7\u00f5es em Sa\u00fade, Luciano de Moura Carvalho, e da superintendente da Escola de Sa\u00fade de Goi\u00e1s, Rafaela Veronezzi.<\/p>\n\n\n\n<p>Conhecimento cient\u00edfico acess\u00edvel e de qualidade<br>A Revista Cient\u00edfica da Escola de Sa\u00fade de Goi\u00e1s \u00e9 um peri\u00f3dico eletr\u00f4nico de acesso aberto e gratuito, dispon\u00edvel no site http:\/\/www.revista.esap.go.gov.br. Sua miss\u00e3o \u00e9 promover a dissemina\u00e7\u00e3o de conhecimento cient\u00edfico original e revisado por especialistas, com foco em Sa\u00fade P\u00fablica, Sa\u00fade Coletiva, Educa\u00e7\u00e3o e Gest\u00e3o em Sa\u00fade, contribuindo para o fortalecimento do SUS por meio de pesquisas com alta relev\u00e2ncia e aplicabilidade.<\/p>\n\n\n\n<p>Desde sua cria\u00e7\u00e3o, em 2015, a Resap segue os princ\u00edpios do Acesso Aberto, garantindo que todo o conte\u00fado esteja dispon\u00edvel gratuitamente e de forma inclusiva. Em 2024, esse compromisso foi refor\u00e7ado com a ado\u00e7\u00e3o da licen\u00e7a Creative Commons Attribution 4.0, que permite o uso, compartilhamento e adapta\u00e7\u00e3o dos artigos, desde que os autores sejam devidamente creditados.<\/p>\n\n\n\n<p>A qualidade editorial da Resap tem ampliado sua visibilidade na comunidade cient\u00edfica. A revista integra importantes bases e diret\u00f3rios, como o Latindex (cat\u00e1logo 1.0), Miguilim e o Portal de Revistas Cient\u00edficas em Ci\u00eancias da Sa\u00fade da Biblioteca Virtual em Sa\u00fade. Al\u00e9m disso, foi classificada com Qualis B1 da Funda\u00e7\u00e3o Coordena\u00e7\u00e3o de Aperfei\u00e7oamento de Pessoal de N\u00edvel Superior Capes (2017\u20132020), reconhecimento que consolida sua import\u00e2ncia como ve\u00edculo de divulga\u00e7\u00e3o cient\u00edfica voltado \u00e0 sa\u00fade p\u00fablica.<\/p>\n\n\n\n<p>Gabriela Dutra\/Secretaria de Estado da Sa\u00fade de Goi\u00e1s<\/p>\n\n\n\n<p>Ilustra\u00e7\u00e3o: Escola de Sa\u00fade de Goi\u00e1s<\/p>\n","protected":false},"excerpt":{"rendered":"<p>SES lan\u00e7a edi\u00e7\u00e3o especial da Resap com hist\u00f3rias de sucesso na gest\u00e3o p\u00fablica da sa\u00fade<\/p>\n<p>Revista cient\u00edfica publicada pela Escola de Sa\u00fade de Goi\u00e1s re\u00fane experi\u00eancias exitosas realizadas por diferentes \u00e1reas da secretaria, evidenciando a qualidade das a\u00e7\u00f5es realizadas em sa\u00fade p\u00fablica<\/p>\n<p>A Secretaria de Estado da Sa\u00fade de Goi\u00e1s (SES-GO), por meio da Ger\u00eancia de Pesquisa e Inova\u00e7\u00e3o da Superintend\u00eancia da Escola de Sa\u00fade de Goi\u00e1s, realiza, nesta ter\u00e7a-feira (13\/05), das 8 horas \u00e0s 12 horas, o lan\u00e7amento da edi\u00e7\u00e3o especial da Revista Cient\u00edfica da Escola Estadual de Sa\u00fade de Goi\u00e1s (Resap), com o tema Hist\u00f3rias de Sucesso da SES-GO. O evento ser\u00e1 realizado no audit\u00f3rio do Hospital Estadual da Crian\u00e7a e do Adolescente (Hecad), em Goi\u00e2nia.<\/p>\n<p>A solenidade contar\u00e1 com a presen\u00e7a do secret\u00e1rio de Estado da Sa\u00fade de Goi\u00e1s, Ras\u00edvel Santos, e de representantes da alta gest\u00e3o da SES-GO. O lan\u00e7amento \u00e9 aberto a servidores estaduais e tem como objetivo fomentar a educa\u00e7\u00e3o em sa\u00fade e a pesquisa, valorizar experi\u00eancias exitosas no \u00e2mbito do Sistema \u00danico de Sa\u00fade (SUS) e promover a dissemina\u00e7\u00e3o de boas pr\u00e1ticas. A iniciativa busca destacar projetos bem-sucedidos implementados nas unidades e superintend\u00eancias da SES-GO que geraram impacto positivo na gest\u00e3o p\u00fablica e na vida da popula\u00e7\u00e3o goiana.<\/p>\n<p>A edi\u00e7\u00e3o especial re\u00fane 29 resumos expandidos, que retratam experi\u00eancias concretas desenvolvidas em diferentes \u00e1reas da secretaria. \u201cO resultado \u00e9 um material abrangente e de excel\u00eancia, que evidencia a qualidade do trabalho realizado pelas equipes da sa\u00fade p\u00fablica em Goi\u00e1s, al\u00e9m de consolidar a Resap como ferramenta institucional de comunica\u00e7\u00e3o cient\u00edfica na SES-GO\u201d, destaca a editora-chefe da revista, Alessandra Marques Cardoso.<\/p>\n<p>\u201cA publica\u00e7\u00e3o desta edi\u00e7\u00e3o especial vem ao encontro da institucionaliza\u00e7\u00e3o da Resap ap\u00f3s dez anos de sua cria\u00e7\u00e3o, por meio da publica\u00e7\u00e3o da Portaria 87, publicada no dia 9 de janeiro de 2025. Essa conquista refor\u00e7a a import\u00e2ncia da Resap como ferramenta de comunica\u00e7\u00e3o cient\u00edfica do SUS para a sociedade\u201d, explica a gerente de Pesquisa e Inova\u00e7\u00e3o da Sesg, Fernanda Pimenta Simon Ferreira.<\/p>\n<p>Durante o evento, 14 publica\u00e7\u00f5es da revista ser\u00e3o apresentadas ao p\u00fablico, entre elas, Imuniza Goi\u00e1s &#8211; Ferramenta de Inova\u00e7\u00e3o e Sucesso na Amplia\u00e7\u00e3o das Coberturas Vacinais em Goi\u00e1s, desenvolvida pela Subsecretaria de Vigil\u00e2ncia em Sa\u00fade (Suvisa); Implementa\u00e7\u00e3o da Pol\u00edtica Antimanicomial em Goi\u00e1s por meio do Programa de Aten\u00e7\u00e3o Integral em Liberdade (Paili), da Superintend\u00eancia de Pol\u00edticas e Aten\u00e7\u00e3o Intgral \u00e0 Sa\u00fade (Spais); Programa Mais EPS: Educa\u00e7\u00e3o Permanente como Estrat\u00e9gia de Fortalecimento do SUS em Goi\u00e1s, desenvolvido pela Superintend\u00eancia da Escola de Sa\u00fade de Goi\u00e1s, e Sa\u00fade em Espera: Explorando as Potencialidades e Fragilidades na Implanta\u00e7\u00e3o do Fluxo, realizada pela Regula\u00e7\u00e3o da SES-GO.<\/p>\n<p>Al\u00e9m do secret\u00e1rio Ras\u00edvel Santos, o lan\u00e7amento da revista contar\u00e1 com as presen\u00e7as da subsecret\u00e1ria de Inova\u00e7\u00e3o, Planejamento, Educa\u00e7\u00e3o e Infraestrutura, Ana Carolina Abrah\u00e3o; da subsecret\u00e1ria de Vigil\u00e2ncia em Sa\u00fade, Fl\u00favia Amorim; do subsecret\u00e1rio de Controle Interno e Conpliance, Jos\u00e9 Augusto Carneiro; do subsecret\u00e1rio de Pol\u00edticas e A\u00e7\u00f5es em Sa\u00fade, Luciano de Moura Carvalho, e da superintendente da Escola de Sa\u00fade de Goi\u00e1s, Rafaela Veronezzi.<\/p>\n<p>Conhecimento cient\u00edfico acess\u00edvel e de qualidade<br \/>\nA Revista Cient\u00edfica da Escola de Sa\u00fade de Goi\u00e1s \u00e9 um peri\u00f3dico eletr\u00f4nico de acesso aberto e gratuito, dispon\u00edvel no site http:\/\/www.revista.esap.go.gov.br. Sua miss\u00e3o \u00e9 promover a dissemina\u00e7\u00e3o de conhecimento cient\u00edfico original e revisado por especialistas, com foco em Sa\u00fade P\u00fablica, Sa\u00fade Coletiva, Educa\u00e7\u00e3o e Gest\u00e3o em Sa\u00fade, contribuindo para o fortalecimento do SUS por meio de pesquisas com alta relev\u00e2ncia e aplicabilidade.<\/p>\n<p>Desde sua cria\u00e7\u00e3o, em 2015, a Resap segue os princ\u00edpios do Acesso Aberto, garantindo que todo o conte\u00fado esteja dispon\u00edvel gratuitamente e de forma inclusiva. Em 2024, esse compromisso foi refor\u00e7ado com a ado\u00e7\u00e3o da licen\u00e7a Creative Commons Attribution 4.0, que permite o uso, compartilhamento e adapta\u00e7\u00e3o dos artigos, desde que os autores sejam devidamente creditados.<\/p>\n<p>A qualidade editorial da Resap tem ampliado sua visibilidade na comunidade cient\u00edfica. A revista integra importantes bases e diret\u00f3rios, como o Latindex (cat\u00e1logo 1.0), Miguilim e o Portal de Revistas Cient\u00edficas em Ci\u00eancias da Sa\u00fade da Biblioteca Virtual em Sa\u00fade. Al\u00e9m disso, foi classificada com Qualis B1 da Funda\u00e7\u00e3o Coordena\u00e7\u00e3o de Aperfei\u00e7oamento de Pessoal de N\u00edvel Superior Capes (2017\u20132020), reconhecimento que consolida sua import\u00e2ncia como ve\u00edculo de divulga\u00e7\u00e3o cient\u00edfica voltado \u00e0 sa\u00fade p\u00fablica.<\/p>\n<p>Gabriela Dutra\/Secretaria de Estado da Sa\u00fade de Goi\u00e1s<\/p>\n<p>Ilustra\u00e7\u00e3o: Escola de Sa\u00fade de Goi\u00e1s<\/p>\n","protected":false},"author":166,"featured_media":356314,"comment_status":"closed","ping_status":"open","sticky":false,"template":"","format":"standard","meta":{"footnotes":""},"categories":[3],"tags":[163],"class_list":["post-356303","post","type-post","status-publish","format-standard","has-post-thumbnail","hentry","category-noticias","tag-escola-de-saude"],"rttpg_featured_image_url":{"full":["https:\/\/goias.gov.br\/saude\/wp-content\/uploads\/sites\/34\/2025\/05\/ResapInterna-1.jpeg",1080,1350,false],"landscape":["https:\/\/goias.gov.br\/saude\/wp-content\/uploads\/sites\/34\/2025\/05\/ResapInterna-1.jpeg",1080,1350,false],"portraits":["https:\/\/goias.gov.br\/saude\/wp-content\/uploads\/sites\/34\/2025\/05\/ResapInterna-1.jpeg",1080,1350,false],"thumbnail":["https:\/\/goias.gov.br\/saude\/wp-content\/uploads\/sites\/34\/2025\/05\/ResapInterna-1-150x150.jpeg",150,150,true],"medium":["https:\/\/goias.gov.br\/saude\/wp-content\/uploads\/sites\/34\/2025\/05\/ResapInterna-1-240x300.jpeg",240,300,true],"large":["https:\/\/goias.gov.br\/saude\/wp-content\/uploads\/sites\/34\/2025\/05\/ResapInterna-1-819x1024.jpeg",819,1024,true],"1536x1536":["https:\/\/goias.gov.br\/saude\/wp-content\/uploads\/sites\/34\/2025\/05\/ResapInterna-1.jpeg",1080,1350,false],"2048x2048":["https:\/\/goias.gov.br\/saude\/wp-content\/uploads\/sites\/34\/2025\/05\/ResapInterna-1.jpeg",1080,1350,false]},"rttpg_author":{"display_name":"josegomes","author_link":"https:\/\/goias.gov.br\/saude\/author\/josegomes\/"},"rttpg_comment":0,"rttpg_category":"<a href=\"https:\/\/goias.gov.br\/saude\/categoria\/noticias\/\" rel=\"category tag\">Not\u00edcias<\/a>","rttpg_excerpt":"SES lan\u00e7a edi\u00e7\u00e3o especial da Resap com hist\u00f3rias de sucesso na gest\u00e3o p\u00fablica da sa\u00fade Revista cient\u00edfica publicada pela Escola de Sa\u00fade de Goi\u00e1s re\u00fane experi\u00eancias exitosas realizadas por diferentes \u00e1reas da secretaria, evidenciando a qualidade das a\u00e7\u00f5es realizadas em sa\u00fade p\u00fablica A Secretaria de Estado da Sa\u00fade de Goi\u00e1s (SES-GO), por meio da Ger\u00eancia&hellip;","_links":{"self":[{"href":"https:\/\/goias.gov.br\/saude\/wp-json\/wp\/v2\/posts\/356303","targetHints":{"allow":["GET"]}}],"collection":[{"href":"https:\/\/goias.gov.br\/saude\/wp-json\/wp\/v2\/posts"}],"about":[{"href":"https:\/\/goias.gov.br\/saude\/wp-json\/wp\/v2\/types\/post"}],"author":[{"embeddable":true,"href":"https:\/\/goias.gov.br\/saude\/wp-json\/wp\/v2\/users\/166"}],"replies":[{"embeddable":true,"href":"https:\/\/goias.gov.br\/saude\/wp-json\/wp\/v2\/comments?post=356303"}],"version-history":[{"count":1,"href":"https:\/\/goias.gov.br\/saude\/wp-json\/wp\/v2\/posts\/356303\/revisions"}],"predecessor-version":[{"id":356342,"href":"https:\/\/goias.gov.br\/saude\/wp-json\/wp\/v2\/posts\/356303\/revisions\/356342"}],"wp:featuredmedia":[{"embeddable":true,"href":"https:\/\/goias.gov.br\/saude\/wp-json\/wp\/v2\/media\/356314"}],"wp:attachment":[{"href":"https:\/\/goias.gov.br\/saude\/wp-json\/wp\/v2\/media?parent=356303"}],"wp:term":[{"taxonomy":"category","embeddable":true,"href":"https:\/\/goias.gov.br\/saude\/wp-json\/wp\/v2\/categories?post=356303"},{"taxonomy":"post_tag","embeddable":true,"href":"https:\/\/goias.gov.br\/saude\/wp-json\/wp\/v2\/tags?post=356303"}],"curies":[{"name":"wp","href":"https:\/\/api.w.org\/{rel}","templated":true}]}}