

{"id":35438,"date":"2021-01-07T13:33:33","date_gmt":"2021-01-07T16:33:33","guid":{"rendered":"https:\/\/siteshom.goias.gov.br\/saude\/escala-cremic-setembro\/"},"modified":"2024-02-21T13:35:35","modified_gmt":"2024-02-21T16:35:35","slug":"escala-cremic-setembro","status":"publish","type":"post","link":"https:\/\/goias.gov.br\/saude\/escala-cremic-setembro\/","title":{"rendered":"Escala Cremic &#8211; Setembro"},"content":{"rendered":"\n<table class=\"planilhaview display\" style=\"width:100%\"><thead><tr><th><\/th><th>Escalas de trabalho dos principais servi\u00e7os ofertados<\/th><th><\/th><th><\/th><th><\/th><th><\/th><th><\/th><th><\/th><\/tr><tr><th><input type=\"text\" placeholder=\"Filtrar \"><\/th><th><input type=\"text\" placeholder=\"Filtrar Escalas de trabalho dos principais servi\u00e7os ofertados\"><\/th><th><input type=\"text\" placeholder=\"Filtrar \"><\/th><th><input type=\"text\" placeholder=\"Filtrar \"><\/th><th><input type=\"text\" placeholder=\"Filtrar \"><\/th><th><input type=\"text\" placeholder=\"Filtrar \"><\/th><th><input type=\"text\" placeholder=\"Filtrar \"><\/th><th><input type=\"text\" placeholder=\"Filtrar \"><\/th><\/tr><\/thead><tbody><tr><td style=\"color: #000000; background-color: #FFFFFF;\"><\/td><td style=\"color: #000000; background-color: #FFFFFF;\">M\u00eas: Setembro<\/td><td style=\"color: #000000; background-color: #FFFFFF;\"><\/td><td style=\"color: #000000; background-color: #FFFFFF;\"><\/td><td style=\"color: #000000; background-color: #FFFFFF;\"><\/td><td style=\"color: #000000; background-color: #FFFFFF;\"><\/td><td style=\"color: #000000; background-color: #FFFFFF;\"><\/td><td style=\"color: #000000; background-color: #FFFFFF;\"><\/td><\/tr><tr><td style=\"color: #000000; background-color: #FFFFFF;\"><\/td><td style=\"color: #000000; background-color: #FFFFFF;\">Ano: 2023<\/td><td style=\"color: #000000; background-color: #FFFFFF;\"><\/td><td style=\"color: #000000; background-color: #FFFFFF;\"><\/td><td style=\"color: #000000; background-color: #FFFFFF;\"><\/td><td style=\"color: #000000; background-color: #FFFFFF;\"><\/td><td style=\"color: #000000; background-color: #FFFFFF;\"><\/td><td style=\"color: #000000; background-color: #FFFFFF;\"><\/td><\/tr><tr><td style=\"color: #000000; background-color: #FFFFFF;\"><\/td><td style=\"color: #000000; background-color: #FFFFFF;\">AMBULAT\u00d3RIO<\/td><td style=\"color: #000000; background-color: #FFFFFF;\"><\/td><td style=\"color: #000000; background-color: #FFFFFF;\"><\/td><td style=\"color: #000000; background-color: #FFFFFF;\"><\/td><td style=\"color: #000000; background-color: #FFFFFF;\"><\/td><td style=\"color: #000000; background-color: #FFFFFF;\"><\/td><td style=\"color: #000000; background-color: #FFFFFF;\"><\/td><\/tr><tr><td style=\"color: #000000; background-color: #FFFFFF;\">\u00a0Nome da Unidade<\/td><td style=\"color: #000000; background-color: #FFFFFF;\">Nome do Profissional<\/td><td style=\"color: #000000; background-color: #FFFFFF;\">Especialidade<\/td><td style=\"color: #000000; background-color: #FFFFFF;\">Local<\/td><td style=\"color: #000000; background-color: #FFFFFF;\">V\u00ednculo Empregat\u00edcio<\/td><td style=\"color: #000000; background-color: #FFFFFF;\">RQE\/ N\u00ba do Conselho<\/td><td style=\"color: #000000; background-color: #FFFFFF;\">Dia<\/td><td style=\"color: #000000; background-color: #FFFFFF;\">Hor\u00e1rio de Atendimento<\/td><\/tr><tr><td style=\"color: #000000; background-color: #FFFFFF;\">CREMIC<\/td><td style=\"color: #000000; background-color: #FFFFFF;\">Ant\u00f4nio Moreira de Matos<\/td><td style=\"color: #000000; background-color: #FFFFFF;\">M\u00e9dico (Homeopatia)<\/td><td style=\"color: #000000; background-color: #FFFFFF;\">Ambulat\u00f3rio <\/td><td style=\"color: #000000; background-color: #FFFFFF;\">ESTATUT\u00c1RIO\/SES<\/td><td style=\"color: #000000; background-color: #FFFFFF;\">5552 \/ 7800<\/td><td style=\"color: #000000; background-color: #FFFFFF;\">Segunda a Quinta (05h)<\/td><td style=\"color: #000000; background-color: #FFFFFF;\">07:00-02:00<\/td><\/tr><tr><td style=\"color: #000000; background-color: #FFFFFF;\">CREMIC<\/td><td style=\"color: #000000; background-color: #FFFFFF;\">B\u00e1rbara de Mello Florentino Palma<\/td><td style=\"color: #000000; background-color: #FFFFFF;\">M\u00e9dica (Homeopatia)<\/td><td style=\"color: #000000; background-color: #FFFFFF;\">Ambulat\u00f3rio <\/td><td style=\"color: #000000; background-color: #FFFFFF;\">ESTATUT\u00c1RIO\/SES<\/td><td style=\"color: #000000; background-color: #FFFFFF;\">12657 \/ 12996<\/td><td style=\"color: #000000; background-color: #FFFFFF;\">Quarta (06h) Quinta (06h) e Sexta (08h)<\/td><td style=\"color: #000000; background-color: #FFFFFF;\">13:00-19:00 \/ 07:00-16:00<\/td><\/tr><tr><td style=\"color: #000000; background-color: #FFFFFF;\">CREMIC<\/td><td style=\"color: #000000; background-color: #FFFFFF;\">Hilcey Carmen Rodrigues da Costa<\/td><td style=\"color: #000000; background-color: #FFFFFF;\">M\u00e9dica (Homeopatia)<\/td><td style=\"color: #000000; background-color: #FFFFFF;\">Ambulat\u00f3rio <\/td><td style=\"color: #000000; background-color: #FFFFFF;\">ESTATUT\u00c1RIO\/SES<\/td><td style=\"color: #000000; background-color: #FFFFFF;\">1830 \/ 5567<\/td><td style=\"color: #000000; background-color: #FFFFFF;\">Ter\u00e7a (10h), Quarta (05h) e Quinta (05h)<\/td><td style=\"color: #000000; background-color: #FFFFFF;\">07:00-18:00 \/ 07:00-12:00<\/td><\/tr><tr><td style=\"color: #000000; background-color: #FFFFFF;\">CREMIC<\/td><td style=\"color: #000000; background-color: #FFFFFF;\">Izo Ad\u00e9lio Ferreira dos Santos <\/td><td style=\"color: #000000; background-color: #FFFFFF;\">M\u00e9dico (Acupuntura) <\/td><td style=\"color: #000000; background-color: #FFFFFF;\">Ambulat\u00f3rio <\/td><td style=\"color: #000000; background-color: #FFFFFF;\">ESTATUT\u00c1RIO\/SES<\/td><td style=\"color: #000000; background-color: #FFFFFF;\">14423 \/ 7357<\/td><td style=\"color: #000000; background-color: #FFFFFF;\">Dias n\u00e3o fixos (Flexibilizada e flutuante)<\/td><td style=\"color: #000000; background-color: #FFFFFF;\">07:00-18:00 \/ 07:00-12:00 \/\n12:00 - 17:00<\/td><\/tr><tr><td style=\"color: #000000; background-color: #FFFFFF;\">CREMIC<\/td><td style=\"color: #000000; background-color: #FFFFFF;\">Rodrigo Figueiredo Abreu<\/td><td style=\"color: #000000; background-color: #FFFFFF;\">M\u00e9dico (Acupuntura) <\/td><td style=\"color: #000000; background-color: #FFFFFF;\">Ambulat\u00f3rio <\/td><td style=\"color: #000000; background-color: #FFFFFF;\">ESTATUT\u00c1RIO\/SES<\/td><td style=\"color: #000000; background-color: #FFFFFF;\">10838 \/ 12874<\/td><td style=\"color: #000000; background-color: #FFFFFF;\">Segunda e Ter\u00e7a (10h)<\/td><td style=\"color: #000000; background-color: #FFFFFF;\">07:00-18:00<\/td><\/tr><tr><td style=\"color: #000000; background-color: #FFFFFF;\">CREMIC<\/td><td style=\"color: #000000; background-color: #FFFFFF;\">T\u00e2nia Mara Louren\u00e7o<\/td><td style=\"color: #000000; background-color: #FFFFFF;\">M\u00e9dica (Acupuntura) <\/td><td style=\"color: #000000; background-color: #FFFFFF;\">Ambulat\u00f3rio <\/td><td style=\"color: #000000; background-color: #FFFFFF;\">ESTATUT\u00c1RIO\/SES<\/td><td style=\"color: #000000; background-color: #FFFFFF;\">6978 \/ 6798<\/td><td style=\"color: #000000; background-color: #FFFFFF;\">Ter\u00e7a (05h) Quarta (10h) e Sexta (05h)<\/td><td style=\"color: #000000; background-color: #FFFFFF;\">07:00-18:00 \/ 13:00-18:00<\/td><\/tr><tr><td style=\"color: #000000; background-color: #FFFFFF;\">CREMIC<\/td><td style=\"color: #000000; background-color: #FFFFFF;\">Cl\u00eania Borges Campos<\/td><td style=\"color: #000000; background-color: #FFFFFF;\">M\u00e9dica (Fitoterapia)<\/td><td style=\"color: #000000; background-color: #FFFFFF;\">Ambulat\u00f3rio <\/td><td style=\"color: #000000; background-color: #FFFFFF;\">ESTATUT\u00c1RIO\/SES<\/td><td style=\"color: #000000; background-color: #FFFFFF;\">3429<\/td><td style=\"color: #000000; background-color: #FFFFFF;\">Ter\u00e7a e Quinta (10h)<\/td><td style=\"color: #000000; background-color: #FFFFFF;\">07:00-18:00<\/td><\/tr><tr><td style=\"color: #000000; background-color: #FFFFFF;\">CREMIC<\/td><td style=\"color: #000000; background-color: #FFFFFF;\">Daniela Ribeiro Tito Rosa <\/td><td style=\"color: #000000; background-color: #FFFFFF;\">M\u00e9dica (Fitoterapia\/Ayurveda)<\/td><td style=\"color: #000000; background-color: #FFFFFF;\">Ambulat\u00f3rio <\/td><td style=\"color: #000000; background-color: #FFFFFF;\">ESTATUT\u00c1RIO\/SES<\/td><td style=\"color: #000000; background-color: #FFFFFF;\">13763<\/td><td style=\"color: #000000; background-color: #FFFFFF;\">Segunda a Quinta (05h)<\/td><td style=\"color: #000000; background-color: #FFFFFF;\">07:00-12:00<\/td><\/tr><tr><td style=\"color: #000000; background-color: #FFFFFF;\">CREMIC<\/td><td style=\"color: #000000; background-color: #FFFFFF;\">Haroldo Maranh\u00e3o Rego<\/td><td style=\"color: #000000; background-color: #FFFFFF;\">M\u00e9dico (Fitoterapia)<\/td><td style=\"color: #000000; background-color: #FFFFFF;\">Ambulat\u00f3rio <\/td><td style=\"color: #000000; background-color: #FFFFFF;\">ESTATUT\u00c1RIO\/SES<\/td><td style=\"color: #000000; background-color: #FFFFFF;\">3354<\/td><td style=\"color: #000000; background-color: #FFFFFF;\">Quarta e Quinta (10h)<\/td><td style=\"color: #000000; background-color: #FFFFFF;\">07:00-18:00<\/td><\/tr><tr><td style=\"color: #000000; background-color: #FFFFFF;\">CREMIC<\/td><td style=\"color: #000000; background-color: #FFFFFF;\">Mario L\u00facio da Cunha Filho<\/td><td style=\"color: #000000; background-color: #FFFFFF;\">M\u00e9dico (Fitoterapia)<\/td><td style=\"color: #000000; background-color: #FFFFFF;\">Ambulat\u00f3rio <\/td><td style=\"color: #000000; background-color: #FFFFFF;\">ESTATUT\u00c1RIO\/SES<\/td><td style=\"color: #000000; background-color: #FFFFFF;\">4231<\/td><td style=\"color: #000000; background-color: #FFFFFF;\">Segunda e Ter\u00e7a (10h)<\/td><td style=\"color: #000000; background-color: #FFFFFF;\">07:00-18:00<\/td><\/tr><tr><td style=\"color: #000000; background-color: #FFFFFF;\">CREMIC<\/td><td style=\"color: #000000; background-color: #FFFFFF;\">Thallita Rodrigues da Silva <\/td><td style=\"color: #000000; background-color: #FFFFFF;\">M\u00e9dica (Fitoterapia)<\/td><td style=\"color: #000000; background-color: #FFFFFF;\">Ambulat\u00f3rio <\/td><td style=\"color: #000000; background-color: #FFFFFF;\">ESTATUT\u00c1RIO\/SES<\/td><td style=\"color: #000000; background-color: #FFFFFF;\">13153<\/td><td style=\"color: #000000; background-color: #FFFFFF;\">Segunda (T), Ter\u00e7a(T), Quinta (T) e Sexta (M) \/ 05 Horas<\/td><td style=\"color: #000000; background-color: #FFFFFF;\">07-00-12:00 \/ 12:00-17:00<\/td><\/tr><tr><td style=\"color: #000000; background-color: #FFFFFF;\">CREMIC<\/td><td style=\"color: #000000; background-color: #FFFFFF;\">Wellington Ant\u00f4nio dos Santos<\/td><td style=\"color: #000000; background-color: #FFFFFF;\">M\u00e9dico (Fitoterapia)<\/td><td style=\"color: #000000; background-color: #FFFFFF;\">Ambulat\u00f3rio <\/td><td style=\"color: #000000; background-color: #FFFFFF;\">ESTATUT\u00c1RIO\/SES<\/td><td style=\"color: #000000; background-color: #FFFFFF;\">7064<\/td><td style=\"color: #000000; background-color: #FFFFFF;\">Segunda (10h) Quarta (05h) e Quinta (05h)<\/td><td style=\"color: #000000; background-color: #FFFFFF;\">07:00-18:00\/ 07:00 -12:00<\/td><\/tr><tr><td style=\"color: #000000; background-color: #FFFFFF;\">CREMIC<\/td><td style=\"color: #000000; background-color: #FFFFFF;\">Vivianne de Aquino Tormim<\/td><td style=\"color: #000000; background-color: #FFFFFF;\">M\u00e9dica (Fitoterapia\/Antroposofia)<\/td><td style=\"color: #000000; background-color: #FFFFFF;\">Ambulat\u00f3rio <\/td><td style=\"color: #000000; background-color: #FFFFFF;\">ESTATUT\u00c1RIO\/SES<\/td><td style=\"color: #000000; background-color: #FFFFFF;\">5220<\/td><td style=\"color: #000000; background-color: #FFFFFF;\">Segunda (10h) , Quarta (05h) e Sexta (05h)<\/td><td style=\"color: #000000; background-color: #FFFFFF;\">07:00-18:00\/ 07:00-12:00<\/td><\/tr><tr><td style=\"color: #000000; background-color: #FFFFFF;\">CREMIC<\/td><td style=\"color: #000000; background-color: #FFFFFF;\">Andreia Delfino dos Santos <\/td><td style=\"color: #000000; background-color: #FFFFFF;\">Enfermeira \n(Cromoterapia \/ Ventosaterapia)<\/td><td style=\"color: #000000; background-color: #FFFFFF;\">Ambulat\u00f3rio <\/td><td style=\"color: #000000; background-color: #FFFFFF;\">ESTATUT\u00c1RIO\/SES<\/td><td style=\"color: #000000; background-color: #FFFFFF;\">79110<\/td><td style=\"color: #000000; background-color: #FFFFFF;\">Segunda a Sexta (06h)<\/td><td style=\"color: #000000; background-color: #FFFFFF;\">13:00-19:00<\/td><\/tr><tr><td style=\"color: #000000; background-color: #FFFFFF;\">CREMIC<\/td><td style=\"color: #000000; background-color: #FFFFFF;\">Fabiana Alves de Amorim <\/td><td style=\"color: #000000; background-color: #FFFFFF;\">Enfermeira (Auriculoterapia)<\/td><td style=\"color: #000000; background-color: #FFFFFF;\">Ambulat\u00f3rio <\/td><td style=\"color: #000000; background-color: #FFFFFF;\">ESTATUT\u00c1RIO\/SES<\/td><td style=\"color: #000000; background-color: #FFFFFF;\">70050<\/td><td style=\"color: #000000; background-color: #FFFFFF;\">Quarta, Quinta e Sexta (10h) - F\u00e9rias de 14\/09 a 22\/09 <\/td><td style=\"color: #000000; background-color: #FFFFFF;\">08:00-19:00<\/td><\/tr><tr><td style=\"color: #000000; background-color: #FFFFFF;\">CREMIC<\/td><td style=\"color: #000000; background-color: #FFFFFF;\">Hiolanda Maria de Jesus e Silva <\/td><td style=\"color: #000000; background-color: #FFFFFF;\">Auxiliar de Enfermagem (Auriculoterapia)<\/td><td style=\"color: #000000; background-color: #FFFFFF;\">Ambulat\u00f3rio <\/td><td style=\"color: #000000; background-color: #FFFFFF;\">ESTATUT\u00c1RIO\/SES<\/td><td style=\"color: #000000; background-color: #FFFFFF;\">122561<\/td><td style=\"color: #000000; background-color: #FFFFFF;\">Ter\u00e7a, Quinta e Sexta ( 10h)<\/td><td style=\"color: #000000; background-color: #FFFFFF;\">07:00-18:00<\/td><\/tr><tr><td style=\"color: #000000; background-color: #FFFFFF;\">CREMIC<\/td><td style=\"color: #000000; background-color: #FFFFFF;\">L\u00edvia Teixeira de Souza Cavalcante <\/td><td style=\"color: #000000; background-color: #FFFFFF;\">Enfermeira \n(Auriculoterapia\/ Moxabust\u00e3o)<\/td><td style=\"color: #000000; background-color: #FFFFFF;\">Ambulat\u00f3rio <\/td><td style=\"color: #000000; background-color: #FFFFFF;\">ESTATUT\u00c1RIO\/SES<\/td><td style=\"color: #000000; background-color: #FFFFFF;\">115234<\/td><td style=\"color: #000000; background-color: #FFFFFF;\">Segunda, Quarta e Sexta (10h)<\/td><td style=\"color: #000000; background-color: #FFFFFF;\">08:00-19:00<\/td><\/tr><tr><td style=\"color: #000000; background-color: #FFFFFF;\">CREMIC<\/td><td style=\"color: #000000; background-color: #FFFFFF;\">Luiza Souza do Amaral<\/td><td style=\"color: #000000; background-color: #FFFFFF;\">Enfermeira (Auriculoterapia)<\/td><td style=\"color: #000000; background-color: #FFFFFF;\">Ambulat\u00f3rio <\/td><td style=\"color: #000000; background-color: #FFFFFF;\">ESTATUT\u00c1RIO\/SES<\/td><td style=\"color: #000000; background-color: #FFFFFF;\">69878<\/td><td style=\"color: #000000; background-color: #FFFFFF;\">Segunta, Ter\u00e7a e Quarta (10h)<\/td><td style=\"color: #000000; background-color: #FFFFFF;\">07:00-18:00<\/td><\/tr><tr><td style=\"color: #000000; background-color: #FFFFFF;\">CREMIC<\/td><td style=\"color: #000000; background-color: #FFFFFF;\">Maria Aparecida Pereira de Oliveira Fonseca<\/td><td style=\"color: #000000; background-color: #FFFFFF;\">T\u00e9cnica em Enfermagem (Auriculoterapia)<\/td><td style=\"color: #000000; background-color: #FFFFFF;\">Ambulat\u00f3rio <\/td><td style=\"color: #000000; background-color: #FFFFFF;\">ESTATUT\u00c1RIO\/SES<\/td><td style=\"color: #000000; background-color: #FFFFFF;\">167948<\/td><td style=\"color: #000000; background-color: #FFFFFF;\">Segunda a Sexta (06h)<\/td><td style=\"color: #000000; background-color: #FFFFFF;\">07:00-13:00<\/td><\/tr><tr><td style=\"color: #000000; background-color: #FFFFFF;\">CREMIC<\/td><td style=\"color: #000000; background-color: #FFFFFF;\">Maria de Fatima Almeida de Oliveira<\/td><td style=\"color: #000000; background-color: #FFFFFF;\">Auxiliar de  Enfermagem (Auriculoterapia)<\/td><td style=\"color: #000000; background-color: #FFFFFF;\">Ambulat\u00f3rio <\/td><td style=\"color: #000000; background-color: #FFFFFF;\">ESTATUT\u00c1RIO\/ SES \/ MS<\/td><td style=\"color: #000000; background-color: #FFFFFF;\">50609<\/td><td style=\"color: #000000; background-color: #FFFFFF;\">Segunda a Sexta (06h)<\/td><td style=\"color: #000000; background-color: #FFFFFF;\">07:00-13:00<\/td><\/tr><tr><td style=\"color: #000000; background-color: #FFFFFF;\">CREMIC<\/td><td style=\"color: #000000; background-color: #FFFFFF;\">Miriam Alves de Almeida<\/td><td style=\"color: #000000; background-color: #FFFFFF;\">Enfermeira (Auriculoterapia)<\/td><td style=\"color: #000000; background-color: #FFFFFF;\">Ambulat\u00f3rio <\/td><td style=\"color: #000000; background-color: #FFFFFF;\">ESTATUT\u00c1RIO\/SES<\/td><td style=\"color: #000000; background-color: #FFFFFF;\">33041<\/td><td style=\"color: #000000; background-color: #FFFFFF;\">Segunta, Ter\u00e7a e Quarta (10h)<\/td><td style=\"color: #000000; background-color: #FFFFFF;\">07:00-18:00<\/td><\/tr><tr><td style=\"color: #000000; background-color: #FFFFFF;\">CREMIC<\/td><td style=\"color: #000000; background-color: #FFFFFF;\">Pedro de Alc\u00e2ntara Souza Filho<\/td><td style=\"color: #000000; background-color: #FFFFFF;\">T\u00e9cnico em Enfermagem (Ventosaterapia\/Terapia de Florais)<\/td><td style=\"color: #000000; background-color: #FFFFFF;\">Ambulat\u00f3rio <\/td><td style=\"color: #000000; background-color: #FFFFFF;\">ESTATUT\u00c1RIO\/SES<\/td><td style=\"color: #000000; background-color: #FFFFFF;\">167955<\/td><td style=\"color: #000000; background-color: #FFFFFF;\">Segunda a Sexta (06h) - F\u00e9rias at\u00e9 02\/09<\/td><td style=\"color: #000000; background-color: #FFFFFF;\">10:00-16:00<\/td><\/tr><tr><td style=\"color: #000000; background-color: #FFFFFF;\">CREMIC<\/td><td style=\"color: #000000; background-color: #FFFFFF;\">Sueli da Silva Teixeira Felix<\/td><td style=\"color: #000000; background-color: #FFFFFF;\">Auxiliar de Enfermagem (Auriculoterapia)<\/td><td style=\"color: #000000; background-color: #FFFFFF;\">Ambulat\u00f3rio <\/td><td style=\"color: #000000; background-color: #FFFFFF;\">ESTATUT\u00c1RIO\/SES<\/td><td style=\"color: #000000; background-color: #FFFFFF;\">229858<\/td><td style=\"color: #000000; background-color: #FFFFFF;\">Segunda a Sexta (06h) - Licen\u00e7a Pr\u00eamio at\u00e9 03\/09<\/td><td style=\"color: #000000; background-color: #FFFFFF;\">12:00-18:00<\/td><\/tr><tr><td style=\"color: #000000; background-color: #FFFFFF;\">CREMIC<\/td><td style=\"color: #000000; background-color: #FFFFFF;\">T\u00e2nia Magalh\u00e3es de Oliveira Maciel<\/td><td style=\"color: #000000; background-color: #FFFFFF;\">Enfermeira (Ventosaterapia)<\/td><td style=\"color: #000000; background-color: #FFFFFF;\">Ambulat\u00f3rio <\/td><td style=\"color: #000000; background-color: #FFFFFF;\">ESTATUT\u00c1RIO\/SES<\/td><td style=\"color: #000000; background-color: #FFFFFF;\">90369<\/td><td style=\"color: #000000; background-color: #FFFFFF;\">Quarta, Quinta e Sexta (10h) <\/td><td style=\"color: #000000; background-color: #FFFFFF;\">07:00-18:00<\/td><\/tr><tr><td style=\"color: #000000; background-color: #FFFFFF;\">CREMIC<\/td><td style=\"color: #000000; background-color: #FFFFFF;\">Augusto Nery Rocha <\/td><td style=\"color: #000000; background-color: #FFFFFF;\">T\u00e9cnico em Enfermagem\n(Imposi\u00e7\u00e3o de m\u00e3os)<\/td><td style=\"color: #000000; background-color: #FFFFFF;\">Ambulat\u00f3rio <\/td><td style=\"color: #000000; background-color: #FFFFFF;\">ESTATUT\u00c1RIO\/SES<\/td><td style=\"color: #000000; background-color: #FFFFFF;\">591603<\/td><td style=\"color: #000000; background-color: #FFFFFF;\">Segunda a Sexta (06h)<\/td><td style=\"color: #000000; background-color: #FFFFFF;\">07:00-13:00<\/td><\/tr><tr><td style=\"color: #000000; background-color: #FFFFFF;\">CREMIC<\/td><td style=\"color: #000000; background-color: #FFFFFF;\">Luziane Santos de Faria Moreira<\/td><td style=\"color: #000000; background-color: #FFFFFF;\">T\u00e9cnico em Enfermagem\n(Imposi\u00e7\u00e3o de m\u00e3os)<\/td><td style=\"color: #000000; background-color: #FFFFFF;\">Ambulat\u00f3rio <\/td><td style=\"color: #000000; background-color: #FFFFFF;\">ESTATUT\u00c1RIO\/SES<\/td><td style=\"color: #000000; background-color: #FFFFFF;\">96133<\/td><td style=\"color: #000000; background-color: #FFFFFF;\">Segunta, Ter\u00e7a e Quarta (10h)<\/td><td style=\"color: #000000; background-color: #FFFFFF;\">07:00-18:00<\/td><\/tr><tr><td style=\"color: #000000; background-color: #FFFFFF;\">CREMIC<\/td><td style=\"color: #000000; background-color: #FFFFFF;\">Mariane Artmann<\/td><td style=\"color: #000000; background-color: #FFFFFF;\">T\u00e9cnico em Enfermagem \n(Imposi\u00e7\u00e3o de m\u00e3os)<\/td><td style=\"color: #000000; background-color: #FFFFFF;\">Ambulat\u00f3rio <\/td><td style=\"color: #000000; background-color: #FFFFFF;\">ESTATUT\u00c1RIO\/SES<\/td><td style=\"color: #000000; background-color: #FFFFFF;\">114471<\/td><td style=\"color: #000000; background-color: #FFFFFF;\">Segunda a Sexta (06h) - F\u00e9rias at\u00e9 06\/09<\/td><td style=\"color: #000000; background-color: #FFFFFF;\">13:00-19:00<\/td><\/tr><tr><td style=\"color: #000000; background-color: #FFFFFF;\">CREMIC<\/td><td style=\"color: #000000; background-color: #FFFFFF;\">Sonilda Maria de Jesus<\/td><td style=\"color: #000000; background-color: #FFFFFF;\">T\u00e9cnica em Enfermagem \n(Terapia Comunit\u00e1ria Integrativa)<\/td><td style=\"color: #000000; background-color: #FFFFFF;\">Ambulat\u00f3rio <\/td><td style=\"color: #000000; background-color: #FFFFFF;\">ESTATUT\u00c1RIO\/SES<\/td><td style=\"color: #000000; background-color: #FFFFFF;\">040031<\/td><td style=\"color: #000000; background-color: #FFFFFF;\">Segunda a Sexta (06h)<\/td><td style=\"color: #000000; background-color: #FFFFFF;\">13:00-19:00<\/td><\/tr><tr><td style=\"color: #000000; background-color: #FFFFFF;\">CREMIC<\/td><td style=\"color: #000000; background-color: #FFFFFF;\">Roberta Gon\u00e7alves Bittar<\/td><td style=\"color: #000000; background-color: #FFFFFF;\">Psic\u00f3loga (Terapia Comunit\u00e1ria Integrativa \/ Consulta)<\/td><td style=\"color: #000000; background-color: #FFFFFF;\">Ambulat\u00f3rio <\/td><td style=\"color: #000000; background-color: #FFFFFF;\">ESTATUT\u00c1RIO\/SES<\/td><td style=\"color: #000000; background-color: #FFFFFF;\">001485<\/td><td style=\"color: #000000; background-color: #FFFFFF;\">Segunda a Sexta (06h)<\/td><td style=\"color: #000000; background-color: #FFFFFF;\">13:00-19:00<\/td><\/tr><tr><td style=\"color: #000000; background-color: #FFFFFF;\">CREMIC<\/td><td style=\"color: #000000; background-color: #FFFFFF;\">Nilda Aparecida Lopes<\/td><td style=\"color: #000000; background-color: #FFFFFF;\">Psic\u00f3loga (Medita\u00e7\u00e3o \/ Bioenerg\u00e9tica\/ Constela\u00e7\u00e3o Familiar\/ Qigong\/ Consulta)<\/td><td style=\"color: #000000; background-color: #FFFFFF;\">Ambulat\u00f3rio <\/td><td style=\"color: #000000; background-color: #FFFFFF;\">ESTATUT\u00c1RIO\/SES<\/td><td style=\"color: #000000; background-color: #FFFFFF;\">002363<\/td><td style=\"color: #000000; background-color: #FFFFFF;\">Seg (T), Ter (M), Qua(M), Qui(T), Sex(M) - (06 h)<\/td><td style=\"color: #000000; background-color: #FFFFFF;\">07:00-13:00 \/ 12:00-18:00<\/td><\/tr><tr><td style=\"color: #000000; background-color: #FFFFFF;\">CREMIC<\/td><td style=\"color: #000000; background-color: #FFFFFF;\">Maria Goret Nunes <\/td><td style=\"color: #000000; background-color: #FFFFFF;\">Psic\u00f3loga (Terapia de Florais \/ Consulta- Sess\u00f5es de Psicologia)<\/td><td style=\"color: #000000; background-color: #FFFFFF;\">Ambulat\u00f3rio <\/td><td style=\"color: #000000; background-color: #FFFFFF;\">ESTATUT\u00c1RIO\/SES<\/td><td style=\"color: #000000; background-color: #FFFFFF;\">00282<\/td><td style=\"color: #000000; background-color: #FFFFFF;\">Segunda a Sexta (06h) - F\u00e9rias at\u00e9 06\/09<\/td><td style=\"color: #000000; background-color: #FFFFFF;\">07:00-13:00<\/td><\/tr><tr><td style=\"color: #000000; background-color: #FFFFFF;\">CREMIC<\/td><td style=\"color: #000000; background-color: #FFFFFF;\">Marcelo Santal\u00facia<\/td><td style=\"color: #000000; background-color: #FFFFFF;\">Biologo (Qigong)<\/td><td style=\"color: #000000; background-color: #FFFFFF;\">Ambulat\u00f3rio <\/td><td style=\"color: #000000; background-color: #FFFFFF;\">ESTATUT\u00c1RIO\/SES<\/td><td style=\"color: #000000; background-color: #FFFFFF;\">14726\/04-D<\/td><td style=\"color: #000000; background-color: #FFFFFF;\">Segunda a Sexta (06h)<\/td><td style=\"color: #000000; background-color: #FFFFFF;\">07:00-13:00<\/td><\/tr><tr><td style=\"color: #000000; background-color: #FFFFFF;\">CREMIC<\/td><td style=\"color: #000000; background-color: #FFFFFF;\">Marimerce de F\u00e1tima Ricardo Guilherme<\/td><td style=\"color: #000000; background-color: #FFFFFF;\">Assistente Social<\/td><td style=\"color: #000000; background-color: #FFFFFF;\">Ambulat\u00f3rio \/ Servi\u00e7o Social <\/td><td style=\"color: #000000; background-color: #FFFFFF;\">ESTATUT\u00c1RIO\/SES<\/td><td style=\"color: #000000; background-color: #FFFFFF;\">1317<\/td><td style=\"color: #000000; background-color: #FFFFFF;\">Segunda a Sexta (06h)<\/td><td style=\"color: #000000; background-color: #FFFFFF;\">12:00-18:00<\/td><\/tr><tr><td style=\"color: #000000; background-color: #FFFFFF;\">CREMIC<\/td><td style=\"color: #000000; background-color: #FFFFFF;\">Wylma Sueli Domiciano de Assun\u00e7\u00e3o da Paix\u00e3o<\/td><td style=\"color: #000000; background-color: #FFFFFF;\">Assistente Social<\/td><td style=\"color: #000000; background-color: #FFFFFF;\">Ambulat\u00f3rio \/ Servi\u00e7o Social <\/td><td style=\"color: #000000; background-color: #FFFFFF;\">ESTATUT\u00c1RIO\/SES<\/td><td style=\"color: #000000; background-color: #FFFFFF;\">6273<\/td><td style=\"color: #000000; background-color: #FFFFFF;\">Segunda a Sexta (06h)<\/td><td style=\"color: #000000; background-color: #FFFFFF;\">07:00-13:00<\/td><\/tr><tr><td style=\"color: #000000; background-color: #FFFFFF;\">CREMIC<\/td><td style=\"color: #000000; background-color: #FFFFFF;\">Marianne S\u00f3crates Pinheiro de Lemos<\/td><td style=\"color: #000000; background-color: #FFFFFF;\">Fisioterapeuta (Ventosaterapia)<\/td><td style=\"color: #000000; background-color: #FFFFFF;\">Ambulat\u00f3rio <\/td><td style=\"color: #000000; background-color: #FFFFFF;\">COMISSIONADO\/SES<\/td><td style=\"color: #000000; background-color: #FFFFFF;\">85656F<\/td><td style=\"color: #000000; background-color: #FFFFFF;\">Segunda a Sexta (08h)<\/td><td style=\"color: #000000; background-color: #FFFFFF;\">07:00-16:00<\/td><\/tr><tr><td style=\"color: #000000; background-color: #FFFFFF;\">CREMIC<\/td><td style=\"color: #000000; background-color: #FFFFFF;\">Luiza Helena Braga dos Santos <\/td><td style=\"color: #000000; background-color: #FFFFFF;\">Nutricionista (Consulta em nutri\u00e7\u00e3o)<\/td><td style=\"color: #000000; background-color: #FFFFFF;\">Ambulat\u00f3rio <\/td><td style=\"color: #000000; background-color: #FFFFFF;\">ESTATUT\u00c1RIO\/SES<\/td><td style=\"color: #000000; background-color: #FFFFFF;\">1\/20234<\/td><td style=\"color: #000000; background-color: #FFFFFF;\">Segunda a Sexta (06h)<\/td><td style=\"color: #000000; background-color: #FFFFFF;\">13:00-19:00<\/td><\/tr><tr><td style=\"color: #000000; background-color: #FFFFFF;\">FARM\u00c1CIA<\/td><td style=\"color: #000000; background-color: #FFFFFF;\"><\/td><td style=\"color: #000000; background-color: #FFFFFF;\"><\/td><td style=\"color: #000000; background-color: #FFFFFF;\"><\/td><td style=\"color: #000000; background-color: #FFFFFF;\"><\/td><td style=\"color: #000000; background-color: #FFFFFF;\"><\/td><td style=\"color: #000000; background-color: #FFFFFF;\"><\/td><td style=\"color: #000000; background-color: #FFFFFF;\"><\/td><\/tr><tr><td style=\"color: #000000; background-color: #FFFFFF;\">\u00a0Nome da Unidade<\/td><td style=\"color: #000000; background-color: #FFFFFF;\">Nome do Profissional<\/td><td style=\"color: #000000; background-color: #FFFFFF;\">Especialidade<\/td><td style=\"color: #000000; background-color: #FFFFFF;\">Local<\/td><td style=\"color: #000000; background-color: #FFFFFF;\">V\u00ednculo Empregat\u00edcio<\/td><td style=\"color: #000000; background-color: #FFFFFF;\">RQE \/ N\u00ba do Conselho<\/td><td style=\"color: #000000; background-color: #FFFFFF;\">Dia<\/td><td style=\"color: #000000; background-color: #FFFFFF;\">Hor\u00e1rio de Atendimento<\/td><\/tr><tr><td style=\"color: #000000; background-color: #FFFFFF;\">CREMIC<\/td><td style=\"color: #000000; background-color: #FFFFFF;\">Carlos Alberto Lopes de Lima <\/td><td style=\"color: #000000; background-color: #FFFFFF;\">T\u00e9cnico em laborat\u00f3rio<\/td><td style=\"color: #000000; background-color: #FFFFFF;\">Farm\u00e1cia\/Laborat\u00f3rio <\/td><td style=\"color: #000000; background-color: #FFFFFF;\">ESTATUT\u00c1RIO\/ SES<\/td><td style=\"color: #000000; background-color: #FFFFFF;\">CRF 436<\/td><td style=\"color: #000000; background-color: #FFFFFF;\">Segunda a Sexta (06h)<\/td><td style=\"color: #000000; background-color: #FFFFFF;\">07:00-13:00<\/td><\/tr><tr><td style=\"color: #000000; background-color: #FFFFFF;\">CREMIC<\/td><td style=\"color: #000000; background-color: #FFFFFF;\">Carmem Alves Fernandes <\/td><td style=\"color: #000000; background-color: #FFFFFF;\">T\u00e9cnica de emfermagem <\/td><td style=\"color: #000000; background-color: #FFFFFF;\">Farm\u00e1cia\/Laborat\u00f3rio <\/td><td style=\"color: #000000; background-color: #FFFFFF;\">ESTATUT\u00c1RIO\/ SES<\/td><td style=\"color: #000000; background-color: #FFFFFF;\">COREN 257579<\/td><td style=\"color: #000000; background-color: #FFFFFF;\">Ter\u00e7a, Quarta e Quinta<\/td><td style=\"color: #000000; background-color: #FFFFFF;\">07:00-11:00 \/ 12:00-18:00<\/td><\/tr><tr><td style=\"color: #000000; background-color: #FFFFFF;\">CREMIC<\/td><td style=\"color: #000000; background-color: #FFFFFF;\">Maria Aparecida da Silva <\/td><td style=\"color: #000000; background-color: #FFFFFF;\">T\u00e9cnica de emfermagem <\/td><td style=\"color: #000000; background-color: #FFFFFF;\">Farm\u00e1cia\/Laborat\u00f3rio <\/td><td style=\"color: #000000; background-color: #FFFFFF;\">ESTATUT\u00c1RIO\/ SES<\/td><td style=\"color: #000000; background-color: #FFFFFF;\">COREN 32822<\/td><td style=\"color: #000000; background-color: #FFFFFF;\">Dias n\u00e3o fixos (Flexibilizada e flutuante)<\/td><td style=\"color: #000000; background-color: #FFFFFF;\">07:00-11:00 \/ 12:00-18:00<\/td><\/tr><tr><td style=\"color: #000000; background-color: #FFFFFF;\">CREMIC<\/td><td style=\"color: #000000; background-color: #FFFFFF;\">Maria Aparecida de Oliveira <\/td><td style=\"color: #000000; background-color: #FFFFFF;\">T\u00e9cnica de emfermagem <\/td><td style=\"color: #000000; background-color: #FFFFFF;\">Farm\u00e1cia\/Laborat\u00f3rio <\/td><td style=\"color: #000000; background-color: #FFFFFF;\">ESTATUT\u00c1RIO\/ SES<\/td><td style=\"color: #000000; background-color: #FFFFFF;\">COREN 054.867<\/td><td style=\"color: #000000; background-color: #FFFFFF;\">Segunda a Sexta (06h)<\/td><td style=\"color: #000000; background-color: #FFFFFF;\">13:00-19:00<\/td><\/tr><tr><td style=\"color: #000000; background-color: #FFFFFF;\">CREMIC<\/td><td style=\"color: #000000; background-color: #FFFFFF;\">Maria de Lourdes de Oliveira<\/td><td style=\"color: #000000; background-color: #FFFFFF;\">Auxiliar de emfermagem<\/td><td style=\"color: #000000; background-color: #FFFFFF;\">Farm\u00e1cia\/Laborat\u00f3rio <\/td><td style=\"color: #000000; background-color: #FFFFFF;\">ESTATUT\u00c1RIO\/ SES<\/td><td style=\"color: #000000; background-color: #FFFFFF;\">COREN 069.045.IR<\/td><td style=\"color: #000000; background-color: #FFFFFF;\">Segunda, Quarta e Sexta (10h)<\/td><td style=\"color: #000000; background-color: #FFFFFF;\">07:00-11:00 \/ 12:00-18:00<\/td><\/tr><tr><td style=\"color: #000000; background-color: #FFFFFF;\">CREMIC<\/td><td style=\"color: #000000; background-color: #FFFFFF;\">Maria In\u00eas de Oliveira <\/td><td style=\"color: #000000; background-color: #FFFFFF;\">T\u00e9cnica de emfermagem <\/td><td style=\"color: #000000; background-color: #FFFFFF;\">Farm\u00e1cia\/Laborat\u00f3rio <\/td><td style=\"color: #000000; background-color: #FFFFFF;\">ESTATUT\u00c1RIO\/ SES<\/td><td style=\"color: #000000; background-color: #FFFFFF;\">COREN 400609 <\/td><td style=\"color: #000000; background-color: #FFFFFF;\">Dias n\u00e3o fixos (flexibilizada e flutuante)<\/td><td style=\"color: #000000; background-color: #FFFFFF;\">07:00-11:00 \/ 12:00-18:00<\/td><\/tr><tr><td style=\"color: #000000; background-color: #FFFFFF;\">CREMIC<\/td><td style=\"color: #000000; background-color: #FFFFFF;\">Nazy Paula de Freitas<\/td><td style=\"color: #000000; background-color: #FFFFFF;\">T\u00e9cnica de emfermagem <\/td><td style=\"color: #000000; background-color: #FFFFFF;\">Farm\u00e1cia\/Laborat\u00f3rio <\/td><td style=\"color: #000000; background-color: #FFFFFF;\">ESTATUT\u00c1RIO\/ SES<\/td><td style=\"color: #000000; background-color: #FFFFFF;\">COREN 073457<\/td><td style=\"color: #000000; background-color: #FFFFFF;\">Quarta, Quinta e Sexta (10h)<\/td><td style=\"color: #000000; background-color: #FFFFFF;\">07:00-11:00 \/ 12:00-18:00<\/td><\/tr><tr><td style=\"color: #000000; background-color: #FFFFFF;\">CREMIC<\/td><td style=\"color: #000000; background-color: #FFFFFF;\">Paulo Henrique Garcia Pereira<\/td><td style=\"color: #000000; background-color: #FFFFFF;\">Farmac\u00eautico<\/td><td style=\"color: #000000; background-color: #FFFFFF;\">Farm\u00e1cia\/Laborat\u00f3rio <\/td><td style=\"color: #000000; background-color: #FFFFFF;\">CELETISTA\/EMPREGADO P\u00daBLICO\/IQUEGO<\/td><td style=\"color: #000000; background-color: #FFFFFF;\">CRF 3451<\/td><td style=\"color: #000000; background-color: #FFFFFF;\">Segunda a Sexta (8h)<\/td><td style=\"color: #000000; background-color: #FFFFFF;\">07:30-12:00 \/ 13:00-16:30<\/td><\/tr><tr><td style=\"color: #000000; background-color: #FFFFFF;\">CREMIC<\/td><td style=\"color: #000000; background-color: #FFFFFF;\">Renata Kelly Nascente <\/td><td style=\"color: #000000; background-color: #FFFFFF;\">Farmac\u00eautica <\/td><td style=\"color: #000000; background-color: #FFFFFF;\">Farm\u00e1cia\/Laborat\u00f3rio <\/td><td style=\"color: #000000; background-color: #FFFFFF;\">ESTATUT\u00c1RIO\/ SES<\/td><td style=\"color: #000000; background-color: #FFFFFF;\">CRF 3170<\/td><td style=\"color: #000000; background-color: #FFFFFF;\">Segunda (T), Ter\u00e7a a Sexta (M) (6h)<\/td><td style=\"color: #000000; background-color: #FFFFFF;\">07:00-13:00 e 12:00-18:00 (Seg.)<\/td><\/tr><tr><td style=\"color: #000000; background-color: #FFFFFF;\">CREMIC<\/td><td style=\"color: #000000; background-color: #FFFFFF;\">Sebastiana Miguel<\/td><td style=\"color: #000000; background-color: #FFFFFF;\">T\u00e9cnica de emfermagem <\/td><td style=\"color: #000000; background-color: #FFFFFF;\">Farm\u00e1cia\/Laborat\u00f3rio <\/td><td style=\"color: #000000; background-color: #FFFFFF;\">ESTATUT\u00c1RIO\/ SES<\/td><td style=\"color: #000000; background-color: #FFFFFF;\">86254-TE<\/td><td style=\"color: #000000; background-color: #FFFFFF;\">Segunda, Quarta e Sexta(10h)<\/td><td style=\"color: #000000; background-color: #FFFFFF;\">07:00-11:00 \/ 12:00-18:00<\/td><\/tr><tr><td style=\"color: #000000; background-color: #FFFFFF;\">CREMIC<\/td><td style=\"color: #000000; background-color: #FFFFFF;\">Val\u00e9ria Rosa Silva <\/td><td style=\"color: #000000; background-color: #FFFFFF;\">Farmac\u00eautica <\/td><td style=\"color: #000000; background-color: #FFFFFF;\">Farm\u00e1cia\/Laborat\u00f3rio <\/td><td style=\"color: #000000; background-color: #FFFFFF;\">ESTATUT\u00c1RIO\/ SES<\/td><td style=\"color: #000000; background-color: #FFFFFF;\">CRF 4107<\/td><td style=\"color: #000000; background-color: #FFFFFF;\">Segunda (M), Ter\u00e7a a Sexta (T) (6h)<\/td><td style=\"color: #000000; background-color: #FFFFFF;\">07:00-13:00 (Seg.) e 12:00-18:00 <\/td><\/tr><\/tbody><\/table><div class=\"wp-block-file\"><a href=\"https:\/\/goias.gov.br\/saude\/wp-content\/uploads\/sites\/34\/files\/acesso_a_informacao\/escala-saude\/cremic\/2023\/cremic-setembro.ods\">cremic-setembro.ods&nbsp; <span class=\"wp-block-file__button wp-element-button\">Baixar<\/span><\/a><\/div>\n","protected":false},"excerpt":{"rendered":"","protected":false},"author":7,"featured_media":0,"comment_status":"closed","ping_status":"open","sticky":false,"template":"","format":"standard","meta":{"footnotes":""},"categories":[9],"tags":[],"class_list":["post-35438","post","type-post","status-publish","format-standard","hentry","category-acesso_informacao"],"rttpg_featured_image_url":null,"rttpg_author":{"display_name":"gustavogoncalves","author_link":"https:\/\/goias.gov.br\/saude\/author\/gustavogoncalves\/"},"rttpg_comment":0,"rttpg_category":"<a href=\"https:\/\/goias.gov.br\/saude\/categoria\/acesso_informacao\/\" rel=\"category tag\">Acesso \u00e0 informa\u00e7\u00e3o<\/a>","rttpg_excerpt":null,"_links":{"self":[{"href":"https:\/\/goias.gov.br\/saude\/wp-json\/wp\/v2\/posts\/35438","targetHints":{"allow":["GET"]}}],"collection":[{"href":"https:\/\/goias.gov.br\/saude\/wp-json\/wp\/v2\/posts"}],"about":[{"href":"https:\/\/goias.gov.br\/saude\/wp-json\/wp\/v2\/types\/post"}],"author":[{"embeddable":true,"href":"https:\/\/goias.gov.br\/saude\/wp-json\/wp\/v2\/users\/7"}],"replies":[{"embeddable":true,"href":"https:\/\/goias.gov.br\/saude\/wp-json\/wp\/v2\/comments?post=35438"}],"version-history":[{"count":1,"href":"https:\/\/goias.gov.br\/saude\/wp-json\/wp\/v2\/posts\/35438\/revisions"}],"predecessor-version":[{"id":42911,"href":"https:\/\/goias.gov.br\/saude\/wp-json\/wp\/v2\/posts\/35438\/revisions\/42911"}],"wp:attachment":[{"href":"https:\/\/goias.gov.br\/saude\/wp-json\/wp\/v2\/media?parent=35438"}],"wp:term":[{"taxonomy":"category","embeddable":true,"href":"https:\/\/goias.gov.br\/saude\/wp-json\/wp\/v2\/categories?post=35438"},{"taxonomy":"post_tag","embeddable":true,"href":"https:\/\/goias.gov.br\/saude\/wp-json\/wp\/v2\/tags?post=35438"}],"curies":[{"name":"wp","href":"https:\/\/api.w.org\/{rel}","templated":true}]}}