

{"id":3402,"date":"2017-02-22T10:47:46","date_gmt":"2017-02-22T13:47:46","guid":{"rendered":"https:\/\/siteshom.goias.gov.br\/saude\/leonardo-vilela-participa-de-reuniao-do-conass\/"},"modified":"2017-02-22T10:47:46","modified_gmt":"2017-02-22T13:47:46","slug":"leonardo-vilela-participa-de-reuniao-do-conass","status":"publish","type":"post","link":"https:\/\/goias.gov.br\/saude\/leonardo-vilela-participa-de-reuniao-do-conass\/","title":{"rendered":"Leonardo Vilela participa de reuni\u00e3o do Conass"},"content":{"rendered":"<p>O secret\u00e1rio de Estado da Sa\u00fade Leonardo Vilela participa nessa quarta-feira (22.02), da 2\u00aa Assembleia do Conselho Nacional dos Secret\u00e1rios de Sa\u00fade (Conass), que acontece no Carlton Hotel \u2013 em Bras\u00edlia. O encontro ter\u00e1 a seguinte pauta: refinanciamento das d\u00edvidas dos hospitais filantr\u00f3picos \u2013 apresentado por Ant\u00f4nio Carlos Ferreira, vice-presidente corporativo da Caixa Econ\u00f4mica Federal; medicamentos gen\u00e9ricos, discutido por Jarbas Barbosa da Silva Junior, diretor Presidente da Anvisa; homologa\u00e7\u00e3o de dados sobre receitas e despesas com a\u00e7\u00f5es e servi\u00e7os p\u00fablicos de sa\u00fade e o projeto de Planifica\u00e7\u00e3o da Aten\u00e7\u00e3o \u00e0 Sa\u00fade, apresentado por Viviane Rocha de Luiz. O Conselho Nacional de Secret\u00e1rios de Sa\u00fade (Conass) \u00e9 uma entidade que congrega os Secret\u00e1rios de Estado da Sa\u00fade. A miss\u00e3o da entidade \u00e9 a de promover a articula\u00e7\u00e3o e a representa\u00e7\u00e3o pol\u00edtica da gest\u00e3o estadual do SUS, proporcionando apoio t\u00e9cnico \u00e0s Secretarias Estaduais de Sa\u00fade.<\/p>\n","protected":false},"excerpt":{"rendered":"<p>O secret\u00e1rio de Estado da Sa\u00fade Leonardo Vilela participa nessa quarta-feira (22.02), da 2\u00aa Assembleia do Conselho Nacional dos Secret\u00e1rios de Sa\u00fade (Conass), que acontece no Carlton Hotel \u2013 em Bras\u00edlia. O encontro ter\u00e1 a seguinte pauta: refinanciamento das d\u00edvidas dos hospitais filantr\u00f3picos \u2013 apresentado por Ant\u00f4nio Carlos Ferreira, vice-presidente corporativo da Caixa Econ\u00f4mica Federal; [&hellip;]<\/p>\n","protected":false},"author":46,"featured_media":0,"comment_status":"closed","ping_status":"open","sticky":false,"template":"","format":"standard","meta":{"footnotes":""},"categories":[3],"tags":[],"class_list":["post-3402","post","type-post","status-publish","format-standard","hentry","category-noticias"],"rttpg_featured_image_url":null,"rttpg_author":{"display_name":"cleybetsls","author_link":"https:\/\/goias.gov.br\/saude\/author\/cleybetsls\/"},"rttpg_comment":0,"rttpg_category":"<a href=\"https:\/\/goias.gov.br\/saude\/categoria\/noticias\/\" rel=\"category tag\">Not\u00edcias<\/a>","rttpg_excerpt":"O secret\u00e1rio de Estado da Sa\u00fade Leonardo Vilela participa nessa quarta-feira (22.02), da 2\u00aa Assembleia do Conselho Nacional dos Secret\u00e1rios de Sa\u00fade (Conass), que acontece no Carlton Hotel \u2013 em Bras\u00edlia. O encontro ter\u00e1 a seguinte pauta: refinanciamento das d\u00edvidas dos hospitais filantr\u00f3picos \u2013 apresentado por Ant\u00f4nio Carlos Ferreira, vice-presidente corporativo da Caixa Econ\u00f4mica Federal;&hellip;","_links":{"self":[{"href":"https:\/\/goias.gov.br\/saude\/wp-json\/wp\/v2\/posts\/3402","targetHints":{"allow":["GET"]}}],"collection":[{"href":"https:\/\/goias.gov.br\/saude\/wp-json\/wp\/v2\/posts"}],"about":[{"href":"https:\/\/goias.gov.br\/saude\/wp-json\/wp\/v2\/types\/post"}],"author":[{"embeddable":true,"href":"https:\/\/goias.gov.br\/saude\/wp-json\/wp\/v2\/users\/46"}],"replies":[{"embeddable":true,"href":"https:\/\/goias.gov.br\/saude\/wp-json\/wp\/v2\/comments?post=3402"}],"version-history":[{"count":0,"href":"https:\/\/goias.gov.br\/saude\/wp-json\/wp\/v2\/posts\/3402\/revisions"}],"wp:attachment":[{"href":"https:\/\/goias.gov.br\/saude\/wp-json\/wp\/v2\/media?parent=3402"}],"wp:term":[{"taxonomy":"category","embeddable":true,"href":"https:\/\/goias.gov.br\/saude\/wp-json\/wp\/v2\/categories?post=3402"},{"taxonomy":"post_tag","embeddable":true,"href":"https:\/\/goias.gov.br\/saude\/wp-json\/wp\/v2\/tags?post=3402"}],"curies":[{"name":"wp","href":"https:\/\/api.w.org\/{rel}","templated":true}]}}