

{"id":33985,"date":"2023-07-04T16:13:25","date_gmt":"2023-07-04T19:13:25","guid":{"rendered":"https:\/\/siteshom.goias.gov.br\/saude\/hugol-celebra-8-anos-de-historia-como-referencia-em-cuidar-de-vidas-em-goias\/"},"modified":"2023-07-04T16:13:25","modified_gmt":"2023-07-04T19:13:25","slug":"hugol-celebra-8-anos-de-historia-como-referencia-em-cuidar-de-vidas-em-goias","status":"publish","type":"post","link":"https:\/\/goias.gov.br\/saude\/hugol-celebra-8-anos-de-historia-como-referencia-em-cuidar-de-vidas-em-goias\/","title":{"rendered":"Hugol celebra 8 anos de hist\u00f3ria como refer\u00eancia em cuidar de vidas em Goi\u00e1s"},"content":{"rendered":"<p>Culto ecum&ecirc;nico &eacute; destaque entre a programa&ccedil;&atilde;o de anivers&aacute;rio da unidade do Governo de Goi&aacute;s e ocorre nesta quarta-feira, com presen&ccedil;a de representantes da sociedade e autoridades estaduais<\/p>\n<p><!--more--><\/p>\n<figure class=\"image\"><img fetchpriority=\"high\" decoding=\"async\" class=\" size-full wp-image-31773\" alt=\"\" id=\"\" src=\"https:\/\/goias.gov.br\/saude\/wp-content\/uploads\/sites\/34\/2023\/02\/hugol-377.jpeg\" style=\"\" title=\"\" width=\"960\" height=\"540\" srcset=\"https:\/\/goias.gov.br\/saude\/wp-content\/uploads\/sites\/34\/2023\/02\/hugol-377.jpeg 960w, https:\/\/goias.gov.br\/saude\/wp-content\/uploads\/sites\/34\/2023\/02\/hugol-377-300x169.jpeg 300w, https:\/\/goias.gov.br\/saude\/wp-content\/uploads\/sites\/34\/2023\/02\/hugol-377-768x432.jpeg 768w\" sizes=\"(max-width: 960px) 100vw, 960px\" \/><figcaption class=\"text-center\"><em>Unidade do Governo de Goi&aacute;s, Hugol comemora oito anos de cria&ccedil;&atilde;o e refer&ecirc;ncia em sa&uacute;de<\/em><\/figcaption><\/figure>\n<p>O Hospital Estadual de Urg&ecirc;ncias Governador Ot&aacute;vio Lage de Siqueira (Hugol) celebra oito anos de hist&oacute;ria, nesta semana. A unidade do Governo de Goi&aacute;s, inaugurado em 2015, tornou-se refer&ecirc;ncia no atendimento de urg&ecirc;ncia e emerg&ecirc;ncia no Estado e no Pa&iacute;s.<\/p>\n<p>Desde a sua inaugura&ccedil;&atilde;o, j&aacute; realizou quase 20 milh&otilde;es de procedimentos de urg&ecirc;ncia e emerg&ecirc;ncia, interna&ccedil;&otilde;es, ambulat&oacute;rio e equipe multidisciplinar (13.198.859), procedimentos cir&uacute;rgicos (156.845), exames (5.988.302), transfus&otilde;es (82.340) e coletas de sangue (76.249).<\/p>\n<p>A programa&ccedil;&atilde;o de anivers&aacute;rio come&ccedil;ou nesta segunda-feira (03\/07), com o tema Hugol como refer&ecirc;ncia em cuidar de vidas. Entre as celebra&ccedil;&otilde;es, o destaque &eacute; o culto ecum&ecirc;nico que ocorre na manh&atilde; desta quarta-feira (05\/07), com a presen&ccedil;a de colaboradores, superintendentes, representantes da sociedade e autoridades estaduais, no audit&oacute;rio do hospital.<\/p>\n<p>Ainda est&atilde;o previstas a&ccedil;&otilde;es internas direcionadas aos colaboradores e pacientes. A programa&ccedil;&atilde;o inclui apresenta&ccedil;&atilde;o musical com saxofonista nas alas de enfermarias, harpista na recep&ccedil;&atilde;o geral para visitantes e acompanhantes, homenagem aos profissionais que foram elogiados nominalmente pelos pacientes e arrai&aacute; para os colaboradores.<\/p>\n<p><strong>Hist&oacute;rico<\/strong><br \/>\nO Hugol &eacute; uma unidade de sa&uacute;de de alta e m&eacute;dia complexidade em urg&ecirc;ncia e emerg&ecirc;ncia, com foco em traumatologia, queimaduras e medicina intensiva. H&aacute; oito anos, a unidade foi inaugurada com o objetivo de ser refer&ecirc;ncia em atendimento de urg&ecirc;ncia e emerg&ecirc;ncia no Pa&iacute;s,&nbsp;e para garantir inova&ccedil;&atilde;o nas &aacute;reas em que atua.<\/p>\n<p>Hoje, o hospital j&aacute; &eacute; refer&ecirc;ncia em diversas &aacute;reas da sa&uacute;de, incluindo traumatologia, cardiologia, queimaduras, neurologia, e no atendimento humanizado. &Eacute;, ainda, um hospital de assist&ecirc;ncia, ensino, pesquisa e extens&atilde;o universit&aacute;ria, com banco de sangue pr&oacute;prio. Al&eacute;m do atendimento m&eacute;dico, a unidade promove a&ccedil;&otilde;es para a sociedade, com projetos como Hugol na Comunidade e Hugol nas Escolas.<\/p>\n<p>Em 2022, o Hugol foi reconhecido nacionalmente pela qualidade e seguran&ccedil;a oferecida aos pacientes, pela Organiza&ccedil;&atilde;o Nacional de Acredita&ccedil;&atilde;o (ONA), com o selo Acreditado com Excel&ecirc;ncia &ndash; ONA 3, a mais alta certifica&ccedil;&atilde;o de qualidade hospitalar atribu&iacute;da pela ONA.<\/p>\n<p>SERVI&Ccedil;O<br \/>\nCulto Ecum&ecirc;nico pelo&nbsp;anivers&aacute;rio de 8 anos do Hugol<br \/>\nData: 5 de julho, &agrave;s 9h<br \/>\nLocal: audit&oacute;rio do Hugol<br \/>\nEndere&ccedil;o: Av. Anhanguera, 14.527,&nbsp;Setor Santos Dumont, Goi&acirc;nia<\/p>\n","protected":false},"excerpt":{"rendered":"<p>Culto ecum&ecirc;nico &eacute; destaque entre a programa&ccedil;&atilde;o de anivers&aacute;rio da unidade do Governo de Goi&aacute;s e ocorre nesta quarta-feira, com presen&ccedil;a de representantes da sociedade e autoridades estaduais<\/p>\n","protected":false},"author":694,"featured_media":31773,"comment_status":"closed","ping_status":"open","sticky":false,"template":"","format":"standard","meta":{"footnotes":""},"categories":[3],"tags":[],"class_list":["post-33985","post","type-post","status-publish","format-standard","has-post-thumbnail","hentry","category-noticias"],"rttpg_featured_image_url":{"full":["https:\/\/goias.gov.br\/saude\/wp-content\/uploads\/sites\/34\/2023\/02\/hugol-377.jpeg",960,540,false],"landscape":["https:\/\/goias.gov.br\/saude\/wp-content\/uploads\/sites\/34\/2023\/02\/hugol-377.jpeg",960,540,false],"portraits":["https:\/\/goias.gov.br\/saude\/wp-content\/uploads\/sites\/34\/2023\/02\/hugol-377.jpeg",960,540,false],"thumbnail":["https:\/\/goias.gov.br\/saude\/wp-content\/uploads\/sites\/34\/2023\/02\/hugol-377-150x150.jpeg",150,150,true],"medium":["https:\/\/goias.gov.br\/saude\/wp-content\/uploads\/sites\/34\/2023\/02\/hugol-377-300x169.jpeg",300,169,true],"large":["https:\/\/goias.gov.br\/saude\/wp-content\/uploads\/sites\/34\/2023\/02\/hugol-377.jpeg",960,540,false],"1536x1536":["https:\/\/goias.gov.br\/saude\/wp-content\/uploads\/sites\/34\/2023\/02\/hugol-377.jpeg",960,540,false],"2048x2048":["https:\/\/goias.gov.br\/saude\/wp-content\/uploads\/sites\/34\/2023\/02\/hugol-377.jpeg",960,540,false]},"rttpg_author":{"display_name":"fabiomachado","author_link":"https:\/\/goias.gov.br\/saude\/author\/fabiomachado\/"},"rttpg_comment":0,"rttpg_category":"<a href=\"https:\/\/goias.gov.br\/saude\/categoria\/noticias\/\" rel=\"category tag\">Not\u00edcias<\/a>","rttpg_excerpt":"Culto ecum&ecirc;nico &eacute; destaque entre a programa&ccedil;&atilde;o de anivers&aacute;rio da unidade do Governo de Goi&aacute;s e ocorre nesta quarta-feira, com presen&ccedil;a de representantes da sociedade e autoridades estaduais","_links":{"self":[{"href":"https:\/\/goias.gov.br\/saude\/wp-json\/wp\/v2\/posts\/33985","targetHints":{"allow":["GET"]}}],"collection":[{"href":"https:\/\/goias.gov.br\/saude\/wp-json\/wp\/v2\/posts"}],"about":[{"href":"https:\/\/goias.gov.br\/saude\/wp-json\/wp\/v2\/types\/post"}],"author":[{"embeddable":true,"href":"https:\/\/goias.gov.br\/saude\/wp-json\/wp\/v2\/users\/694"}],"replies":[{"embeddable":true,"href":"https:\/\/goias.gov.br\/saude\/wp-json\/wp\/v2\/comments?post=33985"}],"version-history":[{"count":0,"href":"https:\/\/goias.gov.br\/saude\/wp-json\/wp\/v2\/posts\/33985\/revisions"}],"wp:featuredmedia":[{"embeddable":true,"href":"https:\/\/goias.gov.br\/saude\/wp-json\/wp\/v2\/media\/31773"}],"wp:attachment":[{"href":"https:\/\/goias.gov.br\/saude\/wp-json\/wp\/v2\/media?parent=33985"}],"wp:term":[{"taxonomy":"category","embeddable":true,"href":"https:\/\/goias.gov.br\/saude\/wp-json\/wp\/v2\/categories?post=33985"},{"taxonomy":"post_tag","embeddable":true,"href":"https:\/\/goias.gov.br\/saude\/wp-json\/wp\/v2\/tags?post=33985"}],"curies":[{"name":"wp","href":"https:\/\/api.w.org\/{rel}","templated":true}]}}