

{"id":3394,"date":"2017-02-22T10:55:04","date_gmt":"2017-02-22T13:55:04","guid":{"rendered":"https:\/\/siteshom.goias.gov.br\/saude\/processo-seletivo-do-credeq-chega-ao-fim\/"},"modified":"2017-02-22T10:55:04","modified_gmt":"2017-02-22T13:55:04","slug":"processo-seletivo-do-credeq-chega-ao-fim","status":"publish","type":"post","link":"https:\/\/goias.gov.br\/saude\/processo-seletivo-do-credeq-chega-ao-fim\/","title":{"rendered":"Processo seletivo do Credeq chega ao fim"},"content":{"rendered":"<p><h4><em>O resultado final ser\u00e1 divulgado na primeira semana de mar\u00e7o<\/em><\/h4>\n<\/p>\n<p>&nbsp;<\/p>\n<p>O Centro de Refer\u00eancia e Excel\u00eancia em Depend\u00eancia Qu\u00edmica Professor Jamil Issy (Credeq), em Aparecida de Goi\u00e2nia, encerrou processo seletivo para contratar 196 profissionais para 27 fun\u00e7\u00f5es, com sal\u00e1rios entre R$ 950 e R$ 8.390,00. Todos os convocados ser\u00e3o contratados pela Associa\u00e7\u00e3o Comunidade Luz da Vida em regime celetista, conforme as necessidades da unidade, considerando a validade de seis meses do processo.<\/p>\n<p>O resultado final dever\u00e1 ser proclamado na primeira semana de mar\u00e7o. A contrata\u00e7\u00e3o obedecer\u00e1 a ordem de classifica\u00e7\u00e3o. A Luz da Vida, que atua h\u00e1 19 anos com depend\u00eancia qu\u00edmica, \u00e9 a respons\u00e1vel pela administra\u00e7\u00e3o do Credeq \u2013 Prof. Jamil Issy. O certame, iniciado em 10 de janeiro, foi dividido em quatro etapas (candidatura, an\u00e1lise curricular, prova e entrevista por compet\u00eancia).<\/p>\n<p>O Credeq &#8211; Prof. Jamil Issy \u00e9 um hospital psiqui\u00e1trico, com um protocolo terap\u00eautico de 90 dias, onde s\u00e3o tratados casos severos de depend\u00eancia qu\u00edmica. A interna\u00e7\u00e3o \u00e9 a primeira fase do tratamento. A outra, que dever\u00e1 ser cont\u00ednua e por no m\u00ednimo um ano, acontece em \u00e2mbito ambulatorial, com apoio do corpo cl\u00ednico \u2013 psiquiatria, psicologia, enfermagem, terapia ocupacional e assist\u00eancia social.<\/p>\n<p>Vale ressaltar que a depend\u00eancia qu\u00edmica \u00e9 resultante de transtorno mental, como qualquer outro problema psiqui\u00e1trico ou neurol\u00f3gico. De acordo com o diretor t\u00e9cnico da unidade de sa\u00fade, psiquiatra Tiago Oliveira, a depend\u00eancia \u00e9 uma enfermidade cr\u00f4nica, progressiva e fatal. Sem cura, a doen\u00e7a precisa ser monitorada e o paciente assistido.<\/p>\n<p>Fonte: Credeq<\/p>\n<p><div class=\"tx cl\"><\/div>\n<\/p>\n<p><div class=\"socialshare cl\"><\/div>\n<\/p>\n<p>&nbsp;<\/p>\n","protected":false},"excerpt":{"rendered":"<p>O resultado final ser\u00e1 divulgado na primeira semana de mar\u00e7o &nbsp; O Centro de Refer\u00eancia e Excel\u00eancia em Depend\u00eancia Qu\u00edmica Professor Jamil Issy (Credeq), em Aparecida de Goi\u00e2nia, encerrou processo seletivo para contratar 196 profissionais para 27 fun\u00e7\u00f5es, com sal\u00e1rios entre R$ 950 e R$ 8.390,00. Todos os convocados ser\u00e3o contratados pela Associa\u00e7\u00e3o Comunidade Luz [&hellip;]<\/p>\n","protected":false},"author":46,"featured_media":0,"comment_status":"closed","ping_status":"open","sticky":false,"template":"","format":"standard","meta":{"footnotes":""},"categories":[3],"tags":[],"class_list":["post-3394","post","type-post","status-publish","format-standard","hentry","category-noticias"],"rttpg_featured_image_url":null,"rttpg_author":{"display_name":"cleybetsls","author_link":"https:\/\/goias.gov.br\/saude\/author\/cleybetsls\/"},"rttpg_comment":0,"rttpg_category":"<a href=\"https:\/\/goias.gov.br\/saude\/categoria\/noticias\/\" rel=\"category tag\">Not\u00edcias<\/a>","rttpg_excerpt":"O resultado final ser\u00e1 divulgado na primeira semana de mar\u00e7o &nbsp; O Centro de Refer\u00eancia e Excel\u00eancia em Depend\u00eancia Qu\u00edmica Professor Jamil Issy (Credeq), em Aparecida de Goi\u00e2nia, encerrou processo seletivo para contratar 196 profissionais para 27 fun\u00e7\u00f5es, com sal\u00e1rios entre R$ 950 e R$ 8.390,00. Todos os convocados ser\u00e3o contratados pela Associa\u00e7\u00e3o Comunidade Luz&hellip;","_links":{"self":[{"href":"https:\/\/goias.gov.br\/saude\/wp-json\/wp\/v2\/posts\/3394","targetHints":{"allow":["GET"]}}],"collection":[{"href":"https:\/\/goias.gov.br\/saude\/wp-json\/wp\/v2\/posts"}],"about":[{"href":"https:\/\/goias.gov.br\/saude\/wp-json\/wp\/v2\/types\/post"}],"author":[{"embeddable":true,"href":"https:\/\/goias.gov.br\/saude\/wp-json\/wp\/v2\/users\/46"}],"replies":[{"embeddable":true,"href":"https:\/\/goias.gov.br\/saude\/wp-json\/wp\/v2\/comments?post=3394"}],"version-history":[{"count":0,"href":"https:\/\/goias.gov.br\/saude\/wp-json\/wp\/v2\/posts\/3394\/revisions"}],"wp:attachment":[{"href":"https:\/\/goias.gov.br\/saude\/wp-json\/wp\/v2\/media?parent=3394"}],"wp:term":[{"taxonomy":"category","embeddable":true,"href":"https:\/\/goias.gov.br\/saude\/wp-json\/wp\/v2\/categories?post=3394"},{"taxonomy":"post_tag","embeddable":true,"href":"https:\/\/goias.gov.br\/saude\/wp-json\/wp\/v2\/tags?post=3394"}],"curies":[{"name":"wp","href":"https:\/\/api.w.org\/{rel}","templated":true}]}}