

{"id":3377,"date":"2017-03-03T11:53:51","date_gmt":"2017-03-03T14:53:51","guid":{"rendered":"https:\/\/siteshom.goias.gov.br\/saude\/credeq-comeca-a-contratar-aprovados\/"},"modified":"2017-03-03T11:53:51","modified_gmt":"2017-03-03T14:53:51","slug":"credeq-comeca-a-contratar-aprovados","status":"publish","type":"post","link":"https:\/\/goias.gov.br\/saude\/credeq-comeca-a-contratar-aprovados\/","title":{"rendered":"Credeq come\u00e7a a contratar aprovados"},"content":{"rendered":"<p>O Centro de Refer\u00eancia e Excel\u00eancia em Depend\u00eancia Qu\u00edmica, em Aparecida de Goi\u00e2nia (Credeq \u2013 Prof. Jamil Issy), inicia, a partir da pr\u00f3xima segunda-feira, 6 de mar\u00e7o, as contrata\u00e7\u00f5es dos aprovados no processo seletivo realizado pela institui\u00e7\u00e3o de sa\u00fade para contratar 196 profissionais, para 27 fun\u00e7\u00f5es, com sal\u00e1rios que variam entre R$ 950 e R$ 8.390,00.<\/p>\n<div class=\"tx cl\">\n<p>Todos os convocados ser\u00e3o contratados pela Associa\u00e7\u00e3o Comunidade Luz da Vida em regime celetista. A contrata\u00e7\u00e3o obedecer\u00e1 a ordem de classifica\u00e7\u00e3o. O cronograma de convoca\u00e7\u00e3o est\u00e1 publicado no site oficial do Credeq \u2013 Prof. Jamil Issy (<a href=\"https:\/\/goias.gov.br\/saude\/view\/5627\/credeq-go.org.br\" target=\"_blank\" rel=\"noopener noreferrer\">credeq-go.org.br<\/a>).<\/p>\n<p>A Luz da Vida, que atua h\u00e1 19 anos com depend\u00eancia qu\u00edmica, \u00e9 a respons\u00e1vel pela administra\u00e7\u00e3o da unidade, que \u00e9 ligada \u00e0 Secretaria de Estado da Sa\u00fade de Goi\u00e1s (SES-GO). Os candidatos classificados, convocados e contratados receber\u00e3o, al\u00e9m do sal\u00e1rio base, os devidos adicionais de acordo com a Consolida\u00e7\u00e3o das Leis do Trabalho (CLT). O objetivo de todo o processo seletivo, iniciado em 10 de janeiro passado, \u00e9 qualificar a unidade a funcionar plenamente a partir deste m\u00eas de mar\u00e7o.<\/p>\n<p>O conceito Credeq foi concebido pelo Governo de Goi\u00e1s, em 2010, com o prop\u00f3sito de qualificar o tratamento de casos severos de depend\u00eancia qu\u00edmica e disponibilizar terapias existentes apenas em sofisticadas cl\u00ednicas particulares, cuja m\u00e9dia das di\u00e1rias s\u00e3o de R$ 3,1 mil. O Credeq \u2013 Prof. Jamil Issy \u00e9 p\u00fablico, gratuito e com recursos apostados apenas por recursos do Tesouro de Goi\u00e1s.<\/p>\n<p><strong>Servi\u00e7o<\/strong><\/p>\n<p><strong>Assunto<\/strong>: Credeq deflagra contrata\u00e7\u00e3o dos profissionais aprovados no processo seletivo<\/p>\n<p><strong>Dia<\/strong>: A partir de segunda-feira, dia 6 de mar\u00e7o de 2017<\/p>\n<p><strong>Local<\/strong>: Credeq &#8211; Prof. Jamil Issy, \u00e0 Avenida Copacabana, s\/n \u2013 Setor Expansul, em Aparecida de Goi\u00e2nia, depois do Complexo Penitenci\u00e1rio Odenir Guimar\u00e3es.<\/p>\n<p><em>As admiss\u00f5es, que ser\u00e3o feitas pelo regime celetista, ir\u00e3o possibilitar o pleno funcionamento da institui\u00e7\u00e3o de sa\u00fade<\/em><\/div><\/p>\n","protected":false},"excerpt":{"rendered":"<p>O Centro de Refer\u00eancia e Excel\u00eancia em Depend\u00eancia Qu\u00edmica, em Aparecida de Goi\u00e2nia (Credeq \u2013 Prof. Jamil Issy), inicia, a partir da pr\u00f3xima segunda-feira, 6 de mar\u00e7o, as contrata\u00e7\u00f5es dos aprovados no processo seletivo realizado pela institui\u00e7\u00e3o de sa\u00fade para contratar 196 profissionais, para 27 fun\u00e7\u00f5es, com sal\u00e1rios que variam entre R$ 950 e R$ [&hellip;]<\/p>\n","protected":false},"author":46,"featured_media":0,"comment_status":"closed","ping_status":"open","sticky":false,"template":"","format":"standard","meta":{"footnotes":""},"categories":[3],"tags":[],"class_list":["post-3377","post","type-post","status-publish","format-standard","hentry","category-noticias"],"rttpg_featured_image_url":null,"rttpg_author":{"display_name":"cleybetsls","author_link":"https:\/\/goias.gov.br\/saude\/author\/cleybetsls\/"},"rttpg_comment":0,"rttpg_category":"<a href=\"https:\/\/goias.gov.br\/saude\/categoria\/noticias\/\" rel=\"category tag\">Not\u00edcias<\/a>","rttpg_excerpt":"O Centro de Refer\u00eancia e Excel\u00eancia em Depend\u00eancia Qu\u00edmica, em Aparecida de Goi\u00e2nia (Credeq \u2013 Prof. Jamil Issy), inicia, a partir da pr\u00f3xima segunda-feira, 6 de mar\u00e7o, as contrata\u00e7\u00f5es dos aprovados no processo seletivo realizado pela institui\u00e7\u00e3o de sa\u00fade para contratar 196 profissionais, para 27 fun\u00e7\u00f5es, com sal\u00e1rios que variam entre R$ 950 e R$&hellip;","_links":{"self":[{"href":"https:\/\/goias.gov.br\/saude\/wp-json\/wp\/v2\/posts\/3377","targetHints":{"allow":["GET"]}}],"collection":[{"href":"https:\/\/goias.gov.br\/saude\/wp-json\/wp\/v2\/posts"}],"about":[{"href":"https:\/\/goias.gov.br\/saude\/wp-json\/wp\/v2\/types\/post"}],"author":[{"embeddable":true,"href":"https:\/\/goias.gov.br\/saude\/wp-json\/wp\/v2\/users\/46"}],"replies":[{"embeddable":true,"href":"https:\/\/goias.gov.br\/saude\/wp-json\/wp\/v2\/comments?post=3377"}],"version-history":[{"count":0,"href":"https:\/\/goias.gov.br\/saude\/wp-json\/wp\/v2\/posts\/3377\/revisions"}],"wp:attachment":[{"href":"https:\/\/goias.gov.br\/saude\/wp-json\/wp\/v2\/media?parent=3377"}],"wp:term":[{"taxonomy":"category","embeddable":true,"href":"https:\/\/goias.gov.br\/saude\/wp-json\/wp\/v2\/categories?post=3377"},{"taxonomy":"post_tag","embeddable":true,"href":"https:\/\/goias.gov.br\/saude\/wp-json\/wp\/v2\/tags?post=3377"}],"curies":[{"name":"wp","href":"https:\/\/api.w.org\/{rel}","templated":true}]}}