

{"id":336,"date":"2019-07-22T11:46:44","date_gmt":"2019-07-22T14:46:44","guid":{"rendered":"https:\/\/siteshom.goias.gov.br\/saude\/saude-destaca-importancia-do-uso-de-protetor-solar\/"},"modified":"2019-07-22T11:46:44","modified_gmt":"2019-07-22T14:46:44","slug":"saude-destaca-importancia-do-uso-de-protetor-solar","status":"publish","type":"post","link":"https:\/\/goias.gov.br\/saude\/saude-destaca-importancia-do-uso-de-protetor-solar\/","title":{"rendered":"Sa\u00fade destaca import\u00e2ncia do uso de protetor solar"},"content":{"rendered":"<p><em>Dados do INCA indicam que em 2018 surgiram 165 mil casos novos de c\u00e2ncer de pele. Em Goi\u00e1s, o c\u00e2ncer atingiu 3.060 mulheres e 2.240 homens<\/em><\/p>\n<p>Nesta \u00e9poca do ano o sol brilha forte das 6h30 \u00e0s 18h. Embora seja inverno n\u00e3o h\u00e1 grande diferen\u00e7a na incid\u00eancia de raios ultravioletas em rela\u00e7\u00e3o \u00e0s outras \u00e9pocas do ano devido a posi\u00e7\u00e3o geogr\u00e1fica e o per\u00edodo de estiagem no Planalto Central. E como as pessoas ficam mais expostas ao ar livre devido as f\u00e9rias, \u00e9 preciso redobrar os cuidados com a pele. O protetor solar se torna um item indispens\u00e1vel para pessoas de todas as faixas et\u00e1rias.<\/p>\n<p>O dermatologista Jules Rimet Borges, do Hospital Estadual de Dermatologia Sanit\u00e1ria e Reabilita\u00e7\u00e3o Santa Marta (HDS), unidade da Secretaria de Estado da Sa\u00fade (SES), afirma que o uso di\u00e1rio do filtro solar evita queimaduras ap\u00f3s exposi\u00e7\u00e3o aguda ao sol, como \u00e9 o caso de quem est\u00e1 nas praias dos rios Araguaia e Tocantins. \u201cO benef\u00edcio principal \u00e9 o de evitar danos futuros \u00e0 pele, como c\u00e2ncer de pele, at\u00e9 sinais de envelhecimento cut\u00e2neo, como manchas, rugas e flacidez\u201d, explica.<\/p>\n<p>Em um pa\u00eds tropical como o Brasil, o sol consiste no principal agente causador do tumor maligno de pele. Este tipo de c\u00e2ncer \u00e9 o mais frequente no pa\u00eds e corresponde a cerca de 30% de todos os tumores malignos registrados. Dados do Instituto Nacional do C\u00e2ncer (INCA) indicam que em 2018 surgiram 165 mil casos novos deste tipo de doen\u00e7a em todo o pa\u00eds (3.060 em mulheres e 2.240 em homens que vivem em Goi\u00e1s).<\/p>\n<p>A m\u00e9dica Priscila Mara Chaves e Silva, dermatologista do Hospital Estadual de Doen\u00e7as Tropicais Dr. Anuar Auad (HDT), explica que o uso regular do filtro solar \u00e9 uma medida fundamental para a preven\u00e7\u00e3o do c\u00e2ncer de pele. Ela ensina: o produto deve ser aplicado diariamente e reaplicado a cada 3 horas tanto no rosto quanto nas \u00e1reas corporais que ficam expostas ao sol.<\/p>\n<p>A professora aposentada Vera L\u00facia Aguiar, de 60 anos, usa diariamente filtro solar nas partes expostas ao sol, esteja na cidade, na praia ou no campo. A primeira aplica\u00e7\u00e3o ocorre pela manh\u00e3, logo ap\u00f3s o banho. Ela reaplica algumas vezes ao dia quando \u00e9 necess\u00e1rio. \u201cNas f\u00e9rias, quando vou para praia ou clubes, uso \u00f3culos escuros, chap\u00e9u e procuro ficar em locais com mais sombra. Na cidade, se o sol estiver muito forte tamb\u00e9m uso sombrinha\u201d, conta. A precau\u00e7\u00e3o de Vera tem raz\u00e3o de ser: de pele clara, ela j\u00e1 teve uma mancha maligna no canto externo do nariz, pr\u00f3ximo ao olho esquerdo. Tratou, se curou e o protetor solar faz parte da rotina di\u00e1ria.<\/p>\n<p>Regina C\u00e9lia Cardoso tamb\u00e9m se previne e \u00e9 rigorosa nos cuidados. Aplica o filtro no rosto e nos bra\u00e7os diariamente. Quando sai de casa, usa roupas de manga comprida; principalmente quando dirige. Na praia, o chap\u00e9u \u00e9 um acess\u00f3rio indispens\u00e1vel. \u201cAcho que quem mora no Centro-Oeste deveria incluir este item no vestu\u00e1rio em fun\u00e7\u00e3o do sol forte\u201d, diz.<\/p>\n<p><strong>O produto ideal<\/strong><\/p>\n<p>A dermatologista Priscila Mara Chaves e Silva orienta que a escolha do filtro solar deve come\u00e7ar pela sele\u00e7\u00e3o do fator de prote\u00e7\u00e3o solar (FPS) que indica o quanto o produto \u00e9 efetivo na prote\u00e7\u00e3o da pele contra os raios UVB, associada ao c\u00e2ncer de pele. Atualmente as embalagens especificam tamb\u00e9m o PPD (Persistent Pigment Darkening) para quantificar a prote\u00e7\u00e3o oferecida por um protetor contra a radia\u00e7\u00e3o solar UVA, respons\u00e1vel pelo fotoenvelhecimento cut\u00e2neo e surgimento das manchas. Este valor deve ser de 1\/3 do valor do FPS. \u201cPessoas com a pele morena devem usar no m\u00ednimo FPS 15, embora o mais recomendado de forma geral seja acima do FPS 30. As de pele muito clara recomendo fatores de prote\u00e7\u00e3o mais alto, como o FPS 60. O mesmo conselho vale para quem vai ficar muito tempo exposto ao sol, como os turistas do Araguaia. E principalmente para pessoas com alguma doen\u00e7a que piora com os raios solares ou tiveram c\u00e2ncer de pele\u201d, diz a dermatologista do HDT.<\/p>\n<p>O m\u00e9dico Jules Borges, do HDS, explica que o protetor solar n\u00e3o \u00e9 recomendado para beb\u00eas de at\u00e9 6 meses de idade, pois existe o risco de absor\u00e7\u00e3o dos componentes do produto por meio da pele. Nesta idade, recomenda-se prote\u00e7\u00e3o com roupas e chap\u00e9us e evitar exposi\u00e7\u00e3o solar entre 10h e 16h. \u201cCrian\u00e7as t\u00eam mais risco de desenvolver irrita\u00e7\u00e3o pelas subst\u00e2ncias qu\u00edmicas componentes do protetor solar. Por isso, os pequenos devem usar protetor solar infantil, chamados de protetores f\u00edsicos, a fim de evitar dermatite de contato\u201d, diz o m\u00e9dico.<\/p>\n<p>De acordo com a Sociedade Brasileira de Dermatologia, a quantidade de protetor solar indicada para cada parte do corpo \u00e9: uma colher de ch\u00e1 do produto no rosto, no pesco\u00e7o e na cabe\u00e7a; uma colher de ch\u00e1 para a parte da frente do tronco e outra para a parte de tr\u00e1s. \u201cEssa \u00e9 a recomenda\u00e7\u00e3o quando h\u00e1 exposi\u00e7\u00e3o solar recreativa, quando ficamos com uma maior parte do corpo exposta. \u00c9 uma dica importante para quem est\u00e1 indo para os rios goianos nesta \u00e9poca do ano\u201d, afirma Jules Borges.<\/p>\n<p><em>Maria Vit\u00f3ria, da Comunica\u00e7\u00e3o Setorial<\/em><\/p>\n","protected":false},"excerpt":{"rendered":"<p>Dados do INCA indicam que em 2018 surgiram 165 mil casos novos de c\u00e2ncer de pele. Em Goi\u00e1s, o c\u00e2ncer atingiu 3.060 mulheres e 2.240 homens Nesta \u00e9poca do ano o sol brilha forte das 6h30 \u00e0s 18h. Embora seja inverno n\u00e3o h\u00e1 grande diferen\u00e7a na incid\u00eancia de raios ultravioletas em rela\u00e7\u00e3o \u00e0s outras \u00e9pocas [&hellip;]<\/p>\n","protected":false},"author":46,"featured_media":0,"comment_status":"closed","ping_status":"open","sticky":false,"template":"","format":"standard","meta":{"footnotes":""},"categories":[3],"tags":[],"class_list":["post-336","post","type-post","status-publish","format-standard","hentry","category-noticias"],"rttpg_featured_image_url":null,"rttpg_author":{"display_name":"cleybetsls","author_link":"https:\/\/goias.gov.br\/saude\/author\/cleybetsls\/"},"rttpg_comment":0,"rttpg_category":"<a href=\"https:\/\/goias.gov.br\/saude\/categoria\/noticias\/\" rel=\"category tag\">Not\u00edcias<\/a>","rttpg_excerpt":"Dados do INCA indicam que em 2018 surgiram 165 mil casos novos de c\u00e2ncer de pele. Em Goi\u00e1s, o c\u00e2ncer atingiu 3.060 mulheres e 2.240 homens Nesta \u00e9poca do ano o sol brilha forte das 6h30 \u00e0s 18h. Embora seja inverno n\u00e3o h\u00e1 grande diferen\u00e7a na incid\u00eancia de raios ultravioletas em rela\u00e7\u00e3o \u00e0s outras \u00e9pocas&hellip;","_links":{"self":[{"href":"https:\/\/goias.gov.br\/saude\/wp-json\/wp\/v2\/posts\/336","targetHints":{"allow":["GET"]}}],"collection":[{"href":"https:\/\/goias.gov.br\/saude\/wp-json\/wp\/v2\/posts"}],"about":[{"href":"https:\/\/goias.gov.br\/saude\/wp-json\/wp\/v2\/types\/post"}],"author":[{"embeddable":true,"href":"https:\/\/goias.gov.br\/saude\/wp-json\/wp\/v2\/users\/46"}],"replies":[{"embeddable":true,"href":"https:\/\/goias.gov.br\/saude\/wp-json\/wp\/v2\/comments?post=336"}],"version-history":[{"count":0,"href":"https:\/\/goias.gov.br\/saude\/wp-json\/wp\/v2\/posts\/336\/revisions"}],"wp:attachment":[{"href":"https:\/\/goias.gov.br\/saude\/wp-json\/wp\/v2\/media?parent=336"}],"wp:term":[{"taxonomy":"category","embeddable":true,"href":"https:\/\/goias.gov.br\/saude\/wp-json\/wp\/v2\/categories?post=336"},{"taxonomy":"post_tag","embeddable":true,"href":"https:\/\/goias.gov.br\/saude\/wp-json\/wp\/v2\/tags?post=336"}],"curies":[{"name":"wp","href":"https:\/\/api.w.org\/{rel}","templated":true}]}}