

{"id":3355,"date":"2017-03-10T11:05:01","date_gmt":"2017-03-10T14:05:01","guid":{"rendered":"https:\/\/siteshom.goias.gov.br\/saude\/vereador-lucas-kitao-conhece-credeq\/"},"modified":"2017-03-10T11:05:01","modified_gmt":"2017-03-10T14:05:01","slug":"vereador-lucas-kitao-conhece-credeq","status":"publish","type":"post","link":"https:\/\/goias.gov.br\/saude\/vereador-lucas-kitao-conhece-credeq\/","title":{"rendered":"Vereador Lucas Kit\u00e3o conhece Credeq"},"content":{"rendered":"<p>O vereador Lucas Kit\u00e3o, em visita ao Centro de Refer\u00eancia e Excel\u00eancia em Depend\u00eancia Qu\u00edmica (Credeq \u2013 Prof. Jamil Issy) garantiu que a institui\u00e7\u00e3o renova as esperan\u00e7as ao tratamento contra a depend\u00eancia qu\u00edmica. \u201cEstou muito animado, principalmente por conhecer a materializa\u00e7\u00e3o da esperan\u00e7a para as v\u00edtimas de um problema social devastador, como \u00e9 a depend\u00eancia qu\u00edmica\u201d. O advogado Lucas Kit\u00e3o \u00e9 vereador por Goi\u00e2nia em seu primeiro mandato. Ele visitou o Credeq \u2013 prof. Jamil Issy no in\u00edcio da tarde desta quinta-feira (9).<\/p>\n<p>\u201cFiquei feliz por, presencialmente, confirmar que a unidade \u00e9 realmente de excel\u00eancia e o tratamento indica que quando o poder p\u00fablico se dedica a encontrar solu\u00e7\u00f5es coletivas, as respostas podem ser materializadas\u201d, salientou Kit\u00e3o. Recepcionado pelo gerente Multiprofisional, Marcus T\u00falio Kein, e o analista Jur\u00eddico Mateus Mendes, o vereador Kit\u00e3o conheceu as instala\u00e7\u00f5es f\u00edsicas, o projeto terap\u00eautico, o processo de contrata\u00e7\u00e3o, al\u00e9m de ter conversado com pacientes e profissionais.<\/p>\n<p>\u201cFa\u00e7o quest\u00e3o de narrar a experi\u00eancia para o maior n\u00famero de pessoas. Pretendo focar nosso mandato em a\u00e7\u00f5es que produzam resultados de enfrentamento \u00e0s drogas, assim como a\u00e7\u00f5es que mostrem ao poder p\u00fablico que um dos frutos ben\u00e9ficos da associa\u00e7\u00e3o com o terceiro setor \u00e9 o bem-estar \u00e0 popula\u00e7\u00e3o. N\u00e3o s\u00f3 de Goi\u00e2nia, mas de Goi\u00e1s. \u201d<\/p>\n<p><strong>Fonte: Credeq<\/strong><\/p>\n<p>&nbsp;<\/p>\n","protected":false},"excerpt":{"rendered":"<p>O vereador Lucas Kit\u00e3o, em visita ao Centro de Refer\u00eancia e Excel\u00eancia em Depend\u00eancia Qu\u00edmica (Credeq \u2013 Prof. Jamil Issy) garantiu que a institui\u00e7\u00e3o renova as esperan\u00e7as ao tratamento contra a depend\u00eancia qu\u00edmica. \u201cEstou muito animado, principalmente por conhecer a materializa\u00e7\u00e3o da esperan\u00e7a para as v\u00edtimas de um problema social devastador, como \u00e9 a depend\u00eancia [&hellip;]<\/p>\n","protected":false},"author":46,"featured_media":0,"comment_status":"closed","ping_status":"open","sticky":false,"template":"","format":"standard","meta":{"footnotes":""},"categories":[3],"tags":[],"class_list":["post-3355","post","type-post","status-publish","format-standard","hentry","category-noticias"],"rttpg_featured_image_url":null,"rttpg_author":{"display_name":"cleybetsls","author_link":"https:\/\/goias.gov.br\/saude\/author\/cleybetsls\/"},"rttpg_comment":0,"rttpg_category":"<a href=\"https:\/\/goias.gov.br\/saude\/categoria\/noticias\/\" rel=\"category tag\">Not\u00edcias<\/a>","rttpg_excerpt":"O vereador Lucas Kit\u00e3o, em visita ao Centro de Refer\u00eancia e Excel\u00eancia em Depend\u00eancia Qu\u00edmica (Credeq \u2013 Prof. Jamil Issy) garantiu que a institui\u00e7\u00e3o renova as esperan\u00e7as ao tratamento contra a depend\u00eancia qu\u00edmica. \u201cEstou muito animado, principalmente por conhecer a materializa\u00e7\u00e3o da esperan\u00e7a para as v\u00edtimas de um problema social devastador, como \u00e9 a depend\u00eancia&hellip;","_links":{"self":[{"href":"https:\/\/goias.gov.br\/saude\/wp-json\/wp\/v2\/posts\/3355","targetHints":{"allow":["GET"]}}],"collection":[{"href":"https:\/\/goias.gov.br\/saude\/wp-json\/wp\/v2\/posts"}],"about":[{"href":"https:\/\/goias.gov.br\/saude\/wp-json\/wp\/v2\/types\/post"}],"author":[{"embeddable":true,"href":"https:\/\/goias.gov.br\/saude\/wp-json\/wp\/v2\/users\/46"}],"replies":[{"embeddable":true,"href":"https:\/\/goias.gov.br\/saude\/wp-json\/wp\/v2\/comments?post=3355"}],"version-history":[{"count":0,"href":"https:\/\/goias.gov.br\/saude\/wp-json\/wp\/v2\/posts\/3355\/revisions"}],"wp:attachment":[{"href":"https:\/\/goias.gov.br\/saude\/wp-json\/wp\/v2\/media?parent=3355"}],"wp:term":[{"taxonomy":"category","embeddable":true,"href":"https:\/\/goias.gov.br\/saude\/wp-json\/wp\/v2\/categories?post=3355"},{"taxonomy":"post_tag","embeddable":true,"href":"https:\/\/goias.gov.br\/saude\/wp-json\/wp\/v2\/tags?post=3355"}],"curies":[{"name":"wp","href":"https:\/\/api.w.org\/{rel}","templated":true}]}}