

{"id":3348,"date":"2017-03-10T12:03:32","date_gmt":"2017-03-10T15:03:32","guid":{"rendered":"https:\/\/siteshom.goias.gov.br\/saude\/profissionais-do-credeq-participam-de-capacitacao-na-ufg\/"},"modified":"2017-03-10T12:03:32","modified_gmt":"2017-03-10T15:03:32","slug":"profissionais-do-credeq-participam-de-capacitacao-na-ufg","status":"publish","type":"post","link":"https:\/\/goias.gov.br\/saude\/profissionais-do-credeq-participam-de-capacitacao-na-ufg\/","title":{"rendered":"Profissionais do Credeq participam de capacita\u00e7\u00e3o na UFG"},"content":{"rendered":"<p><h4><\/h4>\n<\/p>\n<div class=\"tx cl\">\n<p><strong>Fonte: Credeq <\/strong><\/p>\n<p>Seis profissionais da sa\u00fade do Centro de Refer\u00eancia e Excel\u00eancia em Depend\u00eancia Qu\u00edmica (Credeq \u2013 Prof. Jamil Issy) est\u00e3o participando de um curso de capacita\u00e7\u00e3o realizado pela Faculdade de Enfermagem da Universidade Federal de Goi\u00e1s (FEN\/UFG), com o prop\u00f3sito de qualificar a atua\u00e7\u00e3o com os pacientes, principalmente no p\u00f3s-alta.<\/p>\n<p>O curso &#8220;Redu\u00e7\u00e3o de Danos da Secretaria Municipal de Sa\u00fade de Goi\u00e2nia \u2013 Construindo o Cuidado&#8221; ter\u00e1 dura\u00e7\u00e3o de oito meses. As aulas s\u00e3o presenciais e ocorrem duas vezes ao m\u00eas, no audit\u00f3rio da FEN\/UFG, Setor Leste Universit\u00e1rio, em Goi\u00e2nia.<\/p>\n<p>Entre os participantes est\u00e3o a gerente de Enfermagem, Moana Salviano Neto, a terapeuta ocupacional Stefania Siqueira Rosa, a musicoterapeuta Fabricia Santos Santana, a psic\u00f3loga Silvia Guimar\u00e3es de Paulo, a supervisora de Servi\u00e7o Social, Elis Marina Monteiro de Sousa, e o educador f\u00edsico Michel Lima Peixoto Le\u00e3o.<\/p>\n<p>De acordo com a enfermeira Moana Salviano, o curso tem por objetivo capacitar os profissionais da sa\u00fade sobre a estrat\u00e9gia de redu\u00e7\u00e3o de danos. Ela esclarece que a Redu\u00e7\u00e3o de Danos \u00e9 uma pol\u00edtica da sa\u00fade mental e da depend\u00eancia qu\u00edmica.<\/p><\/div><\/p>\n","protected":false},"excerpt":{"rendered":"<p>Fonte: Credeq Seis profissionais da sa\u00fade do Centro de Refer\u00eancia e Excel\u00eancia em Depend\u00eancia Qu\u00edmica (Credeq \u2013 Prof. Jamil Issy) est\u00e3o participando de um curso de capacita\u00e7\u00e3o realizado pela Faculdade de Enfermagem da Universidade Federal de Goi\u00e1s (FEN\/UFG), com o prop\u00f3sito de qualificar a atua\u00e7\u00e3o com os pacientes, principalmente no p\u00f3s-alta. O curso &#8220;Redu\u00e7\u00e3o de [&hellip;]<\/p>\n","protected":false},"author":46,"featured_media":0,"comment_status":"closed","ping_status":"open","sticky":false,"template":"","format":"standard","meta":{"footnotes":""},"categories":[3],"tags":[],"class_list":["post-3348","post","type-post","status-publish","format-standard","hentry","category-noticias"],"rttpg_featured_image_url":null,"rttpg_author":{"display_name":"cleybetsls","author_link":"https:\/\/goias.gov.br\/saude\/author\/cleybetsls\/"},"rttpg_comment":0,"rttpg_category":"<a href=\"https:\/\/goias.gov.br\/saude\/categoria\/noticias\/\" rel=\"category tag\">Not\u00edcias<\/a>","rttpg_excerpt":"Fonte: Credeq Seis profissionais da sa\u00fade do Centro de Refer\u00eancia e Excel\u00eancia em Depend\u00eancia Qu\u00edmica (Credeq \u2013 Prof. Jamil Issy) est\u00e3o participando de um curso de capacita\u00e7\u00e3o realizado pela Faculdade de Enfermagem da Universidade Federal de Goi\u00e1s (FEN\/UFG), com o prop\u00f3sito de qualificar a atua\u00e7\u00e3o com os pacientes, principalmente no p\u00f3s-alta. O curso &#8220;Redu\u00e7\u00e3o de&hellip;","_links":{"self":[{"href":"https:\/\/goias.gov.br\/saude\/wp-json\/wp\/v2\/posts\/3348","targetHints":{"allow":["GET"]}}],"collection":[{"href":"https:\/\/goias.gov.br\/saude\/wp-json\/wp\/v2\/posts"}],"about":[{"href":"https:\/\/goias.gov.br\/saude\/wp-json\/wp\/v2\/types\/post"}],"author":[{"embeddable":true,"href":"https:\/\/goias.gov.br\/saude\/wp-json\/wp\/v2\/users\/46"}],"replies":[{"embeddable":true,"href":"https:\/\/goias.gov.br\/saude\/wp-json\/wp\/v2\/comments?post=3348"}],"version-history":[{"count":0,"href":"https:\/\/goias.gov.br\/saude\/wp-json\/wp\/v2\/posts\/3348\/revisions"}],"wp:attachment":[{"href":"https:\/\/goias.gov.br\/saude\/wp-json\/wp\/v2\/media?parent=3348"}],"wp:term":[{"taxonomy":"category","embeddable":true,"href":"https:\/\/goias.gov.br\/saude\/wp-json\/wp\/v2\/categories?post=3348"},{"taxonomy":"post_tag","embeddable":true,"href":"https:\/\/goias.gov.br\/saude\/wp-json\/wp\/v2\/tags?post=3348"}],"curies":[{"name":"wp","href":"https:\/\/api.w.org\/{rel}","templated":true}]}}