

{"id":3309,"date":"2017-03-21T13:56:23","date_gmt":"2017-03-21T16:56:23","guid":{"rendered":"https:\/\/siteshom.goias.gov.br\/saude\/lesao-por-pressao-e-tema-de-treinamento-do-hugol\/"},"modified":"2017-03-21T13:56:23","modified_gmt":"2017-03-21T16:56:23","slug":"lesao-por-pressao-e-tema-de-treinamento-do-hugol","status":"publish","type":"post","link":"https:\/\/goias.gov.br\/saude\/lesao-por-pressao-e-tema-de-treinamento-do-hugol\/","title":{"rendered":"Les\u00e3o por press\u00e3o \u00e9 tema de treinamento do Hugol"},"content":{"rendered":"<p><h4><\/h4>\n<\/p>\n<div class=\"tx cl\">\n<p>O Hospital de Urg\u00eancias Governador Ot\u00e1vio Lage de Siqueira (Hugol) promoveu mais um ciclo de treinamentos dos protocolos para a Seguran\u00e7a do Paciente, desta vez sobre a preven\u00e7\u00e3o de les\u00e3o por press\u00e3o \u2013 LPP, ministrado pelo N\u00facleo de Seguran\u00e7a do Paciente \u2013 NUSP nos dias 13, 14 e 15 de mar\u00e7o.<\/p>\n<p>De acordo com a enfermeira e presidente do NUSP, Ana Teresinha Soares dos Santos, \u201ca les\u00e3o por press\u00e3o \u00e9 um dano localizado na pele e\/ou tecidos moles e pode se apresentar em pele \u00edntegra ou como \u00falcera aberta, sendo resultado da press\u00e3o intensa e\/ou prolongada\u201d.<\/p>\n<p>Segundo Ana Teresinha, o aparecimento da les\u00e3o \u00e9 mais comum em pacientes com longa perman\u00eancia, al\u00e9m de poder ser ocasionada por problemas nutricionais, perfus\u00e3o, comorbidades ou pela pr\u00f3pria condi\u00e7\u00e3o cl\u00ednica do assistido. \u201cA maioria dos casos de LPP pode ser evitada por meio da identifica\u00e7\u00e3o dos pacientes em risco e da implanta\u00e7\u00e3o de estrat\u00e9gias da preven\u00e7\u00e3o confi\u00e1veis para todos os pacientes identificados como de risco\u201d, explica a enfermeira.<\/p>\n<p>Fonte: Hugol<\/p>\n<\/div>\n<p>&nbsp;<\/p>\n","protected":false},"excerpt":{"rendered":"<p>O Hospital de Urg\u00eancias Governador Ot\u00e1vio Lage de Siqueira (Hugol) promoveu mais um ciclo de treinamentos dos protocolos para a Seguran\u00e7a do Paciente, desta vez sobre a preven\u00e7\u00e3o de les\u00e3o por press\u00e3o \u2013 LPP, ministrado pelo N\u00facleo de Seguran\u00e7a do Paciente \u2013 NUSP nos dias 13, 14 e 15 de mar\u00e7o. De acordo com a [&hellip;]<\/p>\n","protected":false},"author":46,"featured_media":0,"comment_status":"closed","ping_status":"open","sticky":false,"template":"","format":"standard","meta":{"footnotes":""},"categories":[3],"tags":[],"class_list":["post-3309","post","type-post","status-publish","format-standard","hentry","category-noticias"],"rttpg_featured_image_url":null,"rttpg_author":{"display_name":"cleybetsls","author_link":"https:\/\/goias.gov.br\/saude\/author\/cleybetsls\/"},"rttpg_comment":0,"rttpg_category":"<a href=\"https:\/\/goias.gov.br\/saude\/categoria\/noticias\/\" rel=\"category tag\">Not\u00edcias<\/a>","rttpg_excerpt":"O Hospital de Urg\u00eancias Governador Ot\u00e1vio Lage de Siqueira (Hugol) promoveu mais um ciclo de treinamentos dos protocolos para a Seguran\u00e7a do Paciente, desta vez sobre a preven\u00e7\u00e3o de les\u00e3o por press\u00e3o \u2013 LPP, ministrado pelo N\u00facleo de Seguran\u00e7a do Paciente \u2013 NUSP nos dias 13, 14 e 15 de mar\u00e7o. De acordo com a&hellip;","_links":{"self":[{"href":"https:\/\/goias.gov.br\/saude\/wp-json\/wp\/v2\/posts\/3309","targetHints":{"allow":["GET"]}}],"collection":[{"href":"https:\/\/goias.gov.br\/saude\/wp-json\/wp\/v2\/posts"}],"about":[{"href":"https:\/\/goias.gov.br\/saude\/wp-json\/wp\/v2\/types\/post"}],"author":[{"embeddable":true,"href":"https:\/\/goias.gov.br\/saude\/wp-json\/wp\/v2\/users\/46"}],"replies":[{"embeddable":true,"href":"https:\/\/goias.gov.br\/saude\/wp-json\/wp\/v2\/comments?post=3309"}],"version-history":[{"count":0,"href":"https:\/\/goias.gov.br\/saude\/wp-json\/wp\/v2\/posts\/3309\/revisions"}],"wp:attachment":[{"href":"https:\/\/goias.gov.br\/saude\/wp-json\/wp\/v2\/media?parent=3309"}],"wp:term":[{"taxonomy":"category","embeddable":true,"href":"https:\/\/goias.gov.br\/saude\/wp-json\/wp\/v2\/categories?post=3309"},{"taxonomy":"post_tag","embeddable":true,"href":"https:\/\/goias.gov.br\/saude\/wp-json\/wp\/v2\/tags?post=3309"}],"curies":[{"name":"wp","href":"https:\/\/api.w.org\/{rel}","templated":true}]}}