

{"id":3297,"date":"2017-03-23T12:09:44","date_gmt":"2017-03-23T15:09:44","guid":{"rendered":"https:\/\/siteshom.goias.gov.br\/saude\/huapa-conscientiza-colaboradores-sobre-tuberculose\/"},"modified":"2017-03-23T12:09:44","modified_gmt":"2017-03-23T15:09:44","slug":"huapa-conscientiza-colaboradores-sobre-tuberculose","status":"publish","type":"post","link":"https:\/\/goias.gov.br\/saude\/huapa-conscientiza-colaboradores-sobre-tuberculose\/","title":{"rendered":"Huapa conscientiza colaboradores sobre Tuberculose"},"content":{"rendered":"<p>No dia 24 de mar\u00e7o (sexta-feira), data marcada no calend\u00e1rio da Sa\u00fade como Dia Mundial de Combate \u00e0 Tuberculose, o Hospital de Urg\u00eancias de Aparecida de Goi\u00e2nia (Huapa), por meio dos setores Servi\u00e7o Especializado em Engenharia de Seguran\u00e7a e em Medicina do Trabalho (SESMT) e N\u00facleo de Vigil\u00e2ncia Epidemiol\u00f3gica Hospitalar (NVEH), visita todos os setores da unidade para conscientizar aos colaboradores sobre os riscos de transmiss\u00e3o da doen\u00e7a e refor\u00e7ar a import\u00e2ncia do uso do Equipamento de Prote\u00e7\u00e3o Individual (EPI).<\/p>\n<div class=\"tx cl\">\n<p>\u201cComo estamos em uma unidade de Urg\u00eancia e Emerg\u00eancia, \u00e9 comum atendermos casos de Tuberculose. Pensando nisso, resolvemos alertar ainda mais aos profissionais sobre os riscos de transmiss\u00e3o da doen\u00e7a e refor\u00e7ar o uso de EPI nesse dia dedicado ao combate \u00e0 enfermidade\u201d, destaca a enfermeira do trabalho, Ana Fl\u00e1via Soares da Silva.<\/p>\n<\/div>\n<p>&nbsp;<\/p>\n","protected":false},"excerpt":{"rendered":"<p>No dia 24 de mar\u00e7o (sexta-feira), data marcada no calend\u00e1rio da Sa\u00fade como Dia Mundial de Combate \u00e0 Tuberculose, o Hospital de Urg\u00eancias de Aparecida de Goi\u00e2nia (Huapa), por meio dos setores Servi\u00e7o Especializado em Engenharia de Seguran\u00e7a e em Medicina do Trabalho (SESMT) e N\u00facleo de Vigil\u00e2ncia Epidemiol\u00f3gica Hospitalar (NVEH), visita todos os setores [&hellip;]<\/p>\n","protected":false},"author":46,"featured_media":0,"comment_status":"closed","ping_status":"open","sticky":false,"template":"","format":"standard","meta":{"footnotes":""},"categories":[3],"tags":[],"class_list":["post-3297","post","type-post","status-publish","format-standard","hentry","category-noticias"],"rttpg_featured_image_url":null,"rttpg_author":{"display_name":"cleybetsls","author_link":"https:\/\/goias.gov.br\/saude\/author\/cleybetsls\/"},"rttpg_comment":0,"rttpg_category":"<a href=\"https:\/\/goias.gov.br\/saude\/categoria\/noticias\/\" rel=\"category tag\">Not\u00edcias<\/a>","rttpg_excerpt":"No dia 24 de mar\u00e7o (sexta-feira), data marcada no calend\u00e1rio da Sa\u00fade como Dia Mundial de Combate \u00e0 Tuberculose, o Hospital de Urg\u00eancias de Aparecida de Goi\u00e2nia (Huapa), por meio dos setores Servi\u00e7o Especializado em Engenharia de Seguran\u00e7a e em Medicina do Trabalho (SESMT) e N\u00facleo de Vigil\u00e2ncia Epidemiol\u00f3gica Hospitalar (NVEH), visita todos os setores&hellip;","_links":{"self":[{"href":"https:\/\/goias.gov.br\/saude\/wp-json\/wp\/v2\/posts\/3297","targetHints":{"allow":["GET"]}}],"collection":[{"href":"https:\/\/goias.gov.br\/saude\/wp-json\/wp\/v2\/posts"}],"about":[{"href":"https:\/\/goias.gov.br\/saude\/wp-json\/wp\/v2\/types\/post"}],"author":[{"embeddable":true,"href":"https:\/\/goias.gov.br\/saude\/wp-json\/wp\/v2\/users\/46"}],"replies":[{"embeddable":true,"href":"https:\/\/goias.gov.br\/saude\/wp-json\/wp\/v2\/comments?post=3297"}],"version-history":[{"count":0,"href":"https:\/\/goias.gov.br\/saude\/wp-json\/wp\/v2\/posts\/3297\/revisions"}],"wp:attachment":[{"href":"https:\/\/goias.gov.br\/saude\/wp-json\/wp\/v2\/media?parent=3297"}],"wp:term":[{"taxonomy":"category","embeddable":true,"href":"https:\/\/goias.gov.br\/saude\/wp-json\/wp\/v2\/categories?post=3297"},{"taxonomy":"post_tag","embeddable":true,"href":"https:\/\/goias.gov.br\/saude\/wp-json\/wp\/v2\/tags?post=3297"}],"curies":[{"name":"wp","href":"https:\/\/api.w.org\/{rel}","templated":true}]}}