

{"id":3287,"date":"2017-03-27T07:09:26","date_gmt":"2017-03-27T10:09:26","guid":{"rendered":"https:\/\/siteshom.goias.gov.br\/saude\/campanha-conecta-sus\/"},"modified":"2017-03-27T07:09:26","modified_gmt":"2017-03-27T10:09:26","slug":"campanha-conecta-sus","status":"publish","type":"post","link":"https:\/\/goias.gov.br\/saude\/campanha-conecta-sus\/","title":{"rendered":"Campanha Conecta SUS"},"content":{"rendered":"<p>Monitorar indicadores de sa\u00fade \u00e9 ter informa\u00e7\u00f5es atualizadas para planejar as a\u00e7\u00f5es e tomar decis\u00f5es mais acertadas. Confira mais uma pe\u00e7a da Campanha Conecta SUS. O material foi divulgado na internet, nos jornais do Grupo Jaime C\u00e2mara \u2013 O Popular e Daqui.<\/p>\n<p>&nbsp;<\/p>\n<p><iframe title=\"Campanha Conecta SUS - Sa\u00fade\" src=\"https:\/\/player.vimeo.com\/video\/209237111?dnt=1&amp;app_id=122963\" width=\"500\" height=\"288\" frameborder=\"0\" allow=\"autoplay; fullscreen; picture-in-picture; clipboard-write\"><\/iframe><\/p>\n<p>&nbsp;<\/p>\n<p>&nbsp;<\/p>\n","protected":false},"excerpt":{"rendered":"<p>Monitorar indicadores de sa\u00fade \u00e9 ter informa\u00e7\u00f5es atualizadas para planejar as a\u00e7\u00f5es e tomar decis\u00f5es mais acertadas. Confira mais uma pe\u00e7a da Campanha Conecta SUS. O material foi divulgado na internet, nos jornais do Grupo Jaime C\u00e2mara \u2013 O Popular e Daqui. &nbsp; &nbsp; &nbsp;<\/p>\n","protected":false},"author":46,"featured_media":0,"comment_status":"closed","ping_status":"open","sticky":false,"template":"","format":"standard","meta":{"footnotes":""},"categories":[3],"tags":[],"class_list":["post-3287","post","type-post","status-publish","format-standard","hentry","category-noticias"],"rttpg_featured_image_url":null,"rttpg_author":{"display_name":"cleybetsls","author_link":"https:\/\/goias.gov.br\/saude\/author\/cleybetsls\/"},"rttpg_comment":0,"rttpg_category":"<a href=\"https:\/\/goias.gov.br\/saude\/categoria\/noticias\/\" rel=\"category tag\">Not\u00edcias<\/a>","rttpg_excerpt":"Monitorar indicadores de sa\u00fade \u00e9 ter informa\u00e7\u00f5es atualizadas para planejar as a\u00e7\u00f5es e tomar decis\u00f5es mais acertadas. Confira mais uma pe\u00e7a da Campanha Conecta SUS. O material foi divulgado na internet, nos jornais do Grupo Jaime C\u00e2mara \u2013 O Popular e Daqui. &nbsp; &nbsp; &nbsp;","_links":{"self":[{"href":"https:\/\/goias.gov.br\/saude\/wp-json\/wp\/v2\/posts\/3287","targetHints":{"allow":["GET"]}}],"collection":[{"href":"https:\/\/goias.gov.br\/saude\/wp-json\/wp\/v2\/posts"}],"about":[{"href":"https:\/\/goias.gov.br\/saude\/wp-json\/wp\/v2\/types\/post"}],"author":[{"embeddable":true,"href":"https:\/\/goias.gov.br\/saude\/wp-json\/wp\/v2\/users\/46"}],"replies":[{"embeddable":true,"href":"https:\/\/goias.gov.br\/saude\/wp-json\/wp\/v2\/comments?post=3287"}],"version-history":[{"count":0,"href":"https:\/\/goias.gov.br\/saude\/wp-json\/wp\/v2\/posts\/3287\/revisions"}],"wp:attachment":[{"href":"https:\/\/goias.gov.br\/saude\/wp-json\/wp\/v2\/media?parent=3287"}],"wp:term":[{"taxonomy":"category","embeddable":true,"href":"https:\/\/goias.gov.br\/saude\/wp-json\/wp\/v2\/categories?post=3287"},{"taxonomy":"post_tag","embeddable":true,"href":"https:\/\/goias.gov.br\/saude\/wp-json\/wp\/v2\/tags?post=3287"}],"curies":[{"name":"wp","href":"https:\/\/api.w.org\/{rel}","templated":true}]}}