

{"id":31927,"date":"2023-03-03T11:14:15","date_gmt":"2023-03-03T14:14:15","guid":{"rendered":"https:\/\/siteshom.goias.gov.br\/saude\/imunobiologicos-especiais-2\/"},"modified":"2024-07-12T15:45:26","modified_gmt":"2024-07-12T18:45:26","slug":"imunobiologicos-especiais","status":"publish","type":"post","link":"https:\/\/goias.gov.br\/saude\/imunobiologicos-especiais\/","title":{"rendered":"Imunobiol\u00f3gicos Especiais"},"content":{"rendered":"<p>S\u00e3o imunobiol\u00f3gicos destinados para uma popula\u00e7\u00e3o especial: usu\u00e1rio que apresenta contraindica\u00e7\u00e3o \u00e0 utiliza\u00e7\u00e3o dos imunobiol\u00f3gicos dispon\u00edveis na rede p\u00fablica, indiv\u00edduo\u00a0\u00a0imunocompetente e imunodeprimido, portador de doen\u00e7as cr\u00f4nicas e aquele que apresenta outra condi\u00e7\u00e3o de risco.<\/p>\n<h4>Quem pode ser contemplado com os imunobiol\u00f3gicos especiais?<\/h4>\n<p>Est\u00e3o nesses grupos as\u00a0pessoas que vivem com:<br \/>\n\u2022 HIV\/AIDS;<br \/>\n\u2022 cardiopatias cr\u00f4nicas;<br \/>\n\u2022 pneumopatias cr\u00f4nicas;<br \/>\n\u2022 hepatopatias cr\u00f4nicas;<br \/>\n\u2022 nefropatias cr\u00f4nicas;<br \/>\n\u2022 asma persistente moderada ou grave;<br \/>\n\u2022 diabetes mellitus;<br \/>\n\u2022 f\u00edstula liqu\u00f3rica;<br \/>\n\u2022 implante de c\u00f3clea;<br \/>\n\u2022 imunodefici\u00eancias cong\u00eanitas e adquiridas;<br \/>\n\u2022 asplenia anat\u00f4mica ou funcional e doen\u00e7as relacionadas;<br \/>\n\u2022 doen\u00e7as neurol\u00f3gicas cr\u00f4nicas incapacitantes;<br \/>\n\u2022 fibrose c\u00edstica (mucoviscidose);<br \/>\n\u2022 doen\u00e7as de dep\u00f3sito;<br \/>\n\u2022 trissomias.<\/p>\n<p>Al\u00e9m daquelas:<br \/>\n\u2022 em tratamento oncol\u00f3gico;<br \/>\n\u2022 transplantadas de \u00f3rg\u00e3os s\u00f3lidos;<br \/>\n\u2022 transplantadas de c\u00e9lulas-tronco hematopoi\u00e9ticas (TCTH);<br \/>\n\u2022 doadores de \u00f3rg\u00e3o e de medula, doen\u00e7as hematol\u00f3gicas;<br \/>\n\u2022 rec\u00e9m-nascidos prematuros e de baixo peso;<br \/>\n\u2022 conviventes com pessoas imunodeprimidas.<\/p>\n<h4>Como receber um imunobiol\u00f3gico especial?<\/h4>\n<p>Pacientes que se encaixarem nos crit\u00e9rios e indica\u00e7\u00f5es para uso de um imunobiol\u00f3gico especial podem receber esses imunobiol\u00f3gicos por meio do CRIE (Centro de Refer\u00eancia para Imunobiol\u00f3gicos Especiais)<\/p>\n<p>Se voc\u00ea \u00e9 residente em Goi\u00e2nia, \u00e9 preciso apresentar cart\u00e3o de vacina\u00e7\u00e3o, documentos pessoais, prescri\u00e7\u00e3o m\u00e9dica com a rela\u00e7\u00e3o das vacinas indicadas, um relat\u00f3rio cl\u00ednico atualizado sobre sua condi\u00e7\u00e3o de sa\u00fade e exames atuais comprobat\u00f3rios no CRIE do HEMU.<\/p>\n<p>Sede do CRIE \u2013 HEMU (Hospital Estadual da Mulher)<br \/>\nEndere\u00e7o: R. R-7, s\/n \u2013 St. Coimbra<br \/>\nTelefone: (62) 3956-2981<\/p>\n<p>Se voc\u00ea mora no Entorno do Distrito Federal, precisa apresentar a documenta\u00e7\u00e3o presencialmente no CRIE do Hospital Estadual de \u00c1guas Lindas de Goi\u00e1s.<\/p>\n<p>CRIE do HEAL (Hospital Estadual de \u00c1guas Lindas de Goi\u00e1s)<br \/>\nEndere\u00e7o: R. 19, 792-902 &#8211; Parque da Barragem, em \u00c1guas Lindas de Goi\u00e1s<br \/>\nTelefone: (61) 3774-2627<\/p>\n<p>Se voc\u00ea mora em outro munic\u00edpio do Estado de Goi\u00e1s, procurar a Secretaria Municipal de Sa\u00fade do seu munic\u00edpio, munidos de cart\u00e3o de vacina\u00e7\u00e3o, documentos pessoais, prescri\u00e7\u00e3o m\u00e9dica com a rela\u00e7\u00e3o das vacinas indicadas, um relat\u00f3rio cl\u00ednico atualizado sobre sua condi\u00e7\u00e3o de sa\u00fade e exames atuais comprobat\u00f3rios, pois caber\u00e1 a ela fazer a solicita\u00e7\u00e3o para a Regional de Sa\u00fade que, por sua vez, encaminhar\u00e1 para avalia\u00e7\u00e3o da unidade do estado. Se estiverem contempladas pelas normas em vigor, as vacinas ser\u00e3o enviadas para o munic\u00edpio e a aplica\u00e7\u00e3o acontece l\u00e1 mesmo.<\/p>\n","protected":false},"excerpt":{"rendered":"<p>S\u00e3o imunobiol\u00f3gicos destinados para uma popula\u00e7\u00e3o especial: usu\u00e1rio que apresenta contraindica\u00e7\u00e3o \u00e0 utiliza\u00e7\u00e3o dos imunobiol\u00f3gicos dispon\u00edveis na rede p\u00fablica, indiv\u00edduo\u00a0\u00a0imunocompetente e imunodeprimido, portador de doen\u00e7as cr\u00f4nicas e aquele que apresenta outra condi\u00e7\u00e3o de risco. Quem pode ser contemplado com os imunobiol\u00f3gicos especiais? Est\u00e3o nesses grupos as\u00a0pessoas que vivem com: \u2022 HIV\/AIDS; \u2022 cardiopatias cr\u00f4nicas; \u2022 [&hellip;]<\/p>\n","protected":false},"author":693,"featured_media":0,"comment_status":"closed","ping_status":"open","sticky":false,"template":"","format":"standard","meta":{"footnotes":""},"categories":[16],"tags":[],"class_list":["post-31927","post","type-post","status-publish","format-standard","hentry","category-imunizacao"],"rttpg_featured_image_url":null,"rttpg_author":{"display_name":"elzenubiamoreira","author_link":"https:\/\/goias.gov.br\/saude\/author\/elzenubiamoreira\/"},"rttpg_comment":0,"rttpg_category":"<a href=\"https:\/\/goias.gov.br\/saude\/categoria\/vigilancia-em-saude\/imunizacao\/\" rel=\"category tag\">Imuniza\u00e7\u00e3o<\/a>","rttpg_excerpt":"S\u00e3o imunobiol\u00f3gicos destinados para uma popula\u00e7\u00e3o especial: usu\u00e1rio que apresenta contraindica\u00e7\u00e3o \u00e0 utiliza\u00e7\u00e3o dos imunobiol\u00f3gicos dispon\u00edveis na rede p\u00fablica, indiv\u00edduo\u00a0\u00a0imunocompetente e imunodeprimido, portador de doen\u00e7as cr\u00f4nicas e aquele que apresenta outra condi\u00e7\u00e3o de risco. Quem pode ser contemplado com os imunobiol\u00f3gicos especiais? Est\u00e3o nesses grupos as\u00a0pessoas que vivem com: \u2022 HIV\/AIDS; \u2022 cardiopatias cr\u00f4nicas; \u2022&hellip;","_links":{"self":[{"href":"https:\/\/goias.gov.br\/saude\/wp-json\/wp\/v2\/posts\/31927","targetHints":{"allow":["GET"]}}],"collection":[{"href":"https:\/\/goias.gov.br\/saude\/wp-json\/wp\/v2\/posts"}],"about":[{"href":"https:\/\/goias.gov.br\/saude\/wp-json\/wp\/v2\/types\/post"}],"author":[{"embeddable":true,"href":"https:\/\/goias.gov.br\/saude\/wp-json\/wp\/v2\/users\/693"}],"replies":[{"embeddable":true,"href":"https:\/\/goias.gov.br\/saude\/wp-json\/wp\/v2\/comments?post=31927"}],"version-history":[{"count":2,"href":"https:\/\/goias.gov.br\/saude\/wp-json\/wp\/v2\/posts\/31927\/revisions"}],"predecessor-version":[{"id":60918,"href":"https:\/\/goias.gov.br\/saude\/wp-json\/wp\/v2\/posts\/31927\/revisions\/60918"}],"wp:attachment":[{"href":"https:\/\/goias.gov.br\/saude\/wp-json\/wp\/v2\/media?parent=31927"}],"wp:term":[{"taxonomy":"category","embeddable":true,"href":"https:\/\/goias.gov.br\/saude\/wp-json\/wp\/v2\/categories?post=31927"},{"taxonomy":"post_tag","embeddable":true,"href":"https:\/\/goias.gov.br\/saude\/wp-json\/wp\/v2\/tags?post=31927"}],"curies":[{"name":"wp","href":"https:\/\/api.w.org\/{rel}","templated":true}]}}