

{"id":317,"date":"2019-07-29T14:59:03","date_gmt":"2019-07-29T17:59:03","guid":{"rendered":"https:\/\/siteshom.goias.gov.br\/saude\/pacientes-recebem-netos-no-hugo\/"},"modified":"2019-07-29T14:59:03","modified_gmt":"2019-07-29T17:59:03","slug":"pacientes-recebem-netos-no-hugo","status":"publish","type":"post","link":"https:\/\/goias.gov.br\/saude\/pacientes-recebem-netos-no-hugo\/","title":{"rendered":"Pacientes recebem\u00a0netos no HUGO"},"content":{"rendered":"<p><em>A\u00e7\u00e3o\u00a0realizada no Dia dos Av\u00f3s\u00a0busca valorizar o afeto e humanizar a assist\u00eancia hospitalar<\/em><\/p>\n<p>\u00c9 s\u00f3 falar em av\u00f3s que o assunto desperta as melhores recorda\u00e7\u00f5es. Quem n\u00e3o se lembra do colo da av\u00f3 depois de um machucado, de um lanche gostoso preparado especialmente para os netos ou das brincadeiras com o av\u00f4 no quintal de casa? Por toda aten\u00e7\u00e3o, amor e carinho que eles dispensam ao longo da vida, o dia deles merece ser celebrado, mesmo para quem est\u00e1 longe de casa.<\/p>\n<p>Durante a interna\u00e7\u00e3o, \u00e9 comum que o paciente idoso se queixe de saudade dos netos, j\u00e1 que muitos deles, por serem menores de idade, n\u00e3o podem visitar os av\u00f3s no ambiente hospitalar. Em raz\u00e3o disso, o Hospital de Urg\u00eancias de Goi\u00e2nia (Hugo), unidade da Secretaria de Estado da Sa\u00fade de Goi\u00e1s (SES), preparou um momento diferente e acolhedor para pacientes e familiares.<\/p>\n<p>Na \u00faltima\u00a0sexta-feira, 26, quando comemorou-se o Dia dos Av\u00f3s,\u00a0alguns\u00a0internos receberam\u00a0os netos na institui\u00e7\u00e3o. Eles\u00a0foram at\u00e9\u00a0os leitos, com bal\u00f5es vermelhos, para alegrar ainda mais o dia e o ambiente. A sele\u00e7\u00e3o dos pacientes\u00a0foi\u00a0feita pela equipe assistencial, que tamb\u00e9m acompanhou\u00a0o encontro, a fim de garantir a seguran\u00e7a de todos.\u00a0S\u00f3 puderam participar menores com autoriza\u00e7\u00e3o e presen\u00e7a de pais ou respons\u00e1veis.<\/p>\n<p>A paciente Luzia Teodoro recebeu\u00a0os\u00a0tr\u00eas netos e o encontro foi emocionante. A idosa, as crian\u00e7as e at\u00e9 mesmo os acompanhantes n\u00e3o contiveram as l\u00e1grimas depois de mais de 10 dias de saudade. Durante a visita, os familiares trocaram muitos abra\u00e7os e carinhos, revigorando as energias para a continuidade do tratamento.\u00a0O vov\u00f4 Elias Santana tamb\u00e9m recebeu a visita do neto, que j\u00e1 chegou contando as novidades das f\u00e9rias escolares.<\/p>\n<p>J\u00e1\u00a0os av\u00f3s do Luiz Bezerra Neto, de 10 anos,\u00a0vieram do Maranh\u00e3o s\u00f3 para v\u00ea-lo. Ele est\u00e1 internado depois de sofrer uma queda\u00a0durante uma brincadeira. Os av\u00f3s ficaram aliviados e satisfeitos com o encontro, onde puderam constatar que a crian\u00e7a, apesar do susto, passa bem.<\/p>\n<p><strong>A\u00e7\u00e3o<\/strong><\/p>\n<p>A iniciativa foi aprovada pelo Servi\u00e7o de Controle de Infec\u00e7\u00f5es Relacionadas \u00e0 Assist\u00eancia \u00e0 Sa\u00fade (SCIrAS)\u00a0do Hugo. Medidas simples\u00a0foram\u00a0tomadas para garantir a seguran\u00e7a dos pacientes e dos pequenos, como a higieniza\u00e7\u00e3o das m\u00e3os.\u00a0Guillermo S\u00f3crates, coordenador do departamento, explica que \u201cessa \u00e9 uma atitude simples, que previne infec\u00e7\u00f5es e \u00e9 feita com o objetivo de evitar a transmiss\u00e3o de infec\u00e7\u00f5es para os pacientes\u201d.\u00a0Al\u00e9m disso,\u00a0houve acompanhamento psicol\u00f3gico durante toda a a\u00e7\u00e3o. Os netos foram preparados para ver os av\u00f3s no leito, de forma diferente do que est\u00e3o acostumados em casa e, em nenhum momento, ficaram sozinhos.<\/p>\n<p>A a\u00e7\u00e3o faz parte da humaniza\u00e7\u00e3o do atendimento, prioridade para a unidade de sa\u00fade. \u201cA fam\u00edlia e os amigos s\u00e3o as principais fontes de cuidado para esses pacientes. A visita dos netos, ent\u00e3o, trata sobre o fortalecimento dos v\u00ednculos familiares com os idosos. Consequentemente, isso afeta de\u00a0forma positiva no tratamento m\u00e9dico pelo qual ele est\u00e1 passando, pois a aceita\u00e7\u00e3o dele passa a ser mais efetiva\u201d, esclarece a coordenadora do Departamento Psicossocial da unidade, Fl\u00e1via Zenha.<\/p>\n<p>A presen\u00e7a de familiares e amigos, segundo estudos cient\u00edficos, proporciona a melhora de desfechos cl\u00ednicos, o que \u00e9 ainda mais significativo para pacientes idosos, j\u00e1 que eles tendem a apresentar mais riscos de desenvolver quadros confusionais e sintomas depressivos e ansiosos durante a interna\u00e7\u00e3o. \u201cO isolamento social e o distanciamento de familiares pr\u00f3ximos podem contribuir com tais quadros e sintomas, intensificando sentimentos de solid\u00e3o e medo. Propor o encontro com entes queridos no apoio e cuidado dos idosos \u00e9 importante fator de humaniza\u00e7\u00e3o do cuidado e fortalecimento das estrat\u00e9gias de enfrentamento das doen\u00e7as, sobretudo por tratar-se de um momento especial entre netos e av\u00f3s, uma rela\u00e7\u00e3o sabidamente de intenso amor e afetuosidade\u201d, destaca a m\u00e9dica geriatra, Karina Fonseca.<\/p>\n<p><em>Myla Alves, do Instituto Haver<\/em><\/p>\n<p>&nbsp;<\/p>\n","protected":false},"excerpt":{"rendered":"<p>A\u00e7\u00e3o\u00a0realizada no Dia dos Av\u00f3s\u00a0busca valorizar o afeto e humanizar a assist\u00eancia hospitalar \u00c9 s\u00f3 falar em av\u00f3s que o assunto desperta as melhores recorda\u00e7\u00f5es. Quem n\u00e3o se lembra do colo da av\u00f3 depois de um machucado, de um lanche gostoso preparado especialmente para os netos ou das brincadeiras com o av\u00f4 no quintal de [&hellip;]<\/p>\n","protected":false},"author":46,"featured_media":0,"comment_status":"closed","ping_status":"open","sticky":false,"template":"","format":"standard","meta":{"footnotes":""},"categories":[3],"tags":[],"class_list":["post-317","post","type-post","status-publish","format-standard","hentry","category-noticias"],"rttpg_featured_image_url":null,"rttpg_author":{"display_name":"cleybetsls","author_link":"https:\/\/goias.gov.br\/saude\/author\/cleybetsls\/"},"rttpg_comment":0,"rttpg_category":"<a href=\"https:\/\/goias.gov.br\/saude\/categoria\/noticias\/\" rel=\"category tag\">Not\u00edcias<\/a>","rttpg_excerpt":"A\u00e7\u00e3o\u00a0realizada no Dia dos Av\u00f3s\u00a0busca valorizar o afeto e humanizar a assist\u00eancia hospitalar \u00c9 s\u00f3 falar em av\u00f3s que o assunto desperta as melhores recorda\u00e7\u00f5es. Quem n\u00e3o se lembra do colo da av\u00f3 depois de um machucado, de um lanche gostoso preparado especialmente para os netos ou das brincadeiras com o av\u00f4 no quintal de&hellip;","_links":{"self":[{"href":"https:\/\/goias.gov.br\/saude\/wp-json\/wp\/v2\/posts\/317","targetHints":{"allow":["GET"]}}],"collection":[{"href":"https:\/\/goias.gov.br\/saude\/wp-json\/wp\/v2\/posts"}],"about":[{"href":"https:\/\/goias.gov.br\/saude\/wp-json\/wp\/v2\/types\/post"}],"author":[{"embeddable":true,"href":"https:\/\/goias.gov.br\/saude\/wp-json\/wp\/v2\/users\/46"}],"replies":[{"embeddable":true,"href":"https:\/\/goias.gov.br\/saude\/wp-json\/wp\/v2\/comments?post=317"}],"version-history":[{"count":0,"href":"https:\/\/goias.gov.br\/saude\/wp-json\/wp\/v2\/posts\/317\/revisions"}],"wp:attachment":[{"href":"https:\/\/goias.gov.br\/saude\/wp-json\/wp\/v2\/media?parent=317"}],"wp:term":[{"taxonomy":"category","embeddable":true,"href":"https:\/\/goias.gov.br\/saude\/wp-json\/wp\/v2\/categories?post=317"},{"taxonomy":"post_tag","embeddable":true,"href":"https:\/\/goias.gov.br\/saude\/wp-json\/wp\/v2\/tags?post=317"}],"curies":[{"name":"wp","href":"https:\/\/api.w.org\/{rel}","templated":true}]}}