

{"id":3158,"date":"2017-05-04T12:51:24","date_gmt":"2017-05-04T15:51:24","guid":{"rendered":"https:\/\/siteshom.goias.gov.br\/saude\/segundo-modulo-do-curso-da-cif-aconteceu-essa-semana-no-hugol\/"},"modified":"2017-05-04T12:51:24","modified_gmt":"2017-05-04T15:51:24","slug":"segundo-modulo-do-curso-da-cif-aconteceu-essa-semana-no-hugol","status":"publish","type":"post","link":"https:\/\/goias.gov.br\/saude\/segundo-modulo-do-curso-da-cif-aconteceu-essa-semana-no-hugol\/","title":{"rendered":"Segundo m\u00f3dulo do curso da CIF aconteceu essa semana no Hugol"},"content":{"rendered":"<p>Esse m\u00f3dulo foi ministrado pela doutora em Sa\u00fade P\u00fablica e Meio Ambiente pela Fiocruz e professora do IFRJ, Luciana Castaneda Ribeiro, quem realizou uma revis\u00e3o de literatura sobre os protocolos e os instrumentos da CIF, bem como promoveu reuni\u00f5es com as equipes para gerar produtos da classifica\u00e7\u00e3o, como fichas, listas e avalia\u00e7\u00f5es.<\/p>\n<div class=\"tx cl\">\n<p>Dagoberto Miranda, gerente multiprofissional do Hugol, explica que \u201cforam estruturados protocolos de interven\u00e7\u00e3o e instrumentos de avalia\u00e7\u00e3o baseados na CIF capazes de gerar indicadores de efici\u00eancia e efetividade da assist\u00eancia multiprofissional ofertada aos pacientes da unidade. Na oportunidade tamb\u00e9m discutiu-se estrat\u00e9gias para a entrada, o armazenamento e a recupera\u00e7\u00e3o das informa\u00e7\u00f5es levantadas, utilizando ferramentas de tecnologia da informa\u00e7\u00e3o\u201d.<\/p>\n<p><strong>Saiba mais<\/strong><\/p>\n<p>De acordo com a superintendente multiprofissional de reabilita\u00e7\u00e3o da Agir, Divaina Alves Batista, \u201ca CIF \u00e9 uma classifica\u00e7\u00e3o usada internacionalmente para mensurar a funcionalidade e incapacidades do ser humano, e tamb\u00e9m para aferir a efetividade dos servi\u00e7os prestados, uma importante ferramenta para a tomada de decis\u00e3o na mensura\u00e7\u00e3o das metas de tratamento e reabilita\u00e7\u00e3o do paciente\u201d.<\/p>\n<p>A instrutora do primeiro m\u00f3dulo do curso, professora e doutora em Sa\u00fade Coletiva, Fernanda Guimar\u00e3es de Andrade, complementa que \u201ca classifica\u00e7\u00e3o n\u00e3o \u00e9 s\u00f3 para o setor da sa\u00fade, mas serve tamb\u00e9m para outras \u00e1reas. Surgiu em 2001 na Assembleia Geral da Organiza\u00e7\u00e3o Mundial da Sa\u00fade \u2013 OMS e foi traduzida para o portugu\u00eas em 2003\u201d.<\/p>\n<p>A fisioterapeuta Fernanda destaca que \u201ca CIF vem complementar a classifica\u00e7\u00e3o da CID \u2013 Classifica\u00e7\u00e3o Internacional de Doen\u00e7as. Com ela temos uma imagem mais ampla do indiv\u00edduo, servindo para qualquer pessoa, independentemente de doen\u00e7a. A CIF tem import\u00e2ncia econ\u00f4mica e social, incorporando uma vis\u00e3o biopsicossocial dos indiv\u00edduos\u201d.<\/p>\n<p>Do dia 27 ao dia 30 de abril, o Hospital de Urg\u00eancias Governador Ot\u00e1vio Lage de Siqueira \u2013 Hugol sediou o segundo m\u00f3dulo do 4\u00ba e 5\u00ba curso de Classifica\u00e7\u00e3o Internacional de Funcionalidade \u2013 CIF, capacita\u00e7\u00e3o promovida com recursos do Minist\u00e9rio da Sa\u00fade, em conv\u00eanio do programa PRONAS\/PcD celebrado pela Associa\u00e7\u00e3o Goiana de Integraliza\u00e7\u00e3o e Reabilita\u00e7\u00e3o \u2013 Agir. Participaram 50 profissionais em cada turma, dentre colaboradores das unidades Crer, HDS e Hugol e de outras institui\u00e7\u00f5es de sa\u00fade de Goi\u00e2nia.<\/p><\/div>\n<\/p>\n<p>&nbsp;<\/p>\n","protected":false},"excerpt":{"rendered":"<p>Esse m\u00f3dulo foi ministrado pela doutora em Sa\u00fade P\u00fablica e Meio Ambiente pela Fiocruz e professora do IFRJ, Luciana Castaneda Ribeiro, quem realizou uma revis\u00e3o de literatura sobre os protocolos e os instrumentos da CIF, bem como promoveu reuni\u00f5es com as equipes para gerar produtos da classifica\u00e7\u00e3o, como fichas, listas e avalia\u00e7\u00f5es. Dagoberto Miranda, gerente [&hellip;]<\/p>\n","protected":false},"author":46,"featured_media":0,"comment_status":"closed","ping_status":"open","sticky":false,"template":"","format":"standard","meta":{"footnotes":""},"categories":[3],"tags":[],"class_list":["post-3158","post","type-post","status-publish","format-standard","hentry","category-noticias"],"rttpg_featured_image_url":null,"rttpg_author":{"display_name":"cleybetsls","author_link":"https:\/\/goias.gov.br\/saude\/author\/cleybetsls\/"},"rttpg_comment":0,"rttpg_category":"<a href=\"https:\/\/goias.gov.br\/saude\/categoria\/noticias\/\" rel=\"category tag\">Not\u00edcias<\/a>","rttpg_excerpt":"Esse m\u00f3dulo foi ministrado pela doutora em Sa\u00fade P\u00fablica e Meio Ambiente pela Fiocruz e professora do IFRJ, Luciana Castaneda Ribeiro, quem realizou uma revis\u00e3o de literatura sobre os protocolos e os instrumentos da CIF, bem como promoveu reuni\u00f5es com as equipes para gerar produtos da classifica\u00e7\u00e3o, como fichas, listas e avalia\u00e7\u00f5es. Dagoberto Miranda, gerente&hellip;","_links":{"self":[{"href":"https:\/\/goias.gov.br\/saude\/wp-json\/wp\/v2\/posts\/3158","targetHints":{"allow":["GET"]}}],"collection":[{"href":"https:\/\/goias.gov.br\/saude\/wp-json\/wp\/v2\/posts"}],"about":[{"href":"https:\/\/goias.gov.br\/saude\/wp-json\/wp\/v2\/types\/post"}],"author":[{"embeddable":true,"href":"https:\/\/goias.gov.br\/saude\/wp-json\/wp\/v2\/users\/46"}],"replies":[{"embeddable":true,"href":"https:\/\/goias.gov.br\/saude\/wp-json\/wp\/v2\/comments?post=3158"}],"version-history":[{"count":0,"href":"https:\/\/goias.gov.br\/saude\/wp-json\/wp\/v2\/posts\/3158\/revisions"}],"wp:attachment":[{"href":"https:\/\/goias.gov.br\/saude\/wp-json\/wp\/v2\/media?parent=3158"}],"wp:term":[{"taxonomy":"category","embeddable":true,"href":"https:\/\/goias.gov.br\/saude\/wp-json\/wp\/v2\/categories?post=3158"},{"taxonomy":"post_tag","embeddable":true,"href":"https:\/\/goias.gov.br\/saude\/wp-json\/wp\/v2\/tags?post=3158"}],"curies":[{"name":"wp","href":"https:\/\/api.w.org\/{rel}","templated":true}]}}