

{"id":313778,"date":"2025-04-03T16:23:12","date_gmt":"2025-04-03T19:23:12","guid":{"rendered":"https:\/\/goias.gov.br\/saude\/?p=313778"},"modified":"2025-04-03T17:01:47","modified_gmt":"2025-04-03T20:01:47","slug":"viva-promove-oficina-de-formacao-para-uso-do-tabwin-na-vigilancia-de-violencias","status":"publish","type":"post","link":"https:\/\/goias.gov.br\/saude\/viva-promove-oficina-de-formacao-para-uso-do-tabwin-na-vigilancia-de-violencias\/","title":{"rendered":"Viva promove oficina de forma\u00e7\u00e3o para uso do Tabwin na vigil\u00e2ncia de viol\u00eancias"},"content":{"rendered":"\n<p class=\"has-text-align-center\"><strong>Evento realizado em parceria entre SES e MS \u00e9 uma das a\u00e7\u00f5es para fortalecer esse monitoramento, e teve participa\u00e7\u00e3o de 47 profissionais do \u00e2mbito municipal, estadual e regional<\/strong><\/p>\n\n\n\n<!--more-->\n\n\n\n<figure class=\"wp-block-image size-large\"><img fetchpriority=\"high\" decoding=\"async\" width=\"1024\" height=\"768\" src=\"https:\/\/goias.gov.br\/saude\/wp-content\/uploads\/sites\/34\/2025\/04\/030425-oficina-viva-1024x768.jpeg\" alt=\"\" class=\"wp-image-313809\" srcset=\"https:\/\/goias.gov.br\/saude\/wp-content\/uploads\/sites\/34\/2025\/04\/030425-oficina-viva-1024x768.jpeg 1024w, https:\/\/goias.gov.br\/saude\/wp-content\/uploads\/sites\/34\/2025\/04\/030425-oficina-viva-300x225.jpeg 300w, https:\/\/goias.gov.br\/saude\/wp-content\/uploads\/sites\/34\/2025\/04\/030425-oficina-viva-768x576.jpeg 768w, https:\/\/goias.gov.br\/saude\/wp-content\/uploads\/sites\/34\/2025\/04\/030425-oficina-viva-600x450.jpeg 600w, https:\/\/goias.gov.br\/saude\/wp-content\/uploads\/sites\/34\/2025\/04\/030425-oficina-viva.jpeg 1280w\" sizes=\"(max-width: 1024px) 100vw, 1024px\" \/><figcaption class=\"wp-element-caption\"><em>Um dos momentos da oficina para uso do Tabwin na vigil\u00e2ncia de viol\u00eancias, realizada na Unifan<\/em><\/figcaption><\/figure>\n\n\n\n<p>A Secretaria de Estado da Sa\u00fade de Goi\u00e1s e o Minist\u00e9rio da Sa\u00fade (MS), por meio das coordena\u00e7\u00f5es de Vigil\u00e2ncia e Preven\u00e7\u00e3o de Viol\u00eancias e Acidentes (Viva), promoveram a oficina de forma\u00e7\u00e3o para uso do Tabwin na vigil\u00e2ncia de viol\u00eancias para qualifica\u00e7\u00e3o dos bancos de dados e das informa\u00e7\u00f5es referentes \u00e0s viol\u00eancias interpessoais e autoprovocadas.<\/p>\n\n\n\n<p>O evento, realizado nos dias 1\u00ba e 2 de abril, no Centro Universit\u00e1rio Alfredo Nasser (Unifan), \u00e9 uma das a\u00e7\u00f5es para fortalecer ainda mais essa vigil\u00e2ncia, e teve a participa\u00e7\u00e3o de 47 profissionais da \u00e1rea no \u00e2mbito municipal, estadual e regional.<br><br>O objetivo foi qualificar profissionais das regionais e munic\u00edpios de Goi\u00e1s que atuam na vigil\u00e2ncia cont\u00ednua de viol\u00eancias interpessoais e autoprovocadas, para a qualifica\u00e7\u00e3o do seu banco de dados e melhoria da qualidade da informa\u00e7\u00e3o, aperfei\u00e7oando o monitoramento das notifica\u00e7\u00f5es destas viol\u00eancias, possibilitando assim interven\u00e7\u00f5es mais assertivas e oportunas.<br><br>Com a qualifica\u00e7\u00e3o da informa\u00e7\u00e3o, os territ\u00f3rios ter\u00e3o informa\u00e7\u00f5es mais robustos para subsidiar gestores na tomada de decis\u00e3o, de maneira mais efetiva e eficaz, tanto intra quanto intersetoriais. Os profissionais aprenderam a identificar as inconsist\u00eancias e falta de completitude do banco de dados de registros de viol\u00eancia no Sistema de Informa\u00e7\u00e3o de Notifica\u00e7\u00e3o de Agravos (Sinan), bem como monitorar indicadores que possam retratar a realidade das viol\u00eancias nos territ\u00f3rios.<br><br>&#8220;Os participantes do evento receberam conte\u00fado que os permitem analisar esse agravo em seus munic\u00edpios e regionais de sa\u00fade, visando, minimamente, elaborar um plano de a\u00e7\u00e3o frente ao problema identificado&#8221;, avalia a coordenadora da Viva de Goi\u00e1s, Maria de F\u00e1tima Rodrigues, ao refor\u00e7ar que a educa\u00e7\u00e3o continuada \u00e9 uma das prioridades desta gest\u00e3o.<br><br>A mesma oficina ser\u00e1 realizada em outros Estados brasileiros, de acordo com a consultora do Minist\u00e9rio da Sa\u00fade Cheila Marina de Lima. &#8220;O objetivo \u00e9 qualificar dados e informa\u00e7\u00f5es que possam sinalizar aos gestores da sa\u00fade e de outros setores as interven\u00e7\u00f5es necess\u00e1rias para reduzir a ocorr\u00eancia de viol\u00eancias interpessoais e autoprovocadas&#8221;, explica. Ela acrescenta que \u00e9 necess\u00e1rio o esfor\u00e7o de todos para ampliar os servi\u00e7os de sa\u00fade que notificam as suspeitas casos confirmados destes viol\u00eancias.<br><br>&#8220;A invisibilidade mata e, ao contr\u00e1rio do que muitos pensam, quanto mais temos dados e informa\u00e7\u00f5es, mais possibilidades de termos pol\u00edticas p\u00fablicas que respondem \u00e0s necessidades das pessoas. Precisamos mudar esse quadro epidemiol\u00f3gico do pa\u00eds e s\u00f3 com conhecimento e informa\u00e7\u00f5es ser\u00e1 poss\u00edvel, numa atua\u00e7\u00e3o continua nas tr\u00eas esferas de gest\u00e3o e com apoio da sociedade&#8221;, alerta a consultora do MS.<\/p>\n\n\n\n<p>Secretaria de Estado da Sa\u00fade de Goi\u00e1s<\/p>\n\n\n\n<p>Foto: Viva\/SES-GO<\/p>\n","protected":false},"excerpt":{"rendered":"<p>Evento realizado em parceria entre SES e MS \u00e9 uma das a\u00e7\u00f5es para fortalecer esse monitoramento, e teve participa\u00e7\u00e3o de 47 profissionais do \u00e2mbito municipal, estadual e regional<\/p>\n","protected":false},"author":165,"featured_media":313809,"comment_status":"closed","ping_status":"open","sticky":false,"template":"","format":"standard","meta":{"footnotes":""},"categories":[3],"tags":[248],"class_list":["post-313778","post","type-post","status-publish","format-standard","has-post-thumbnail","hentry","category-noticias","tag-vigilancia-em-saude"],"rttpg_featured_image_url":{"full":["https:\/\/goias.gov.br\/saude\/wp-content\/uploads\/sites\/34\/2025\/04\/030425-oficina-viva.jpeg",1280,960,false],"landscape":["https:\/\/goias.gov.br\/saude\/wp-content\/uploads\/sites\/34\/2025\/04\/030425-oficina-viva.jpeg",1280,960,false],"portraits":["https:\/\/goias.gov.br\/saude\/wp-content\/uploads\/sites\/34\/2025\/04\/030425-oficina-viva.jpeg",1280,960,false],"thumbnail":["https:\/\/goias.gov.br\/saude\/wp-content\/uploads\/sites\/34\/2025\/04\/030425-oficina-viva-150x150.jpeg",150,150,true],"medium":["https:\/\/goias.gov.br\/saude\/wp-content\/uploads\/sites\/34\/2025\/04\/030425-oficina-viva-300x225.jpeg",300,225,true],"large":["https:\/\/goias.gov.br\/saude\/wp-content\/uploads\/sites\/34\/2025\/04\/030425-oficina-viva-1024x768.jpeg",1024,768,true],"1536x1536":["https:\/\/goias.gov.br\/saude\/wp-content\/uploads\/sites\/34\/2025\/04\/030425-oficina-viva.jpeg",1280,960,false],"2048x2048":["https:\/\/goias.gov.br\/saude\/wp-content\/uploads\/sites\/34\/2025\/04\/030425-oficina-viva.jpeg",1280,960,false]},"rttpg_author":{"display_name":"ricardocruz","author_link":"https:\/\/goias.gov.br\/saude\/author\/ricardocruz\/"},"rttpg_comment":0,"rttpg_category":"<a href=\"https:\/\/goias.gov.br\/saude\/categoria\/noticias\/\" rel=\"category tag\">Not\u00edcias<\/a>","rttpg_excerpt":"Evento realizado em parceria entre SES e MS \u00e9 uma das a\u00e7\u00f5es para fortalecer esse monitoramento, e teve participa\u00e7\u00e3o de 47 profissionais do \u00e2mbito municipal, estadual e regional","_links":{"self":[{"href":"https:\/\/goias.gov.br\/saude\/wp-json\/wp\/v2\/posts\/313778","targetHints":{"allow":["GET"]}}],"collection":[{"href":"https:\/\/goias.gov.br\/saude\/wp-json\/wp\/v2\/posts"}],"about":[{"href":"https:\/\/goias.gov.br\/saude\/wp-json\/wp\/v2\/types\/post"}],"author":[{"embeddable":true,"href":"https:\/\/goias.gov.br\/saude\/wp-json\/wp\/v2\/users\/165"}],"replies":[{"embeddable":true,"href":"https:\/\/goias.gov.br\/saude\/wp-json\/wp\/v2\/comments?post=313778"}],"version-history":[{"count":2,"href":"https:\/\/goias.gov.br\/saude\/wp-json\/wp\/v2\/posts\/313778\/revisions"}],"predecessor-version":[{"id":313918,"href":"https:\/\/goias.gov.br\/saude\/wp-json\/wp\/v2\/posts\/313778\/revisions\/313918"}],"wp:featuredmedia":[{"embeddable":true,"href":"https:\/\/goias.gov.br\/saude\/wp-json\/wp\/v2\/media\/313809"}],"wp:attachment":[{"href":"https:\/\/goias.gov.br\/saude\/wp-json\/wp\/v2\/media?parent=313778"}],"wp:term":[{"taxonomy":"category","embeddable":true,"href":"https:\/\/goias.gov.br\/saude\/wp-json\/wp\/v2\/categories?post=313778"},{"taxonomy":"post_tag","embeddable":true,"href":"https:\/\/goias.gov.br\/saude\/wp-json\/wp\/v2\/tags?post=313778"}],"curies":[{"name":"wp","href":"https:\/\/api.w.org\/{rel}","templated":true}]}}