

{"id":306778,"date":"2025-03-28T11:47:28","date_gmt":"2025-03-28T14:47:28","guid":{"rendered":"https:\/\/goias.gov.br\/saude\/?p=306778"},"modified":"2025-03-28T11:47:28","modified_gmt":"2025-03-28T14:47:28","slug":"ses-realiza-encontro-para-alinhamento-da-gestao-de-riscos","status":"publish","type":"post","link":"https:\/\/goias.gov.br\/saude\/ses-realiza-encontro-para-alinhamento-da-gestao-de-riscos\/","title":{"rendered":"SES realiza encontro para alinhamento da gest\u00e3o de riscos"},"content":{"rendered":"\n<p class=\"has-text-align-center\"><strong>Reuni\u00e3o fortalece diretrizes e refor\u00e7a compromisso com a governan\u00e7a p\u00fablica<\/strong><\/p>\n\n\n\n<!--more-->\n\n\n\n<figure class=\"wp-block-image size-large\"><img fetchpriority=\"high\" decoding=\"async\" width=\"1024\" height=\"576\" src=\"https:\/\/goias.gov.br\/saude\/wp-content\/uploads\/sites\/34\/2025\/03\/280325-ses-compliance-1024x576.jpeg\" alt=\"\" class=\"wp-image-306803\" srcset=\"https:\/\/goias.gov.br\/saude\/wp-content\/uploads\/sites\/34\/2025\/03\/280325-ses-compliance-1024x576.jpeg 1024w, https:\/\/goias.gov.br\/saude\/wp-content\/uploads\/sites\/34\/2025\/03\/280325-ses-compliance-300x169.jpeg 300w, https:\/\/goias.gov.br\/saude\/wp-content\/uploads\/sites\/34\/2025\/03\/280325-ses-compliance-768x432.jpeg 768w, https:\/\/goias.gov.br\/saude\/wp-content\/uploads\/sites\/34\/2025\/03\/280325-ses-compliance.jpeg 1280w\" sizes=\"(max-width: 1024px) 100vw, 1024px\" \/><figcaption class=\"wp-element-caption\"><em>Equipe da SES durante encontro de alinhamento da Gest\u00e3o de Riscos, refor\u00e7ando o compromisso com a integridade e a governan\u00e7a p\u00fablica<\/em><\/figcaption><\/figure>\n\n\n\n<p>A equipe da Subsecretaria de Controle Interno e Compliance (SUBCIC) da Secretaria de Estado da Sa\u00fade de Goi\u00e1s (SES-GO) promoveu, em 26 de mar\u00e7o, um encontro na sede da Pasta, para alinhar diretrizes e trocar experi\u00eancias sobre Gest\u00e3o de Riscos. O evento reuniu auditores da Ger\u00eancia de Auditoria Governamental (GEAG) e contou com a presen\u00e7a da Superintendente de Controle Interno e Correi\u00e7\u00e3o, Suellen Dantas Tobias e Silva Ravazzi; da Gerente da GEAG, Ana Claudia Belo Vaz Ara\u00fajo; e da presidente do Escrit\u00f3rio de Compliance da SES (ECOMPL), Ludmilla Di Paiva Malheiros Rocha.<\/p>\n\n\n\n<p>A reuni\u00e3o foi conduzida pelo Subsecret\u00e1rio de Controle Interno e Compliance, Jos\u00e9 Augusto Carneiro, e pela presidente do Escrit\u00f3rio de Compliance da Secretaria de Infraestrutura de Goi\u00e1s (SEINFRA), Juliana de Paula Resende. &#8220;O objetivo foi estabelecer as diretrizes da GEAG e do Escrit\u00f3rio de Compliance para 2025, promovendo maior efici\u00eancia e conformidade nas a\u00e7\u00f5es da Secretaria&#8221;, explica Jos\u00e9 Augusto.<\/p>\n\n\n\n<p>A iniciativa est\u00e1 alinhada ao IV eixo do Programa de Compliance P\u00fablico de Goi\u00e1s, conforme o Decreto n\u00ba 9.406\/2019, refor\u00e7ando o compromisso da SES com a integridade e a governan\u00e7a p\u00fablica.<\/p>\n\n\n\n<p>Comunica\u00e7\u00e3o Setorial SES-GO<\/p>\n","protected":false},"excerpt":{"rendered":"<p>Reuni\u00e3o fortalece diretrizes e refor\u00e7a compromisso com a governan\u00e7a p\u00fablica<\/p>\n","protected":false},"author":165,"featured_media":306803,"comment_status":"closed","ping_status":"open","sticky":false,"template":"","format":"standard","meta":{"footnotes":""},"categories":[3],"tags":[397],"class_list":["post-306778","post","type-post","status-publish","format-standard","has-post-thumbnail","hentry","category-noticias","tag-programa-de-compliance-publico"],"rttpg_featured_image_url":{"full":["https:\/\/goias.gov.br\/saude\/wp-content\/uploads\/sites\/34\/2025\/03\/280325-ses-compliance.jpeg",1280,720,false],"landscape":["https:\/\/goias.gov.br\/saude\/wp-content\/uploads\/sites\/34\/2025\/03\/280325-ses-compliance.jpeg",1280,720,false],"portraits":["https:\/\/goias.gov.br\/saude\/wp-content\/uploads\/sites\/34\/2025\/03\/280325-ses-compliance.jpeg",1280,720,false],"thumbnail":["https:\/\/goias.gov.br\/saude\/wp-content\/uploads\/sites\/34\/2025\/03\/280325-ses-compliance-150x150.jpeg",150,150,true],"medium":["https:\/\/goias.gov.br\/saude\/wp-content\/uploads\/sites\/34\/2025\/03\/280325-ses-compliance-300x169.jpeg",300,169,true],"large":["https:\/\/goias.gov.br\/saude\/wp-content\/uploads\/sites\/34\/2025\/03\/280325-ses-compliance-1024x576.jpeg",1024,576,true],"1536x1536":["https:\/\/goias.gov.br\/saude\/wp-content\/uploads\/sites\/34\/2025\/03\/280325-ses-compliance.jpeg",1280,720,false],"2048x2048":["https:\/\/goias.gov.br\/saude\/wp-content\/uploads\/sites\/34\/2025\/03\/280325-ses-compliance.jpeg",1280,720,false]},"rttpg_author":{"display_name":"ricardocruz","author_link":"https:\/\/goias.gov.br\/saude\/author\/ricardocruz\/"},"rttpg_comment":0,"rttpg_category":"<a href=\"https:\/\/goias.gov.br\/saude\/categoria\/noticias\/\" rel=\"category tag\">Not\u00edcias<\/a>","rttpg_excerpt":"Reuni\u00e3o fortalece diretrizes e refor\u00e7a compromisso com a governan\u00e7a p\u00fablica","_links":{"self":[{"href":"https:\/\/goias.gov.br\/saude\/wp-json\/wp\/v2\/posts\/306778","targetHints":{"allow":["GET"]}}],"collection":[{"href":"https:\/\/goias.gov.br\/saude\/wp-json\/wp\/v2\/posts"}],"about":[{"href":"https:\/\/goias.gov.br\/saude\/wp-json\/wp\/v2\/types\/post"}],"author":[{"embeddable":true,"href":"https:\/\/goias.gov.br\/saude\/wp-json\/wp\/v2\/users\/165"}],"replies":[{"embeddable":true,"href":"https:\/\/goias.gov.br\/saude\/wp-json\/wp\/v2\/comments?post=306778"}],"version-history":[{"count":1,"href":"https:\/\/goias.gov.br\/saude\/wp-json\/wp\/v2\/posts\/306778\/revisions"}],"predecessor-version":[{"id":306841,"href":"https:\/\/goias.gov.br\/saude\/wp-json\/wp\/v2\/posts\/306778\/revisions\/306841"}],"wp:featuredmedia":[{"embeddable":true,"href":"https:\/\/goias.gov.br\/saude\/wp-json\/wp\/v2\/media\/306803"}],"wp:attachment":[{"href":"https:\/\/goias.gov.br\/saude\/wp-json\/wp\/v2\/media?parent=306778"}],"wp:term":[{"taxonomy":"category","embeddable":true,"href":"https:\/\/goias.gov.br\/saude\/wp-json\/wp\/v2\/categories?post=306778"},{"taxonomy":"post_tag","embeddable":true,"href":"https:\/\/goias.gov.br\/saude\/wp-json\/wp\/v2\/tags?post=306778"}],"curies":[{"name":"wp","href":"https:\/\/api.w.org\/{rel}","templated":true}]}}