

{"id":3022,"date":"2017-06-08T12:45:50","date_gmt":"2017-06-08T15:45:50","guid":{"rendered":"https:\/\/siteshom.goias.gov.br\/saude\/conecta-sus-e-apresentado-em-reuniao-do-conass\/"},"modified":"2017-06-08T12:45:50","modified_gmt":"2017-06-08T15:45:50","slug":"conecta-sus-e-apresentado-em-reuniao-do-conass","status":"publish","type":"post","link":"https:\/\/goias.gov.br\/saude\/conecta-sus-e-apresentado-em-reuniao-do-conass\/","title":{"rendered":"Conecta SUS \u00e9 apresentado em reuni\u00e3o do Conass"},"content":{"rendered":"<p>A apresenta\u00e7\u00e3o do gerente do Conecta SUS, Jean Pierre, teve repercuss\u00e3o muito positiva entre os participantes, ao mostrar o instrumento de gest\u00e3o que permite o acesso \u00e0 informa\u00e7\u00e3o atualizada, o que \u00e9 primordial para a gest\u00e3o da Sa\u00fade. O Centro monitora em torno de 200 indicadores de sa\u00fade do Estado. Com o uso da tecnologia, o principal papel do Conecta SUS \u00e9 compilar dados, disponibiliz\u00e1-los de forma correta, consolidada e \u00edntegra para permitir uma tomada de decis\u00e3o baseada em fatos e em dados reais.<\/p>\n<div class=\"tx cl\">\n<p>\u201cA inten\u00e7\u00e3o \u00e9 auxiliar os gestores no planejamento e permitir decis\u00f5es que v\u00e3o melhorar a sa\u00fade das pessoas\u201d, ressaltou Jean.<\/p>\n<p>Tamb\u00e9m participam do evento a superintend\u00eancia de Pol\u00edticas de Aten\u00e7\u00e3o Integral \u00e0 Sa\u00fade da SES-GO, Evanilde Fernandes, e as procuradoras do Estado com atua\u00e7\u00e3o na SES-GO, Adriane Naves e Marcella Moliterno. Evanilde destacou o impacto financeiro da judicializa\u00e7\u00e3o da sa\u00fade. \u201cCom a diminui\u00e7\u00e3o dos investimentos no SUS, \u00e9 necess\u00e1rio, cada vez mais, uma gest\u00e3o eficiente, racionalizado os gastos para garantir atendimento de qualidade \u00e0 popula\u00e7\u00e3o\u201d, avaliou.<\/p>\n<p>A reuni\u00e3o continua na sexta-feira, 9 de junho, com a participa\u00e7\u00e3o dos t\u00e9cnicos do Conasems e com debates sobre as Funda\u00e7\u00f5es P\u00fablicas de Direito Privado, a Lei de Responsabilidade Fiscal (LRF) e a evolu\u00e7\u00e3o jurisprudencial na judicializa\u00e7\u00e3o da Sa\u00fade.<\/p>\n<p>A experi\u00eancia do Centro de Informa\u00e7\u00f5es e Decis\u00f5es Estrat\u00e9gicas em Sa\u00fade \u2013 Conecta SUS Zilda Arns Neumann da Secretaria de Estado da Sa\u00fade do Goi\u00e1s (SES-GO) foi apresentada, nessa quinta-feira (08 de junho), em Bras\u00edlia (DF), durante a C\u00e2mara T\u00e9cnica de Direito Sanit\u00e1rio do Conselho Nacional de Secret\u00e1rios de Sa\u00fade (Conass). O encontro re\u00fane procuradores de Estado, assessores jur\u00eddicos e t\u00e9cnicos das SES para debater temas relacionados \u00e0 judicializa\u00e7\u00e3o da sa\u00fade, assist\u00eancia farmac\u00eautica, cirurgias eletivas, entre outros.<\/p><\/div>\n<\/p>\n<div class=\"socialshare cl\">\n<div class=\"imprimir\">\n<p><div class=\"compartilhar_email\"><\/div>\n<\/p>\n<\/div>\n<\/div>\n","protected":false},"excerpt":{"rendered":"<p>A apresenta\u00e7\u00e3o do gerente do Conecta SUS, Jean Pierre, teve repercuss\u00e3o muito positiva entre os participantes, ao mostrar o instrumento de gest\u00e3o que permite o acesso \u00e0 informa\u00e7\u00e3o atualizada, o que \u00e9 primordial para a gest\u00e3o da Sa\u00fade. O Centro monitora em torno de 200 indicadores de sa\u00fade do Estado. Com o uso da tecnologia, [&hellip;]<\/p>\n","protected":false},"author":46,"featured_media":0,"comment_status":"closed","ping_status":"open","sticky":false,"template":"","format":"standard","meta":{"footnotes":""},"categories":[3],"tags":[],"class_list":["post-3022","post","type-post","status-publish","format-standard","hentry","category-noticias"],"rttpg_featured_image_url":null,"rttpg_author":{"display_name":"cleybetsls","author_link":"https:\/\/goias.gov.br\/saude\/author\/cleybetsls\/"},"rttpg_comment":0,"rttpg_category":"<a href=\"https:\/\/goias.gov.br\/saude\/categoria\/noticias\/\" rel=\"category tag\">Not\u00edcias<\/a>","rttpg_excerpt":"A apresenta\u00e7\u00e3o do gerente do Conecta SUS, Jean Pierre, teve repercuss\u00e3o muito positiva entre os participantes, ao mostrar o instrumento de gest\u00e3o que permite o acesso \u00e0 informa\u00e7\u00e3o atualizada, o que \u00e9 primordial para a gest\u00e3o da Sa\u00fade. O Centro monitora em torno de 200 indicadores de sa\u00fade do Estado. Com o uso da tecnologia,&hellip;","_links":{"self":[{"href":"https:\/\/goias.gov.br\/saude\/wp-json\/wp\/v2\/posts\/3022","targetHints":{"allow":["GET"]}}],"collection":[{"href":"https:\/\/goias.gov.br\/saude\/wp-json\/wp\/v2\/posts"}],"about":[{"href":"https:\/\/goias.gov.br\/saude\/wp-json\/wp\/v2\/types\/post"}],"author":[{"embeddable":true,"href":"https:\/\/goias.gov.br\/saude\/wp-json\/wp\/v2\/users\/46"}],"replies":[{"embeddable":true,"href":"https:\/\/goias.gov.br\/saude\/wp-json\/wp\/v2\/comments?post=3022"}],"version-history":[{"count":0,"href":"https:\/\/goias.gov.br\/saude\/wp-json\/wp\/v2\/posts\/3022\/revisions"}],"wp:attachment":[{"href":"https:\/\/goias.gov.br\/saude\/wp-json\/wp\/v2\/media?parent=3022"}],"wp:term":[{"taxonomy":"category","embeddable":true,"href":"https:\/\/goias.gov.br\/saude\/wp-json\/wp\/v2\/categories?post=3022"},{"taxonomy":"post_tag","embeddable":true,"href":"https:\/\/goias.gov.br\/saude\/wp-json\/wp\/v2\/tags?post=3022"}],"curies":[{"name":"wp","href":"https:\/\/api.w.org\/{rel}","templated":true}]}}